{"id":47346,"date":"2025-08-26T05:00:00","date_gmt":"2025-08-26T08:00:00","guid":{"rendered":"https:\/\/redept.org\/blogosfera\/pastor-e-apontado-como-lider-de-grileiros-em-area-de-reforma-agraria-no-para-justica-determina-saida-de-invasores\/"},"modified":"2025-08-26T05:00:00","modified_gmt":"2025-08-26T08:00:00","slug":"pastor-e-apontado-como-lider-de-grileiros-em-area-de-reforma-agraria-no-para-justica-determina-saida-de-invasores","status":"publish","type":"post","link":"https:\/\/redept.com.br\/blogosfera\/pastor-e-apontado-como-lider-de-grileiros-em-area-de-reforma-agraria-no-para-justica-determina-saida-de-invasores\/","title":{"rendered":"Pastor \u00e9 apontado como l\u00edder de grileiros em \u00e1rea de reforma agr\u00e1ria no Par\u00e1; Justi\u00e7a determina sa\u00edda de invasores"},"content":{"rendered":"<p>Um pastor da Assembleia de Deus de <a href=\"https:\/\/www.brasildefato.com.br\/2024\/12\/10\/cercadas-pela-soja-e-pelo-veneno-comunidades-rurais-estao-desaparecendo-junto-com-a-amazonia-na-regiao-de-santarem-pa\/\">Moju\u00ed dos Campos<\/a> (PA) \u00e9 apontado como um dos articuladores de um esquema de roubo de <a href=\"https:\/\/www.brasildefato.com.br\/2024\/09\/12\/terras-publicas-nao-destinadas-sao-as-mais-afetadas-pelos-incendios-na-amazonia-de-janeiro-a-agosto\/\">terras p\u00fablicas<\/a> \u2014 a grilagem \u2014 na gleba Pacoval, entre os munic\u00edpios paraenses de Prainha, Uruar\u00e1 e Santar\u00e9m, em regi\u00e3o conhecida como Chapad\u00e3o.<\/p>\n<p>Murilo Dias Pereira, o Pastor Murilo, \u00e9 presidente da Associa\u00e7\u00e3o de Moradores e Produtores Rurais do Assentamento Terra Prometida da Gleba Pacoval (ATPGLEPAC), uma entidade de fachada usada para a pr\u00e1tica criminosa, segundo as investiga\u00e7\u00f5es. Em 2016, Pereira foi candidato a vereador em Moju\u00ed dos Campos.<\/p>\n<p>Al\u00e9m da atua\u00e7\u00e3o religiosa e da breve experi\u00eancia pol\u00edtica, ele \u00e9 um dos r\u00e9us na a\u00e7\u00e3o de reintegra\u00e7\u00e3o de posse movida pelo Instituto Nacional de Coloniza\u00e7\u00e3o e Reforma Agr\u00e1ria (Incra), que denuncia a invas\u00e3o da reserva legal de uma \u00e1rea coletiva, o Projeto de Assentamento Agroextrativista (PAE) Vila Nova.<\/p>\n<p>Em visitas \u00e0 \u00e1rea, funcion\u00e1rios do Incra, com suporte da Pol\u00edcia Federal (PF), identificaram o esquema de grilagem. O relat\u00f3rio da investiga\u00e7\u00e3o aponta sete respons\u00e1veis pelas invas\u00f5es da reserva. O grupo, organizado pelo pastor, usa a associa\u00e7\u00e3o rural na tentativa de legitimar a invas\u00e3o das terras que deveriam ser protegidas.<\/p>\n<p>O relat\u00f3rio ressalta que a presen\u00e7a de um l\u00edder de associa\u00e7\u00e3o entre os principais invasores sugere que a entidade pode estar sendo usada para orquestrar ou dar suporte a essas a\u00e7\u00f5es.<\/p>\n<p>\u201cNa pr\u00e1tica, isso tem sido muito comum no Oeste do Par\u00e1\u201d, alerta o procurador da rep\u00fablica Vitor Vieira Alves, que assina a manifesta\u00e7\u00e3o do Minist\u00e9rio P\u00fablico. \u201cEm geral, os grileiros cooptam, por diversos meios, um grupo de pessoas para invadir a reserva legal de assentamentos coletivos para permitir, posteriormente, a unifica\u00e7\u00e3o dos lotes e a regulariza\u00e7\u00e3o fundi\u00e1ria em seu nome\u201d, informa o procurador.<\/p>\n<p>A decis\u00e3o pela reintegra\u00e7\u00e3o de posse, emitida em 12 de agosto, responde a um pedido do MPF, em car\u00e1ter de urg\u00eancia, e estabelece 30 dias para a retirada dos invasores da \u00e1rea.<\/p>\n<p>A ordem foi proferida ap\u00f3s a Justi\u00e7a reconsiderar uma decis\u00e3o anterior que havia negado o pedido de urg\u00eancia. A mudan\u00e7a de entendimento ocorreu depois que o MPF recorreu da primeira decis\u00e3o e apresentou uma nova manifesta\u00e7\u00e3o com provas do agravamento do conflito na regi\u00e3o, com epis\u00f3dios de viol\u00eancia, amea\u00e7as a lideran\u00e7as e danos ambientais.<\/p>\n<h4>Amea\u00e7as ao meio ambiente e \u00e0 vida<\/h4>\n<p>As investiga\u00e7\u00f5es indicam que \u201ch\u00e1 diversos ocupantes na \u00e1rea e intenso processo de ocupa\u00e7\u00e3o ilegal, mediante sucessivas aliena\u00e7\u00f5es irregulares, com caracteriza\u00e7\u00e3o de diferentes grupos que atuam de forma il\u00edcita sobre o per\u00edmetro e indutores de conflitos\u201d.<\/p>\n<p>Outro homem apontado como r\u00e9u no processo, Luiz Carlos Muniz, o Luiz\u00e3o, \u00e9 acusado de amea\u00e7as, registradas pelos moradores do PAE em boletim de ocorr\u00eancia. Ele \u00e9 apontado pela Justi\u00e7a como um dos l\u00edderes do grupo de invasores da \u00e1rea do assentamento.<\/p>\n<p>\u201cSempre vivemos nesse transtorno por causa do interesse de venda, de tirar de madeira, especula\u00e7\u00e3o comercial por parte dos gananciosos\u201d, diz o agricultor Raimundo Jos\u00e9 Rodrigues dos Santos, morador da comunidade de Vila Nova.<\/p>\n<p>O MPF alerta que a ocupa\u00e7\u00e3o ilegal da \u00e1rea da reserva representa um risco n\u00e3o apenas ao patrim\u00f4nio p\u00fablico e ao meio ambiente, mas tamb\u00e9m \u00e0 seguran\u00e7a dos benefici\u00e1rios da reforma agr\u00e1ria.<\/p>\n<p>\u201cO agravamento progressivo do <a href=\"https:\/\/www.brasildefato.com.br\/2023\/12\/12\/quais-sao-os-epicentros-dos-conflitos-no-campo-segundo-a-conciliadora-agraria-do-incra\/\">conflito fundi\u00e1rio<\/a> constitui, por si s\u00f3, fato novo juridicamente relevante, apto a ensejar a revis\u00e3o da decis\u00e3o anterior\u201d, pontua o MPF na manifesta\u00e7\u00e3o. \u201cNesse contexto, torna-se imperativa a interven\u00e7\u00e3o judicial c\u00e9lere e eficaz, para interromper a escalada do conflito, resguardar a paz social e garantir a prote\u00e7\u00e3o dos assentados da reforma agr\u00e1ria e de defensores e defensoras de direitos humanos\u201d, conclui.<\/p>\n<p>A decis\u00e3o judicial determina a expedi\u00e7\u00e3o de mandado de reintegra\u00e7\u00e3o de posse em favor do Incra e autoriza o aux\u00edlio de for\u00e7a policial, se necess\u00e1rio. Tamb\u00e9m foi fixada multa di\u00e1ria de R$ 5 mil para qualquer pessoa que impedir, por qualquer meio, o cumprimento da decis\u00e3o. A multa ser\u00e1 dobrada a cada ato de impedimento repetido, bem como para o caso de qualquer nova ocupa\u00e7\u00e3o irregular.<\/p>\n<p>A gleba Pacoval fica numa regi\u00e3o conhecida como Chapad\u00e3o, marcada pelo avan\u00e7o do desmatamento.<\/p>\n<p>O Brasil de Fato tentou contato com o Pastor Murilo, mas, at\u00e9 o momento, n\u00e3o houve retorno. O espa\u00e7o segue aberto \u00e0 manifesta\u00e7\u00e3o. <\/p>\n<p>O post <a href=\"https:\/\/www.brasildefato.com.br\/2025\/08\/26\/pastor-e-apontado-como-lider-de-grileiros-em-area-de-reforma-agraria-no-para-justica-da-30-dias-para-saida-de-invasores\/\">Pastor \u00e9 apontado como l\u00edder de grileiros em \u00e1rea de reforma agr\u00e1ria no Par\u00e1; Justi\u00e7a determina sa\u00edda de invasores<\/a> apareceu primeiro em <a href=\"https:\/\/www.brasildefato.com.br\/\">Brasil de Fato<\/a>.<\/p>\n<!-- Begin Yuzo --><div class='yuzo_related_post style-1'  data-version='5.12.89'><!-- without result --><div class='yuzo_clearfixed yuzo__title yuzo__title'><h3>Related Post<\/h3><\/div>\n\t\t\t\t\t\t  <div class=\"relatedthumb \" style=\"width:125px;float:left;overflow:hidden;\">  \n\t\t\t\t\t\t\t  \n\t\t\t\t\t\t\t  <a  href=\"https:\/\/redept.com.br\/blogosfera\/saque-aniversario-do-fgts-2026-comeca-a-ser-liberado\/\"  >\n\t\t\t\t\t\t\t\t\t  <div class=\"yuzo-img-wrap \" style=\"width: 125px;height:90px;\">\n\t\t\t\t\t\t\t\t\t\t\n\t\t\t\t\t\t\t\t\t\t<div class=\"yuzo-img\" style=\"background:url('https:\/\/redept.org\/blogosfera\/wp-content\/plugins\/yuzo-related-post\/assets\/images\/default.png') 50% 50% no-repeat;width: 125px;height:90px;margin-bottom: 5px;background-size: cover; \"><\/div>\n\t\t\t\t\t\t\t\t\t  <\/div>\n\t\t\t\t\t\t\t\t\t  \n\t\t\t\t\t\t\t\t   <span class=\"yuzo__text--title\" style=\"font-size:13px;\">Saque-anivers\u00e1rio do FGTS 2026 come\u00e7a a ser libera...<\/span>\n\t\t\t\t\t\t\t  \n\t\t\t\t\t\t\t  \n\t\t\t\t\t\t\t  <\/a>\n\n\t\t\t\t\t\t  <\/div>\n\t\t\t\t\t\t  <div class=\"relatedthumb \" style=\"width:125px;float:left;overflow:hidden;\">  \n\t\t\t\t\t\t\t  \n\t\t\t\t\t\t\t  <a  href=\"https:\/\/redept.com.br\/blogosfera\/mulheres-sem-terra-realizam-encontro-estadual-e-marcha-em-no-parana-pelo-8-de-marco\/\"  >\n\t\t\t\t\t\t\t\t\t  <div class=\"yuzo-img-wrap \" style=\"width: 125px;height:90px;\">\n\t\t\t\t\t\t\t\t\t\t\n\t\t\t\t\t\t\t\t\t\t<div class=\"yuzo-img\" style=\"background:url('https:\/\/redept.com.br\/blogosfera\/wp-content\/uploads\/2026\/03\/image-2-150x150.jpg') 50% 50% no-repeat;width: 125px;height:90px;margin-bottom: 5px;background-size: cover; \"><\/div>\n\t\t\t\t\t\t\t\t\t  <\/div>\n\t\t\t\t\t\t\t\t\t  \n\t\t\t\t\t\t\t\t   <span class=\"yuzo__text--title\" style=\"font-size:13px;\">Mulheres Sem Terra realizam encontro estadual e ma...<\/span>\n\t\t\t\t\t\t\t  \n\t\t\t\t\t\t\t  \n\t\t\t\t\t\t\t  <\/a>\n\n\t\t\t\t\t\t  <\/div>\n\t\t\t\t\t\t  <div class=\"relatedthumb \" style=\"width:125px;float:left;overflow:hidden;\">  \n\t\t\t\t\t\t\t  \n\t\t\t\t\t\t\t  <a  href=\"https:\/\/redept.com.br\/blogosfera\/fake-news-de-bolsonaristas-sobre-o-pix-favorece-criminosos\/\"  >\n\t\t\t\t\t\t\t\t\t  <div class=\"yuzo-img-wrap \" style=\"width: 125px;height:90px;\">\n\t\t\t\t\t\t\t\t\t\t\n\t\t\t\t\t\t\t\t\t\t<div class=\"yuzo-img\" style=\"background:url('https:\/\/redept.org\/blogosfera\/wp-content\/plugins\/yuzo-related-post\/assets\/images\/default.png') 50% 50% no-repeat;width: 125px;height:90px;margin-bottom: 5px;background-size: cover; \"><\/div>\n\t\t\t\t\t\t\t\t\t  <\/div>\n\t\t\t\t\t\t\t\t\t  \n\t\t\t\t\t\t\t\t   <span class=\"yuzo__text--title\" style=\"font-size:13px;\">Fake news de bolsonaristas sobre o Pix favorece cr...<\/span>\n\t\t\t\t\t\t\t  \n\t\t\t\t\t\t\t  \n\t\t\t\t\t\t\t  <\/a>\n\n\t\t\t\t\t\t  <\/div>\n\t\t\t\t\t\t  <div class=\"relatedthumb \" style=\"width:125px;float:left;overflow:hidden;\">  \n\t\t\t\t\t\t\t  \n\t\t\t\t\t\t\t  <a  href=\"https:\/\/redept.com.br\/blogosfera\/pgr-comeca-a-avaliar-inquerito-que-envolve-bolsonaro-e-mais-36-indiciados\/\"  >\n\t\t\t\t\t\t\t\t\t  <div class=\"yuzo-img-wrap \" style=\"width: 125px;height:90px;\">\n\t\t\t\t\t\t\t\t\t\t\n\t\t\t\t\t\t\t\t\t\t<div class=\"yuzo-img\" style=\"background:url('https:\/\/redept.com.br\/blogosfera\/wp-content\/uploads\/2024\/12\/Paulo-Gonet-150x150.jpg') 50% 50% no-repeat;width: 125px;height:90px;margin-bottom: 5px;background-size: cover; \"><\/div>\n\t\t\t\t\t\t\t\t\t  <\/div>\n\t\t\t\t\t\t\t\t\t  \n\t\t\t\t\t\t\t\t   <span class=\"yuzo__text--title\" style=\"font-size:13px;\">PGR come\u00e7a a avaliar inqu\u00e9rito que envolve Bolsona...<\/span>\n\t\t\t\t\t\t\t  \n\t\t\t\t\t\t\t  \n\t\t\t\t\t\t\t  <\/a>\n\n\t\t\t\t\t\t  <\/div>\n<\/div> <script>\n\t\t\t\t\t\t  jQuery(document).ready(function( $ ){\n\t\t\t\t\t\t\t\/\/jQuery('.yuzo_related_post').equalizer({ overflow : 'relatedthumb' });\n\t\t\t\t\t\t\tjQuery('.yuzo_related_post .yuzo_wraps').equalizer({ columns : '> div' });\n\t\t\t\t\t\t   })\n\t\t\t\t\t\t  <\/script> <!-- End Yuzo :) -->","protected":false},"excerpt":{"rendered":"<p>Um pastor da Assembleia de Deus de Moju\u00ed dos Campos (PA) \u00e9 apontado como um dos articuladores de um esquema de roubo de terras p\u00fablicas \u2014 a grilagem \u2014 na gleba Pacoval, entre os munic\u00edpios paraenses de Prainha, Uruar\u00e1 e Santar\u00e9m, em regi\u00e3o conhecida como Chapad\u00e3o. Murilo Dias Pereira, o Pastor Murilo, \u00e9 presidente da [&hellip;]<\/p>\n","protected":false},"author":2,"featured_media":0,"comment_status":"open","ping_status":"closed","sticky":false,"template":"","format":"standard","meta":{"fifu_image_url":"","fifu_image_alt":"","footnotes":""},"categories":[3033,7611,4711],"tags":[],"class_list":["post-47346","post","type-post","status-publish","format-standard","hentry","category-conflito-fundiario","category-grilagem","category-socioambiental"],"_links":{"self":[{"href":"https:\/\/redept.com.br\/blogosfera\/wp-json\/wp\/v2\/posts\/47346","targetHints":{"allow":["GET"]}}],"collection":[{"href":"https:\/\/redept.com.br\/blogosfera\/wp-json\/wp\/v2\/posts"}],"about":[{"href":"https:\/\/redept.com.br\/blogosfera\/wp-json\/wp\/v2\/types\/post"}],"author":[{"embeddable":true,"href":"https:\/\/redept.com.br\/blogosfera\/wp-json\/wp\/v2\/users\/2"}],"replies":[{"embeddable":true,"href":"https:\/\/redept.com.br\/blogosfera\/wp-json\/wp\/v2\/comments?post=47346"}],"version-history":[{"count":0,"href":"https:\/\/redept.com.br\/blogosfera\/wp-json\/wp\/v2\/posts\/47346\/revisions"}],"wp:attachment":[{"href":"https:\/\/redept.com.br\/blogosfera\/wp-json\/wp\/v2\/media?parent=47346"}],"wp:term":[{"taxonomy":"category","embeddable":true,"href":"https:\/\/redept.com.br\/blogosfera\/wp-json\/wp\/v2\/categories?post=47346"},{"taxonomy":"post_tag","embeddable":true,"href":"https:\/\/redept.com.br\/blogosfera\/wp-json\/wp\/v2\/tags?post=47346"}],"curies":[{"name":"wp","href":"https:\/\/api.w.org\/{rel}","templated":true}]}}