{"id":47463,"date":"2025-08-26T14:40:41","date_gmt":"2025-08-26T17:40:41","guid":{"rendered":"https:\/\/redept.org\/blogosfera\/sabesp-reduzira-pressao-de-agua-na-grande-sao-paulo-a-partir-de-quarta\/"},"modified":"2025-08-26T14:40:41","modified_gmt":"2025-08-26T17:40:41","slug":"sabesp-reduzira-pressao-de-agua-na-grande-sao-paulo-a-partir-de-quarta","status":"publish","type":"post","link":"https:\/\/redept.com.br\/blogosfera\/sabesp-reduzira-pressao-de-agua-na-grande-sao-paulo-a-partir-de-quarta\/","title":{"rendered":"Sabesp reduzir\u00e1 press\u00e3o de \u00e1gua na Grande S\u00e3o Paulo a partir de\u00a0quarta"},"content":{"rendered":"<p>A partir desta quarta-feira (27), a <strong>Companhia de Saneamento B\u00e1sico do Estado de S\u00e3o Paulo (Sabesp)<\/strong>\u00a0vai come\u00e7ar a reduzir a press\u00e3o da \u00e1gua durante a madrugada,\u00a0na regi\u00e3o metropolitana de S\u00e3o Paulo. Segundo a companhia e o governo de S\u00e3o Paulo, a diminui\u00e7\u00e3o \u201c\u00e9 tempor\u00e1ria\u201d, mas n\u00e3o foi informado \u00e0 popula\u00e7\u00e3o por quanto tempo a medida vai vigorar. Saiba mais na <strong><a href=\"https:\/\/tvtnews.com.br\/\">TVT News<\/a><\/strong>.<\/p>\n<p>De acordo com o governo de S\u00e3o Paulo, a redu\u00e7\u00e3o foi autorizada pela Ag\u00eancia Reguladora de Servi\u00e7os P\u00fablicos de S\u00e3o Paulo (Arsesp) e\u00a0ser\u00e1 necess\u00e1ria por causa da escassez h\u00eddrica no estado. Essa a\u00e7\u00e3o, segundo o governo de Tarc\u00edsio de Freitas,\u00a0pretende \u201cpreservar os n\u00edveis dos reservat\u00f3rios\u201d, que\u00a0hoje chegaram a 38,2%. \u00c9 o\u00a0pior volume desde 2015, quando o estado viveu uma crise h\u00eddrica e o volume dos reservat\u00f3rios chegou a 9,5%. Nesse mesmo dia no ano passado, por exemplo, o volume armazenado nos reservat\u00f3rios que abastecem a regi\u00e3o metropolitana de S\u00e3o Paulo estava em 56,7%.<\/p>\n<ul>\n<li>Leia tamb\u00e9m: <a href=\"https:\/\/tvtnews.com.br\/com-alimentos-e-conta-de-luz-mais-baratos-brasil-tem-1a-deflacao-desde-2023\/\">Com alimentos e conta de luz mais baratos, Brasil tem 1\u00aa defla\u00e7\u00e3o desde 2023<\/a><\/li>\n<\/ul>\n<p>A situa\u00e7\u00e3o atual dos reservat\u00f3rios ainda \u00e9 considerada em n\u00edvel de aten\u00e7\u00e3o, mas, caso esse percentual caia para \u00edndices entre 30% e 20%,\u00a0j\u00e1 passa a ser considerada cr\u00edtica. O \u00faltimo estado \u00e9 o de emerg\u00eancia, que \u00e9 acionado quando os reservat\u00f3rios ficam abaixo de 20%. Segundo a Ag\u00eancia de \u00c1guas de S\u00e3o Paulo (SP \u00c1guas), que \u00e9 vinculada \u00e0 Secretaria Estadual de Meio Ambiente, as regi\u00f5es que englobam os reservat\u00f3rios que abastecem a regi\u00e3o metropolitana de S\u00e3o Paulo v\u00eam enfrentando uma sequ\u00eancia de anos com chuvas abaixo da m\u00e9dia.<\/p>\n<blockquote>\n<p>\u201c\u00c9 muito importante que consigamos estabilizar os reservat\u00f3rios at\u00e9 que tenhamos novas chuvas, e para isso a ado\u00e7\u00e3o de medidas de conting\u00eancia \u00e9 importante, assim como \u00e9 fundamental a coopera\u00e7\u00e3o da popula\u00e7\u00e3o na redu\u00e7\u00e3o do consumo\u201d, disse a presidente da SP \u00c1guas, Camila Viana.<\/p>\n<\/blockquote>\n<h2>Redu\u00e7\u00e3o de \u00e1gua na\u00a0madrugada<\/h2>\n<p>O governo paulista informou que\u00a0a redu\u00e7\u00e3o da press\u00e3o vai ocorrer por um per\u00edodo de oito horas di\u00e1rias, durante a madrugada. \u201cIsso significa que, pelo per\u00edodo de oito horas durante a madrugada, com hor\u00e1rio de in\u00edcio e fim a ser definido pela operadora, fica autorizada excepcionalmente a promover redu\u00e7\u00e3o de press\u00e3o, o que, pela previs\u00e3o da Sabesp, garantiria uma economia de 4m\u00b3 [4 mil litros] por segundo. A medida \u00e9 v\u00e1lida at\u00e9 que sejam recuperados os n\u00edveis dos reservat\u00f3rios que abastecem a regi\u00e3o metropolitana\u201d, diz nota do governo.<\/p>\n<p>Por meio de nota, a Sabesp informou que \u201cem cumprimento \u00e0 delibera\u00e7\u00e3o da Arsesp, ag\u00eancia reguladora de servi\u00e7os p\u00fablicos de S\u00e3o Paulo, adotar\u00e1 medidas preventivas e de conting\u00eancia tempor\u00e1rias com a finalidade de preservar os n\u00edveis de \u00e1gua dos reservat\u00f3rios e mananciais que abastecem a Regi\u00e3o Metropolitana de S\u00e3o Paulo, coberta pelo Sistema Integrado Metropolitano (SIM)\u201d.<\/p>\n<p>Segundo a companhia, a redu\u00e7\u00e3o da press\u00e3o ser\u00e1 realizada de madrugada porque \u00e9 um\u00a0\u201cper\u00edodo com menos incid\u00eancia de consumo de \u00e1gua\u201d.<\/p>\n<blockquote>\n<p>\u201cDiante dos eventos clim\u00e1ticos, cen\u00e1rio de chuvas abaixo do esperado e da varia\u00e7\u00e3o no n\u00edvel dos mananciais, a Sabesp adotar\u00e1 as manobras operacionais temporariamente, evitando perdas de \u00e1gua por vazamentos e rompimento de tubula\u00e7\u00f5es. A iniciativa ter\u00e1 in\u00edcio ap\u00f3s 48 horas da delibera\u00e7\u00e3o da Arsesp [que foi anunciada ontem]. A companhia reitera que os im\u00f3veis residenciais que possuem caixa d\u2019\u00e1gua n\u00e3o devem sentir os efeitos desta a\u00e7\u00e3o\u201d, diz nota da Sabesp.<\/p>\n<\/blockquote>\n<p>Ainda de acordo com a companhia, os clientes v\u00e3o ser informados das medidas por meio de seus canais de atendimento. \u201cPor isso, \u00e9 de vital import\u00e2ncia que os clientes mantenham seu cadastro atualizado. Para atualizar o cadastro, a Nova Ag\u00eancia Virtual da Sabesp est\u00e1 dispon\u00edvel 24 horas por dia, no endere\u00e7o novaagenciavirtual.sabesp.com.br. Al\u00e9m da ag\u00eancia virtual, a assistente virtual Sani est\u00e1 dispon\u00edvel 24 horas no\u00a0site\u00a0<a href=\"http:\/\/sabesp.com.br\/\" target=\"_blank\" rel=\"noreferrer noopener nofollow\">sabesp.com.br<\/a>, com a op\u00e7\u00e3o de atendimento com um humano de segunda a s\u00e1bado, das 8h \u00e0s 21h. Outras op\u00e7\u00f5es incluem o atendimento via WhatsApp (11) 3388-8000, dispon\u00edvel 24 horas, e o aplicativo Sabesp Mobile, para Android.\u201d<\/p>\n<p><em>Com <a href=\"https:\/\/agenciabrasil.ebc.com.br\/meio-ambiente\/noticia\/2025-08\/sabesp-reduzira-pressao-de-agua-na-grande-sao-paulo-partir-de-quarta\" target=\"_blank\" rel=\"noreferrer noopener nofollow\">Ag\u00eancia Brasil<\/a><\/em><\/p>\n<\/p>\n<h2>Leia mais not\u00edcias na TVT News<\/h2>\n<ul>\n<li><a href=\"https:\/\/tvtnews.com.br\/governo-seleciona-501-medicos-especialistas-para-atendimento-no-interior-do-pais\/\">501 m\u00e9dicos especialistas v\u00e3o atender em regi\u00f5es em que faltam profissionais<\/a><\/li>\n<li><a href=\"https:\/\/tvtnews.com.br\/governo-anuncia-compra-de-sete-itens-afetados-por-tarifas-dos-eua\/\">Governo anuncia compra de sete itens afetados por tarifas dos EUA<\/a><\/li>\n<li><a href=\"https:\/\/tvtnews.com.br\/investigacao-ataques-bolsonaristas-banco-do-brasil\/\">AGU pede \u00e0 PF investiga\u00e7\u00e3o sobre ataques de bolsonaristas contra Banco do Brasil<\/a><\/li>\n<\/ul>\n<p>The post <a rel=\"nofollow\" href=\"https:\/\/tvtnews.com.br\/sabesp-pressao-agua-grande-sao-paulo-quarta\/\">Sabesp reduzir\u00e1 press\u00e3o de \u00e1gua na Grande S\u00e3o Paulo a partir de\u00a0quarta<\/a> appeared first on <a rel=\"nofollow\" href=\"https:\/\/tvtnews.com.br\/\">TVT News<\/a>.<\/p>\n<!-- Begin Yuzo --><div class='yuzo_related_post style-1'  data-version='5.12.89'><!-- without result --><div class='yuzo_clearfixed yuzo__title yuzo__title'><h3>Related Post<\/h3><\/div>\n\t\t\t\t\t\t  <div class=\"relatedthumb \" style=\"width:125px;float:left;overflow:hidden;\">  \n\t\t\t\t\t\t\t  \n\t\t\t\t\t\t\t  <a  href=\"https:\/\/redept.com.br\/blogosfera\/congresso-pede-mais-90-dias-para-conciliacao-sobre-marco-temporal-ate-quando-vamos-esperar-diz-lideranca-indigena\/\"  >\n\t\t\t\t\t\t\t\t\t  <div class=\"yuzo-img-wrap \" style=\"width: 125px;height:90px;\">\n\t\t\t\t\t\t\t\t\t\t\n\t\t\t\t\t\t\t\t\t\t<div class=\"yuzo-img\" style=\"background:url('https:\/\/redept.com.br\/blogosfera\/wp-content\/uploads\/2025\/04\/08042025-pzzb0254-2048x1365-1-150x150.jpg') 50% 50% no-repeat;width: 125px;height:90px;margin-bottom: 5px;background-size: cover; \"><\/div>\n\t\t\t\t\t\t\t\t\t  <\/div>\n\t\t\t\t\t\t\t\t\t  \n\t\t\t\t\t\t\t\t   <span class=\"yuzo__text--title\" style=\"font-size:13px;\">Congresso pede mais 90 dias para concilia\u00e7\u00e3o sobre...<\/span>\n\t\t\t\t\t\t\t  \n\t\t\t\t\t\t\t  \n\t\t\t\t\t\t\t  <\/a>\n\n\t\t\t\t\t\t  <\/div>\n\t\t\t\t\t\t  <div class=\"relatedthumb \" style=\"width:125px;float:left;overflow:hidden;\">  \n\t\t\t\t\t\t\t  \n\t\t\t\t\t\t\t  <a  href=\"https:\/\/redept.com.br\/blogosfera\/frances-e-a-lingua-oficial-de-8-paises-na-copa-do-mundo-da-fifa-2026\/\"  >\n\t\t\t\t\t\t\t\t\t  <div class=\"yuzo-img-wrap \" style=\"width: 125px;height:90px;\">\n\t\t\t\t\t\t\t\t\t\t\n\t\t\t\t\t\t\t\t\t\t<div class=\"yuzo-img\" style=\"background:url('https:\/\/redept.com.br\/blogosfera\/wp-content\/uploads\/2026\/04\/AFP__20260118__936U6AH__v1__MidRes__FblAfr2025Match52SenMar-e1768780701779-1-150x150.jpg') 50% 50% no-repeat;width: 125px;height:90px;margin-bottom: 5px;background-size: cover; \"><\/div>\n\t\t\t\t\t\t\t\t\t  <\/div>\n\t\t\t\t\t\t\t\t\t  \n\t\t\t\t\t\t\t\t   <span class=\"yuzo__text--title\" style=\"font-size:13px;\">Franc\u00eas \u00e9 a l\u00edngua oficial de 8 pa\u00edses na Copa do ...<\/span>\n\t\t\t\t\t\t\t  \n\t\t\t\t\t\t\t  \n\t\t\t\t\t\t\t  <\/a>\n\n\t\t\t\t\t\t  <\/div>\n\t\t\t\t\t\t  <div class=\"relatedthumb \" style=\"width:125px;float:left;overflow:hidden;\">  \n\t\t\t\t\t\t\t  \n\t\t\t\t\t\t\t  <a  href=\"https:\/\/redept.com.br\/blogosfera\/comissao-debate-fragilidades-da-rede-de-protecao-apos-aumento-de-feminicidios-no-rs\/\"  >\n\t\t\t\t\t\t\t\t\t  <div class=\"yuzo-img-wrap \" style=\"width: 125px;height:90px;\">\n\t\t\t\t\t\t\t\t\t\t\n\t\t\t\t\t\t\t\t\t\t<div class=\"yuzo-img\" style=\"background:url('https:\/\/redept.com.br\/blogosfera\/wp-content\/uploads\/2025\/09\/WhatsApp-Image-2025-09-02-at-110211-150x150.jpeg') 50% 50% no-repeat;width: 125px;height:90px;margin-bottom: 5px;background-size: cover; \"><\/div>\n\t\t\t\t\t\t\t\t\t  <\/div>\n\t\t\t\t\t\t\t\t\t  \n\t\t\t\t\t\t\t\t   <span class=\"yuzo__text--title\" style=\"font-size:13px;\">Comiss\u00e3o debate fragilidades da rede de prote\u00e7\u00e3o a...<\/span>\n\t\t\t\t\t\t\t  \n\t\t\t\t\t\t\t  \n\t\t\t\t\t\t\t  <\/a>\n\n\t\t\t\t\t\t  <\/div>\n\t\t\t\t\t\t  <div class=\"relatedthumb \" style=\"width:125px;float:left;overflow:hidden;\">  \n\t\t\t\t\t\t\t  \n\t\t\t\t\t\t\t  <a  href=\"https:\/\/redept.com.br\/blogosfera\/primeiro-romance-de-bianca-santana-apolinaria-resgata-memorias-de-mulheres-negras\/\"  >\n\t\t\t\t\t\t\t\t\t  <div class=\"yuzo-img-wrap \" style=\"width: 125px;height:90px;\">\n\t\t\t\t\t\t\t\t\t\t\n\t\t\t\t\t\t\t\t\t\t<div class=\"yuzo-img\" style=\"background:url('https:\/\/redept.org\/blogosfera\/wp-content\/plugins\/yuzo-related-post\/assets\/images\/default.png') 50% 50% no-repeat;width: 125px;height:90px;margin-bottom: 5px;background-size: cover; \"><\/div>\n\t\t\t\t\t\t\t\t\t  <\/div>\n\t\t\t\t\t\t\t\t\t  \n\t\t\t\t\t\t\t\t   <span class=\"yuzo__text--title\" style=\"font-size:13px;\">Primeiro romance de Bianca Santana, \u2018Apolin\u00e1ria\u2019 r...<\/span>\n\t\t\t\t\t\t\t  \n\t\t\t\t\t\t\t  \n\t\t\t\t\t\t\t  <\/a>\n\n\t\t\t\t\t\t  <\/div>\n<\/div> <script>\n\t\t\t\t\t\t  jQuery(document).ready(function( $ ){\n\t\t\t\t\t\t\t\/\/jQuery('.yuzo_related_post').equalizer({ overflow : 'relatedthumb' });\n\t\t\t\t\t\t\tjQuery('.yuzo_related_post .yuzo_wraps').equalizer({ columns : '> div' });\n\t\t\t\t\t\t   })\n\t\t\t\t\t\t  <\/script> <!-- End Yuzo :) -->","protected":false},"excerpt":{"rendered":"<p>A partir desta quarta-feira (27), a Companhia de Saneamento B\u00e1sico do Estado de S\u00e3o Paulo (Sabesp)\u00a0vai come\u00e7ar a reduzir a press\u00e3o da \u00e1gua durante a madrugada,\u00a0na regi\u00e3o metropolitana de S\u00e3o Paulo. Segundo a companhia e o governo de S\u00e3o Paulo, a diminui\u00e7\u00e3o \u201c\u00e9 tempor\u00e1ria\u201d, mas n\u00e3o foi informado \u00e0 popula\u00e7\u00e3o por quanto tempo a medida [&hellip;]<\/p>\n","protected":false},"author":2,"featured_media":0,"comment_status":"open","ping_status":"closed","sticky":false,"template":"","format":"standard","meta":{"fifu_image_url":"","fifu_image_alt":"","footnotes":""},"categories":[489,221,4040],"tags":[],"class_list":["post-47463","post","type-post","status-publish","format-standard","hentry","category-destaque-pequeno","category-economia","category-grande-sao-paulo"],"_links":{"self":[{"href":"https:\/\/redept.com.br\/blogosfera\/wp-json\/wp\/v2\/posts\/47463","targetHints":{"allow":["GET"]}}],"collection":[{"href":"https:\/\/redept.com.br\/blogosfera\/wp-json\/wp\/v2\/posts"}],"about":[{"href":"https:\/\/redept.com.br\/blogosfera\/wp-json\/wp\/v2\/types\/post"}],"author":[{"embeddable":true,"href":"https:\/\/redept.com.br\/blogosfera\/wp-json\/wp\/v2\/users\/2"}],"replies":[{"embeddable":true,"href":"https:\/\/redept.com.br\/blogosfera\/wp-json\/wp\/v2\/comments?post=47463"}],"version-history":[{"count":0,"href":"https:\/\/redept.com.br\/blogosfera\/wp-json\/wp\/v2\/posts\/47463\/revisions"}],"wp:attachment":[{"href":"https:\/\/redept.com.br\/blogosfera\/wp-json\/wp\/v2\/media?parent=47463"}],"wp:term":[{"taxonomy":"category","embeddable":true,"href":"https:\/\/redept.com.br\/blogosfera\/wp-json\/wp\/v2\/categories?post=47463"},{"taxonomy":"post_tag","embeddable":true,"href":"https:\/\/redept.com.br\/blogosfera\/wp-json\/wp\/v2\/tags?post=47463"}],"curies":[{"name":"wp","href":"https:\/\/api.w.org\/{rel}","templated":true}]}}