{"id":47577,"date":"2025-08-26T18:03:04","date_gmt":"2025-08-26T21:03:04","guid":{"rendered":"https:\/\/redept.org\/blogosfera\/com-energia-alimentos-e-combustiveis-em-queda-brasil-tem-1a-deflacao-em-2-anos\/"},"modified":"2025-08-26T18:03:04","modified_gmt":"2025-08-26T21:03:04","slug":"com-energia-alimentos-e-combustiveis-em-queda-brasil-tem-1a-deflacao-em-2-anos","status":"publish","type":"post","link":"https:\/\/redept.com.br\/blogosfera\/com-energia-alimentos-e-combustiveis-em-queda-brasil-tem-1a-deflacao-em-2-anos\/","title":{"rendered":"Com energia, alimentos e combust\u00edveis em queda, Brasil tem 1\u00aa defla\u00e7\u00e3o em 2 anos"},"content":{"rendered":"<p><img fetchpriority=\"high\" width=\"1024\" height=\"652\"src=\"https:\/\/redept.org\/blogosfera\/wp-content\/uploads\/2025\/08\/compras-agenciabrasil.jpg\" alt=\"\" decoding=\"async\" srcset=\"https:\/\/vermelho.org.br\/wp-content\/uploads\/2025\/08\/compras-agenciabrasil-1024x652.jpg 1024w, https:\/\/vermelho.org.br\/wp-content\/uploads\/2025\/08\/compras-agenciabrasil-300x191.jpg 300w, https:\/\/vermelho.org.br\/wp-content\/uploads\/2025\/08\/compras-agenciabrasil-768x489.jpg 768w, https:\/\/redept.org\/blogosfera\/wp-content\/uploads\/2025\/08\/compras-agenciabrasil.jpg 1299w\" sizes=\"(max-width: 1024px) 100vw, 1024px\"><\/p>\n<p>Boa not\u00edcia para o povo brasileiro: a pr\u00e9via da infla\u00e7\u00e3o em agosto ficou negativa em 0,14%, puxada pela queda nos pre\u00e7os da energia el\u00e9trica, dos alimentos e da gasolina. O resultado \u00e9 0,47 ponto percentual abaixo do registrado em julho (0,33%). Com isso, o m\u00eas de agosto teve o menor \u00edndice desde setembro de 2022 e a primeira defla\u00e7\u00e3o desde julho de 2023, quando o recuo foi de 0,07%.<\/p>\n<p>Os dados constam do IPCA-15, considerado a pr\u00e9via da infla\u00e7\u00e3o oficial, medido pelo IBGE e divulgado nesta ter\u00e7a-feira (26). No ano, o IPCA-15 acumula alta de 3,26% e, em 12 meses, 4,95%, abaixo dos 5,30% observados nos 12 meses imediatamente anteriores. Em agosto de 2024, o IPCA-15 foi de 0,19%.<\/p>\n<p>Dentre os grupos que mais contribu\u00edram para a queda est\u00e1 o de Habita\u00e7\u00e3o (-1,13% e\u00a0-0,17 p.p.), devido \u00e0 redu\u00e7\u00e3o na energia el\u00e9trica residencial (-4,93%), em decorr\u00eancia da incorpora\u00e7\u00e3o do B\u00f4nus de Itaipu. Essa iniciativa compensou a bandeira tarif\u00e1ria vermelha patamar 2, que substituiu a bandeira tarif\u00e1ria vermelha patamar 1, vigente em julho.<\/p>\n<p>O grupo de Alimenta\u00e7\u00e3o e bebidas (-0,53% e -0,12 p.p.) apresentou o terceiro m\u00eas seguido de quedas. Os maiores recuos vieram de itens como a manga (-20,99%), a batata-inglesa (-18,77%), a cebola (-13,83%), o tomate (-7,71%), o arroz (-3,12%) e as carnes (-0,94%).<\/p>\n<p>O terceiro grupo com maior influ\u00eancia na queda inflacion\u00e1ria foi o de Transportes (-0,47% e -0,10 p.p.), que saiu de 0,67% em julho para -0,47% em agosto. O resultado foi impulsionado pelas quedas nas passagens a\u00e9reas (-2,59%.), no autom\u00f3vel novo (-1,32%) e na gasolina (-1,14%).<\/p>\n<p>No grupamento dos combust\u00edveis (-1,18%), tamb\u00e9m recuaram o \u00f3leo diesel (-0,20%), o g\u00e1s veicular (-0,25%) e o etanol (-1,98%). Outros fatores regionais tamb\u00e9m incidiram sobre este segmento, puxando a infla\u00e7\u00e3o para baixo. Tamb\u00e9m teve queda o segmento de Comunica\u00e7\u00e3o (-0,17% e -0,01 p.p.).<\/p>\n<p>Registraram maiores altas os grupos de Despesas pessoais, com 1,09%; Sa\u00fade e cuidados pessoais, com 0,64% e Educa\u00e7\u00e3o, com 0,78%.<\/p>\n<p>Com ag\u00eancias<\/p>\n<p>O post <a href=\"https:\/\/vermelho.org.br\/2025\/08\/26\/energia-alimentos-e-combustiveis-caem-e-pais-tem-1a-deflacao-em-2-anos\/\">Com energia, alimentos e combust\u00edveis em queda, Brasil tem 1\u00aa defla\u00e7\u00e3o em 2 anos<\/a> apareceu primeiro em <a href=\"https:\/\/vermelho.org.br\/\">Vermelho<\/a>.<\/p>\n<!-- Begin Yuzo --><div class='yuzo_related_post style-1'  data-version='5.12.89'><!-- without result --><div class='yuzo_clearfixed yuzo__title yuzo__title'><h3>Related Post<\/h3><\/div>\n\t\t\t\t\t\t  <div class=\"relatedthumb \" style=\"width:125px;float:left;overflow:hidden;\">  \n\t\t\t\t\t\t\t  \n\t\t\t\t\t\t\t  <a  href=\"https:\/\/redept.com.br\/blogosfera\/maquinas-agricolas-chegam-reforcando-a-parceria-brasil-china\/\"  >\n\t\t\t\t\t\t\t\t\t  <div class=\"yuzo-img-wrap \" style=\"width: 125px;height:90px;\">\n\t\t\t\t\t\t\t\t\t\t\n\t\t\t\t\t\t\t\t\t\t<div class=\"yuzo-img\" style=\"background:url('https:\/\/redept.com.br\/blogosfera\/wp-content\/uploads\/2025\/11\/image-18-150x150.jpg') 50% 50% no-repeat;width: 125px;height:90px;margin-bottom: 5px;background-size: cover; \"><\/div>\n\t\t\t\t\t\t\t\t\t  <\/div>\n\t\t\t\t\t\t\t\t\t  \n\t\t\t\t\t\t\t\t   <span class=\"yuzo__text--title\" style=\"font-size:13px;\">M\u00e1quinas agr\u00edcolas chegam refor\u00e7ando a parceria Br...<\/span>\n\t\t\t\t\t\t\t  \n\t\t\t\t\t\t\t  \n\t\t\t\t\t\t\t  <\/a>\n\n\t\t\t\t\t\t  <\/div>\n\t\t\t\t\t\t  <div class=\"relatedthumb \" style=\"width:125px;float:left;overflow:hidden;\">  \n\t\t\t\t\t\t\t  \n\t\t\t\t\t\t\t  <a  href=\"https:\/\/redept.com.br\/blogosfera\/menina-de-13-anos-e-baleada-em-escola-na-zona-norte-do-rio\/\"  >\n\t\t\t\t\t\t\t\t\t  <div class=\"yuzo-img-wrap \" style=\"width: 125px;height:90px;\">\n\t\t\t\t\t\t\t\t\t\t\n\t\t\t\t\t\t\t\t\t\t<div class=\"yuzo-img\" style=\"background:url('https:\/\/redept.org\/blogosfera\/wp-content\/plugins\/yuzo-related-post\/assets\/images\/default.png') 50% 50% no-repeat;width: 125px;height:90px;margin-bottom: 5px;background-size: cover; \"><\/div>\n\t\t\t\t\t\t\t\t\t  <\/div>\n\t\t\t\t\t\t\t\t\t  \n\t\t\t\t\t\t\t\t   <span class=\"yuzo__text--title\" style=\"font-size:13px;\">Menina de 13 anos \u00e9 baleada em escola na zona nort...<\/span>\n\t\t\t\t\t\t\t  \n\t\t\t\t\t\t\t  \n\t\t\t\t\t\t\t  <\/a>\n\n\t\t\t\t\t\t  <\/div>\n\t\t\t\t\t\t  <div class=\"relatedthumb \" style=\"width:125px;float:left;overflow:hidden;\">  \n\t\t\t\t\t\t\t  \n\t\t\t\t\t\t\t  <a  href=\"https:\/\/redept.com.br\/blogosfera\/papa-francisco-e-a-querida-amazonia\/\"  >\n\t\t\t\t\t\t\t\t\t  <div class=\"yuzo-img-wrap \" style=\"width: 125px;height:90px;\">\n\t\t\t\t\t\t\t\t\t\t\n\t\t\t\t\t\t\t\t\t\t<div class=\"yuzo-img\" style=\"background:url('https:\/\/redept.com.br\/blogosfera\/wp-content\/uploads\/2025\/04\/image-1-36-150x92.png') 50% 50% no-repeat;width: 125px;height:90px;margin-bottom: 5px;background-size: cover; \"><\/div>\n\t\t\t\t\t\t\t\t\t  <\/div>\n\t\t\t\t\t\t\t\t\t  \n\t\t\t\t\t\t\t\t   <span class=\"yuzo__text--title\" style=\"font-size:13px;\">Papa Francisco e a querida Amaz\u00f4nia<\/span>\n\t\t\t\t\t\t\t  \n\t\t\t\t\t\t\t  \n\t\t\t\t\t\t\t  <\/a>\n\n\t\t\t\t\t\t  <\/div>\n\t\t\t\t\t\t  <div class=\"relatedthumb \" style=\"width:125px;float:left;overflow:hidden;\">  \n\t\t\t\t\t\t\t  \n\t\t\t\t\t\t\t  <a  href=\"https:\/\/redept.com.br\/blogosfera\/lula-cobra-acao-contra-falhas-da-enel-em-sp-e-manda-apurar-responsabilidades\/\"  >\n\t\t\t\t\t\t\t\t\t  <div class=\"yuzo-img-wrap \" style=\"width: 125px;height:90px;\">\n\t\t\t\t\t\t\t\t\t\t\n\t\t\t\t\t\t\t\t\t\t<div class=\"yuzo-img\" style=\"background:url('https:\/\/redept.com.br\/blogosfera\/wp-content\/uploads\/2026\/01\/img_7113-150x150.jpg') 50% 50% no-repeat;width: 125px;height:90px;margin-bottom: 5px;background-size: cover; \"><\/div>\n\t\t\t\t\t\t\t\t\t  <\/div>\n\t\t\t\t\t\t\t\t\t  \n\t\t\t\t\t\t\t\t   <span class=\"yuzo__text--title\" style=\"font-size:13px;\">Lula cobra a\u00e7\u00e3o contra falhas da Enel em SP e mand...<\/span>\n\t\t\t\t\t\t\t  \n\t\t\t\t\t\t\t  \n\t\t\t\t\t\t\t  <\/a>\n\n\t\t\t\t\t\t  <\/div>\n<\/div> <script>\n\t\t\t\t\t\t  jQuery(document).ready(function( $ ){\n\t\t\t\t\t\t\t\/\/jQuery('.yuzo_related_post').equalizer({ overflow : 'relatedthumb' });\n\t\t\t\t\t\t\tjQuery('.yuzo_related_post .yuzo_wraps').equalizer({ columns : '> div' });\n\t\t\t\t\t\t   })\n\t\t\t\t\t\t  <\/script> <!-- End Yuzo :) -->","protected":false},"excerpt":{"rendered":"<p>Boa not\u00edcia para o povo brasileiro: a pr\u00e9via da infla\u00e7\u00e3o em agosto ficou negativa em 0,14%, puxada pela queda nos pre\u00e7os da energia el\u00e9trica, dos alimentos e da gasolina. O resultado \u00e9 0,47 ponto percentual abaixo do registrado em julho (0,33%). Com isso, o m\u00eas de agosto teve o menor \u00edndice desde setembro de 2022 [&hellip;]<\/p>\n","protected":false},"author":2,"featured_media":0,"comment_status":"open","ping_status":"closed","sticky":false,"template":"","format":"standard","meta":{"fifu_image_url":"","fifu_image_alt":"","footnotes":""},"categories":[1355,221,122,529],"tags":[],"class_list":["post-47577","post","type-post","status-publish","format-standard","hentry","category-deflacao","category-economia","category-inflacao","category-ipca-15"],"_links":{"self":[{"href":"https:\/\/redept.com.br\/blogosfera\/wp-json\/wp\/v2\/posts\/47577","targetHints":{"allow":["GET"]}}],"collection":[{"href":"https:\/\/redept.com.br\/blogosfera\/wp-json\/wp\/v2\/posts"}],"about":[{"href":"https:\/\/redept.com.br\/blogosfera\/wp-json\/wp\/v2\/types\/post"}],"author":[{"embeddable":true,"href":"https:\/\/redept.com.br\/blogosfera\/wp-json\/wp\/v2\/users\/2"}],"replies":[{"embeddable":true,"href":"https:\/\/redept.com.br\/blogosfera\/wp-json\/wp\/v2\/comments?post=47577"}],"version-history":[{"count":0,"href":"https:\/\/redept.com.br\/blogosfera\/wp-json\/wp\/v2\/posts\/47577\/revisions"}],"wp:attachment":[{"href":"https:\/\/redept.com.br\/blogosfera\/wp-json\/wp\/v2\/media?parent=47577"}],"wp:term":[{"taxonomy":"category","embeddable":true,"href":"https:\/\/redept.com.br\/blogosfera\/wp-json\/wp\/v2\/categories?post=47577"},{"taxonomy":"post_tag","embeddable":true,"href":"https:\/\/redept.com.br\/blogosfera\/wp-json\/wp\/v2\/tags?post=47577"}],"curies":[{"name":"wp","href":"https:\/\/api.w.org\/{rel}","templated":true}]}}