{"id":47639,"date":"2025-08-26T14:46:04","date_gmt":"2025-08-26T17:46:04","guid":{"rendered":"https:\/\/redept.org\/blogosfera\/lula-ignora-ofensas-de-israel-e-condena-mortes-de-criancas-em-gaza\/"},"modified":"2025-08-26T14:46:04","modified_gmt":"2025-08-26T17:46:04","slug":"lula-ignora-ofensas-de-israel-e-condena-mortes-de-criancas-em-gaza","status":"publish","type":"post","link":"https:\/\/redept.com.br\/blogosfera\/lula-ignora-ofensas-de-israel-e-condena-mortes-de-criancas-em-gaza\/","title":{"rendered":"Lula ignora ofensas de Israel e condena mortes de crian\u00e7as em Gaza"},"content":{"rendered":"<p><span>Na abertura da reuni\u00e3o ministerial realizada nesta ter\u00e7a-feira (26\/08) no Pal\u00e1cio do Planalto, em Bras\u00edlia, o presidente brasileiro Luiz In\u00e1cio Lula da Silva criticou o governo de Israel pelo sucessivo assassinato de crian\u00e7as palestinas na Faixa de Gaza.<\/span><\/p>\n<p><span>\u201cTemos a continuidade do genoc\u00eddio na Faixa de Gaza, que n\u00e3o para. Todo dia crian\u00e7as que est\u00e3o com fome aparecem na m\u00eddia, esquel\u00e9ticas, e s\u00e3o assassinadas como se estivessem em guerra. Como se fossem do Hamas\u201d, afirmou o mandat\u00e1rio. Na semana passada, uma apura\u00e7\u00e3o feita pela imprensa brit\u00e2nica juntamente com a israelense apontou que de seis civis mortos no enclave, cinco n\u00e3o s\u00e3o da resist\u00eancia palestina.<\/span><\/p>\n<p><span>Vale ressaltar que a declara\u00e7\u00e3o ocorreu em meio ao recha\u00e7o de Bras\u00edlia \u00e0 aceita\u00e7\u00e3o de um novo embaixador israelense no pa\u00eds, aprofundando o impasse diplom\u00e1tico entre os dois pa\u00edses. Na segunda-feira (25\/08), o assessor presidencial Celso Amorim explicou que o pedido para que Gali Dagan assumisse o posto de Daniel Zonshine foi ignorado devido \u00e0 forma como Israel tratou o embaixador brasileiro em Tel Aviv, Frederico Meyer, no ano passado, quando foi chamado para dar explica\u00e7\u00f5es sobre declara\u00e7\u00e3o de Lula comparando o genoc\u00eddio em Gaza ao Holocausto.\u00a0<\/span><\/p>\n<figure aria-describedby=\"caption-attachment-229412\"><img loading=\"lazy\" loading=\"lazy\" decoding=\"async\"src=\"https:\/\/redept.org\/blogosfera\/wp-content\/uploads\/2025\/08\/54746416060_ae8d7a7b63_c.jpg\" alt=\"\" width=\"799\" height=\"533\" srcset=\"https:\/\/redept.org\/blogosfera\/wp-content\/uploads\/2025\/08\/54746416060_ae8d7a7b63_c.jpg 799w, https:\/\/operamundi.uol.com.br\/wp-content\/uploads\/2025\/08\/54746416060_ae8d7a7b63_c-300x200.jpg 300w, https:\/\/operamundi.uol.com.br\/wp-content\/uploads\/2025\/08\/54746416060_ae8d7a7b63_c-768x512.jpg 768w, https:\/\/operamundi.uol.com.br\/wp-content\/uploads\/2025\/08\/54746416060_ae8d7a7b63_c-150x100.jpg 150w, https:\/\/operamundi.uol.com.br\/wp-content\/uploads\/2025\/08\/54746416060_ae8d7a7b63_c-750x500.jpg 750w\" sizes=\"auto, (max-width: 799px) 100vw, 799px\"><figcaption>Presidente brasileiro Luiz In\u00e1cio Lula da SIlva critica Israel pela continuidade do genoc\u00eddio em Gaza, durante reuni\u00e3o ministerial <br \/>Ricardo Stuckert\/PR<\/figcaption><\/figure>\n<h3><span>Katz ataca Lula<\/span><\/h3>\n<p><span>Horas antes da declara\u00e7\u00e3o de Lula na reuni\u00e3o ministerial, o ministro israelense da Defesa, Israel Katz, usou seu perfil no X para atacar o presidente, chamando-o de \u201cantissemita declarado e apoiador do Hamas\u201d por conta da decis\u00e3o de retirar o Brasil da Alian\u00e7a Internacional para a Mem\u00f3ria do Holocausto (IHRA), em julho. O pa\u00eds apenas fazia parte desta alian\u00e7a pela decis\u00e3o tomada por Jair Bolsonaro, ex-presidente acusado de tentativa de golpe de Estado.<\/span><\/p>\n<p><span>Na publica\u00e7\u00e3o, Katz inseriu uma imagem criada por intelig\u00eancia artificial em que Lula \u00e9 retratado como marionete do l\u00edder supremo do Ir\u00e3, Ali Khamenei. No texto, alegou que o petista est\u00e1 \u201ccolocando o pa\u00eds ao lado de regimes como o Ir\u00e3\u201d.<\/span><\/p>\n<p><span>\u201cAgora ele revelou sua verdadeira face como antissemita declarado e apoiador do Hamas ao retirar o Brasil da IHRA \u2013 o organismo internacional criado para combater o antissemitismo e o \u00f3dio contra Israel \u2013 colocando o pa\u00eds ao lado de regimes como o Ir\u00e3, que nega abertamente o Holocausto e amea\u00e7a destruir o Estado de Israel\u201d, acusou. \u201cComo ministro da Defesa de Israel, afirmo: saberemos nos defender contra o eixo do mal do islamismo radical, mesmo sem a ajuda de Lula e seus aliados\u201d, acrescentou.<\/span><\/p>\n<blockquote data-media-max-width=\"560\">\n<p dir=\"ltr\" lang=\"pt\">Quando o presidente do Brasil, Lula @LulaOficial, desrespeitou a mem\u00f3ria do Holocausto durante meu mandato como Ministro das Rela\u00e7\u00f5es Exteriores, declarei-o persona non grata em Israel at\u00e9 que pedisse desculpas.<br \/>\nAgora ele revelou sua verdadeira face como antissemita declarado e\u2026 pic.twitter.com\/O0rzmTYqPA<\/p>\n<p>\u2014 \u05d9\u05e9\u05e8\u05d0\u05dc \u05db\u201d\u05e5 Israel Katz (@Israel_katz) August 26, 2025<\/p>\n<\/blockquote>\n<p>O post Lula ignora ofensas de Israel e condena mortes de crian\u00e7as em Gaza apareceu primeiro em Opera Mundi.<\/p>\n<!-- Begin Yuzo --><div class='yuzo_related_post style-1'  data-version='5.12.89'><!-- without result --><div class='yuzo_clearfixed yuzo__title yuzo__title'><h3>Related Post<\/h3><\/div>\n\t\t\t\t\t\t  <div class=\"relatedthumb \" style=\"width:125px;float:left;overflow:hidden;\">  \n\t\t\t\t\t\t\t  \n\t\t\t\t\t\t\t  <a  href=\"https:\/\/redept.com.br\/blogosfera\/tarcisio-quer-alta-de-300-no-icms-para-bares-e-restaurantes-de-sp\/\"  >\n\t\t\t\t\t\t\t\t\t  <div class=\"yuzo-img-wrap \" style=\"width: 125px;height:90px;\">\n\t\t\t\t\t\t\t\t\t\t\n\t\t\t\t\t\t\t\t\t\t<div class=\"yuzo-img\" style=\"background:url('https:\/\/redept.org\/blogosfera\/wp-content\/plugins\/yuzo-related-post\/assets\/images\/default.png') 50% 50% no-repeat;width: 125px;height:90px;margin-bottom: 5px;background-size: cover; \"><\/div>\n\t\t\t\t\t\t\t\t\t  <\/div>\n\t\t\t\t\t\t\t\t\t  \n\t\t\t\t\t\t\t\t   <span class=\"yuzo__text--title\" style=\"font-size:13px;\">Tarc\u00edsio quer alta de 300% no ICMS para bares e re...<\/span>\n\t\t\t\t\t\t\t  \n\t\t\t\t\t\t\t  \n\t\t\t\t\t\t\t  <\/a>\n\n\t\t\t\t\t\t  <\/div>\n\t\t\t\t\t\t  <div class=\"relatedthumb \" style=\"width:125px;float:left;overflow:hidden;\">  \n\t\t\t\t\t\t\t  \n\t\t\t\t\t\t\t  <a  href=\"https:\/\/redept.com.br\/blogosfera\/com-o-voto-contrario-do-pt-camara-flexibiliza-o-licenciamento-ambiental-e-aprova-o-pl-da-devastacao\/\"  >\n\t\t\t\t\t\t\t\t\t  <div class=\"yuzo-img-wrap \" style=\"width: 125px;height:90px;\">\n\t\t\t\t\t\t\t\t\t\t\n\t\t\t\t\t\t\t\t\t\t<div class=\"yuzo-img\" style=\"background:url('https:\/\/redept.org\/blogosfera\/wp-content\/plugins\/yuzo-related-post\/assets\/images\/default.png') 50% 50% no-repeat;width: 125px;height:90px;margin-bottom: 5px;background-size: cover; \"><\/div>\n\t\t\t\t\t\t\t\t\t  <\/div>\n\t\t\t\t\t\t\t\t\t  \n\t\t\t\t\t\t\t\t   <span class=\"yuzo__text--title\" style=\"font-size:13px;\">Com o voto contr\u00e1rio do PT, C\u00e2mara flexibiliza o l...<\/span>\n\t\t\t\t\t\t\t  \n\t\t\t\t\t\t\t  \n\t\t\t\t\t\t\t  <\/a>\n\n\t\t\t\t\t\t  <\/div>\n\t\t\t\t\t\t  <div class=\"relatedthumb \" style=\"width:125px;float:left;overflow:hidden;\">  \n\t\t\t\t\t\t\t  \n\t\t\t\t\t\t\t  <a  href=\"https:\/\/redept.com.br\/blogosfera\/popularidade-de-milei-desaba-apos-escandalos-e-repressao-a-protestos\/\"  >\n\t\t\t\t\t\t\t\t\t  <div class=\"yuzo-img-wrap \" style=\"width: 125px;height:90px;\">\n\t\t\t\t\t\t\t\t\t\t\n\t\t\t\t\t\t\t\t\t\t<div class=\"yuzo-img\" style=\"background:url('https:\/\/redept.com.br\/blogosfera\/wp-content\/uploads\/2025\/03\/Javier-Milei-150x150.jpg') 50% 50% no-repeat;width: 125px;height:90px;margin-bottom: 5px;background-size: cover; \"><\/div>\n\t\t\t\t\t\t\t\t\t  <\/div>\n\t\t\t\t\t\t\t\t\t  \n\t\t\t\t\t\t\t\t   <span class=\"yuzo__text--title\" style=\"font-size:13px;\">Popularidade de Milei desaba ap\u00f3s esc\u00e2ndalos e rep...<\/span>\n\t\t\t\t\t\t\t  \n\t\t\t\t\t\t\t  \n\t\t\t\t\t\t\t  <\/a>\n\n\t\t\t\t\t\t  <\/div>\n\t\t\t\t\t\t  <div class=\"relatedthumb \" style=\"width:125px;float:left;overflow:hidden;\">  \n\t\t\t\t\t\t\t  \n\t\t\t\t\t\t\t  <a  href=\"https:\/\/redept.com.br\/blogosfera\/grupo-paramilitar-m23-toma-o-controle-de-centro-de-mineracao-na-rd-do-congo\/\"  >\n\t\t\t\t\t\t\t\t\t  <div class=\"yuzo-img-wrap \" style=\"width: 125px;height:90px;\">\n\t\t\t\t\t\t\t\t\t\t\n\t\t\t\t\t\t\t\t\t\t<div class=\"yuzo-img\" style=\"background:url('https:\/\/redept.com.br\/blogosfera\/wp-content\/uploads\/2025\/03\/digital-congo-150x150.jpg') 50% 50% no-repeat;width: 125px;height:90px;margin-bottom: 5px;background-size: cover; \"><\/div>\n\t\t\t\t\t\t\t\t\t  <\/div>\n\t\t\t\t\t\t\t\t\t  \n\t\t\t\t\t\t\t\t   <span class=\"yuzo__text--title\" style=\"font-size:13px;\">Grupo paramilitar M23 toma o controle de centro de...<\/span>\n\t\t\t\t\t\t\t  \n\t\t\t\t\t\t\t  \n\t\t\t\t\t\t\t  <\/a>\n\n\t\t\t\t\t\t  <\/div>\n<\/div> <script>\n\t\t\t\t\t\t  jQuery(document).ready(function( $ ){\n\t\t\t\t\t\t\t\/\/jQuery('.yuzo_related_post').equalizer({ overflow : 'relatedthumb' });\n\t\t\t\t\t\t\tjQuery('.yuzo_related_post .yuzo_wraps').equalizer({ columns : '> div' });\n\t\t\t\t\t\t   })\n\t\t\t\t\t\t  <\/script> <!-- End Yuzo :) -->","protected":false},"excerpt":{"rendered":"<p>Na abertura da reuni\u00e3o ministerial realizada nesta ter\u00e7a-feira (26\/08) no Pal\u00e1cio do Planalto, em Bras\u00edlia, o presidente brasileiro Luiz In\u00e1cio Lula da Silva criticou o governo de Israel pelo sucessivo assassinato de crian\u00e7as palestinas na Faixa de Gaza. \u201cTemos a continuidade do genoc\u00eddio na Faixa de Gaza, que n\u00e3o para. Todo dia crian\u00e7as que est\u00e3o [\u2026]<\/p>\n<p>O post <a href=\"https:\/\/operamundi.uol.com.br\/guerra-israel-x-palestina\/lula-ignora-ofensas-de-israel-e-condena-assassinato-de-criancas-palestinas-em-gaza\/\">Lula ignora ofensas de Israel e condena mortes de crian\u00e7as em Gaza<\/a> apareceu primeiro em <a href=\"https:\/\/operamundi.uol.com.br\/\">Opera Mundi<\/a>.<\/p>\n","protected":false},"author":2,"featured_media":47640,"comment_status":"closed","ping_status":"closed","sticky":false,"template":"","format":"standard","meta":{"fifu_image_url":"","fifu_image_alt":"","footnotes":""},"categories":[45,1171,9943,16464,16465,52,3938,997,12197,6047,41,25,112,54,3266],"tags":[],"class_list":["post-47639","post","type-post","status-publish","format-standard","has-post-thumbnail","hentry","category-brasil","category-criancas","category-crise-diplomatica","category-embaixador","category-frederico-meyer","category-gaza","category-guerra-israel-x-palestina","category-hamas","category-holocausto","category-ihra","category-ira","category-israel","category-lula","category-palestina","category-reuniao-ministerial"],"_links":{"self":[{"href":"https:\/\/redept.com.br\/blogosfera\/wp-json\/wp\/v2\/posts\/47639","targetHints":{"allow":["GET"]}}],"collection":[{"href":"https:\/\/redept.com.br\/blogosfera\/wp-json\/wp\/v2\/posts"}],"about":[{"href":"https:\/\/redept.com.br\/blogosfera\/wp-json\/wp\/v2\/types\/post"}],"author":[{"embeddable":true,"href":"https:\/\/redept.com.br\/blogosfera\/wp-json\/wp\/v2\/users\/2"}],"replies":[{"embeddable":true,"href":"https:\/\/redept.com.br\/blogosfera\/wp-json\/wp\/v2\/comments?post=47639"}],"version-history":[{"count":0,"href":"https:\/\/redept.com.br\/blogosfera\/wp-json\/wp\/v2\/posts\/47639\/revisions"}],"wp:featuredmedia":[{"embeddable":true,"href":"https:\/\/redept.com.br\/blogosfera\/wp-json\/wp\/v2\/media\/47640"}],"wp:attachment":[{"href":"https:\/\/redept.com.br\/blogosfera\/wp-json\/wp\/v2\/media?parent=47639"}],"wp:term":[{"taxonomy":"category","embeddable":true,"href":"https:\/\/redept.com.br\/blogosfera\/wp-json\/wp\/v2\/categories?post=47639"},{"taxonomy":"post_tag","embeddable":true,"href":"https:\/\/redept.com.br\/blogosfera\/wp-json\/wp\/v2\/tags?post=47639"}],"curies":[{"name":"wp","href":"https:\/\/api.w.org\/{rel}","templated":true}]}}