{"id":47713,"date":"2025-08-27T10:29:22","date_gmt":"2025-08-27T13:29:22","guid":{"rendered":"https:\/\/redept.org\/blogosfera\/deus-e-bom-diz-michelle-apos-moraes-enviar-reforco-da-pf-a-prisao-de-bolsonaro-para-vigia-lo\/"},"modified":"2025-08-27T10:29:22","modified_gmt":"2025-08-27T13:29:22","slug":"deus-e-bom-diz-michelle-apos-moraes-enviar-reforco-da-pf-a-prisao-de-bolsonaro-para-vigia-lo","status":"publish","type":"post","link":"https:\/\/redept.com.br\/blogosfera\/deus-e-bom-diz-michelle-apos-moraes-enviar-reforco-da-pf-a-prisao-de-bolsonaro-para-vigia-lo\/","title":{"rendered":"\u201cDeus \u00e9 bom\u201d, diz Michelle ap\u00f3s Moraes enviar refor\u00e7o da PF \u00e0 pris\u00e3o de Bolsonaro para vigi\u00e1-lo"},"content":{"rendered":"<p>Ex-primeira-dama comenta decis\u00e3o que aumenta o monitoramento para 24h por dia em torno da resid\u00eancia do marido devido a risco de fuga<\/p>\n<p>O post \u201cDeus \u00e9 bom\u201d, diz Michelle ap\u00f3s Moraes enviar refor\u00e7o da PF \u00e0 pris\u00e3o de Bolsonaro para vigi\u00e1-lo apareceu primeiro em .<\/p>\n<!-- Begin Yuzo --><div class='yuzo_related_post style-1'  data-version='5.12.89'><!-- without result --><div class='yuzo_clearfixed yuzo__title yuzo__title'><h3>Related Post<\/h3><\/div>\n\t\t\t\t\t\t  <div class=\"relatedthumb \" style=\"width:125px;float:left;overflow:hidden;\">  \n\t\t\t\t\t\t\t  \n\t\t\t\t\t\t\t  <a  href=\"https:\/\/redept.com.br\/blogosfera\/prefeito-tiktoker-de-sorocaba-deu-entrada-em-mansao-com-r-138-mil-em-dinheiro-vivo\/\"  >\n\t\t\t\t\t\t\t\t\t  <div class=\"yuzo-img-wrap \" style=\"width: 125px;height:90px;\">\n\t\t\t\t\t\t\t\t\t\t\n\t\t\t\t\t\t\t\t\t\t<div class=\"yuzo-img\" style=\"background:url('https:\/\/redept.org\/blogosfera\/wp-content\/plugins\/yuzo-related-post\/assets\/images\/default.png') 50% 50% no-repeat;width: 125px;height:90px;margin-bottom: 5px;background-size: cover; \"><\/div>\n\t\t\t\t\t\t\t\t\t  <\/div>\n\t\t\t\t\t\t\t\t\t  \n\t\t\t\t\t\t\t\t   <span class=\"yuzo__text--title\" style=\"font-size:13px;\">\u201cPrefeito\u202ftiktoker\u201d de Sorocaba deu entrada em man...<\/span>\n\t\t\t\t\t\t\t  \n\t\t\t\t\t\t\t  \n\t\t\t\t\t\t\t  <\/a>\n\n\t\t\t\t\t\t  <\/div>\n\t\t\t\t\t\t  <div class=\"relatedthumb \" style=\"width:125px;float:left;overflow:hidden;\">  \n\t\t\t\t\t\t\t  \n\t\t\t\t\t\t\t  <a  href=\"https:\/\/redept.com.br\/blogosfera\/pgr-pede-a-condenacao-de-bolsonaro-por-tentativa-de-golpe\/\"  >\n\t\t\t\t\t\t\t\t\t  <div class=\"yuzo-img-wrap \" style=\"width: 125px;height:90px;\">\n\t\t\t\t\t\t\t\t\t\t\n\t\t\t\t\t\t\t\t\t\t<div class=\"yuzo-img\" style=\"background:url('https:\/\/redept.org\/blogosfera\/wp-content\/plugins\/yuzo-related-post\/assets\/images\/default.png') 50% 50% no-repeat;width: 125px;height:90px;margin-bottom: 5px;background-size: cover; \"><\/div>\n\t\t\t\t\t\t\t\t\t  <\/div>\n\t\t\t\t\t\t\t\t\t  \n\t\t\t\t\t\t\t\t   <span class=\"yuzo__text--title\" style=\"font-size:13px;\">PGR pede a condena\u00e7\u00e3o de Bolsonaro por tentativa d...<\/span>\n\t\t\t\t\t\t\t  \n\t\t\t\t\t\t\t  \n\t\t\t\t\t\t\t  <\/a>\n\n\t\t\t\t\t\t  <\/div>\n\t\t\t\t\t\t  <div class=\"relatedthumb \" style=\"width:125px;float:left;overflow:hidden;\">  \n\t\t\t\t\t\t\t  \n\t\t\t\t\t\t\t  <a  href=\"https:\/\/redept.com.br\/blogosfera\/carnaval-pelo-pais-chega-a-ter-apenas-1-banheiro-quimico-para-ate-2-mil-folioes\/\"  >\n\t\t\t\t\t\t\t\t\t  <div class=\"yuzo-img-wrap \" style=\"width: 125px;height:90px;\">\n\t\t\t\t\t\t\t\t\t\t\n\t\t\t\t\t\t\t\t\t\t<div class=\"yuzo-img\" style=\"background:url('https:\/\/redept.org\/blogosfera\/wp-content\/plugins\/yuzo-related-post\/assets\/images\/default.png') 50% 50% no-repeat;width: 125px;height:90px;margin-bottom: 5px;background-size: cover; \"><\/div>\n\t\t\t\t\t\t\t\t\t  <\/div>\n\t\t\t\t\t\t\t\t\t  \n\t\t\t\t\t\t\t\t   <span class=\"yuzo__text--title\" style=\"font-size:13px;\">Carnaval pelo pa\u00eds chega a ter apenas 1 banheiro q...<\/span>\n\t\t\t\t\t\t\t  \n\t\t\t\t\t\t\t  \n\t\t\t\t\t\t\t  <\/a>\n\n\t\t\t\t\t\t  <\/div>\n\t\t\t\t\t\t  <div class=\"relatedthumb \" style=\"width:125px;float:left;overflow:hidden;\">  \n\t\t\t\t\t\t\t  \n\t\t\t\t\t\t\t  <a  href=\"https:\/\/redept.com.br\/blogosfera\/israel-intensifica-genocidio-em-gaza-com-mais-exterminio-de-centenas-de-palestinos\/\"  >\n\t\t\t\t\t\t\t\t\t  <div class=\"yuzo-img-wrap \" style=\"width: 125px;height:90px;\">\n\t\t\t\t\t\t\t\t\t\t\n\t\t\t\t\t\t\t\t\t\t<div class=\"yuzo-img\" style=\"background:url('https:\/\/redept.com.br\/blogosfera\/wp-content\/uploads\/2025\/03\/Captura-de-Tela-2025-03-18-as-15.19.37-150x150.png') 50% 50% no-repeat;width: 125px;height:90px;margin-bottom: 5px;background-size: cover; \"><\/div>\n\t\t\t\t\t\t\t\t\t  <\/div>\n\t\t\t\t\t\t\t\t\t  \n\t\t\t\t\t\t\t\t   <span class=\"yuzo__text--title\" style=\"font-size:13px;\">Israel intensifica genoc\u00eddio em Gaza com mais exte...<\/span>\n\t\t\t\t\t\t\t  \n\t\t\t\t\t\t\t  \n\t\t\t\t\t\t\t  <\/a>\n\n\t\t\t\t\t\t  <\/div>\n<\/div> <script>\n\t\t\t\t\t\t  jQuery(document).ready(function( $ ){\n\t\t\t\t\t\t\t\/\/jQuery('.yuzo_related_post').equalizer({ overflow : 'relatedthumb' });\n\t\t\t\t\t\t\tjQuery('.yuzo_related_post .yuzo_wraps').equalizer({ columns : '> div' });\n\t\t\t\t\t\t   })\n\t\t\t\t\t\t  <\/script> <!-- End Yuzo :) -->","protected":false},"excerpt":{"rendered":"<p>Ex-primeira-dama comenta decis\u00e3o que aumenta o monitoramento para 24h por dia em torno da resid\u00eancia do marido devido a risco de fuga<\/p>\n<p>O post <a rel=\"nofollow\" href=\"https:\/\/urbsmagna.com\/michelle-bolsonaro-reforco-policial-deus-e-bom\/\">\u201cDeus \u00e9 bom\u201d, diz Michelle ap\u00f3s Moraes enviar refor\u00e7o da PF \u00e0 pris\u00e3o de Bolsonaro para vigi\u00e1-lo<\/a> apareceu primeiro em <a rel=\"nofollow\" href=\"https:\/\/urbsmagna.com\/\"><\/a>.<\/p>\n","protected":false},"author":2,"featured_media":0,"comment_status":"open","ping_status":"closed","sticky":false,"template":"","format":"standard","meta":{"fifu_image_url":"","fifu_image_alt":"","footnotes":""},"categories":[1261,15453,114,45,498,2129,824,14706,288,7463,9510,16504,191,5332,1570,1764,132,5471,5318,16505,260,12623,511],"tags":[],"class_list":["post-47713","post","type-post","status-publish","format-standard","hentry","category-alexandre-de-moraes","category-asilo-politico","category-bolsonarismo","category-brasil","category-brasilia","category-golpe-de-estado","category-jair-bolsonaro","category-julgamento-stf","category-justica","category-lindbergh-farias","category-michelle-bolsonaro","category-mulher-de-bem","category-noticias","category-partido-liberal","category-pgr","category-policia-federal","category-politica","category-politica-nacional","category-prisao-domiciliar","category-reforco-policial","category-stf","category-supremo-tribunal-federal-stf","category-tentativa-de-golpe"],"_links":{"self":[{"href":"https:\/\/redept.com.br\/blogosfera\/wp-json\/wp\/v2\/posts\/47713","targetHints":{"allow":["GET"]}}],"collection":[{"href":"https:\/\/redept.com.br\/blogosfera\/wp-json\/wp\/v2\/posts"}],"about":[{"href":"https:\/\/redept.com.br\/blogosfera\/wp-json\/wp\/v2\/types\/post"}],"author":[{"embeddable":true,"href":"https:\/\/redept.com.br\/blogosfera\/wp-json\/wp\/v2\/users\/2"}],"replies":[{"embeddable":true,"href":"https:\/\/redept.com.br\/blogosfera\/wp-json\/wp\/v2\/comments?post=47713"}],"version-history":[{"count":0,"href":"https:\/\/redept.com.br\/blogosfera\/wp-json\/wp\/v2\/posts\/47713\/revisions"}],"wp:attachment":[{"href":"https:\/\/redept.com.br\/blogosfera\/wp-json\/wp\/v2\/media?parent=47713"}],"wp:term":[{"taxonomy":"category","embeddable":true,"href":"https:\/\/redept.com.br\/blogosfera\/wp-json\/wp\/v2\/categories?post=47713"},{"taxonomy":"post_tag","embeddable":true,"href":"https:\/\/redept.com.br\/blogosfera\/wp-json\/wp\/v2\/tags?post=47713"}],"curies":[{"name":"wp","href":"https:\/\/api.w.org\/{rel}","templated":true}]}}