{"id":47756,"date":"2025-08-27T12:28:24","date_gmt":"2025-08-27T15:28:24","guid":{"rendered":"https:\/\/redept.org\/blogosfera\/livro-denuncia-genocidios-na-guatemala-e-palestina-silenciados-pela-midia\/"},"modified":"2025-08-27T12:28:24","modified_gmt":"2025-08-27T15:28:24","slug":"livro-denuncia-genocidios-na-guatemala-e-palestina-silenciados-pela-midia","status":"publish","type":"post","link":"https:\/\/redept.com.br\/blogosfera\/livro-denuncia-genocidios-na-guatemala-e-palestina-silenciados-pela-midia\/","title":{"rendered":"Livro denuncia genoc\u00eddios na Guatemala e Palestina silenciados pela m\u00eddia"},"content":{"rendered":"<p><img fetchpriority=\"high\" width=\"900\" height=\"600\"src=\"https:\/\/redept.org\/blogosfera\/wp-content\/uploads\/2025\/08\/guatemala-e-palestina.jpeg\" alt=\"\" decoding=\"async\" srcset=\"https:\/\/redept.org\/blogosfera\/wp-content\/uploads\/2025\/08\/guatemala-e-palestina.jpeg 900w, https:\/\/vermelho.org.br\/wp-content\/uploads\/2025\/08\/guatemala-e-palestina-300x200.jpeg 300w, https:\/\/vermelho.org.br\/wp-content\/uploads\/2025\/08\/guatemala-e-palestina-768x512.jpeg 768w, https:\/\/vermelho.org.br\/wp-content\/uploads\/2025\/08\/guatemala-e-palestina-272x182.jpeg 272w\" sizes=\"(max-width: 900px) 100vw, 900px\"><\/p>\n<p>Engracia Mendoza Caba tinha apenas nove anos quando tudo aconteceu, mas traz \u201cbem do\u00eddo\u201d quando no dia 16 de fevereiro de 1982 os soldados guatemaltecos baixaram dos helic\u00f3pteros atirando e deram vida \u00e0 palavra \u201cgenoc\u00eddio\u201d. Bem treinados, mataram seu pai com um \u201ctiro vindo do alto\u201d. O bala\u00e7o destro\u00e7ou a cabe\u00e7a e cobriu o corpo do senhor de sangue: \u201cEscondida a seu lado, vi que ali ele ficou. Minha irm\u00e3 foi enforcada dentro de casa e teve as duas filhas executadas. A maior estava no meio das cinzas. A beb\u00ea tinha apenas 40 dias e foi encontrada sem a cabe\u00e7a, que havia sido cortada. Estava numa bacia, devorada pelos cachorros\u201d.<\/p>\n<p>Este \u00e9 um dos in\u00fameros depoimentos colhidos pelo jornalista Leonardo Wexell Severo, redator internacional do jornal <em>Hora do Povo<\/em> e colaborador do<strong> Portal Vermelho<\/strong>, que integram o livro \u201cGuatemala e Palestina sob o tac\u00e3o genocida de Israel \u2013 Uma hist\u00f3ria silenciada pela m\u00eddia hegem\u00f4nica\u201d, que ser\u00e1 lan\u00e7ado no dia 12 de setembro.<\/p>\n<p>S\u00e3o 126 p\u00e1ginas de artigos e reportagens colhidas no calor dos acontecimentos \u2013 na Faixa de Gaza e na Cisjord\u00e2nia durante a Segunda Intifada palestina em novembro de 2000 \u2013 e em 2015 com o agravamento do cerco israelense; e na Guatemala, em 2013 \u2013 sob o desgoverno macabro do general Otto P\u00e9rez Molina\u00a0 -, e em 2024 \u2013 acompanhando o julgamento do ex-chefe do Estado Maior das For\u00e7as Armadas, Benedicto Lucas Garcia, que chegou a ser condenado a 2.860 anos de pris\u00e3o, explicitando a pol\u00edtica de terrorismo de Estado levada a cabo por Israel nos dois pa\u00edses.<\/p>\n<p>\u201c\u00c9 uma pr\u00e1tica que se repete em fun\u00e7\u00e3o dos interesses dos Estados Unidos, seja no Oriente M\u00e9dia ou na Am\u00e9rica Latina, e por isso o descarado apoio pol\u00edtico, econ\u00f4mico e militar dos seus sucessivos governos\u201d, denuncia Severo, frisando que \u201cimperialismo e sionismo s\u00e3o duas faces da mesma moeda\u201d.<\/p>\n<p>Na Guatemala, entre 1960 e 1996 foram, oficialmente, mais de 200 mil mortos e 45 mil desaparecidos \u2013 cinco mil deles crian\u00e7as, recorda o autor. \u201cO sionismo chegou para ficar naquele pa\u00eds nos anos 70 com abundantes recursos, armamentos e cerca de 300 assessores. Desde militares a t\u00e9cnicos de \u2018interrogat\u00f3rio\u2019 que ajudaram a treinar fac\u00ednoras, a prender, torturar e a barbarizar opositores, gente extremamente preconceituosa, racista e agressiva, disposta a impor sua verdade a qualquer custo\u201d, descreve.<\/p>\n<p>Conforme Severo, h\u00e1 abundantes testemunhos e farta literatura citados no livro comprovando o grau de degenera\u00e7\u00e3o e psicopatia dos sionistas: \u201cum sobrevivente guatemalteco relatou que esteve no seu interrogat\u00f3rio um israelense, e que o deslocaram a um centro de deten\u00e7\u00e3o localizado numa sinagoga. Foi encontrado um arquivo paralelo de intelig\u00eancia em que aparecem documentos e manuais israelenses, escritos em hebraico. As descri\u00e7\u00f5es s\u00e3o assombrosas\u201d.<\/p>\n<p><strong>Trump e Netanyahu planejam um resort sob o cemit\u00e9rio de Gaza<\/strong><\/p>\n<p>Na avalia\u00e7\u00e3o do autor, \u201co que Trump e Netanyahu est\u00e3o fazendo \u00e9 apenas tornar sua pol\u00edtica de \u2018cerco e aniquilamento\u2019 ainda mais evidente ao querer transformar Gaza num luxuoso resort \u00e0 beira do Mediterr\u00e2neo\u201d. \u201cPor isso despejam bombas e m\u00edsseis em civis desarmados, enquanto matam a popula\u00e7\u00e3o de fome, destroem hospitais, impedem a chegada de medicamentos e assassinam jornalistas para impedir o acesso \u00e0 informa\u00e7\u00e3o\u201d, acrescenta.<\/p>\n<p>Severo ressalta que desde 7 de outubro de 2023, de uma popula\u00e7\u00e3o de 2,2 milh\u00f5es de pessoas, temos cerca de 63 mil mortos, 12 mil desaparecidos sob os escombros e mais de 156 mil feridos, muitos deles gravemente. \u201cSomente na \u00faltima segunda-feira (25) tivemos mais cinco jornalistas da imprensa internacional assassinados no ataque a um hospital. Isso sem falar nos civis que est\u00e3o sendo massacrados diariamente nos territ\u00f3rios ocupados da Cisjord\u00e2nia. Com o livro procuro contribuir para resgatar a hist\u00f3ria e estimular a que as pessoas se mobilizem contra os nazi-israelenses, que como o governo Lula est\u00e1 fazendo, deve ser feito aqui e agora\u201d, enfatiza.<\/p>\n<p><strong>\u201cGuerra sendo travada contra a mem\u00f3ria e a soberania dos povos\u201d<\/strong><\/p>\n<p>\u201cH\u00e1 uma guerra sendo travada contra a mem\u00f3ria, contra a soberania dos povos, contra o direito \u00e0 autodetermina\u00e7\u00e3o. E essa guerra \u00e9 midi\u00e1tica, cultural, simb\u00f3lica. Por isso, livros como este s\u00e3o ferramentas de luta. S\u00e3o muni\u00e7\u00e3o para os que n\u00e3o aceitam viver ajoelhados. S\u00e3o tamb\u00e9m um chamado \u00e0 consci\u00eancia: ou escolhemos o lado dos que resistem, ou seremos c\u00famplices dos que massacram. Leonardo escolheu o lado certo. E neste livro, nos convida a fazer o mesmo\u201d, aponta o escritor Paulo Cannabrava Filho, editor do Di\u00e1logos do Sul Global, integrante da primeira equipe da Prensa Latina e da revista Cadernos do Terceiro Mundo.<\/p>\n<p>O livro conta com apresenta\u00e7\u00e3o de Ra\u00fal N\u00e1jera, pesquisador do Escrit\u00f3rio de Direitos Humanos da Arquidiocese da Guatemala \u2013 que d\u00e1 continuidade ao trabalho do bispo Juan Jos\u00e9 Gerardi, assassinado em 1998 dois dias ap\u00f3s apresentar o relat\u00f3rio \u201cNunca Mais\u201d, apresentando provas dos crimes cometidos contra os civis; do jornalista Nathaniel Braia, que se negou a combater os \u00e1rabes e foi preso na batalha do Yom Kipur (1973) e autor do \u201cO Apartheid de Israel\u201d; de Ualid Rabah, presidente da Federa\u00e7\u00e3o \u00c1rabe Palestina do Brasil (Fepal) e J\u00falio Coj, da Uni\u00e3o Sindical de Trabalhadores da Guatemala e representante na Organiza\u00e7\u00e3o Internacional do Trabalho (OIT). A capa do livro estampa um mural que se encontra no cemit\u00e9rio de San Juan Comalapa, na Guatemala, tem uma caricatura cedida solidariamente pelo jornalista e autor de quadrinhos Gilberto Maringoni, al\u00e9m de fotos que denunciam a situa\u00e7\u00e3o de esc\u00e1rnio em ambos os pa\u00edses.<\/p>\n<p><strong>Servi\u00e7o<\/strong><\/p>\n<p><strong>O que: <\/strong>Lan\u00e7amento do livro-reportagem \u201cGuatemala e Palestina sob o tac\u00e3o genocida de Israel \u2013 Uma hist\u00f3ria silenciada pela m\u00eddia hegem\u00f4nica\u201d, de Leonardo Wexell Severo \u2013 Editora Papiro<br \/><strong>Quando: <\/strong>12 de setembro<br \/><strong>Onde: <\/strong>Livraria Drummond \u2013 Avenida Paulista, 2073\/Conjunto Nacional.<br \/><strong>Hor\u00e1rio: <\/strong>19h30<\/p>\n<p>__<\/p>\n<p>(BL)<\/p>\n<p>O post <a href=\"https:\/\/vermelho.org.br\/2025\/08\/27\/livro-denuncia-genocidios-na-guatemala-e-palestina-silenciados-pela-midia\/\">Livro denuncia genoc\u00eddios na Guatemala e Palestina silenciados pela m\u00eddia<\/a> apareceu primeiro em <a href=\"https:\/\/vermelho.org.br\/\">Vermelho<\/a>.<\/p>\n<!-- Begin Yuzo --><div class='yuzo_related_post style-1'  data-version='5.12.89'><!-- without result --><div class='yuzo_clearfixed yuzo__title yuzo__title'><h3>Related Post<\/h3><\/div>\n\t\t\t\t\t\t  <div class=\"relatedthumb \" style=\"width:125px;float:left;overflow:hidden;\">  \n\t\t\t\t\t\t\t  \n\t\t\t\t\t\t\t  <a  href=\"https:\/\/redept.com.br\/blogosfera\/qual-o-valor-do-nosso-jornalismo-para-voce-publica-lanca-nova-campanha-de-arrecadacao\/\"  >\n\t\t\t\t\t\t\t\t\t  <div class=\"yuzo-img-wrap \" style=\"width: 125px;height:90px;\">\n\t\t\t\t\t\t\t\t\t\t\n\t\t\t\t\t\t\t\t\t\t<div class=\"yuzo-img\" style=\"background:url('https:\/\/redept.org\/blogosfera\/wp-content\/plugins\/yuzo-related-post\/assets\/images\/default.png') 50% 50% no-repeat;width: 125px;height:90px;margin-bottom: 5px;background-size: cover; \"><\/div>\n\t\t\t\t\t\t\t\t\t  <\/div>\n\t\t\t\t\t\t\t\t\t  \n\t\t\t\t\t\t\t\t   <span class=\"yuzo__text--title\" style=\"font-size:13px;\">Qual o valor do nosso jornalismo para voc\u00ea? P\u00fablic...<\/span>\n\t\t\t\t\t\t\t  \n\t\t\t\t\t\t\t  \n\t\t\t\t\t\t\t  <\/a>\n\n\t\t\t\t\t\t  <\/div>\n\t\t\t\t\t\t  <div class=\"relatedthumb \" style=\"width:125px;float:left;overflow:hidden;\">  \n\t\t\t\t\t\t\t  \n\t\t\t\t\t\t\t  <a  href=\"https:\/\/redept.com.br\/blogosfera\/trump-avalia-nova-proibicao-de-viagens-para-43-paises\/\"  >\n\t\t\t\t\t\t\t\t\t  <div class=\"yuzo-img-wrap \" style=\"width: 125px;height:90px;\">\n\t\t\t\t\t\t\t\t\t\t\n\t\t\t\t\t\t\t\t\t\t<div class=\"yuzo-img\" style=\"background:url('https:\/\/redept.com.br\/blogosfera\/wp-content\/uploads\/2025\/03\/trump-donald-150x150.webp') 50% 50% no-repeat;width: 125px;height:90px;margin-bottom: 5px;background-size: cover; \"><\/div>\n\t\t\t\t\t\t\t\t\t  <\/div>\n\t\t\t\t\t\t\t\t\t  \n\t\t\t\t\t\t\t\t   <span class=\"yuzo__text--title\" style=\"font-size:13px;\">Trump avalia nova proibi\u00e7\u00e3o de viagens para 43 pa\u00ed...<\/span>\n\t\t\t\t\t\t\t  \n\t\t\t\t\t\t\t  \n\t\t\t\t\t\t\t  <\/a>\n\n\t\t\t\t\t\t  <\/div>\n\t\t\t\t\t\t  <div class=\"relatedthumb \" style=\"width:125px;float:left;overflow:hidden;\">  \n\t\t\t\t\t\t\t  \n\t\t\t\t\t\t\t  <a  href=\"https:\/\/redept.com.br\/blogosfera\/europeus-foram-constrangidos-por-trump-a-abrir-estreito-de-ormuz-observa-professor\/\"  >\n\t\t\t\t\t\t\t\t\t  <div class=\"yuzo-img-wrap \" style=\"width: 125px;height:90px;\">\n\t\t\t\t\t\t\t\t\t\t\n\t\t\t\t\t\t\t\t\t\t<div class=\"yuzo-img\" style=\"background:url('https:\/\/redept.org\/blogosfera\/wp-content\/plugins\/yuzo-related-post\/assets\/images\/default.png') 50% 50% no-repeat;width: 125px;height:90px;margin-bottom: 5px;background-size: cover; \"><\/div>\n\t\t\t\t\t\t\t\t\t  <\/div>\n\t\t\t\t\t\t\t\t\t  \n\t\t\t\t\t\t\t\t   <span class=\"yuzo__text--title\" style=\"font-size:13px;\">Europeus foram constrangidos por Trump a abrir Est...<\/span>\n\t\t\t\t\t\t\t  \n\t\t\t\t\t\t\t  \n\t\t\t\t\t\t\t  <\/a>\n\n\t\t\t\t\t\t  <\/div>\n\t\t\t\t\t\t  <div class=\"relatedthumb \" style=\"width:125px;float:left;overflow:hidden;\">  \n\t\t\t\t\t\t\t  \n\t\t\t\t\t\t\t  <a  href=\"https:\/\/redept.com.br\/blogosfera\/gleisi-rechaca-hipocrisia-de-governadores-da-oposicao-em-criticas-a-lei-de-revisao-de-dividas\/\"  >\n\t\t\t\t\t\t\t\t\t  <div class=\"yuzo-img-wrap \" style=\"width: 125px;height:90px;\">\n\t\t\t\t\t\t\t\t\t\t\n\t\t\t\t\t\t\t\t\t\t<div class=\"yuzo-img\" style=\"background:url('https:\/\/redept.org\/blogosfera\/wp-content\/plugins\/yuzo-related-post\/assets\/images\/default.png') 50% 50% no-repeat;width: 125px;height:90px;margin-bottom: 5px;background-size: cover; \"><\/div>\n\t\t\t\t\t\t\t\t\t  <\/div>\n\t\t\t\t\t\t\t\t\t  \n\t\t\t\t\t\t\t\t   <span class=\"yuzo__text--title\" style=\"font-size:13px;\">Gleisi recha\u00e7a \u201chipocrisia\u201d de governadores da opo...<\/span>\n\t\t\t\t\t\t\t  \n\t\t\t\t\t\t\t  \n\t\t\t\t\t\t\t  <\/a>\n\n\t\t\t\t\t\t  <\/div>\n<\/div> <script>\n\t\t\t\t\t\t  jQuery(document).ready(function( $ ){\n\t\t\t\t\t\t\t\/\/jQuery('.yuzo_related_post').equalizer({ overflow : 'relatedthumb' });\n\t\t\t\t\t\t\tjQuery('.yuzo_related_post .yuzo_wraps').equalizer({ columns : '> div' });\n\t\t\t\t\t\t   })\n\t\t\t\t\t\t  <\/script> <!-- End Yuzo :) -->","protected":false},"excerpt":{"rendered":"<p>Engracia Mendoza Caba tinha apenas nove anos quando tudo aconteceu, mas traz \u201cbem do\u00eddo\u201d quando no dia 16 de fevereiro de 1982 os soldados guatemaltecos baixaram dos helic\u00f3pteros atirando e deram vida \u00e0 palavra \u201cgenoc\u00eddio\u201d. Bem treinados, mataram seu pai com um \u201ctiro vindo do alto\u201d. O bala\u00e7o destro\u00e7ou a cabe\u00e7a e cobriu o corpo [&hellip;]<\/p>\n","protected":false},"author":2,"featured_media":0,"comment_status":"open","ping_status":"closed","sticky":false,"template":"","format":"standard","meta":{"fifu_image_url":"","fifu_image_alt":"","footnotes":""},"categories":[309,325,326,25,16533,16534,54],"tags":[],"class_list":["post-47756","post","type-post","status-publish","format-standard","hentry","category-cultura","category-genocidio","category-guatemala","category-israel","category-leonardo-wexell-severo","category-livro-reportagem","category-palestina"],"_links":{"self":[{"href":"https:\/\/redept.com.br\/blogosfera\/wp-json\/wp\/v2\/posts\/47756","targetHints":{"allow":["GET"]}}],"collection":[{"href":"https:\/\/redept.com.br\/blogosfera\/wp-json\/wp\/v2\/posts"}],"about":[{"href":"https:\/\/redept.com.br\/blogosfera\/wp-json\/wp\/v2\/types\/post"}],"author":[{"embeddable":true,"href":"https:\/\/redept.com.br\/blogosfera\/wp-json\/wp\/v2\/users\/2"}],"replies":[{"embeddable":true,"href":"https:\/\/redept.com.br\/blogosfera\/wp-json\/wp\/v2\/comments?post=47756"}],"version-history":[{"count":0,"href":"https:\/\/redept.com.br\/blogosfera\/wp-json\/wp\/v2\/posts\/47756\/revisions"}],"wp:attachment":[{"href":"https:\/\/redept.com.br\/blogosfera\/wp-json\/wp\/v2\/media?parent=47756"}],"wp:term":[{"taxonomy":"category","embeddable":true,"href":"https:\/\/redept.com.br\/blogosfera\/wp-json\/wp\/v2\/categories?post=47756"},{"taxonomy":"post_tag","embeddable":true,"href":"https:\/\/redept.com.br\/blogosfera\/wp-json\/wp\/v2\/tags?post=47756"}],"curies":[{"name":"wp","href":"https:\/\/api.w.org\/{rel}","templated":true}]}}