{"id":47786,"date":"2025-08-27T15:16:40","date_gmt":"2025-08-27T18:16:40","guid":{"rendered":"https:\/\/redept.org\/blogosfera\/estudantes-da-unb-recebem-mencao-honrosa-em-premio-internacional-de-jornalismo\/"},"modified":"2025-08-27T15:16:40","modified_gmt":"2025-08-27T18:16:40","slug":"estudantes-da-unb-recebem-mencao-honrosa-em-premio-internacional-de-jornalismo","status":"publish","type":"post","link":"https:\/\/redept.com.br\/blogosfera\/estudantes-da-unb-recebem-mencao-honrosa-em-premio-internacional-de-jornalismo\/","title":{"rendered":"Estudantes da UnB recebem men\u00e7\u00e3o honrosa em pr\u00eamio internacional de jornalismo"},"content":{"rendered":"<p>Os estudantes da Faculdade de Comunica\u00e7\u00e3o (FAC) da <a href=\"https:\/\/www.brasildefato.com.br\/2025\/08\/07\/greve-de-servidores-da-unb-nao-tem-data-para-encerrar-novo-semestre-inicia-no-dia-18-de-agosto\/\">Universidade de Bras\u00edlia (UnB)<\/a>, Lucas Lopes e Luiza Melo receberam men\u00e7\u00e3o honrosa no Pr\u00eamio Excel\u00eancia em Jornalismo na categoria Jornalismo Universit\u00e1rio, promovido pela Sociedade Interamericana de Imprensa (SIP) pela reportagem <em>Sob o peso do sil\u00eancio<\/em>.\u00a0<\/p>\n<p>A mat\u00e9ria foi produzida pelos alunos-rep\u00f3rteres para o longevo jornal-laborat\u00f3rio Campus Multiplataforma e relata o drama da comunidade acad\u00eamica feminina pouco retratado: o <a href=\"https:\/\/www.brasildefato.com.br\/2024\/12\/06\/professoras-tecnicas-e-estudantes-protestam-contra-assedio-na-universidade-de-brasilia\/\">ass\u00e9dio na Universidade<\/a>.\u00a0<\/p>\n<p>A produ\u00e7\u00e3o da reportagem levou algumas semanas para ficar pronta e teve a coordena\u00e7\u00e3o do professor Zanei Barcellos, que guiou os jornalistas em forma\u00e7\u00e3o para tratarem do tema com \u00e9tica e responsabilidade. Os estudantes levantaram dados, ouviram diversas hist\u00f3rias e buscaram entender a atua\u00e7\u00e3o da UnB no combate \u00e0s den\u00fancias de ass\u00e9dio moral e sexual.\u00a0<\/p>\n<p>\u201cO ass\u00e9dio sexual \u00e9 sempre um tema muito espinhoso, ainda mais se formos falar no \u00e2mbito da Universidade, mas o jornalismo tem esse papel de denunciar. Foi uma produ\u00e7\u00e3o que nos demandou muito, rodamos o Campus durante alguns dias para levantar dados e fazer entrevistas. \u00c9 muito gratificante ver que o nosso trabalho, que foi feito com muita cautela e empenho est\u00e1 sendo reconhecido dessa forma\u201d, explica Melo.\u00a0<\/p>\n<p>A ideia da mat\u00e9ria nasceu depois que os estudantes fizeram a cobertura da Marcha Contra o Ass\u00e9dio, idealizada por alunas e professoras da Universidade que protestaram contra a volta de um professor ao Instituto de Biologia (IB) ap\u00f3s den\u00fancias de ass\u00e9dio.\u00a0<\/p>\n<p>Durante conversas, os estudantes perceberam que a maioria das entrevistadas j\u00e1 havia sofrido algum tipo de ass\u00e9dio dentro das depend\u00eancias do Campus, por algum professor ou colega de curso. N\u00e3o tinha como passar batido, era preciso dar voz \u00e0 essas mulheres e revisitar o hist\u00f3rico da UnB frente \u00e0 esses casos.\u00a0<\/p>\n<p>\u201cAl\u00e9m da gratid\u00e3o pelo reconhecimento da reportagem sobre ass\u00e9dio sexual, algo t\u00e3o latente e que persiste ao longo dos anos, sinto um imenso orgulho por participar de um projeto que trouxe as vozes de v\u00edtimas e que endere\u00e7a a urg\u00eancia de medidas concretas para o combate do ass\u00e9dio na Universidade\u201d, pontua Lopes.<\/p>\n<p>A reportagem completa est\u00e1 dispon\u00edvel no site do <a href=\"https:\/\/campusitofacunb.com.br\/artigos\/assedio-na-unb\/\">jornal laborat\u00f3rio da UnB<\/a>.<\/p>\n<p>::\u00a0<a href=\"https:\/\/chat.whatsapp.com\/Cs1uyLCaoPRDUWmIZVboBw\" target=\"_blank\" rel=\"noreferrer noopener\">Receba not\u00edcias do Distrito Federal no seu Whatsapp<\/a>\u00a0::<\/p>\n<p>O post <a href=\"https:\/\/www.brasildefato.com.br\/2025\/08\/27\/estudantes-da-unb-recebem-mencao-honrosa-em-premio-internacional-de-jornalismo\/\">Estudantes da UnB recebem men\u00e7\u00e3o honrosa em pr\u00eamio internacional de jornalismo<\/a> apareceu primeiro em <a href=\"https:\/\/www.brasildefato.com.br\/\">Brasil de Fato<\/a>.<\/p>\n<!-- Begin Yuzo --><div class='yuzo_related_post style-1'  data-version='5.12.89'><!-- without result --><div class='yuzo_clearfixed yuzo__title yuzo__title'><h3>Related Post<\/h3><\/div>\n\t\t\t\t\t\t  <div class=\"relatedthumb \" style=\"width:125px;float:left;overflow:hidden;\">  \n\t\t\t\t\t\t\t  \n\t\t\t\t\t\t\t  <a  href=\"https:\/\/redept.com.br\/blogosfera\/exposicao-reune-fotografias-do-cotidiano-de-moradores-da-ocupacao-chico-mendes-em-joao-pessoa\/\"  >\n\t\t\t\t\t\t\t\t\t  <div class=\"yuzo-img-wrap \" style=\"width: 125px;height:90px;\">\n\t\t\t\t\t\t\t\t\t\t\n\t\t\t\t\t\t\t\t\t\t<div class=\"yuzo-img\" style=\"background:url('https:\/\/redept.com.br\/blogosfera\/wp-content\/uploads\/2025\/07\/Foto-Caroline-Leite_-150x150.jpeg') 50% 50% no-repeat;width: 125px;height:90px;margin-bottom: 5px;background-size: cover; \"><\/div>\n\t\t\t\t\t\t\t\t\t  <\/div>\n\t\t\t\t\t\t\t\t\t  \n\t\t\t\t\t\t\t\t   <span class=\"yuzo__text--title\" style=\"font-size:13px;\">Exposi\u00e7\u00e3o re\u00fane fotografias do cotidiano de morado...<\/span>\n\t\t\t\t\t\t\t  \n\t\t\t\t\t\t\t  \n\t\t\t\t\t\t\t  <\/a>\n\n\t\t\t\t\t\t  <\/div>\n\t\t\t\t\t\t  <div class=\"relatedthumb \" style=\"width:125px;float:left;overflow:hidden;\">  \n\t\t\t\t\t\t\t  \n\t\t\t\t\t\t\t  <a  href=\"https:\/\/redept.com.br\/blogosfera\/bioeconomia-deve-se-tornar-motor-do-desenvolvimento-ate-2035-diz-governo\/\"  >\n\t\t\t\t\t\t\t\t\t  <div class=\"yuzo-img-wrap \" style=\"width: 125px;height:90px;\">\n\t\t\t\t\t\t\t\t\t\t\n\t\t\t\t\t\t\t\t\t\t<div class=\"yuzo-img\" style=\"background:url('https:\/\/redept.com.br\/blogosfera\/wp-content\/uploads\/2026\/04\/Captura-de-Tela-2026-04-01-as-154437-2048x1370-1-150x150.png') 50% 50% no-repeat;width: 125px;height:90px;margin-bottom: 5px;background-size: cover; \"><\/div>\n\t\t\t\t\t\t\t\t\t  <\/div>\n\t\t\t\t\t\t\t\t\t  \n\t\t\t\t\t\t\t\t   <span class=\"yuzo__text--title\" style=\"font-size:13px;\">Bioeconomia deve se tornar motor do desenvolviment...<\/span>\n\t\t\t\t\t\t\t  \n\t\t\t\t\t\t\t  \n\t\t\t\t\t\t\t  <\/a>\n\n\t\t\t\t\t\t  <\/div>\n\t\t\t\t\t\t  <div class=\"relatedthumb \" style=\"width:125px;float:left;overflow:hidden;\">  \n\t\t\t\t\t\t\t  \n\t\t\t\t\t\t\t  <a  href=\"https:\/\/redept.com.br\/blogosfera\/tarcisio-de-freitas-confirma-que-e-candidato-a-reeleicao-em-sao-paulo\/\"  >\n\t\t\t\t\t\t\t\t\t  <div class=\"yuzo-img-wrap \" style=\"width: 125px;height:90px;\">\n\t\t\t\t\t\t\t\t\t\t\n\t\t\t\t\t\t\t\t\t\t<div class=\"yuzo-img\" style=\"background:url('https:\/\/redept.org\/blogosfera\/wp-content\/plugins\/yuzo-related-post\/assets\/images\/default.png') 50% 50% no-repeat;width: 125px;height:90px;margin-bottom: 5px;background-size: cover; \"><\/div>\n\t\t\t\t\t\t\t\t\t  <\/div>\n\t\t\t\t\t\t\t\t\t  \n\t\t\t\t\t\t\t\t   <span class=\"yuzo__text--title\" style=\"font-size:13px;\">Tarc\u00edsio de Freitas confirma que \u00e9 candidato \u00e0 ree...<\/span>\n\t\t\t\t\t\t\t  \n\t\t\t\t\t\t\t  \n\t\t\t\t\t\t\t  <\/a>\n\n\t\t\t\t\t\t  <\/div>\n\t\t\t\t\t\t  <div class=\"relatedthumb \" style=\"width:125px;float:left;overflow:hidden;\">  \n\t\t\t\t\t\t\t  \n\t\t\t\t\t\t\t  <a  href=\"https:\/\/redept.com.br\/blogosfera\/partidos-e-movimentos-argentinos-fazem-ato-contra-prisao-domiciliar-de-cristina-kirchner\/\"  >\n\t\t\t\t\t\t\t\t\t  <div class=\"yuzo-img-wrap \" style=\"width: 125px;height:90px;\">\n\t\t\t\t\t\t\t\t\t\t\n\t\t\t\t\t\t\t\t\t\t<div class=\"yuzo-img\" style=\"background:url('https:\/\/redept.com.br\/blogosfera\/wp-content\/uploads\/2025\/06\/cristina-nico-150x150.jpg') 50% 50% no-repeat;width: 125px;height:90px;margin-bottom: 5px;background-size: cover; \"><\/div>\n\t\t\t\t\t\t\t\t\t  <\/div>\n\t\t\t\t\t\t\t\t\t  \n\t\t\t\t\t\t\t\t   <span class=\"yuzo__text--title\" style=\"font-size:13px;\">Partidos e movimentos argentinos fazem ato contra ...<\/span>\n\t\t\t\t\t\t\t  \n\t\t\t\t\t\t\t  \n\t\t\t\t\t\t\t  <\/a>\n\n\t\t\t\t\t\t  <\/div>\n<\/div> <script>\n\t\t\t\t\t\t  jQuery(document).ready(function( $ ){\n\t\t\t\t\t\t\t\/\/jQuery('.yuzo_related_post').equalizer({ overflow : 'relatedthumb' });\n\t\t\t\t\t\t\tjQuery('.yuzo_related_post .yuzo_wraps').equalizer({ columns : '> div' });\n\t\t\t\t\t\t   })\n\t\t\t\t\t\t  <\/script> <!-- End Yuzo :) -->","protected":false},"excerpt":{"rendered":"<p>Os estudantes da Faculdade de Comunica\u00e7\u00e3o (FAC) da Universidade de Bras\u00edlia (UnB), Lucas Lopes e Luiza Melo receberam men\u00e7\u00e3o honrosa no Pr\u00eamio Excel\u00eancia em Jornalismo na categoria Jornalismo Universit\u00e1rio, promovido pela Sociedade Interamericana de Imprensa (SIP) pela reportagem Sob o peso do sil\u00eancio.\u00a0 A mat\u00e9ria foi produzida pelos alunos-rep\u00f3rteres para o longevo jornal-laborat\u00f3rio Campus Multiplataforma [&hellip;]<\/p>\n","protected":false},"author":2,"featured_media":0,"comment_status":"open","ping_status":"closed","sticky":false,"template":"","format":"standard","meta":{"fifu_image_url":"","fifu_image_alt":"","footnotes":""},"categories":[307,234,1209],"tags":[],"class_list":["post-47786","post","type-post","status-publish","format-standard","hentry","category-direitos-humanos","category-distrito-federal","category-unb"],"_links":{"self":[{"href":"https:\/\/redept.com.br\/blogosfera\/wp-json\/wp\/v2\/posts\/47786","targetHints":{"allow":["GET"]}}],"collection":[{"href":"https:\/\/redept.com.br\/blogosfera\/wp-json\/wp\/v2\/posts"}],"about":[{"href":"https:\/\/redept.com.br\/blogosfera\/wp-json\/wp\/v2\/types\/post"}],"author":[{"embeddable":true,"href":"https:\/\/redept.com.br\/blogosfera\/wp-json\/wp\/v2\/users\/2"}],"replies":[{"embeddable":true,"href":"https:\/\/redept.com.br\/blogosfera\/wp-json\/wp\/v2\/comments?post=47786"}],"version-history":[{"count":0,"href":"https:\/\/redept.com.br\/blogosfera\/wp-json\/wp\/v2\/posts\/47786\/revisions"}],"wp:attachment":[{"href":"https:\/\/redept.com.br\/blogosfera\/wp-json\/wp\/v2\/media?parent=47786"}],"wp:term":[{"taxonomy":"category","embeddable":true,"href":"https:\/\/redept.com.br\/blogosfera\/wp-json\/wp\/v2\/categories?post=47786"},{"taxonomy":"post_tag","embeddable":true,"href":"https:\/\/redept.com.br\/blogosfera\/wp-json\/wp\/v2\/tags?post=47786"}],"curies":[{"name":"wp","href":"https:\/\/api.w.org\/{rel}","templated":true}]}}