{"id":47811,"date":"2025-08-27T16:41:16","date_gmt":"2025-08-27T19:41:16","guid":{"rendered":"https:\/\/redept.org\/blogosfera\/vocacao-brasileira-para-memes-ganha-exposicao-no-ccbb\/"},"modified":"2025-08-27T16:41:16","modified_gmt":"2025-08-27T19:41:16","slug":"vocacao-brasileira-para-memes-ganha-exposicao-no-ccbb","status":"publish","type":"post","link":"https:\/\/redept.com.br\/blogosfera\/vocacao-brasileira-para-memes-ganha-exposicao-no-ccbb\/","title":{"rendered":"Voca\u00e7\u00e3o brasileira para memes ganha exposi\u00e7\u00e3o no CCBB"},"content":{"rendered":"<p>A criatividade do brasileiro na internet ganha destaque a partir desta quarta-feira (27) no Centro Cultural Banco do Brasil S\u00e3o Paulo (CCBB SP), com a exposi\u00e7\u00e3o \u201cMEME: no Br@sil da memefica\u00e7\u00e3o\u201d. A mostra estar\u00e1\u00a0dispon\u00edvel at\u00e9 o dia 3 de novembro, das 9h \u00e0s 20h, em todos os dias exceto ter\u00e7as-feiras.\u00a0<\/p>\n<p>A curadoria in\u00e9dita exibe memes populares\u00a0e traz reflex\u00f5es\u00a0sobre essa linguagem que se tornou marca das redes sociais como\u00a0arte contempor\u00e2nea, cultura digital e cr\u00edtica social.\u00a0A montagem conta\u00a0com v\u00eddeos, neons, esculturas, figurinos, quadrinhos, pinturas, objetos, pain\u00e9is de LED, instala\u00e7\u00f5es sonoras e experi\u00eancias interativas. Os ingressos s\u00e3o gratuitos, mas precisam ser retirados na\u00a0<a href=\"http:\/\/www.bb.com.br\/cultura\" target=\"_blank\" rel=\"noreferrer noopener nofollow\">internet<\/a>\u00a0ou\u00a0na bilheteria do CCBB.<\/p>\n<blockquote>\n<p>\u201cMemes n\u00e3o s\u00e3o s\u00f3 piadas. Eles s\u00e3o <a href=\"https:\/\/tvtnews.com.br\/memes-politicos-trazem-humor-mas-podem-desinformar\/\">ferramentas pol\u00edticas<\/a>, culturais e afetivas. S\u00e3o como o Brasil elabora, disputa e negocia suas diferen\u00e7as sociais, raciais, de g\u00eanero, est\u00e9ticas, em tempo real\u201d, diz uma das curadoras, Clarissa Diniz.<\/p>\n<\/blockquote>\n<p>Depois de S\u00e3o Paulo, a exposi\u00e7\u00e3o ser\u00e1 apresentada em Bras\u00edlia (novembro de 2025 a mar\u00e7o de 2026), Belo Horizonte (mar\u00e7o a junho de 2026) e Rio de Janeiro (agosto a novembro de 2026).<\/p>\n<p>A mostra parte do  humor e provoca reflex\u00f5es sobre como os brasileiros diariamente refazem o pa\u00eds por meio de imagens\u00a0debochadas e cr\u00edtica. O percurso \u00e9 dividido\u00a0em seis n\u00facleos tem\u00e1ticos: Ao p\u00e9 da letra; A hora dos amadores; Da vers\u00e3o \u00e0 invers\u00e3o; O eu proliferado; Combater fic\u00e7\u00e3o com fic\u00e7\u00e3o; Memes: o que s\u00e3o? Onde vivem? Do que se alimentam?.<\/p>\n<p>Clarissa Diniz\u00a0disse ainda que a ideia \u00e9 provocar reflex\u00f5es sobre a voca\u00e7\u00e3o mem\u00e9tica do Brasil e se essa voca\u00e7\u00e3o ter\u00e1 mesmo come\u00e7ado com os memes digitais, ou se j\u00e1 se anunciava no Carnaval, nos bord\u00f5es da TV, nas picha\u00e7\u00f5es e nos outdoors.<\/p>\n<p>\u201cO que acontece quando pol\u00edtica, publicidade e arte se dobram aos formatos da zoeira?\u201d, questionou.<\/p>\n<h2>Linguagem<\/h2>\n<p>O tamb\u00e9m curador da exposi\u00e7\u00e3o Ismael Monticelli\u00a0ressaltou que pensar o Brasil de hoje sem considerar a sua intensa produ\u00e7\u00e3o de memes \u00e9 adotar uma perspectiva que ignora uma camada significativa da experi\u00eancia do pa\u00eds.<\/p>\n<p>\u201cEles n\u00e3o apenas refletem a realidade, mas atuam sobre ela: produzem mem\u00f3ria, disputam narrativas, elaboram fic\u00e7\u00f5es, geram pertencimento. Enquanto fazemos memes, os memes refazem o Brasil. A exposi\u00e7\u00e3o parte da compreens\u00e3o dos memes como uma linguagem viva, que afeta diretamente nossas formas de pensar, sentir e agir, transbordando os limites da internet\u201d, disse.<\/p>\n<p>A mostra re\u00fane nomes da arte contempor\u00e2nea brasileira de diferentes linguagens e repert\u00f3rios culturais, como Anna Maria Maiolino, Gretta Sarfaty, Nelson Leirner e Claudio Tozzi, ao lado de criadores de conte\u00fado como Blogueirinha, Porta dos Fundos, Alessandra Ara\u00fajo, Melted V\u00eddeos, John Drops e Greengo Dictionary.<\/p>\n<p>O projeto se estende ao ambiente digital com ativa\u00e7\u00f5es especialmente desenvolvidas para as redes sociais. Em parceria com o perfil de memes\u00a0<em>@newmemeseum<\/em>, curadorias de conte\u00fados exclusivos ser\u00e3o compartilhadas online, ampliando o alcance da exposi\u00e7\u00e3o e promovendo o acesso ao debate com p\u00fablicos diversos.<\/p>\n<p><em>Fl\u00e1via Albuquerque \u2013 rep\u00f3rter da <a href=\"https:\/\/agenciabrasil.ebc.com.br\/cultura\/noticia\/2025-08\/vocacao-brasileira-para-memes-ganha-exposicao-no-ccbb\" target=\"_blank\" rel=\"noopener noreferrer nofollow\">Ag\u00eancia Brasil<\/a><\/em><\/p>\n<p>The post <a rel=\"nofollow\" href=\"https:\/\/tvtnews.com.br\/vocacao-brasileira-para-memes-ganha-exposicao-no-ccbb\/\">Voca\u00e7\u00e3o brasileira para memes ganha exposi\u00e7\u00e3o no CCBB<\/a> appeared first on <a rel=\"nofollow\" href=\"https:\/\/tvtnews.com.br\/\">TVT News<\/a>.<\/p>\n<!-- Begin Yuzo --><div class='yuzo_related_post style-1'  data-version='5.12.89'><!-- without result --><div class='yuzo_clearfixed yuzo__title yuzo__title'><h3>Related Post<\/h3><\/div>\n\t\t\t\t\t\t  <div class=\"relatedthumb \" style=\"width:125px;float:left;overflow:hidden;\">  \n\t\t\t\t\t\t\t  \n\t\t\t\t\t\t\t  <a  href=\"https:\/\/redept.com.br\/blogosfera\/jornal-ingles-chama-policia-militar-de-sp-de-forca-policial-mais-perigosa-do-mundo\/\"  >\n\t\t\t\t\t\t\t\t\t  <div class=\"yuzo-img-wrap \" style=\"width: 125px;height:90px;\">\n\t\t\t\t\t\t\t\t\t\t\n\t\t\t\t\t\t\t\t\t\t<div class=\"yuzo-img\" style=\"background:url('https:\/\/redept.org\/blogosfera\/wp-content\/plugins\/yuzo-related-post\/assets\/images\/default.png') 50% 50% no-repeat;width: 125px;height:90px;margin-bottom: 5px;background-size: cover; \"><\/div>\n\t\t\t\t\t\t\t\t\t  <\/div>\n\t\t\t\t\t\t\t\t\t  \n\t\t\t\t\t\t\t\t   <span class=\"yuzo__text--title\" style=\"font-size:13px;\">Jornal ingl\u00eas chama pol\u00edcia militar de SP de \u2018for\u00e7...<\/span>\n\t\t\t\t\t\t\t  \n\t\t\t\t\t\t\t  \n\t\t\t\t\t\t\t  <\/a>\n\n\t\t\t\t\t\t  <\/div>\n\t\t\t\t\t\t  <div class=\"relatedthumb \" style=\"width:125px;float:left;overflow:hidden;\">  \n\t\t\t\t\t\t\t  \n\t\t\t\t\t\t\t  <a  href=\"https:\/\/redept.com.br\/blogosfera\/china-cria-revestimento-que-torna-avioes-de-guerra-invisiveis-para-radares-antifurtivos\/\"  >\n\t\t\t\t\t\t\t\t\t  <div class=\"yuzo-img-wrap \" style=\"width: 125px;height:90px;\">\n\t\t\t\t\t\t\t\t\t\t\n\t\t\t\t\t\t\t\t\t\t<div class=\"yuzo-img\" style=\"background:url('https:\/\/redept.org\/blogosfera\/wp-content\/plugins\/yuzo-related-post\/assets\/images\/default.png') 50% 50% no-repeat;width: 125px;height:90px;margin-bottom: 5px;background-size: cover; \"><\/div>\n\t\t\t\t\t\t\t\t\t  <\/div>\n\t\t\t\t\t\t\t\t\t  \n\t\t\t\t\t\t\t\t   <span class=\"yuzo__text--title\" style=\"font-size:13px;\">China cria revestimento que torna avi\u00f5es de guerra...<\/span>\n\t\t\t\t\t\t\t  \n\t\t\t\t\t\t\t  \n\t\t\t\t\t\t\t  <\/a>\n\n\t\t\t\t\t\t  <\/div>\n\t\t\t\t\t\t  <div class=\"relatedthumb \" style=\"width:125px;float:left;overflow:hidden;\">  \n\t\t\t\t\t\t\t  \n\t\t\t\t\t\t\t  <a  href=\"https:\/\/redept.com.br\/blogosfera\/xenofobia-em-campo-jogador-do-sao-paulo-expoe-preconceito-construido-contra-venezuelanos-com-migracao-recente-afirma-pesquisador\/\"  >\n\t\t\t\t\t\t\t\t\t  <div class=\"yuzo-img-wrap \" style=\"width: 125px;height:90px;\">\n\t\t\t\t\t\t\t\t\t\t\n\t\t\t\t\t\t\t\t\t\t<div class=\"yuzo-img\" style=\"background:url('https:\/\/redept.org\/blogosfera\/wp-content\/plugins\/yuzo-related-post\/assets\/images\/default.png') 50% 50% no-repeat;width: 125px;height:90px;margin-bottom: 5px;background-size: cover; \"><\/div>\n\t\t\t\t\t\t\t\t\t  <\/div>\n\t\t\t\t\t\t\t\t\t  \n\t\t\t\t\t\t\t\t   <span class=\"yuzo__text--title\" style=\"font-size:13px;\">Xenofobia em campo: jogador do S\u00e3o Paulo exp\u00f5e pre...<\/span>\n\t\t\t\t\t\t\t  \n\t\t\t\t\t\t\t  \n\t\t\t\t\t\t\t  <\/a>\n\n\t\t\t\t\t\t  <\/div>\n\t\t\t\t\t\t  <div class=\"relatedthumb \" style=\"width:125px;float:left;overflow:hidden;\">  \n\t\t\t\t\t\t\t  \n\t\t\t\t\t\t\t  <a  href=\"https:\/\/redept.com.br\/blogosfera\/estudantes-protestam-contra-medidas-neoliberais-de-kast-no-chile\/\"  >\n\t\t\t\t\t\t\t\t\t  <div class=\"yuzo-img-wrap \" style=\"width: 125px;height:90px;\">\n\t\t\t\t\t\t\t\t\t\t\n\t\t\t\t\t\t\t\t\t\t<div class=\"yuzo-img\" style=\"background:url('https:\/\/redept.org\/blogosfera\/wp-content\/plugins\/yuzo-related-post\/assets\/images\/default.png') 50% 50% no-repeat;width: 125px;height:90px;margin-bottom: 5px;background-size: cover; \"><\/div>\n\t\t\t\t\t\t\t\t\t  <\/div>\n\t\t\t\t\t\t\t\t\t  \n\t\t\t\t\t\t\t\t   <span class=\"yuzo__text--title\" style=\"font-size:13px;\">Estudantes protestam contra medidas neoliberais de...<\/span>\n\t\t\t\t\t\t\t  \n\t\t\t\t\t\t\t  \n\t\t\t\t\t\t\t  <\/a>\n\n\t\t\t\t\t\t  <\/div>\n<\/div> <script>\n\t\t\t\t\t\t  jQuery(document).ready(function( $ ){\n\t\t\t\t\t\t\t\/\/jQuery('.yuzo_related_post').equalizer({ overflow : 'relatedthumb' });\n\t\t\t\t\t\t\tjQuery('.yuzo_related_post .yuzo_wraps').equalizer({ columns : '> div' });\n\t\t\t\t\t\t   })\n\t\t\t\t\t\t  <\/script> <!-- End Yuzo :) -->","protected":false},"excerpt":{"rendered":"<p>A criatividade do brasileiro na internet ganha destaque a partir desta quarta-feira (27) no Centro Cultural Banco do Brasil S\u00e3o Paulo (CCBB SP), com a exposi\u00e7\u00e3o \u201cMEME: no Br@sil da memefica\u00e7\u00e3o\u201d. A mostra estar\u00e1\u00a0dispon\u00edvel at\u00e9 o dia 3 de novembro, das 9h \u00e0s 20h, em todos os dias exceto ter\u00e7as-feiras.\u00a0 A curadoria in\u00e9dita exibe memes [&hellip;]<\/p>\n","protected":false},"author":2,"featured_media":0,"comment_status":"open","ping_status":"closed","sticky":false,"template":"","format":"standard","meta":{"fifu_image_url":"","fifu_image_alt":"","footnotes":""},"categories":[309,489,16567],"tags":[],"class_list":["post-47811","post","type-post","status-publish","format-standard","hentry","category-cultura","category-destaque-pequeno","category-memes"],"_links":{"self":[{"href":"https:\/\/redept.com.br\/blogosfera\/wp-json\/wp\/v2\/posts\/47811","targetHints":{"allow":["GET"]}}],"collection":[{"href":"https:\/\/redept.com.br\/blogosfera\/wp-json\/wp\/v2\/posts"}],"about":[{"href":"https:\/\/redept.com.br\/blogosfera\/wp-json\/wp\/v2\/types\/post"}],"author":[{"embeddable":true,"href":"https:\/\/redept.com.br\/blogosfera\/wp-json\/wp\/v2\/users\/2"}],"replies":[{"embeddable":true,"href":"https:\/\/redept.com.br\/blogosfera\/wp-json\/wp\/v2\/comments?post=47811"}],"version-history":[{"count":0,"href":"https:\/\/redept.com.br\/blogosfera\/wp-json\/wp\/v2\/posts\/47811\/revisions"}],"wp:attachment":[{"href":"https:\/\/redept.com.br\/blogosfera\/wp-json\/wp\/v2\/media?parent=47811"}],"wp:term":[{"taxonomy":"category","embeddable":true,"href":"https:\/\/redept.com.br\/blogosfera\/wp-json\/wp\/v2\/categories?post=47811"},{"taxonomy":"post_tag","embeddable":true,"href":"https:\/\/redept.com.br\/blogosfera\/wp-json\/wp\/v2\/tags?post=47811"}],"curies":[{"name":"wp","href":"https:\/\/api.w.org\/{rel}","templated":true}]}}