{"id":48016,"date":"2025-08-28T15:46:16","date_gmt":"2025-08-28T18:46:16","guid":{"rendered":"https:\/\/redept.org\/blogosfera\/pobreza-na-primeira-infancia-cai-de-82-para-11-no-terceiro-governo-lula\/"},"modified":"2025-08-28T15:46:16","modified_gmt":"2025-08-28T18:46:16","slug":"pobreza-na-primeira-infancia-cai-de-82-para-11-no-terceiro-governo-lula","status":"publish","type":"post","link":"https:\/\/redept.com.br\/blogosfera\/pobreza-na-primeira-infancia-cai-de-82-para-11-no-terceiro-governo-lula\/","title":{"rendered":"Pobreza na primeira inf\u00e2ncia cai de 82% para 1,1% no terceiro governo Lula"},"content":{"rendered":"<p>Apesar de mais de 40% da popula\u00e7\u00e3o ainda n\u00e3o compreender o que significa o termo \u201cprimeira inf\u00e2ncia\u201d, como mostra um estudo da Funda\u00e7\u00e3o Maria Cecilia Souto Vidigal, o governo Lula parece ter entendido a import\u00e2ncia de investir nessa fase da vida.<\/p>\n<p>Pela primeira vez, a pobreza na primeira inf\u00e2ncia caiu de 82% para 1,1% no Brasil. E essa redu\u00e7\u00e3o, que praticamente erradicou o n\u00famero de crian\u00e7as de 0 a 6 anos com renda familiar mensal per capita menor que R$ 218, se deve ao <a href=\"http:\/\/retomada%20do%20bolsa%20fam%C3%ADlia,%20no%20primeiro%20ano%20do%203%C2%BA%20mandato%20de%20lula,%20%C3%A9%20um%20dos%20elementos%20respons%C3%A1veis%20para%20esse%20resultado\/\">Bolsa Fam\u00edlia<\/a>, retomado por essa gest\u00e3o em 2023.<\/p>\n<p>Desde novembro de 2024, fam\u00edlias com crian\u00e7as nessa faixa et\u00e1ria passaram a receber um benef\u00edcio adicional de R$ 150, o chamado<a href=\"https:\/\/www.brasildefato.com.br\/2023\/10\/18\/ao-completar-20-anos-de-idade-bolsa-familia-e-reforcado-com-beneficio-a-familias-com-criancas-de-ate-6-meses\/\"> Benef\u00edcio Primeira Inf\u00e2ncia (BPI)<\/a>. Isso significou uma transfer\u00eancia de R$ 1,18 bilh\u00e3o de reais no m\u00eas de agosto de 2025, por exemplo, para 8,44 milh\u00f5es de crian\u00e7as.<\/p>\n<p>Em contrapartida, as fam\u00edlias devem manter a carteira de vacina\u00e7\u00e3o atualizada, acompanhar peso e altura das crian\u00e7as e assegurar a frequ\u00eancia m\u00ednima de 60% na escola para crian\u00e7as de quatro a seis anos.<\/p>\n<p>Priorizar meninos e meninas nos primeiros anos de vida \u00e9 compreender a vida numa amplitude maior e saber que todo investimento feito nessa fase do desenvolvimento tem reflexos positivos ao longo de toda a vida. Para um governo, pensar nessa l\u00f3gica \u00e9 investir no futuro do Brasil.<\/p>\n<p>\u00c9 claro que ainda h\u00e1 muito a fazer. A presen\u00e7a de crian\u00e7as de at\u00e9 tr\u00eas anos na Educa\u00e7\u00e3o Infantil (41,2% das atendidas no pa\u00eds) ainda carece de aten\u00e7\u00e3o, com mais de 2,3 milh\u00f5es de crian\u00e7as sem acesso \u00e0 creche, n\u00famero distante da <a href=\"https:\/\/www.brasildefato.com.br\/2024\/06\/26\/governo-encaminha-novo-plano-nacional-de-educacao-ao-congresso\/\">meta de 50% estabelecida pelo Plano Nacional de Educa\u00e7\u00e3o (PNE) para 2024<\/a>. Essa desigualdade se aprofunda quando olhamos os dados do Todos Pela Educa\u00e7\u00e3o: apenas 30% das crian\u00e7as mais pobres s\u00e3o atendidas, enquanto entre as mais ricas a taxa chega a 60%.<\/p>\n<p>A percep\u00e7\u00e3o da popula\u00e7\u00e3o em geral sobre as necessidades da crian\u00e7a pequena para um pleno desenvolvimento tamb\u00e9m \u00e9 um desafio. Ainda citando o estudo da Funda\u00e7\u00e3o Maria Cec\u00edlia Souto Vidigal, apenas 3% dos cuidadores entendem que brincar \u00e9 algo importante nesses primeiros anos de vida.<\/p>\n<p>Compreender a primeira inf\u00e2ncia \u00e9 essencial para que, enquanto na\u00e7\u00e3o, possamos permitir que crian\u00e7as vivam e que dados como os do <a href=\"https:\/\/www.brasildefato.com.br\/2025\/05\/12\/risco-de-negro-ser-vitima-de-homicidio-e-27-vezes-maior-no-brasil\/\">Atlas da Viol\u00eancia de 2025<\/a>, que mostram que os homic\u00eddios de beb\u00eas e crian\u00e7as de 0 a 4 anos cresceram 15,6% em 2023, n\u00e3o se repitam.<\/p>\n<p>Como m\u00e3e, pesquisadora das inf\u00e2ncias e jornalista, observar esses dados em conjunto \u00e9 parafrasear <a href=\"https:\/\/www.brasildefato.com.br\/2022\/07\/21\/chico-buarque-luta-dos-evangelicos-contra-a-cultura-da-morte-e-da-maior-importancia\/\">Chico Buarque<\/a>: quando nasce um rebento no Brasil, parece que nunca \u00e9 o momento dele rebentar. J\u00e1 vai nascendo com cara de fome e a gente nem tem nome pra dar. Mas chegou o momento de mudar esse cen\u00e1rio e fazer valer a prioridade absoluta dos nossos meninos e meninas.<\/p>\n<p><em>**Este \u00e9 um artigo de opini\u00e3o e n\u00e3o necessariamente representa a linha editorial do <strong>Brasil do Fato<\/strong>.<\/em><\/p>\n<p>O post <a href=\"https:\/\/www.brasildefato.com.br\/2025\/08\/28\/pobreza-na-primeira-infancia-cai-de-82-para-11-no-brasil-no-terceiro-governo-lula\/\">Pobreza na primeira inf\u00e2ncia cai de 82% para 1,1% no terceiro governo Lula<\/a> apareceu primeiro em <a href=\"https:\/\/www.brasildefato.com.br\/\">Brasil de Fato<\/a>.<\/p>\n<!-- Begin Yuzo --><div class='yuzo_related_post style-1'  data-version='5.12.89'><!-- without result --><div class='yuzo_clearfixed yuzo__title yuzo__title'><h3>Related Post<\/h3><\/div>\n\t\t\t\t\t\t  <div class=\"relatedthumb \" style=\"width:125px;float:left;overflow:hidden;\">  \n\t\t\t\t\t\t\t  \n\t\t\t\t\t\t\t  <a  href=\"https:\/\/redept.com.br\/blogosfera\/canada-china-e-mexico-anunciam-retaliacoes-aos-eua-como-resposta-a-trump\/\"  >\n\t\t\t\t\t\t\t\t\t  <div class=\"yuzo-img-wrap \" style=\"width: 125px;height:90px;\">\n\t\t\t\t\t\t\t\t\t\t\n\t\t\t\t\t\t\t\t\t\t<div class=\"yuzo-img\" style=\"background:url('https:\/\/redept.com.br\/blogosfera\/wp-content\/uploads\/2025\/02\/1737422484678ef6942fe0b_1737422484_3x2_lg-150x150.jpg') 50% 50% no-repeat;width: 125px;height:90px;margin-bottom: 5px;background-size: cover; \"><\/div>\n\t\t\t\t\t\t\t\t\t  <\/div>\n\t\t\t\t\t\t\t\t\t  \n\t\t\t\t\t\t\t\t   <span class=\"yuzo__text--title\" style=\"font-size:13px;\">Canad\u00e1, China e M\u00e9xico anunciam retalia\u00e7\u00f5es aos EU...<\/span>\n\t\t\t\t\t\t\t  \n\t\t\t\t\t\t\t  \n\t\t\t\t\t\t\t  <\/a>\n\n\t\t\t\t\t\t  <\/div>\n\t\t\t\t\t\t  <div class=\"relatedthumb \" style=\"width:125px;float:left;overflow:hidden;\">  \n\t\t\t\t\t\t\t  \n\t\t\t\t\t\t\t  <a  href=\"https:\/\/redept.com.br\/blogosfera\/festival-de-gramado-cada-vez-mais-inclusivo-e-educativo\/\"  >\n\t\t\t\t\t\t\t\t\t  <div class=\"yuzo-img-wrap \" style=\"width: 125px;height:90px;\">\n\t\t\t\t\t\t\t\t\t\t\n\t\t\t\t\t\t\t\t\t\t<div class=\"yuzo-img\" style=\"background:url('https:\/\/redept.com.br\/blogosfera\/wp-content\/uploads\/2025\/08\/image-3-23-150x128.png') 50% 50% no-repeat;width: 125px;height:90px;margin-bottom: 5px;background-size: cover; \"><\/div>\n\t\t\t\t\t\t\t\t\t  <\/div>\n\t\t\t\t\t\t\t\t\t  \n\t\t\t\t\t\t\t\t   <span class=\"yuzo__text--title\" style=\"font-size:13px;\">Festival de Gramado cada vez mais inclusivo e educ...<\/span>\n\t\t\t\t\t\t\t  \n\t\t\t\t\t\t\t  \n\t\t\t\t\t\t\t  <\/a>\n\n\t\t\t\t\t\t  <\/div>\n\t\t\t\t\t\t  <div class=\"relatedthumb \" style=\"width:125px;float:left;overflow:hidden;\">  \n\t\t\t\t\t\t\t  \n\t\t\t\t\t\t\t  <a  href=\"https:\/\/redept.com.br\/blogosfera\/gas-do-povo-agora-e-uma-politica-energetica-nacional\/\"  >\n\t\t\t\t\t\t\t\t\t  <div class=\"yuzo-img-wrap \" style=\"width: 125px;height:90px;\">\n\t\t\t\t\t\t\t\t\t\t\n\t\t\t\t\t\t\t\t\t\t<div class=\"yuzo-img\" style=\"background:url('https:\/\/redept.com.br\/blogosfera\/wp-content\/uploads\/2026\/04\/Gas-do-Povo-Ricardo-Botelho-MME-150x150.jpg') 50% 50% no-repeat;width: 125px;height:90px;margin-bottom: 5px;background-size: cover; \"><\/div>\n\t\t\t\t\t\t\t\t\t  <\/div>\n\t\t\t\t\t\t\t\t\t  \n\t\t\t\t\t\t\t\t   <span class=\"yuzo__text--title\" style=\"font-size:13px;\">G\u00e1s do Povo agora \u00e9 uma pol\u00edtica energ\u00e9tica nacion...<\/span>\n\t\t\t\t\t\t\t  \n\t\t\t\t\t\t\t  \n\t\t\t\t\t\t\t  <\/a>\n\n\t\t\t\t\t\t  <\/div>\n\t\t\t\t\t\t  <div class=\"relatedthumb \" style=\"width:125px;float:left;overflow:hidden;\">  \n\t\t\t\t\t\t\t  \n\t\t\t\t\t\t\t  <a  href=\"https:\/\/redept.com.br\/blogosfera\/tarifaco-transforma-eua-em-pais-isolado-e-impulsiona-brics-avalia-economista\/\"  >\n\t\t\t\t\t\t\t\t\t  <div class=\"yuzo-img-wrap \" style=\"width: 125px;height:90px;\">\n\t\t\t\t\t\t\t\t\t\t\n\t\t\t\t\t\t\t\t\t\t<div class=\"yuzo-img\" style=\"background:url('https:\/\/redept.org\/blogosfera\/wp-content\/plugins\/yuzo-related-post\/assets\/images\/default.png') 50% 50% no-repeat;width: 125px;height:90px;margin-bottom: 5px;background-size: cover; \"><\/div>\n\t\t\t\t\t\t\t\t\t  <\/div>\n\t\t\t\t\t\t\t\t\t  \n\t\t\t\t\t\t\t\t   <span class=\"yuzo__text--title\" style=\"font-size:13px;\">Tarifa\u00e7o transforma EUA em pa\u00eds isolado e impulsio...<\/span>\n\t\t\t\t\t\t\t  \n\t\t\t\t\t\t\t  \n\t\t\t\t\t\t\t  <\/a>\n\n\t\t\t\t\t\t  <\/div>\n<\/div> <script>\n\t\t\t\t\t\t  jQuery(document).ready(function( $ ){\n\t\t\t\t\t\t\t\/\/jQuery('.yuzo_related_post').equalizer({ overflow : 'relatedthumb' });\n\t\t\t\t\t\t\tjQuery('.yuzo_related_post .yuzo_wraps').equalizer({ columns : '> div' });\n\t\t\t\t\t\t   })\n\t\t\t\t\t\t  <\/script> <!-- End Yuzo :) -->","protected":false},"excerpt":{"rendered":"<p>Apesar de mais de 40% da popula\u00e7\u00e3o ainda n\u00e3o compreender o que significa o termo \u201cprimeira inf\u00e2ncia\u201d, como mostra um estudo da Funda\u00e7\u00e3o Maria Cecilia Souto Vidigal, o governo Lula parece ter entendido a import\u00e2ncia de investir nessa fase da vida. Pela primeira vez, a pobreza na primeira inf\u00e2ncia caiu de 82% para 1,1% no [&hellip;]<\/p>\n","protected":false},"author":2,"featured_media":0,"comment_status":"open","ping_status":"closed","sticky":false,"template":"","format":"standard","meta":{"fifu_image_url":"","fifu_image_alt":"","footnotes":""},"categories":[153,1220,13536],"tags":[],"class_list":["post-48016","post","type-post","status-publish","format-standard","hentry","category-opiniao","category-pobreza","category-primeira-infancia"],"_links":{"self":[{"href":"https:\/\/redept.com.br\/blogosfera\/wp-json\/wp\/v2\/posts\/48016","targetHints":{"allow":["GET"]}}],"collection":[{"href":"https:\/\/redept.com.br\/blogosfera\/wp-json\/wp\/v2\/posts"}],"about":[{"href":"https:\/\/redept.com.br\/blogosfera\/wp-json\/wp\/v2\/types\/post"}],"author":[{"embeddable":true,"href":"https:\/\/redept.com.br\/blogosfera\/wp-json\/wp\/v2\/users\/2"}],"replies":[{"embeddable":true,"href":"https:\/\/redept.com.br\/blogosfera\/wp-json\/wp\/v2\/comments?post=48016"}],"version-history":[{"count":0,"href":"https:\/\/redept.com.br\/blogosfera\/wp-json\/wp\/v2\/posts\/48016\/revisions"}],"wp:attachment":[{"href":"https:\/\/redept.com.br\/blogosfera\/wp-json\/wp\/v2\/media?parent=48016"}],"wp:term":[{"taxonomy":"category","embeddable":true,"href":"https:\/\/redept.com.br\/blogosfera\/wp-json\/wp\/v2\/categories?post=48016"},{"taxonomy":"post_tag","embeddable":true,"href":"https:\/\/redept.com.br\/blogosfera\/wp-json\/wp\/v2\/tags?post=48016"}],"curies":[{"name":"wp","href":"https:\/\/api.w.org\/{rel}","templated":true}]}}