{"id":48225,"date":"2025-08-29T10:36:21","date_gmt":"2025-08-29T13:36:21","guid":{"rendered":"https:\/\/redept.org\/blogosfera\/movimentos-cobram-posicionamento-do-governo-brasileiro-contra-ameacas-dos-eua-a-venezuela\/"},"modified":"2025-08-29T10:36:21","modified_gmt":"2025-08-29T13:36:21","slug":"movimentos-cobram-posicionamento-do-governo-brasileiro-contra-ameacas-dos-eua-a-venezuela","status":"publish","type":"post","link":"https:\/\/redept.com.br\/blogosfera\/movimentos-cobram-posicionamento-do-governo-brasileiro-contra-ameacas-dos-eua-a-venezuela\/","title":{"rendered":"Movimentos cobram posicionamento do governo brasileiro contra amea\u00e7as dos EUA \u00e0 Venezuela"},"content":{"rendered":"<p>Movimentos populares, sindicatos e grupos pol\u00edticos pediram, nesta sexta-feira (29), que o <a href=\"https:\/\/www.brasildefato.com.br\/2025\/08\/28\/venezuela-busca-apoio-do-brasil-contra-ameaca-dos-eua-e-ligacao-entre-chanceleres-tenta-destravar-comunicado\/\">governo brasileiro se posicione contra o deslocamento de navios militares estadunidenses<\/a> no sul do Caribe. Em nota, as organiza\u00e7\u00f5es afirmam que isso, somado \u00e0s declara\u00e7\u00f5es do governo de Donald Trump, representam uma amea\u00e7a \u00e0 Venezuela.\u00a0<\/p>\n<p>\u201cDiante desse cen\u00e1rio, apelamos ao governo brasileiro para que, com base nos tradicionais la\u00e7os de amizade que unem os dois povos e as duas na\u00e7\u00f5es, manifeste explicitamente seu apoio \u00e0 Venezuela, reafirmando o compromisso com a paz, a coopera\u00e7\u00e3o e o respeito \u00e0 soberania desse pa\u00eds irm\u00e3o. A busca pela harmonia e o fortalecimento dos la\u00e7os diplom\u00e1ticos devem ser sempre as prioridades nas rela\u00e7\u00f5es internacionais\u201d, diz o comunicado.<\/p>\n<p>O texto tamb\u00e9m lembra das <a href=\"https:\/\/www.brasildefato.com.br\/2025\/08\/14\/eua-enviam-tropas-para-sul-do-caribe-em-nova-ameaca-a-venezuela\/\">acusa\u00e7\u00f5es da Casa Branca de que o presidente da Venezuela<\/a>, Nicol\u00e1s Maduro, seria l\u00edder de uma suposta organiza\u00e7\u00e3o criminosa chamada Cartel dos S\u00f3is, que levaria droga aos Estados Unidos. A exist\u00eancia desse grupo n\u00e3o foi provada pelo governo de Trump.<\/p>\n<p>\u201cA intensifica\u00e7\u00e3o dessas a\u00e7\u00f5es provoca tens\u00f5es na regi\u00e3o por constituir uma amea\u00e7a de agress\u00e3o a um pa\u00eds soberano. A Venezuela n\u00e3o deve ser alvo de provoca\u00e7\u00f5es externas e amea\u00e7as, que visam a desestabilizar a sua ordem interna. Al\u00e9m disso, as recentes acusa\u00e7\u00f5es feitas pelo presidente dos Estados Unidos contra o presidente leg\u00edtimo da Venezuela, Nicol\u00e1s Maduro, s\u00e3o infundadas.\u201d<\/p>\n<p>Ao todo, 39 organiza\u00e7\u00f5es assinaram o documento. Entre elas est\u00e1 o Movimentos dos Trabalhadores Rurais Sem Terra (MST), o Partido Comunista Brasileiro (PCB), a Internacional Antifascista, a Central dos Trabalhadores e das Trabalhadoras do Brasil (CTB) e a Uni\u00e3o Nacional dos Estudantes (UNE).\u00a0<\/p>\n<p>O texto afirma que essas <a href=\"https:\/\/www.brasildefato.com.br\/2025\/08\/26\/venezuela-pede-apoio-da-onu-ante-ameacas-dos-eua-e-mostra-preocupacao-com-uso-de-armas-nucleares\/\">declara\u00e7\u00f5es n\u00e3o apenas desrespeitam a soberania da Venezuela<\/a>, como tamb\u00e9m \u201cignoram os princ\u00edpios de conviv\u00eancia pac\u00edfica entre as na\u00e7\u00f5es\u201d e refor\u00e7am uma \u201cret\u00f3rica beligerante\u201d que n\u00e3o est\u00e1 de acordo com a diplomacia internacional.<\/p>\n<p>\u201c\u00c9 evidente que essas amea\u00e7as militares t\u00eam como objetivo incitar tens\u00f5es internas na Venezuela, favorecendo a instabilidade no pa\u00eds e na regi\u00e3o. Uma pol\u00edtica de agress\u00e3o, como a promovida pelos Estados Unidos, s\u00f3 contribui para o agravamento de uma situa\u00e7\u00e3o que deve ser resolvida com di\u00e1logo e respeito \u00e0 soberania e autodetermina\u00e7\u00e3o dos povos\u201d, afirma o texto.<\/p>\n<p>A nota destaca que a\u00e7\u00f5es de intimida\u00e7\u00e3o afetam toda a Am\u00e9rica Latina e lembra que a regi\u00e3o foi declarada como uma Zona de Paz pela Comunidade de Estados Latino-Americanos e Caribenhos (Celac) em 2014.\u00a0<\/p>\n<p>O MST j\u00e1 havia <a href=\"https:\/\/www.brasildefato.com.br\/2025\/08\/20\/mst-presta-solidariedade-a-venezuela-em-meio-a-escalada-da-ofensiva-dos-eua\/\">declarado apoio \u00e0 Venezuela na semana passada<\/a> em meio a amea\u00e7as militares dos Estados Unidos. Segundo o grupo, a chegada de navios para a costa do pa\u00eds caribenho representa mais uma \u201cofensiva imperialista\u201d contra os pa\u00edses latino-americanos.<\/p>\n<h4>Submarino de propuls\u00e3o nuclear<\/h4>\n<p>Brasil e Venezuela t\u00eam mantido contato para condenar as amea\u00e7as estadunidenses na regi\u00e3o. A ideia da Venezuela \u00e9 persuadir que o Brasil manifeste n\u00e3o s\u00f3 solidariedade ao pa\u00eds, como tamb\u00e9m denuncie a viola\u00e7\u00e3o do Tratado de Tlatelolco, assinado no M\u00e9xico em 1967 e ratificado pelos pr\u00f3prios Estados Unidos. Os pa\u00edses signat\u00e1rios concordaram em n\u00e3o testar, fabricar ou desenvolver qualquer arma nuclear.<\/p>\n<p>Militares venezuelanos ouvidos pelo <strong>Brasil de Fato<\/strong> afirmam que o submarino estadunidense que est\u00e1 vindo para a regi\u00e3o \u00e9 um submarino de propuls\u00e3o nuclear, ou seja, ele se desloca a partir da energia gerada pela quebra de n\u00facleos at\u00f4micos. Ele pode, ou n\u00e3o, usar armas nucleares. A possibilidade de que ele carregue armas nucleares, no entanto, j\u00e1 foi suficiente para a den\u00fancia venezuelana.<\/p>\n<p>O governo brasileiro, no entanto, est\u00e1 reticente em denunciar, neste momento, uma viola\u00e7\u00e3o deste tratado pelos Estados Unidos e entende que esse seria um passo a mais em uma rela\u00e7\u00e3o j\u00e1 est\u00e1 conflituosa com Washington depois do tarifa\u00e7o de Donald Trump.<\/p>\n<p>O <strong>Brasil de Fato<\/strong> solicitou posicionamento ao Minist\u00e9rio das Rela\u00e7\u00f5es Exteriores, e ainda n\u00e3o houve retorno. O espa\u00e7o segue aberto \u00e0s manifesta\u00e7\u00f5es. <\/p>\n<h4>Amea\u00e7a dos EUA<\/h4>\n<p>A\u00a0<a href=\"https:\/\/www.brasildefato.com.br\/2025\/08\/25\/onu-deixa-venezuela-fora-de-relatorio-sobre-drogas-e-governo-questiona-operacao-dos-eua-no-caribe\/\" target=\"_blank\" rel=\"noreferrer noopener\">tens\u00e3o aumentou na regi\u00e3o na semana passada<\/a>, depois que os Estados Unidos subiram o tom contra o governo Maduro. A porta-voz do governo de Donald Trump, Karoline Leavitt, afirmou que os Estados Unidos usariam \u201ctoda a for\u00e7a\u201d contra a Venezuela. Antes, o Departamento de Estado havia aumentado a recompensa pela pris\u00e3o de Nicol\u00e1s Maduro para US$ 50 milh\u00f5es e, sem apresentar provas, reiterou que o mandat\u00e1rio venezuelano seria chefe do Cartel dos S\u00f3is, uma suposta organiza\u00e7\u00e3o criminosa, sobre a qual n\u00e3o h\u00e1 informa\u00e7\u00f5es oficiais.<\/p>\n<p>Depois disso, ag\u00eancias de not\u00edcias internacionais come\u00e7aram a noticiar o envio de navios militares para a regi\u00e3o. Ao todo, seriam tr\u00eas embarca\u00e7\u00f5es com 4 mil soldados estadunidenses que foram deslocados ao sul do Caribe para combater o tr\u00e1fico de drogas. Na ter\u00e7a-feira (26), o cruzador de m\u00edsseis guiados USS Lake Erie e o submarino USS Newport News teriam sido incorporados \u00e0 miss\u00e3o, al\u00e9m de uma nova tropa francesa, segundo a\u00a0<em>CNN<\/em>.<\/p>\n<p>Em resposta, o\u00a0<a href=\"https:\/\/www.brasildefato.com.br\/2025\/08\/27\/governo-venezuelano-mobiliza-navios-no-caribe-em-resposta-a-ameaca-dos-eua\/\" target=\"_blank\" rel=\"noreferrer noopener\">governo venezuelano anunciou que deslocaria uma tropa para o sul do Caribe<\/a>\u00a0e 15 mil soldados para a fronteira com a Col\u00f4mbia. Al\u00e9m disso, o presidente Nicol\u00e1s Maduro promoveu um alistamento em massa de volunt\u00e1rios \u00e0 Mil\u00edcia Nacional Bolivariana no \u00faltimo final de semana.\u00a0<\/p>\n<p>A\u00a0<a href=\"https:\/\/www.brasildefato.com.br\/2025\/08\/25\/voluntarios-se-alistam-na-venezuela-para-mostrar-mobilizacao-frente-a-ameacas-dos-eua\/\" target=\"_blank\" rel=\"noreferrer noopener\">mil\u00edcia bolivariana \u00e9 uma organiza\u00e7\u00e3o formada em 2009<\/a>\u00a0composta por civis e militares aposentados em seus quadros. Eles recebem treinamento para defesa pessoal e fiscaliza\u00e7\u00e3o do territ\u00f3rio em diferentes contextos \u2014 urbano e rural. A mil\u00edcia passou a compor uma das cinco For\u00e7as Armadas da Venezuela, que tem uma estrutura diferente do Brasil.<\/p>\n<p>O governo refor\u00e7ou a import\u00e2ncia desse alistamento para a defesa da soberania nacional e disse que uma nova rodada de alistamento seria feita nesta sexta-feira (29) e s\u00e1bado (30).<\/p>\n<p>O post <a href=\"https:\/\/www.brasildefato.com.br\/2025\/08\/29\/movimentos-cobram-posicionamento-do-governo-brasileiro-contra-ameacas-dos-eua-a-venezuela\/\">Movimentos cobram posicionamento do governo brasileiro contra amea\u00e7as dos EUA \u00e0 Venezuela<\/a> apareceu primeiro em <a href=\"https:\/\/www.brasildefato.com.br\/\">Brasil de Fato<\/a>.<\/p>\n<!-- Begin Yuzo --><div class='yuzo_related_post style-1'  data-version='5.12.89'><!-- without result --><div class='yuzo_clearfixed yuzo__title yuzo__title'><h3>Related Post<\/h3><\/div>\n\t\t\t\t\t\t  <div class=\"relatedthumb \" style=\"width:125px;float:left;overflow:hidden;\">  \n\t\t\t\t\t\t\t  \n\t\t\t\t\t\t\t  <a  href=\"https:\/\/redept.com.br\/blogosfera\/desembargador-autoriza-retomada-de-curso-de-medicina-pelo-pronera-na-ufpe\/\"  >\n\t\t\t\t\t\t\t\t\t  <div class=\"yuzo-img-wrap \" style=\"width: 125px;height:90px;\">\n\t\t\t\t\t\t\t\t\t\t\n\t\t\t\t\t\t\t\t\t\t<div class=\"yuzo-img\" style=\"background:url('https:\/\/redept.com.br\/blogosfera\/wp-content\/uploads\/2025\/10\/image-9-150x150.jpg') 50% 50% no-repeat;width: 125px;height:90px;margin-bottom: 5px;background-size: cover; \"><\/div>\n\t\t\t\t\t\t\t\t\t  <\/div>\n\t\t\t\t\t\t\t\t\t  \n\t\t\t\t\t\t\t\t   <span class=\"yuzo__text--title\" style=\"font-size:13px;\">Desembargador autoriza retomada de Curso de Medici...<\/span>\n\t\t\t\t\t\t\t  \n\t\t\t\t\t\t\t  \n\t\t\t\t\t\t\t  <\/a>\n\n\t\t\t\t\t\t  <\/div>\n\t\t\t\t\t\t  <div class=\"relatedthumb \" style=\"width:125px;float:left;overflow:hidden;\">  \n\t\t\t\t\t\t\t  \n\t\t\t\t\t\t\t  <a  href=\"https:\/\/redept.com.br\/blogosfera\/biografia-de-lula-e-lancada-na-feira-internacional-do-livro-de-pequim\/\"  >\n\t\t\t\t\t\t\t\t\t  <div class=\"yuzo-img-wrap \" style=\"width: 125px;height:90px;\">\n\t\t\t\t\t\t\t\t\t\t\n\t\t\t\t\t\t\t\t\t\t<div class=\"yuzo-img\" style=\"background:url('https:\/\/redept.com.br\/blogosfera\/wp-content\/uploads\/2025\/06\/Biografia-de-Lula-China-150x150.jpg') 50% 50% no-repeat;width: 125px;height:90px;margin-bottom: 5px;background-size: cover; \"><\/div>\n\t\t\t\t\t\t\t\t\t  <\/div>\n\t\t\t\t\t\t\t\t\t  \n\t\t\t\t\t\t\t\t   <span class=\"yuzo__text--title\" style=\"font-size:13px;\">Biografia de Lula \u00e9 lan\u00e7ada na Feira Internacional...<\/span>\n\t\t\t\t\t\t\t  \n\t\t\t\t\t\t\t  \n\t\t\t\t\t\t\t  <\/a>\n\n\t\t\t\t\t\t  <\/div>\n\t\t\t\t\t\t  <div class=\"relatedthumb \" style=\"width:125px;float:left;overflow:hidden;\">  \n\t\t\t\t\t\t\t  \n\t\t\t\t\t\t\t  <a  href=\"https:\/\/redept.com.br\/blogosfera\/receita-admite-acesso-indevido-a-dados-de-ministros-do-stf-e-parentes\/\"  >\n\t\t\t\t\t\t\t\t\t  <div class=\"yuzo-img-wrap \" style=\"width: 125px;height:90px;\">\n\t\t\t\t\t\t\t\t\t\t\n\t\t\t\t\t\t\t\t\t\t<div class=\"yuzo-img\" style=\"background:url('https:\/\/redept.org\/blogosfera\/wp-content\/plugins\/yuzo-related-post\/assets\/images\/default.png') 50% 50% no-repeat;width: 125px;height:90px;margin-bottom: 5px;background-size: cover; \"><\/div>\n\t\t\t\t\t\t\t\t\t  <\/div>\n\t\t\t\t\t\t\t\t\t  \n\t\t\t\t\t\t\t\t   <span class=\"yuzo__text--title\" style=\"font-size:13px;\">Receita admite acesso indevido a dados de ministro...<\/span>\n\t\t\t\t\t\t\t  \n\t\t\t\t\t\t\t  \n\t\t\t\t\t\t\t  <\/a>\n\n\t\t\t\t\t\t  <\/div>\n\t\t\t\t\t\t  <div class=\"relatedthumb \" style=\"width:125px;float:left;overflow:hidden;\">  \n\t\t\t\t\t\t\t  \n\t\t\t\t\t\t\t  <a  href=\"https:\/\/redept.com.br\/blogosfera\/trabalho-de-parlamentares-petistas-faz-avancar-protecao-a-trabalhadores-em-situacao-de-trabalho-escravo\/\"  >\n\t\t\t\t\t\t\t\t\t  <div class=\"yuzo-img-wrap \" style=\"width: 125px;height:90px;\">\n\t\t\t\t\t\t\t\t\t\t\n\t\t\t\t\t\t\t\t\t\t<div class=\"yuzo-img\" style=\"background:url('https:\/\/redept.org\/blogosfera\/wp-content\/plugins\/yuzo-related-post\/assets\/images\/default.png') 50% 50% no-repeat;width: 125px;height:90px;margin-bottom: 5px;background-size: cover; \"><\/div>\n\t\t\t\t\t\t\t\t\t  <\/div>\n\t\t\t\t\t\t\t\t\t  \n\t\t\t\t\t\t\t\t   <span class=\"yuzo__text--title\" style=\"font-size:13px;\">Trabalho de parlamentares petistas faz avan\u00e7ar pro...<\/span>\n\t\t\t\t\t\t\t  \n\t\t\t\t\t\t\t  \n\t\t\t\t\t\t\t  <\/a>\n\n\t\t\t\t\t\t  <\/div>\n<\/div> <script>\n\t\t\t\t\t\t  jQuery(document).ready(function( $ ){\n\t\t\t\t\t\t\t\/\/jQuery('.yuzo_related_post').equalizer({ overflow : 'relatedthumb' });\n\t\t\t\t\t\t\tjQuery('.yuzo_related_post .yuzo_wraps').equalizer({ columns : '> div' });\n\t\t\t\t\t\t   })\n\t\t\t\t\t\t  <\/script> <!-- End Yuzo :) -->","protected":false},"excerpt":{"rendered":"<p>Movimentos populares, sindicatos e grupos pol\u00edticos pediram, nesta sexta-feira (29), que o governo brasileiro se posicione contra o deslocamento de navios militares estadunidenses no sul do Caribe. Em nota, as organiza\u00e7\u00f5es afirmam que isso, somado \u00e0s declara\u00e7\u00f5es do governo de Donald Trump, representam uma amea\u00e7a \u00e0 Venezuela.\u00a0 \u201cDiante desse cen\u00e1rio, apelamos ao governo brasileiro para [&hellip;]<\/p>\n","protected":false},"author":2,"featured_media":0,"comment_status":"open","ping_status":"closed","sticky":false,"template":"","format":"standard","meta":{"fifu_image_url":"","fifu_image_alt":"","footnotes":""},"categories":[1793,1023,394,9,50,302,2328,1664,1957,1049],"tags":[],"class_list":["post-48225","post","type-post","status-publish","format-standard","hentry","category-casa-branca","category-donald-trump","category-estados-unidos","category-eua","category-internacional","category-mst","category-nicolas-maduro","category-pcb","category-une","category-venezuela"],"_links":{"self":[{"href":"https:\/\/redept.com.br\/blogosfera\/wp-json\/wp\/v2\/posts\/48225","targetHints":{"allow":["GET"]}}],"collection":[{"href":"https:\/\/redept.com.br\/blogosfera\/wp-json\/wp\/v2\/posts"}],"about":[{"href":"https:\/\/redept.com.br\/blogosfera\/wp-json\/wp\/v2\/types\/post"}],"author":[{"embeddable":true,"href":"https:\/\/redept.com.br\/blogosfera\/wp-json\/wp\/v2\/users\/2"}],"replies":[{"embeddable":true,"href":"https:\/\/redept.com.br\/blogosfera\/wp-json\/wp\/v2\/comments?post=48225"}],"version-history":[{"count":0,"href":"https:\/\/redept.com.br\/blogosfera\/wp-json\/wp\/v2\/posts\/48225\/revisions"}],"wp:attachment":[{"href":"https:\/\/redept.com.br\/blogosfera\/wp-json\/wp\/v2\/media?parent=48225"}],"wp:term":[{"taxonomy":"category","embeddable":true,"href":"https:\/\/redept.com.br\/blogosfera\/wp-json\/wp\/v2\/categories?post=48225"},{"taxonomy":"post_tag","embeddable":true,"href":"https:\/\/redept.com.br\/blogosfera\/wp-json\/wp\/v2\/tags?post=48225"}],"curies":[{"name":"wp","href":"https:\/\/api.w.org\/{rel}","templated":true}]}}