{"id":48395,"date":"2025-08-29T19:00:00","date_gmt":"2025-08-29T22:00:00","guid":{"rendered":"https:\/\/redept.org\/blogosfera\/transporte-publico-gratuito-e-popular-ja\/"},"modified":"2025-08-29T19:00:00","modified_gmt":"2025-08-29T22:00:00","slug":"transporte-publico-gratuito-e-popular-ja","status":"publish","type":"post","link":"https:\/\/redept.com.br\/blogosfera\/transporte-publico-gratuito-e-popular-ja\/","title":{"rendered":"Transporte P\u00fablico Gratuito e Popular J\u00e1!"},"content":{"rendered":"<p><img fetchpriority=\"high\" width=\"1200\" height=\"720\"src=\"https:\/\/redept.org\/blogosfera\/wp-content\/uploads\/2025\/08\/onibus-lotado.jpg\" alt=\"\" link_thumbnail=\"\" decoding=\"async\" srcset=\"https:\/\/redept.org\/blogosfera\/wp-content\/uploads\/2025\/08\/onibus-lotado.jpg 1200w, https:\/\/averdade.org.br\/wp-content\/uploads\/2025\/08\/onibus-lotado-350x210.jpg 350w, https:\/\/averdade.org.br\/wp-content\/uploads\/2025\/08\/onibus-lotado-1024x614.jpg 1024w, https:\/\/averdade.org.br\/wp-content\/uploads\/2025\/08\/onibus-lotado-250x150.jpg 250w, https:\/\/averdade.org.br\/wp-content\/uploads\/2025\/08\/onibus-lotado-768x461.jpg 768w, https:\/\/averdade.org.br\/wp-content\/uploads\/2025\/08\/onibus-lotado-150x90.jpg 150w, https:\/\/averdade.org.br\/wp-content\/uploads\/2025\/08\/onibus-lotado-300x180.jpg 300w, https:\/\/averdade.org.br\/wp-content\/uploads\/2025\/08\/onibus-lotado-696x418.jpg 696w, https:\/\/averdade.org.br\/wp-content\/uploads\/2025\/08\/onibus-lotado-1068x641.jpg 1068w\" sizes=\"(max-width: 1200px) 100vw, 1200px\"><\/p>\n<p><strong>Transporte p\u00fablico caro e prec\u00e1rio enriquece empres\u00e1rios. Tarifa Zero e estatiza\u00e7\u00e3o s\u00e3o caminhos para garantir o direito de ir e vir e servir ao povo.<\/strong><\/p>\n<p><strong>Daniela Pereira Almeida | UP \u2013 Minas Gerais<\/strong><\/p>\n<hr>\n<p>O transporte p\u00fablico \u00e9 a chave que abre as portas da cidade para a classe trabalhadora: acesso ao emprego, \u00e0 sa\u00fade, \u00e0 educa\u00e7\u00e3o e ao lazer. No capitalismo, por\u00e9m, esse direito virou mercadoria. Enquanto empres\u00e1rios lucram milh\u00f5es com as passagens, o povo sofre com \u00f4nibus caros, superlotados e de m\u00e1 qualidade. \u00c9 hora de mudar essa realidade.<\/p>\n<h4><strong>Tarifa Zero: garantir o direito de ir e vir e acabar com a farra dos empres\u00e1rios<\/strong><\/h4>\n<p>Em muitas cidades brasileiras, as fam\u00edlias gastam at\u00e9 30% da renda s\u00f3 com transporte. Isso significa que, para cada tr\u00eas dias de trabalho, um \u00e9 s\u00f3 para pagar o \u00f4nibus! Enquanto isso, os donos das empresas de transporte enchem os bolsos.<\/p>\n<p>Mas h\u00e1 um caminho poss\u00edvel. De acordo com Daniel Santini, pesquisador da Tarifa Zero no Brasil, 116 cidades j\u00e1 adotaram o transporte gratuito, e os resultados s\u00e3o impressionantes:<\/p>\n<ul>\n<li><strong>Mais mobilidade: O volume de pessoas andando de \u00f4nibus aumenta de 3 a 5<\/strong> vezes, indicando que as pessoas se locomovem mais e usam menos o carro e motocicletas;<\/li>\n<li><strong>Ar mais limpo<\/strong>: Menos carros nas ruas significa menos polui\u00e7\u00e3o e menos doen\u00e7as como asma e bronquite;<\/li>\n<li><strong>Tr\u00e2nsito livre<\/strong>: Com mais gente no \u00f4nibus, os engarrafamentos diminuem e todos chegam mais r\u00e1pido ao seu destino;<\/li>\n<li><strong>Dinheiro no bolso do trabalhador e nos com\u00e9rcios e servi\u00e7os da cidade<\/strong>: O que antes era gasto com passagem vira comida, rem\u00e9dio, lazer, estudos etc.;<\/li>\n<li><strong>Benef\u00edcio para toda a cidade<\/strong>: Mesmo quem n\u00e3o usa \u00f4nibus ganha com menos polui\u00e7\u00e3o e menos congestionamento.<\/li>\n<\/ul>\n<h4><strong>Transporte estatal e integrado j\u00e1<\/strong><\/h4>\n<p>Dentro de uma mesma cidade, faz sentido que todas as possibilidades de transporte sejam integradas, a fim de alcan\u00e7ar o maior n\u00famero de pessoas poss\u00edvel de forma eficiente e com o menor custo. Dessa forma, \u00e9 necess\u00e1rio integrar ciclovias, trens, metr\u00f4s, rotas de \u00f4nibus e VLTs. Devido \u00e0 necessidade de investimento em infraestrutura para que isso ocorra, fica claro que a presta\u00e7\u00e3o de servi\u00e7o por uma s\u00f3 empresa em todos os \u00e2mbitos de transporte torna o sistema como um todo mais integrado e mais eficiente.<\/p>\n<p>Ao mesmo tempo, n\u00e3o faz sentido entregar o transporte p\u00fablico na m\u00e3o de uma empresa privada, que ir\u00e1 colocar no pre\u00e7o da passagem, al\u00e9m de seu custo, lucros exorbitantes, a fim de sustentar alguns poucos ricos \u00e0s custas de toda a popula\u00e7\u00e3o.<\/p>\n<p>J\u00e1 que transporte p\u00fablico \u00e9 um servi\u00e7o essencial, do qual n\u00e3o podemos arriscar que parte da popula\u00e7\u00e3o n\u00e3o tenha acesso (como j\u00e1 ocorre hoje em dia), o cen\u00e1rio ideal seria que este servi\u00e7o fosse prestado por uma autarquia municipal, como \u00e9 o caso do saneamento b\u00e1sico em muitas cidades, por exemplo.<\/p>\n<h4><strong>O dinheiro existe, falta tirar dos banqueiros<\/strong><\/h4>\n<p>Os governos sempre alegam que \u201cn\u00e3o h\u00e1 dinheiro\u201d para o transporte p\u00fablico. Mas a verdade \u00e9 que o dinheiro existe \u2014 s\u00f3 est\u00e1 indo para os bolsos errados.<\/p>\n<p>No Brasil de hoje, um dos maiores dificultadores para a cria\u00e7\u00e3o de autarquias municipais que prestam o servi\u00e7o de transporte p\u00fablico \u00e9 o or\u00e7amento limitado. Mas em edi\u00e7\u00f5es anteriores do Jornal A Verdade vimos que o problema do or\u00e7amento n\u00e3o \u00e9 a arrecada\u00e7\u00e3o, que \u00e9 digna de um pa\u00eds continental, mas sim o seu uso. A mat\u00e9ria \u201cArcabou\u00e7o Fiscal mant\u00e9m privil\u00e9gios para os banqueiros\u201d, de Luiz Falc\u00e3o (10 de maio de 2023), mostrou que quase 50% do or\u00e7amento do pa\u00eds \u00e9 usado para pagar juros e amortiza\u00e7\u00f5es de d\u00edvidas (e que mesmo assim ela continua crescendo).<\/p>\n<p>Imagine se, de repente, tiv\u00e9ssemos o dobro do or\u00e7amento para investir nas cidades? Seria ent\u00e3o poss\u00edvel oferecer transporte p\u00fablico gratuito e eficiente a toda a popula\u00e7\u00e3o. Al\u00e9m disso, a mat\u00e9ria mostrou que o chamado \u201cArcabou\u00e7o Fiscal\u201d aprovado no governo Lula imp\u00f5e limite de gasto em investimentos prim\u00e1rios, como infraestrutura, por exemplo, mas n\u00e3o p\u00f5e limites para pagamentos de d\u00edvidas (que j\u00e1 se pagaram v\u00e1rias vezes), transferindo o dinheiro do povo para os bancos.<\/p>\n<h4><strong>Avan\u00e7ar e preparar a estatiza\u00e7\u00e3o<\/strong><\/h4>\n<p>\u00c9 essencial que o cen\u00e1rio ideal seja colocado em pauta. Mas \u00e9 indispens\u00e1vel que a pauta da Tarifa Zero avance, mesmo que a princ\u00edpio, de forma n\u00e3o ideal. Mesmo que o servi\u00e7o de transporte p\u00fablico seja prestado por empresas privadas, \u00e9 poss\u00edvel que o financiamento p\u00fablico garanta a gratuidade, atrav\u00e9s de algumas fontes:<\/p>\n<ul>\n<li><strong>Or\u00e7amento p\u00fablico<\/strong>: assim como parte do or\u00e7amento \u00e9 destacado para sa\u00fade e educa\u00e7\u00e3o, tamb\u00e9m deve ser destacado para o transporte p\u00fablico, que \u00e9 igualmente um direito garantido por constitui\u00e7\u00e3o;<\/li>\n<li><strong>Cobran\u00e7a por estacionamento p\u00fablico<\/strong>: garantido o transporte p\u00fablico eficiente e gratuito para toda a popula\u00e7\u00e3o, nada mais justo que quem opte por usar transporte privado ajude a financiar a mobilidade urbana da cidade, j\u00e1 que ter\u00e1 benef\u00edcios diversos, como tr\u00e2nsito livre e mais op\u00e7\u00f5es de estacionamento na rua;<\/li>\n<li><strong>Cobran\u00e7a por publicidade em \u00f4nibus e paradas<\/strong>: as experi\u00eancias mostram que quando aplicada a tarifa zero, o volume de passageiros pode chegar a quintuplicar, tornando esses locais como competitivos para publicidade e rent\u00e1veis para o munic\u00edpio;<\/li>\n<li><strong>Outras op\u00e7\u00f5es<\/strong> de financiamento se tornar\u00e3o vi\u00e1veis a partir de altera\u00e7\u00f5es em leis nacionais, como taxa para empresas (equivalente o antigo vale-transporte), taxa sobre IPVA, IPTU, gasolina etc., taxas que acabam sendo irris\u00f3rias mediante o impacto da gratuidade do servi\u00e7o;<\/li>\n<li><strong>Subs\u00eddio por quil\u00f4metro rodado<\/strong>: a fim de evitar uma massiva transfer\u00eancia de recursos p\u00fablico para empresas privadas, \u00e9 indispens\u00e1vel que o financiamento seja feito por quil\u00f4metro rodado (em cima do custo da opera\u00e7\u00e3o) e n\u00e3o por passageiro, j\u00e1 que a tend\u00eancia \u00e9 que o n\u00famero de passageiros mais que dobre em pouco tempo.<\/li>\n<\/ul>\n<h4><strong>Mobilidade s\u00f3 com transporte estatal e gratuito<\/strong><\/h4>\n<p>O transporte p\u00fablico gratuito e estatal n\u00e3o \u00e9 um favor \u2014 \u00e9 um\u00a0<strong>direito conquistado com luta<\/strong>. Enquanto o capitalismo transforma tudo em neg\u00f3cio, n\u00f3s, trabalhadores, mostramos que outra cidade \u00e9 poss\u00edvel.<\/p>\n<p>Mesmo em cidades que a Tarifa Zero avance, \u00e9 preciso colocar na pauta da luta a presta\u00e7\u00e3o do servi\u00e7o por autarquia municipal. S\u00f3 assim teremos servi\u00e7o de qualidade, postos de trabalho dignos e pre\u00e7o justo, sem sustentar milion\u00e1rios, donos de empresas de \u00f4nibus, com o suado dinheiro do trabalhador.<\/p>\n<p><strong>\u00a0<\/strong><\/p>\n<!-- Begin Yuzo --><div class='yuzo_related_post style-1'  data-version='5.12.89'><!-- without result --><div class='yuzo_clearfixed yuzo__title yuzo__title'><h3>Related Post<\/h3><\/div>\n\t\t\t\t\t\t  <div class=\"relatedthumb \" style=\"width:125px;float:left;overflow:hidden;\">  \n\t\t\t\t\t\t\t  \n\t\t\t\t\t\t\t  <a  href=\"https:\/\/redept.com.br\/blogosfera\/motta-diz-que-camara-tera-seu-tempo-para-votar-pl-do-desmonte-ambiental\/\"  >\n\t\t\t\t\t\t\t\t\t  <div class=\"yuzo-img-wrap \" style=\"width: 125px;height:90px;\">\n\t\t\t\t\t\t\t\t\t\t\n\t\t\t\t\t\t\t\t\t\t<div class=\"yuzo-img\" style=\"background:url('https:\/\/redept.com.br\/blogosfera\/wp-content\/uploads\/2025\/05\/ok-queimadas-pantanal_-Foto-Marcelo-CamargoAgencia-Brasil-150x150.jpg') 50% 50% no-repeat;width: 125px;height:90px;margin-bottom: 5px;background-size: cover; \"><\/div>\n\t\t\t\t\t\t\t\t\t  <\/div>\n\t\t\t\t\t\t\t\t\t  \n\t\t\t\t\t\t\t\t   <span class=\"yuzo__text--title\" style=\"font-size:13px;\">Motta diz que C\u00e2mara ter\u00e1 seu tempo para votar PL ...<\/span>\n\t\t\t\t\t\t\t  \n\t\t\t\t\t\t\t  \n\t\t\t\t\t\t\t  <\/a>\n\n\t\t\t\t\t\t  <\/div>\n\t\t\t\t\t\t  <div class=\"relatedthumb \" style=\"width:125px;float:left;overflow:hidden;\">  \n\t\t\t\t\t\t\t  \n\t\t\t\t\t\t\t  <a  href=\"https:\/\/redept.com.br\/blogosfera\/mexico-pede-indenizacao-de-youtuber-por-gravar-em-sitios-arqueologicos\/\"  >\n\t\t\t\t\t\t\t\t\t  <div class=\"yuzo-img-wrap \" style=\"width: 125px;height:90px;\">\n\t\t\t\t\t\t\t\t\t\t\n\t\t\t\t\t\t\t\t\t\t<div class=\"yuzo-img\" style=\"background:url('https:\/\/redept.com.br\/blogosfera\/wp-content\/uploads\/2025\/05\/gqmdumxbeaajost-150x150.jpg') 50% 50% no-repeat;width: 125px;height:90px;margin-bottom: 5px;background-size: cover; \"><\/div>\n\t\t\t\t\t\t\t\t\t  <\/div>\n\t\t\t\t\t\t\t\t\t  \n\t\t\t\t\t\t\t\t   <span class=\"yuzo__text--title\" style=\"font-size:13px;\">M\u00e9xico pede indeniza\u00e7\u00e3o de youtuber por gravar em ...<\/span>\n\t\t\t\t\t\t\t  \n\t\t\t\t\t\t\t  \n\t\t\t\t\t\t\t  <\/a>\n\n\t\t\t\t\t\t  <\/div>\n\t\t\t\t\t\t  <div class=\"relatedthumb \" style=\"width:125px;float:left;overflow:hidden;\">  \n\t\t\t\t\t\t\t  \n\t\t\t\t\t\t\t  <a  href=\"https:\/\/redept.com.br\/blogosfera\/190-anos-da-revolta-dos-males-resistencia-negra-na-bahia-escravocrata\/\"  >\n\t\t\t\t\t\t\t\t\t  <div class=\"yuzo-img-wrap \" style=\"width: 125px;height:90px;\">\n\t\t\t\t\t\t\t\t\t\t\n\t\t\t\t\t\t\t\t\t\t<div class=\"yuzo-img\" style=\"background:url('https:\/\/redept.com.br\/blogosfera\/wp-content\/uploads\/2025\/01\/revolta-dos-malC3AAs-2-150x150.jpg') 50% 50% no-repeat;width: 125px;height:90px;margin-bottom: 5px;background-size: cover; \"><\/div>\n\t\t\t\t\t\t\t\t\t  <\/div>\n\t\t\t\t\t\t\t\t\t  \n\t\t\t\t\t\t\t\t   <span class=\"yuzo__text--title\" style=\"font-size:13px;\">190 anos da Revolta dos Mal\u00eas: resist\u00eancia negra n...<\/span>\n\t\t\t\t\t\t\t  \n\t\t\t\t\t\t\t  \n\t\t\t\t\t\t\t  <\/a>\n\n\t\t\t\t\t\t  <\/div>\n\t\t\t\t\t\t  <div class=\"relatedthumb \" style=\"width:125px;float:left;overflow:hidden;\">  \n\t\t\t\t\t\t\t  \n\t\t\t\t\t\t\t  <a  href=\"https:\/\/redept.com.br\/blogosfera\/em-dois-anos-174-milhoes-deixam-a-pobreza-e-sobem-de-classe-no-brasil\/\"  >\n\t\t\t\t\t\t\t\t\t  <div class=\"yuzo-img-wrap \" style=\"width: 125px;height:90px;\">\n\t\t\t\t\t\t\t\t\t\t\n\t\t\t\t\t\t\t\t\t\t<div class=\"yuzo-img\" style=\"background:url('https:\/\/redept.com.br\/blogosfera\/wp-content\/uploads\/2026\/01\/Captura-de-Tela-2026-01-12-as-165655-150x150.png') 50% 50% no-repeat;width: 125px;height:90px;margin-bottom: 5px;background-size: cover; \"><\/div>\n\t\t\t\t\t\t\t\t\t  <\/div>\n\t\t\t\t\t\t\t\t\t  \n\t\t\t\t\t\t\t\t   <span class=\"yuzo__text--title\" style=\"font-size:13px;\">Em dois anos, 17,4 milh\u00f5es deixam a pobreza e sobe...<\/span>\n\t\t\t\t\t\t\t  \n\t\t\t\t\t\t\t  \n\t\t\t\t\t\t\t  <\/a>\n\n\t\t\t\t\t\t  <\/div>\n<\/div> <script>\n\t\t\t\t\t\t  jQuery(document).ready(function( $ ){\n\t\t\t\t\t\t\t\/\/jQuery('.yuzo_related_post').equalizer({ overflow : 'relatedthumb' });\n\t\t\t\t\t\t\tjQuery('.yuzo_related_post .yuzo_wraps').equalizer({ columns : '> div' });\n\t\t\t\t\t\t   })\n\t\t\t\t\t\t  <\/script> <!-- End Yuzo :) -->","protected":false},"excerpt":{"rendered":"<p><img decoding=\"async\" width=\"1200\" height=\"720\" src=\"https:\/\/averdade.org.br\/wp-content\/uploads\/2025\/08\/onibus-lotado.jpg\" alt=\"\">Transporte p\u00fablico caro e prec\u00e1rio enriquece empres\u00e1rios. Tarifa Zero e estatiza\u00e7\u00e3o s\u00e3o caminhos para garantir o direito de ir e vir e servir ao povo. Daniela Pereira Almeida | UP \u2013 Minas Gerais O transporte p\u00fablico \u00e9 a chave que abre as portas da cidade para a classe trabalhadora: acesso ao emprego, \u00e0 sa\u00fade, \u00e0 [\u2026]<\/p>\n","protected":false},"author":2,"featured_media":48396,"comment_status":"open","ping_status":"closed","sticky":false,"template":"","format":"standard","meta":{"fifu_image_url":"","fifu_image_alt":"","footnotes":""},"categories":[2567,60,662,61,663,345],"tags":[],"class_list":["post-48395","post","type-post","status-publish","format-standard","has-post-thumbnail","hentry","category-estatizacao-dos-transportes","category-luta-popular","category-mobilidade-urbana","category-sociedade","category-tarifa-zero","category-transporte-publico"],"_links":{"self":[{"href":"https:\/\/redept.com.br\/blogosfera\/wp-json\/wp\/v2\/posts\/48395","targetHints":{"allow":["GET"]}}],"collection":[{"href":"https:\/\/redept.com.br\/blogosfera\/wp-json\/wp\/v2\/posts"}],"about":[{"href":"https:\/\/redept.com.br\/blogosfera\/wp-json\/wp\/v2\/types\/post"}],"author":[{"embeddable":true,"href":"https:\/\/redept.com.br\/blogosfera\/wp-json\/wp\/v2\/users\/2"}],"replies":[{"embeddable":true,"href":"https:\/\/redept.com.br\/blogosfera\/wp-json\/wp\/v2\/comments?post=48395"}],"version-history":[{"count":0,"href":"https:\/\/redept.com.br\/blogosfera\/wp-json\/wp\/v2\/posts\/48395\/revisions"}],"wp:featuredmedia":[{"embeddable":true,"href":"https:\/\/redept.com.br\/blogosfera\/wp-json\/wp\/v2\/media\/48396"}],"wp:attachment":[{"href":"https:\/\/redept.com.br\/blogosfera\/wp-json\/wp\/v2\/media?parent=48395"}],"wp:term":[{"taxonomy":"category","embeddable":true,"href":"https:\/\/redept.com.br\/blogosfera\/wp-json\/wp\/v2\/categories?post=48395"},{"taxonomy":"post_tag","embeddable":true,"href":"https:\/\/redept.com.br\/blogosfera\/wp-json\/wp\/v2\/tags?post=48395"}],"curies":[{"name":"wp","href":"https:\/\/api.w.org\/{rel}","templated":true}]}}