{"id":48446,"date":"2025-08-29T16:40:38","date_gmt":"2025-08-29T19:40:38","guid":{"rendered":"https:\/\/redept.org\/blogosfera\/genocidio-em-gaza-reino-unido-exclui-autoridades-israelenses-de-evento-de-defesa\/"},"modified":"2025-08-29T16:40:38","modified_gmt":"2025-08-29T19:40:38","slug":"genocidio-em-gaza-reino-unido-exclui-autoridades-israelenses-de-evento-de-defesa","status":"publish","type":"post","link":"https:\/\/redept.com.br\/blogosfera\/genocidio-em-gaza-reino-unido-exclui-autoridades-israelenses-de-evento-de-defesa\/","title":{"rendered":"Genoc\u00eddio em Gaza: Reino Unido exclui autoridades israelenses de evento de defesa"},"content":{"rendered":"<p><span>Diante da continuidade do genoc\u00eddio na Faixa de Gaza, o governo do Reino Unido anunciou nesta sexta-feira (29\/08) que proibiu as autoridades israelenses de participarem do principal evento de defesa do pa\u00eds, a Defence &amp; Security Equipment International (DSEI), a ser celebrado no m\u00eas que vem, em Londres. A feira acontece a cada dois anos e, desta vez, os representantes do Minist\u00e9rio da Defesa do regime sionista n\u00e3o foram convidados.<\/span><\/p>\n<p><span>A decis\u00e3o ocorre no contexto em que o primeiro-ministro brit\u00e2nico Keir Starmer se prepara para reconhecer o Estado da Palestina. No m\u00eas passado, a autoridade levantou esse assunto, mas detalhou que a medida poderia ser revertida caso Israel decidisse assinar um tratado de cessar-fogo em Gaza e se comprometer a \u201campliar significativamente\u201d a entrada de ajuda humanit\u00e1ria na regi\u00e3o.<\/span><\/p>\n<p>Contudo, aconteceu o contr\u00e1rio: Tel Aviv anunciou o plano de ocupa\u00e7\u00e3o da Cidade de Gaza, principal centro urbano do enclave, dando aval para que suas for\u00e7as ampliassem os ataques contra os palestinos. Nesta mesma sexta-feira, o Ex\u00e9rcito de Israel declarou o encerramento da chamada \u201cpausa t\u00e1tica\u201d na Cidade de Gaza, considerando a \u00e1rea como uma \u201czona perigosa de combate\u201d.<\/p>\n<figure aria-describedby=\"caption-attachment-229743\"><img loading=\"lazy\" loading=\"lazy\" decoding=\"async\"src=\"https:\/\/redept.org\/blogosfera\/wp-content\/uploads\/2025\/08\/prime_minister_keir_starmer_attends_chogm_summit_in_samoa_-day_3.jpg\" alt=\"\" width=\"640\" height=\"427\" srcset=\"https:\/\/redept.org\/blogosfera\/wp-content\/uploads\/2025\/08\/prime_minister_keir_starmer_attends_chogm_summit_in_samoa_-day_3.jpg 640w, https:\/\/operamundi.uol.com.br\/wp-content\/uploads\/2025\/08\/prime_minister_keir_starmer_attends_chogm_summit_in_samoa_-day_3-300x200.jpg 300w, https:\/\/operamundi.uol.com.br\/wp-content\/uploads\/2025\/08\/prime_minister_keir_starmer_attends_chogm_summit_in_samoa_-day_3-150x100.jpg 150w\" sizes=\"auto, (max-width: 640px) 100vw, 640px\"><figcaption>Primeiro-ministro do Reino Unido, Keir Starmer, pretende reconhecer Estado palestino <br \/>Wikimedia Commons<\/figcaption><\/figure>\n<p><span>\u201cA decis\u00e3o do governo israelense de intensificar ainda mais sua opera\u00e7\u00e3o militar em Gaza est\u00e1 equivocada. Como resultado, podemos confirmar que nenhuma delega\u00e7\u00e3o do governo israelense ser\u00e1 convidada a participar do DSEI UK 2025\u201d, disse um porta-voz do governo do Reino Unido. \u201cDeve haver uma solu\u00e7\u00e3o diplom\u00e1tica para acabar com esta guerra agora, com um cessar-fogo imediato, o retorno dos ref\u00e9ns e um aumento na ajuda humanit\u00e1ria ao povo de Gaza.\u201d<\/span><\/p>\n<p><span>O Minist\u00e9rio da Defesa de Israel reagiu ao an\u00fancio, afirmando que \u201cas restri\u00e7\u00f5es constituem um ato deliberado e lament\u00e1vel de discrimina\u00e7\u00e3o\u201d e que \u201cintroduz considera\u00e7\u00f5es pol\u00edticas totalmente inadequadas para uma exposi\u00e7\u00e3o profissional da ind\u00fastria de defesa\u201d. Apesar disso, as empresas israelenses \u201cque decidirem participar receber\u00e3o o apoio total do minist\u00e9rio\u201d. Ou seja, Elbit Systems, Rafael, IAI e Uvision poder\u00e3o estar presentes.<\/span><\/p>\n<p><span>O evento, que acontecer\u00e1 entre 9 e 12 de setembro, apresenta delega\u00e7\u00f5es nacionais e empresas privadas, as quais exibem kits militares e armas no centro ExCel de Londres.\u00a0<\/span><\/p>\n<p>O post Genoc\u00eddio em Gaza: Reino Unido exclui autoridades israelenses de evento de defesa apareceu primeiro em Opera Mundi.<\/p>\n<!-- Begin Yuzo --><div class='yuzo_related_post style-1'  data-version='5.12.89'><!-- without result --><div class='yuzo_clearfixed yuzo__title yuzo__title'><h3>Related Post<\/h3><\/div>\n\t\t\t\t\t\t  <div class=\"relatedthumb \" style=\"width:125px;float:left;overflow:hidden;\">  \n\t\t\t\t\t\t\t  \n\t\t\t\t\t\t\t  <a  href=\"https:\/\/redept.com.br\/blogosfera\/breque-dos-apps-entregadores-de-aplicativo-paralisam-coleta-de-pedidos-do-ifood-no-rio-de-janeiro\/\"  >\n\t\t\t\t\t\t\t\t\t  <div class=\"yuzo-img-wrap \" style=\"width: 125px;height:90px;\">\n\t\t\t\t\t\t\t\t\t\t\n\t\t\t\t\t\t\t\t\t\t<div class=\"yuzo-img\" style=\"background:url('https:\/\/redept.org\/blogosfera\/wp-content\/plugins\/yuzo-related-post\/assets\/images\/default.png') 50% 50% no-repeat;width: 125px;height:90px;margin-bottom: 5px;background-size: cover; \"><\/div>\n\t\t\t\t\t\t\t\t\t  <\/div>\n\t\t\t\t\t\t\t\t\t  \n\t\t\t\t\t\t\t\t   <span class=\"yuzo__text--title\" style=\"font-size:13px;\">Breque dos apps: entregadores de aplicativo parali...<\/span>\n\t\t\t\t\t\t\t  \n\t\t\t\t\t\t\t  \n\t\t\t\t\t\t\t  <\/a>\n\n\t\t\t\t\t\t  <\/div>\n\t\t\t\t\t\t  <div class=\"relatedthumb \" style=\"width:125px;float:left;overflow:hidden;\">  \n\t\t\t\t\t\t\t  \n\t\t\t\t\t\t\t  <a  href=\"https:\/\/redept.com.br\/blogosfera\/dia-da-consciencia-negra-mobiliza-o-pais-com-atos-marchas-e-homenagens-a-zumbi\/\"  >\n\t\t\t\t\t\t\t\t\t  <div class=\"yuzo-img-wrap \" style=\"width: 125px;height:90px;\">\n\t\t\t\t\t\t\t\t\t\t\n\t\t\t\t\t\t\t\t\t\t<div class=\"yuzo-img\" style=\"background:url('https:\/\/redept.com.br\/blogosfera\/wp-content\/uploads\/2025\/11\/0a00e86d-0c8f-4228-9198-2af024f39506-2048x1365-1-150x150.jpg') 50% 50% no-repeat;width: 125px;height:90px;margin-bottom: 5px;background-size: cover; \"><\/div>\n\t\t\t\t\t\t\t\t\t  <\/div>\n\t\t\t\t\t\t\t\t\t  \n\t\t\t\t\t\t\t\t   <span class=\"yuzo__text--title\" style=\"font-size:13px;\">Dia da Consci\u00eancia Negra mobiliza o pa\u00eds com atos,...<\/span>\n\t\t\t\t\t\t\t  \n\t\t\t\t\t\t\t  \n\t\t\t\t\t\t\t  <\/a>\n\n\t\t\t\t\t\t  <\/div>\n\t\t\t\t\t\t  <div class=\"relatedthumb \" style=\"width:125px;float:left;overflow:hidden;\">  \n\t\t\t\t\t\t\t  \n\t\t\t\t\t\t\t  <a  href=\"https:\/\/redept.com.br\/blogosfera\/o-dever-e-o-direito-a-informacao\/\"  >\n\t\t\t\t\t\t\t\t\t  <div class=\"yuzo-img-wrap \" style=\"width: 125px;height:90px;\">\n\t\t\t\t\t\t\t\t\t\t\n\t\t\t\t\t\t\t\t\t\t<div class=\"yuzo-img\" style=\"background:url('https:\/\/redept.org\/blogosfera\/wp-content\/plugins\/yuzo-related-post\/assets\/images\/default.png') 50% 50% no-repeat;width: 125px;height:90px;margin-bottom: 5px;background-size: cover; \"><\/div>\n\t\t\t\t\t\t\t\t\t  <\/div>\n\t\t\t\t\t\t\t\t\t  \n\t\t\t\t\t\t\t\t   <span class=\"yuzo__text--title\" style=\"font-size:13px;\">O dever e o direito \u00e0 informa\u00e7\u00e3o<\/span>\n\t\t\t\t\t\t\t  \n\t\t\t\t\t\t\t  \n\t\t\t\t\t\t\t  <\/a>\n\n\t\t\t\t\t\t  <\/div>\n\t\t\t\t\t\t  <div class=\"relatedthumb \" style=\"width:125px;float:left;overflow:hidden;\">  \n\t\t\t\t\t\t\t  \n\t\t\t\t\t\t\t  <a  href=\"https:\/\/redept.com.br\/blogosfera\/financeirizacao-da-natureza-o-processo-de-cooptacao-do-ar-na-regiao-nordeste\/\"  >\n\t\t\t\t\t\t\t\t\t  <div class=\"yuzo-img-wrap \" style=\"width: 125px;height:90px;\">\n\t\t\t\t\t\t\t\t\t\t\n\t\t\t\t\t\t\t\t\t\t<div class=\"yuzo-img\" style=\"background:url('https:\/\/redept.com.br\/blogosfera\/wp-content\/uploads\/2025\/08\/imagem-1-1024x683-1-150x150.jpg') 50% 50% no-repeat;width: 125px;height:90px;margin-bottom: 5px;background-size: cover; \"><\/div>\n\t\t\t\t\t\t\t\t\t  <\/div>\n\t\t\t\t\t\t\t\t\t  \n\t\t\t\t\t\t\t\t   <span class=\"yuzo__text--title\" style=\"font-size:13px;\">Financeiriza\u00e7\u00e3o da natureza: o processo de coopta\u00e7...<\/span>\n\t\t\t\t\t\t\t  \n\t\t\t\t\t\t\t  \n\t\t\t\t\t\t\t  <\/a>\n\n\t\t\t\t\t\t  <\/div>\n<\/div> <script>\n\t\t\t\t\t\t  jQuery(document).ready(function( $ ){\n\t\t\t\t\t\t\t\/\/jQuery('.yuzo_related_post').equalizer({ overflow : 'relatedthumb' });\n\t\t\t\t\t\t\tjQuery('.yuzo_related_post .yuzo_wraps').equalizer({ columns : '> div' });\n\t\t\t\t\t\t   })\n\t\t\t\t\t\t  <\/script> <!-- End Yuzo :) -->","protected":false},"excerpt":{"rendered":"<p>Diante da continuidade do genoc\u00eddio na Faixa de Gaza, o governo do Reino Unido anunciou nesta sexta-feira (29\/08) que proibiu as autoridades israelenses de participarem do principal evento de defesa do pa\u00eds, a Defence &amp; Security Equipment International (DSEI), a ser celebrado no m\u00eas que vem, em Londres. A feira acontece a cada dois anos [\u2026]<\/p>\n<p>O post <a href=\"https:\/\/operamundi.uol.com.br\/guerra-israel-x-palestina\/genocidio-em-gaza-reino-unido-exclui-autoridades-israelenses-de-evento-de-defesa\/\">Genoc\u00eddio em Gaza: Reino Unido exclui autoridades israelenses de evento de defesa<\/a> apareceu primeiro em <a href=\"https:\/\/operamundi.uol.com.br\/\">Opera Mundi<\/a>.<\/p>\n","protected":false},"author":2,"featured_media":48447,"comment_status":"closed","ping_status":"closed","sticky":false,"template":"","format":"standard","meta":{"fifu_image_url":"","fifu_image_alt":"","footnotes":""},"categories":[6901,2000,2096,6868,52,325,3938,25,54,752],"tags":[],"class_list":["post-48446","post","type-post","status-publish","format-standard","has-post-thumbnail","hentry","category-ataque","category-cessar-fogo","category-defesa","category-evento","category-gaza","category-genocidio","category-guerra-israel-x-palestina","category-israel","category-palestina","category-reino-unido"],"_links":{"self":[{"href":"https:\/\/redept.com.br\/blogosfera\/wp-json\/wp\/v2\/posts\/48446","targetHints":{"allow":["GET"]}}],"collection":[{"href":"https:\/\/redept.com.br\/blogosfera\/wp-json\/wp\/v2\/posts"}],"about":[{"href":"https:\/\/redept.com.br\/blogosfera\/wp-json\/wp\/v2\/types\/post"}],"author":[{"embeddable":true,"href":"https:\/\/redept.com.br\/blogosfera\/wp-json\/wp\/v2\/users\/2"}],"replies":[{"embeddable":true,"href":"https:\/\/redept.com.br\/blogosfera\/wp-json\/wp\/v2\/comments?post=48446"}],"version-history":[{"count":0,"href":"https:\/\/redept.com.br\/blogosfera\/wp-json\/wp\/v2\/posts\/48446\/revisions"}],"wp:featuredmedia":[{"embeddable":true,"href":"https:\/\/redept.com.br\/blogosfera\/wp-json\/wp\/v2\/media\/48447"}],"wp:attachment":[{"href":"https:\/\/redept.com.br\/blogosfera\/wp-json\/wp\/v2\/media?parent=48446"}],"wp:term":[{"taxonomy":"category","embeddable":true,"href":"https:\/\/redept.com.br\/blogosfera\/wp-json\/wp\/v2\/categories?post=48446"},{"taxonomy":"post_tag","embeddable":true,"href":"https:\/\/redept.com.br\/blogosfera\/wp-json\/wp\/v2\/tags?post=48446"}],"curies":[{"name":"wp","href":"https:\/\/api.w.org\/{rel}","templated":true}]}}