{"id":48570,"date":"2025-08-30T16:28:08","date_gmt":"2025-08-30T19:28:08","guid":{"rendered":"https:\/\/redept.org\/blogosfera\/as-mentiras-criminosas-de-nikolas-sobre-o-pix-ajudaram-enormemente-os-criminosos-da-faria-lima\/"},"modified":"2025-08-30T16:28:08","modified_gmt":"2025-08-30T19:28:08","slug":"as-mentiras-criminosas-de-nikolas-sobre-o-pix-ajudaram-enormemente-os-criminosos-da-faria-lima","status":"publish","type":"post","link":"https:\/\/redept.com.br\/blogosfera\/as-mentiras-criminosas-de-nikolas-sobre-o-pix-ajudaram-enormemente-os-criminosos-da-faria-lima\/","title":{"rendered":"As mentiras criminosas de Nikolas sobre o Pix ajudaram enormemente os criminosos da Faria Lima"},"content":{"rendered":"<p>Falando objetivamente, Nikolas deve ser chamado aos tribunais pelas mentiras criminosas sobre o PIX que viraram esteio para o esquema bilion\u00e1rio do PCC \/Faria Lima.<\/p>\n<p>Na verdade, seu crime ressuscitou um esquemas criminosos que o governo Lula tinha liquidado e que teve que voltar atr\u00e1s, tal a for\u00e7a dessa criminosa mentira anabolizada nas redes pelos pr\u00f3prios criminosos.<\/p>\n<p>N\u00e3o est\u00e1 ainda explicado integralmente qual foi a inten\u00e7\u00e3o de Nikolas quando aceitou fazer o v\u00eddeo e cometer esse grave crime.<\/p>\n<p>O fato \u00e9 que a percep\u00e7\u00e3o de que o crime de Nikolas deu pedal para os criminosos da Faria Lima\/PCC, \u00e9 unanime.<\/p>\n<p>E ele, de alguma forma, tem que pagar por isso na justi\u00e7a.<\/p>\n<hr>\n<h5>Apoie com qualquer valor<br \/>\nPIX: 45013993768<br \/>\nAgradecemos aos nossos leitores<\/h5>\n<hr>\n<p><strong>Siga-nos no Facebook:<\/strong> https:\/\/www.facebook.com\/profile.php?id=100070790366110<\/p>\n<p><strong>Siga-nos no X:<\/strong> https:\/\/x.com\/Antropofagista1<\/p>\n<p><strong>Siga-nos no Instagram:<\/strong> https:\/\/www.instagram.com\/blogantropofagista?igsh=YzljYTk1ODg3Z<\/p>\n<p>The post As mentiras criminosas de Nikolas sobre o Pix ajudaram enormemente os criminosos da Faria Lima first appeared on Antropofagista.<\/p>\n<!-- Begin Yuzo --><div class='yuzo_related_post style-1'  data-version='5.12.89'><!-- without result --><div class='yuzo_clearfixed yuzo__title yuzo__title'><h3>Related Post<\/h3><\/div>\n\t\t\t\t\t\t  <div class=\"relatedthumb \" style=\"width:125px;float:left;overflow:hidden;\">  \n\t\t\t\t\t\t\t  \n\t\t\t\t\t\t\t  <a  href=\"https:\/\/sul21.com.br\/noticias\/geral\/2025\/08\/metade-das-demissoes-em-2024-foi-causada-por-questoes-comportamentais\/\"  >\n\t\t\t\t\t\t\t\t\t  <div class=\"yuzo-img-wrap \" style=\"width: 125px;height:90px;\">\n\t\t\t\t\t\t\t\t\t\t\n\t\t\t\t\t\t\t\t\t\t<div class=\"yuzo-img\" style=\"background:url('https:\/\/agenciabrasil.ebc.com.br\/ebc.png?id=1653763&amp;o=node') 50% 50% no-repeat;width: 125px;height:90px;margin-bottom: 5px;background-size: cover; \"><\/div>\n\t\t\t\t\t\t\t\t\t  <\/div>\n\t\t\t\t\t\t\t\t\t  \n\t\t\t\t\t\t\t\t   <span class=\"yuzo__text--title\" style=\"font-size:13px;\">Metade das demiss\u00f5es em 2024 foi causada por quest...<\/span>\n\t\t\t\t\t\t\t  \n\t\t\t\t\t\t\t  \n\t\t\t\t\t\t\t  <\/a>\n\n\t\t\t\t\t\t  <\/div>\n\t\t\t\t\t\t  <div class=\"relatedthumb \" style=\"width:125px;float:left;overflow:hidden;\">  \n\t\t\t\t\t\t\t  \n\t\t\t\t\t\t\t  <a  href=\"https:\/\/redept.com.br\/blogosfera\/ato-pro-anistia-mobiliza-multidao-e-mostra-que-bolsonarismo-nao-esta-derrotado-dizem-analistas\/\"  >\n\t\t\t\t\t\t\t\t\t  <div class=\"yuzo-img-wrap \" style=\"width: 125px;height:90px;\">\n\t\t\t\t\t\t\t\t\t\t\n\t\t\t\t\t\t\t\t\t\t<div class=\"yuzo-img\" style=\"background:url('https:\/\/redept.org\/blogosfera\/wp-content\/plugins\/yuzo-related-post\/assets\/images\/default.png') 50% 50% no-repeat;width: 125px;height:90px;margin-bottom: 5px;background-size: cover; \"><\/div>\n\t\t\t\t\t\t\t\t\t  <\/div>\n\t\t\t\t\t\t\t\t\t  \n\t\t\t\t\t\t\t\t   <span class=\"yuzo__text--title\" style=\"font-size:13px;\">Ato pr\u00f3-anistia mobiliza multid\u00e3o e mostra que bol...<\/span>\n\t\t\t\t\t\t\t  \n\t\t\t\t\t\t\t  \n\t\t\t\t\t\t\t  <\/a>\n\n\t\t\t\t\t\t  <\/div>\n\t\t\t\t\t\t  <div class=\"relatedthumb \" style=\"width:125px;float:left;overflow:hidden;\">  \n\t\t\t\t\t\t\t  \n\t\t\t\t\t\t\t  <a  href=\"https:\/\/redept.com.br\/blogosfera\/o-acusado-da-historia-quem-esta-manipulando-a-memoria-de-taiwan\/\"  >\n\t\t\t\t\t\t\t\t\t  <div class=\"yuzo-img-wrap \" style=\"width: 125px;height:90px;\">\n\t\t\t\t\t\t\t\t\t\t\n\t\t\t\t\t\t\t\t\t\t<div class=\"yuzo-img\" style=\"background:url('https:\/\/redept.org\/blogosfera\/wp-content\/plugins\/yuzo-related-post\/assets\/images\/default.png') 50% 50% no-repeat;width: 125px;height:90px;margin-bottom: 5px;background-size: cover; \"><\/div>\n\t\t\t\t\t\t\t\t\t  <\/div>\n\t\t\t\t\t\t\t\t\t  \n\t\t\t\t\t\t\t\t   <span class=\"yuzo__text--title\" style=\"font-size:13px;\">O acusado da Hist\u00f3ria: quem est\u00e1 manipulando a mem...<\/span>\n\t\t\t\t\t\t\t  \n\t\t\t\t\t\t\t  \n\t\t\t\t\t\t\t  <\/a>\n\n\t\t\t\t\t\t  <\/div>\n\t\t\t\t\t\t  <div class=\"relatedthumb \" style=\"width:125px;float:left;overflow:hidden;\">  \n\t\t\t\t\t\t\t  \n\t\t\t\t\t\t\t  <a  href=\"https:\/\/redept.com.br\/blogosfera\/conflito-entre-camboja-e-tailandia-ja-deslocou-mais-de-900-mil-pessoas\/\"  >\n\t\t\t\t\t\t\t\t\t  <div class=\"yuzo-img-wrap \" style=\"width: 125px;height:90px;\">\n\t\t\t\t\t\t\t\t\t\t\n\t\t\t\t\t\t\t\t\t\t<div class=\"yuzo-img\" style=\"background:url('https:\/\/redept.com.br\/blogosfera\/wp-content\/uploads\/2025\/12\/960px-crowds_at_walking_street_market_on_th_talad_gao_-_lampang_-_thailand_35175487956-150x150.jpg') 50% 50% no-repeat;width: 125px;height:90px;margin-bottom: 5px;background-size: cover; \"><\/div>\n\t\t\t\t\t\t\t\t\t  <\/div>\n\t\t\t\t\t\t\t\t\t  \n\t\t\t\t\t\t\t\t   <span class=\"yuzo__text--title\" style=\"font-size:13px;\">Conflito entre Camboja e Tail\u00e2ndia j\u00e1 deslocou mai...<\/span>\n\t\t\t\t\t\t\t  \n\t\t\t\t\t\t\t  \n\t\t\t\t\t\t\t  <\/a>\n\n\t\t\t\t\t\t  <\/div>\n<\/div> <script>\n\t\t\t\t\t\t  jQuery(document).ready(function( $ ){\n\t\t\t\t\t\t\t\/\/jQuery('.yuzo_related_post').equalizer({ overflow : 'relatedthumb' });\n\t\t\t\t\t\t\tjQuery('.yuzo_related_post .yuzo_wraps').equalizer({ columns : '> div' });\n\t\t\t\t\t\t   })\n\t\t\t\t\t\t  <\/script> <!-- End Yuzo :) -->","protected":false},"excerpt":{"rendered":"<p>Falando objetivamente, Nikolas deve ser chamado aos tribunais pelas mentiras criminosas sobre o PIX que viraram esteio para o esquema bilion\u00e1rio do PCC \/Faria Lima. Na verdade, seu crime ressuscitou um esquemas criminosos que o governo Lula tinha liquidado e que teve que voltar atr\u00e1s, tal a for\u00e7a dessa criminosa mentira anabolizada nas redes pelos [\u2026]<\/p>\n<p>The post <a href=\"https:\/\/antropofagista.com.br\/2025\/08\/30\/as-mentiras-criminosas-de-nikolas-sobre-o-pix-ajudaram-enormemente-os-criminosos-da-faria-lima\/\">As mentiras criminosas de Nikolas sobre o Pix ajudaram enormemente os criminosos da Faria Lima<\/a> first appeared on <a href=\"https:\/\/antropofagista.com.br\/\">Antropofagista<\/a>.<\/p>\n","protected":false},"author":2,"featured_media":0,"comment_status":"open","ping_status":"closed","sticky":false,"template":"","format":"standard","meta":{"fifu_image_url":"","fifu_image_alt":"","footnotes":""},"categories":[6073,6750,1614,132],"tags":[],"class_list":["post-48570","post","type-post","status-publish","format-standard","hentry","category-faria-lima","category-nikolas","category-pcc","category-politica"],"_links":{"self":[{"href":"https:\/\/redept.com.br\/blogosfera\/wp-json\/wp\/v2\/posts\/48570","targetHints":{"allow":["GET"]}}],"collection":[{"href":"https:\/\/redept.com.br\/blogosfera\/wp-json\/wp\/v2\/posts"}],"about":[{"href":"https:\/\/redept.com.br\/blogosfera\/wp-json\/wp\/v2\/types\/post"}],"author":[{"embeddable":true,"href":"https:\/\/redept.com.br\/blogosfera\/wp-json\/wp\/v2\/users\/2"}],"replies":[{"embeddable":true,"href":"https:\/\/redept.com.br\/blogosfera\/wp-json\/wp\/v2\/comments?post=48570"}],"version-history":[{"count":0,"href":"https:\/\/redept.com.br\/blogosfera\/wp-json\/wp\/v2\/posts\/48570\/revisions"}],"wp:attachment":[{"href":"https:\/\/redept.com.br\/blogosfera\/wp-json\/wp\/v2\/media?parent=48570"}],"wp:term":[{"taxonomy":"category","embeddable":true,"href":"https:\/\/redept.com.br\/blogosfera\/wp-json\/wp\/v2\/categories?post=48570"},{"taxonomy":"post_tag","embeddable":true,"href":"https:\/\/redept.com.br\/blogosfera\/wp-json\/wp\/v2\/tags?post=48570"}],"curies":[{"name":"wp","href":"https:\/\/api.w.org\/{rel}","templated":true}]}}