{"id":48581,"date":"2025-08-31T07:00:00","date_gmt":"2025-08-31T10:00:00","guid":{"rendered":"https:\/\/redept.org\/blogosfera\/emendas-parlamentares-constituicao-retalhada-e-semipresidencialismo-as-herancas-do-golpe-contra-dilma-e-o-destino-de-seus-protagonistas\/"},"modified":"2025-08-31T07:00:00","modified_gmt":"2025-08-31T10:00:00","slug":"emendas-parlamentares-constituicao-retalhada-e-semipresidencialismo-as-herancas-do-golpe-contra-dilma-e-o-destino-de-seus-protagonistas","status":"publish","type":"post","link":"https:\/\/redept.com.br\/blogosfera\/emendas-parlamentares-constituicao-retalhada-e-semipresidencialismo-as-herancas-do-golpe-contra-dilma-e-o-destino-de-seus-protagonistas\/","title":{"rendered":"Emendas parlamentares, Constitui\u00e7\u00e3o retalhada e semipresidencialismo: as heran\u00e7as do golpe contra Dilma e o destino de seus protagonistas"},"content":{"rendered":"<p>Neste domingo, 31 de agosto, completam-se nove anos do afastamento de Dilma Rousseff, primeira mulher a ocupar a presid\u00eancia da Rep\u00fablica. O processo, conduzido pelo Congresso sob a acusa\u00e7\u00e3o de \u201cpedaladas fiscais\u201d, foi amplamente denunciado por movimentos populares, juristas e cientistas pol\u00edticos como um golpe parlamentar, jur\u00eddico e midi\u00e1tico.<\/p>\n<p>Quase uma d\u00e9cada depois do golpe, as consequ\u00eancias seguem moldando a pol\u00edtica brasileira. De um lado, o Congresso passou a abocanhar <a href=\"https:\/\/www.brasildefato.com.br\/2022\/10\/19\/o-que-e-orcamento-secreto-e-por-que-aconteceram-primeiras-prisoes\/\">fatias cada vez maiores do or\u00e7amento<\/a>, condicionando o Executivo o modelo de emendas impositivas e consolidando o chamado or\u00e7amento secreto, hoje repaginado em vers\u00f5es como as <a href=\"https:\/\/www.brasildefato.com.br\/2025\/08\/25\/dino-manda-pf-investigar-emendas-parlamentares-que-somam-r-694-mi\/\">emendas Pix<\/a>. Ao mesmo tempo, a <a href=\"https:\/\/www.brasildefato.com.br\/2023\/10\/05\/35-anos-da-constituicao-texto-foi-resiliente-em-crises-mas-direitos-ainda-estao-so-no-papel-avalia-pesquisadora\/\">Constitui\u00e7\u00e3o de 1988 foi retalhada<\/a>: direitos sociais foram fragilizados, o teto de gastos e <a href=\"https:\/\/www.brasildefato.com.br\/2019\/10\/22\/reforma-da-previdencia-e-aprovada-e-aposentadoria-fica-mais-dificil-para-trabalhador\/\">reformas neoliberais<\/a> foram implementados, mais empresas p\u00fablicas foram privatizadas. Cresceu, ainda, a press\u00e3o pelo <a href=\"https:\/\/www.brasildefato.com.br\/colunista\/milton-alves\/2022\/04\/19\/semipresidencialismo-golpe-contra-lula-e-para-blindar-o-orcamento-secreto-do-centrao\/\">semipresidencialismo<\/a>. Em resumo, um programa que n\u00e3o havia vencido uma elei\u00e7\u00e3o por quase 20 anos, mas que estava represado no Congresso de direita.<\/p>\n<p>Entretanto, ao contr\u00e1rio do que esperavam os principais articuladores do golpe, no campo pol\u00edtico, o impeachment abriu espa\u00e7o para a <a href=\"https:\/\/www.brasildefato.com.br\/colunista\/jorge-branco\/2025\/08\/01\/a-emergencia-da-extrema-direita-e-o-ja-longo-seculo-21\/\">ascens\u00e3o da extrema direita<\/a>, enquanto os partidos tradicionais da Nova Rep\u00fablica perderam protagonismo. A Lava Jato, <a href=\"https:\/\/www.brasildefato.com.br\/2023\/06\/25\/o-que-e-lawfare-segundo-cristiano-zanin-o-novo-ministro-do-stf\/\">motor do <em>lawfare <\/em>contra o PT<\/a>, fragmentou-se ap\u00f3s o rompimento com Jair Bolsonaro (PL) e esc\u00e2ndalos como a<a href=\"https:\/\/www.brasildefato.com.br\/2019\/07\/30\/linha-do-tempo-o-que-os-vazamentos-da-operacao-lava-jato-revelaram-ate-o-momento\/\"> Vaza Jato<\/a>. O campo progressista, por sua vez, resistiu contra todas as retiradas de direitos descritas acima e contra o esvaziamento dos partidos tradicionais. Al\u00e9m disso, venceu as elei\u00e7\u00f5es presidenciais em 2022, garantindo a volta de Luiz In\u00e1cio Lula da Silva (PT) ao Planalto.<\/p>\n<p>Enquanto isso, Dilma, que denunciou e resistiu ao golpe desde o in\u00edcio, se consolidou internacionalmente. Hoje \u00e9 <a href=\"https:\/\/www.brasildefato.com.br\/2025\/07\/05\/de-fortaleza-a-xangai-banco-do-brics-completa-10-anos-e-desafia-modelo-de-bretton-woods-sob-lideranca-de-dilma\/\">presidenta do Banco do Brics<\/a>, aclamada pelos l\u00edderes do bloco e, em 2025, foi reconhecida como <a href=\"https:\/\/www.brasildefato.com.br\/2025\/05\/22\/comissao-concede-anistia-a-dilma-rousseff-que-recebera-indenizacao-de-r-100-mil\/\">anistiada pol\u00edtica<\/a> pela persegui\u00e7\u00e3o sofrida por ela durante a ditadura militar.<\/p>\n<p>No anivers\u00e1rio de nove anos do golpe, o <strong>Brasil de Fato<\/strong> preparou um balan\u00e7o das principais consequ\u00eancias daquele per\u00edodo para o Brasil e tamb\u00e9m o paradeiro atual dos atores-chave daquele processo.<\/p>\n<h4>A heran\u00e7a do golpe<\/h4>\n<p>Uma das principais marcas institucionais do golpe de 2016 foi o esvaziamento dos poderes da Presid\u00eancia da Rep\u00fablica. Ainda em 2015, o ent\u00e3o presidente da C\u00e2mara, Eduardo Cunha (na \u00e9poca deputado pelo MDB), articulou o <a href=\"https:\/\/www.camara.leg.br\/noticias\/450318-cunha-quer-ampliar-orcamento-impositivo-para-emendas-de-bancadas-estaduais\">or\u00e7amento impositivo<\/a>, obrigando o Executivo a executar parte do or\u00e7amento via emendas parlamentares. Em 2024, o valor das emendas chegou a cerca de R$ 50 bilh\u00f5es, o que deu ao Centr\u00e3o, que domina o Congresso Nacional, um poder sem precedentes.<\/p>\n<p>Para o jurista Jorge Folena, esse movimento foi deliberado. A direita n\u00e3o conseguia vencer as elei\u00e7\u00f5es majorit\u00e1rias desde 1998, mas continuava forte no Legislativo. O primeiro ato de Temer foi abrir m\u00e3o de gerir o or\u00e7amento, com o teto de gastos e as emendas impositivas. <\/p>\n<p>\u201cA presid\u00eancia da Rep\u00fablica ficou esvaziada, mas por qu\u00ea? Para dar curso aos interesses financistas, sobretudo retirando da presid\u00eancia da Rep\u00fablica o poder de fazer programas sociais, de fazer pol\u00edticas de desenvolvimento, e com isso transferindo o poder para o parlamento, controlado pelas oligarquias do Brasil\u201d, relata Folena.<\/p>\n<p>A cientista pol\u00edtica Mayra Goulart avalia que o impeachment abriu caminho para um ciclo de reorganiza\u00e7\u00e3o do sistema pol\u00edtico. Em suas palavras, o processo pavimentou a ascens\u00e3o de lideran\u00e7as extremistas de direita e criou uma din\u00e2mica em que a nega\u00e7\u00e3o da pol\u00edtica passou a ser usada como for\u00e7a eleitoral. Segundo ela, os efeitos ainda n\u00e3o se encerraram, como ficou evidente na <a href=\"https:\/\/www.brasildefato.com.br\/colunista\/sinesio-pontes\/2025\/05\/23\/sem-anistia-para-os-golpistas-do-8-de-janeiro\/\">tentativa de golpe de 8 de janeiro de 2023<\/a>.<\/p>\n<p>\u201cEsse momento foi turbinado pelo movimento do lawfare, com a Lava Jato e a ativa\u00e7\u00e3o do Judici\u00e1rio em uma cruzada contra as elites pol\u00edticas. Isso pavimentou a ascens\u00e3o de lideran\u00e7as comprometidas com o discurso antipol\u00edtico, geralmente associado \u00e0 extrema direita\u201d, resume.<\/p>\n<p>Al\u00e9m do or\u00e7amento, a Constitui\u00e7\u00e3o foi profundamente modificada. A aprova\u00e7\u00e3o da PEC do <a href=\"https:\/\/www.brasildefato.com.br\/2024\/07\/09\/teto-de-gastos-e-novo-arcabouco-fiscal-travaram-avanco-da-educacao-educacao-no-pais-diz-estudo-do-inesc\/\">Teto de Gastos, em 2016<\/a>, em a\u00e7\u00e3o coordenada pelo governo golpista com o Congresso, congelou investimentos sociais por 20 anos. Somada \u00e0s reformas trabalhista e previdenci\u00e1ria, representou a imposi\u00e7\u00e3o de uma agenda rejeitada nas urnas em 2014.<\/p>\n<p>Outra consequ\u00eancia \u00e9 o avan\u00e7o do debate sobre o semipresidencialismo. A proposta j\u00e1 circulava em 2021, sob a lideran\u00e7a de Arthur Lira e voltou em 2025, na forma de uma PEC protocolada no Congresso. Na pr\u00e1tica, significaria esvaziar de vez o cargo de presidente e transferir o comando pol\u00edtico ao Parlamento, hoje hegemonizado pelo Centr\u00e3o.<\/p>\n<p>Na avalia\u00e7\u00e3o de Folena, a Constitui\u00e7\u00e3o de 1988 foi violentamente abalada em sua estrutura. \u201cEla ainda resiste com muita luta e resist\u00eancia, mas houve um enfraquecimento muito grande na parte referente aos direitos sociais, e isso \u00e9 consequ\u00eancia do golpe contra a presidenta Dilma.\u201d<\/p>\n<h4>Quem subiu e quem desceu<\/h4>\n<p>Nove anos depois do impeachment, os destinos das figuras que protagonizaram aquele processo revelam o impacto profundo na cena pol\u00edtica. De maneira geral, a ala fascista caiu para cima, a Lava Jato se fragmentou e rompeu com o bolsonarismo, a ala liberal dos partidos tradicionais perdeu espa\u00e7o e o campo progressista conseguiu resistir e voltar ao governo.<\/p>\n<p>Para Jorge Folena, o impeachment marcou o fim da Nova Rep\u00fablica. MDB, PSDB e PFL (que mais tarde se tornou o Democratas e hoje \u00e9 parte do Uni\u00e3o Brasil, ap\u00f3s fus\u00e3o com o PSL), que articularam a queda de Dilma, sa\u00edram da cena nacional como protagonistas. Hoje, s\u00e3o partidos menores, fragmentados e dependentes de negocia\u00e7\u00f5es no Congresso. Em seu lugar, consolidou-se o Centr\u00e3o, bloco sem identidade program\u00e1tica, mas que domina o or\u00e7amento e a agenda legislativa.<\/p>\n<p>\u201cA pol\u00edtica passou a ser marcada por um campo democr\u00e1tico-popular de um lado e, do outro, pela ascens\u00e3o do fascismo\u201d, afirma Folena.<\/p>\n<p>\u201cO golpe \u00e9 um marco explicativo para entender a polariza\u00e7\u00e3o. \u00c9 um processo de reorganiza\u00e7\u00e3o pol\u00edtica ainda em curso\u201d, pontua Mayra Goulart.<\/p>\n<p>A extrema direita ganhou proje\u00e7\u00e3o. Jair Bolsonaro, que dedicou seu voto no impeachment ao coronel Ustra, torturador da ditadura militar, construiu sua candidatura presidencial sobre a antipol\u00edtica \u2013 mesmo ap\u00f3s d\u00e9cadas como parlamentar \u2013 e governou o pa\u00eds entre 2019 e 2022. Ineleg\u00edvel at\u00e9 2030 e atualmente em pris\u00e3o domiciliar, segue como refer\u00eancia para esse grupo.<\/p>\n<p>A Lava Jato, que ajudou a pavimentar o ambiente pol\u00edtico para o golpe, tamb\u00e9m teve sua trajet\u00f3ria. <a href=\"https:\/\/www.brasildefato.com.br\/2022\/02\/03\/um-ano-apos-fim-da-lava-jato-juristas-analisam-entrada-de-moro-e-dallagnol-para-a-politica\/\">Sergio Moro e Deltan Dallagnol entraram na pol\u00edtica<\/a>, mas enfrentam forte desgaste. Moro foi ministro de Bolsonaro e \u00e9 senador, cercado por investiga\u00e7\u00f5es e perda de capital pol\u00edtico, enquanto Dallagnol foi cassado e hoje atua apenas como militante de redes sociais.<\/p>\n<figure><img fetchpriority=\"high\" fetchpriority=\"high\" decoding=\"async\" width=\"652\" height=\"408\"src=\"https:\/\/redept.org\/blogosfera\/wp-content\/uploads\/2025\/08\/image_processing20200201-29235-5m4yre-652x375-1.jpg\" alt=\"Ex-juiz e atual ministro da Justi\u00e7a, S\u00e9rgio Moro, durante depoimento na CCJ da C\u00e2mara dos Deputados sobre as mensagens da ''Vaza-Jato''\" srcset=\"https:\/\/assets.brasildefato.com.br\/2024\/09\/image_processing20200201-29235-5m4yre-300x188.jpg 300w, https:\/\/redept.org\/blogosfera\/wp-content\/uploads\/2025\/08\/image_processing20200201-29235-5m4yre-652x375-1.jpg 652w\" sizes=\"(max-width: 652px) 100vw, 652px\"><figcaption>Ex-juiz e ent\u00e3o ministro da Justi\u00e7a, Sergio Moro, durante depoimento na CCJ da C\u00e2mara dos Deputados sobre as mensagens da \u201dVaza-Jato\u201d | Edilson Rodrigues\/Ag\u00eancia Senado<\/figcaption><\/figure>\n<p>Mayra Goulart, da UFRJ, destaca que houve uma divis\u00e3o dentro da pr\u00f3pria direita que ganhou protagonismo ap\u00f3s o golpe. \u201cO bolsonarismo tem uma afei\u00e7\u00e3o mais popular, fundamental para elei\u00e7\u00f5es majorit\u00e1rias. O lavajatismo continua mobilizando as parcelas mais ricas e tem for\u00e7a em elei\u00e7\u00f5es proporcionais\u201d, afirma. Para ela, a disputa entre os dois campos ainda persiste, mas ambos compartilham a avers\u00e3o ao PT.<\/p>\n<p>Do lado liberal, lideran\u00e7as como A\u00e9cio Neves e Jos\u00e9 Serra perderam relev\u00e2ncia, assim como Eduardo Cunha e Romero Juc\u00e1. Michel Temer, que assumiu ap\u00f3s a queda de Dilma, concluiu o mandato mas saiu marcado por den\u00fancias e hoje atua apenas como articulador nos bastidores.<\/p>\n<p>A chamada \u201cala liberal\u201d despencou, enquanto os fascistas \u201cca\u00edram para cima\u201d. \u201cBolsonaro \u00e9 uma das maiores lideran\u00e7as fascistas do mundo hoje. Ele escancarou o atraso: defende torturas, ditaduras e odeia mulheres\u201d, completa o jurista Jorge Folena.<\/p>\n<p>J\u00e1 no campo progressista, Dilma foi derrotada em 2018 ao tentar o Senado, mas permaneceu como s\u00edmbolo de resist\u00eancia. Reconquistou protagonismo em 2023 ao assumir a presid\u00eancia do Banco dos Brics, cargo para o qual foi reconduzida em 2025. Lula, por sua vez, voltou ao poder em 2022, liderando a frente progressista que sobreviveu aos anos de golpe e extrema direita.<\/p>\n<p>As velhas raposas da Nova Rep\u00fablica ficaram para tr\u00e1s, os fascistas ganharam protagonismo e o campo popular progressista mostrou capacidade de resist\u00eancia. \u201cQuem enfrentou e derrotou o fascismo nas urnas em 2022 n\u00e3o foram os liberais, mas o campo democr\u00e1tico e progressista, com Lula \u00e0 frente\u201d, resume Folena.<\/p>\n<h4>Contexto do golpe<\/h4>\n<p>O impeachment de Dilma Rousseff foi resultado de um ac\u00famulo de crises pol\u00edticas, econ\u00f4micas e midi\u00e1ticas que se intensificaram ap\u00f3s <a href=\"https:\/\/www.brasildefato.com.br\/colunista\/barbara-pontes\/2023\/06\/15\/junho-de-2013-complexo-e-contraditorio\/\">junho de 2013<\/a>, consideram os cientistas pol\u00edticos ouvidos pelo <strong>Brasil de Fato<\/strong>. Grandes manifesta\u00e7\u00f5es urbanas abriram uma fissura no apoio ao governo, sobretudo entre a classe m\u00e9dia. De acordo com Mayra Goulart, esse foi o ponto de inflex\u00e3o: as manifesta\u00e7\u00f5es foram vistas pela direita como \u201cjanela de oportunidade para desgastar o PT\u201d, mesmo ap\u00f3s anos de alta popularidade.<\/p>\n<p>A Opera\u00e7\u00e3o Lava Jato funcionou como catalisador. Sergio Moro chegou a divulgar grava\u00e7\u00f5es entre Dilma e Lula sem respaldo legal, em epis\u00f3dio depois considerado irregular pelo Supremo. Para Goulart, a Lava Jato representou a importa\u00e7\u00e3o de um modelo de <em>lawfare <\/em>que j\u00e1 havia sido aplicado em outros pa\u00edses, \u201cuma cruzada contra elites pol\u00edticas\u201d que desorganizou o sistema e abriu espa\u00e7o para lideran\u00e7as de extrema direita.<\/p>\n<p>O PMDB, ent\u00e3o sob comando de Eduardo Cunha e Michel Temer, foi pe\u00e7a central da engrenagem. Cunha aceitou o pedido assinado por Jana\u00edna Paschoal, Miguel Reale J\u00fanior e H\u00e9lio Bicudo, e conduziu o processo de forma a enfraquecer o governo. O Centr\u00e3o atuou como fiel da balan\u00e7a no Congresso. O grupo, cuja l\u00f3gica \u00e9 ocupar espa\u00e7os de poder e negociar apoio por cargos e verbas, consolidou-se a partir dali como for\u00e7a pol\u00edtica dominante.<\/p>\n<p>Para o jurista Jorge Folena, o impeachment foi \u201cum golpe contra o PT\u201d, j\u00e1 que elites brasileiras n\u00e3o conseguiam derrotar Lula e Dilma nas urnas. Ele v\u00ea uma linha de continuidade hist\u00f3rica que liga Vargas em 1954, Jango em 1964 e Dilma em 2016, sempre com a mesma combina\u00e7\u00e3o de m\u00eddia, oligarquias e interesses internacionais. <\/p>\n<figure><img decoding=\"async\" width=\"1024\" height=\"613\"src=\"https:\/\/redept.org\/blogosfera\/wp-content\/uploads\/2025\/08\/bdf-20250829-211233-198bfd.webp\" alt=\"\" srcset=\"https:\/\/assets.brasildefato.com.br\/2025\/08\/bdf-20250829-211233-198bfd-300x179.webp 300w, https:\/\/assets.brasildefato.com.br\/2025\/08\/bdf-20250829-211233-198bfd-1024x613.webp 1024w, https:\/\/assets.brasildefato.com.br\/2025\/08\/bdf-20250829-211233-198bfd-768x459.webp 768w, https:\/\/assets.brasildefato.com.br\/2025\/08\/bdf-20250829-211233-198bfd-750x536.webp 750w, https:\/\/assets.brasildefato.com.br\/2025\/08\/bdf-20250829-211233-198bfd-1140x700.webp 1140w, https:\/\/redept.org\/blogosfera\/wp-content\/uploads\/2025\/08\/bdf-20250829-211233-198bfd.webp 1170w\" sizes=\"(max-width: 1024px) 100vw, 1024px\"><figcaption>Deputados de direita comemoram o golpe contra Dilma | Marcelo Camargo\/Ag\u00eancia Brasil<\/figcaption><\/figure>\n<p>A misoginia contra a primeira mulher presidenta do Brasil tamb\u00e9m foi um elemento central. \u201cDilma teve uma trajet\u00f3ria marcada pelo fato de ela ser uma mulher, uma mulher que n\u00e3o \u00e9 esposa de ningu\u00e9m, nem filha de ningu\u00e9m, uma mulher guerrilheira e, portanto, muito associada ao combate \u00e0 ditadura militar. (\u2026) Ent\u00e3o ela pagou o pre\u00e7o da misoginia e da criminaliza\u00e7\u00e3o pol\u00edtica\u201d, avalia Goulart.<\/p>\n<h4>De presidenta cassada a lideran\u00e7a internacional<\/h4>\n<p>Dilma deixou o Planalto em 31 de agosto de 2016 denunciando o impeachment como um golpe parlamentar. Em 2018 tentou retornar \u00e0 pol\u00edtica, candidatando-se ao Senado por Minas Gerais, mas terminou em quarto lugar. A derrota eleitoral marcou um per\u00edodo de menor evid\u00eancia na pol\u00edtica partid\u00e1ria no qual manteve presen\u00e7a em f\u00f3runs acad\u00eamicos e internacionais, sempre reiterando que sua sa\u00edda foi ileg\u00edtima.<\/p>\n<p>Seu retorno ao protagonismo na pol\u00edtica ganhou f\u00f4lego em 2023, quando Lula a indicou para a presid\u00eancia do Novo Banco de Desenvolvimento (NDB), o banco dos Brics, com sede em Xangai, na China.<\/p>\n<p>\u201cHoje ela \u00e9 reconhecida como uma lideran\u00e7a de proje\u00e7\u00e3o mundial. Recebe o abra\u00e7o dos pa\u00edses do Brics e de todo o mundo n\u00e3o-ocidental desenvolvido\u201d, argumenta Jorge Folena.<\/p>\n<figure><img decoding=\"async\" width=\"1024\" height=\"613\"src=\"https:\/\/redept.org\/blogosfera\/wp-content\/uploads\/2025\/08\/13042023-reunio-com-a-presidncia-do-novo-banco-de-desenvolvimento-e-cerimnia-alusiva-posse-da-presidenta-do-nbd-dilma-rousseff_52814435229_o.webp\" alt=\"\" srcset=\"https:\/\/assets.brasildefato.com.br\/2025\/08\/13042023-reunio-com-a-presidncia-do-novo-banco-de-desenvolvimento-e-cerimnia-alusiva-posse-da-presidenta-do-nbd-dilma-rousseff_52814435229_o-300x179.webp 300w, https:\/\/assets.brasildefato.com.br\/2025\/08\/13042023-reunio-com-a-presidncia-do-novo-banco-de-desenvolvimento-e-cerimnia-alusiva-posse-da-presidenta-do-nbd-dilma-rousseff_52814435229_o-1024x613.webp 1024w, https:\/\/assets.brasildefato.com.br\/2025\/08\/13042023-reunio-com-a-presidncia-do-novo-banco-de-desenvolvimento-e-cerimnia-alusiva-posse-da-presidenta-do-nbd-dilma-rousseff_52814435229_o-768x459.webp 768w, https:\/\/assets.brasildefato.com.br\/2025\/08\/13042023-reunio-com-a-presidncia-do-novo-banco-de-desenvolvimento-e-cerimnia-alusiva-posse-da-presidenta-do-nbd-dilma-rousseff_52814435229_o-750x536.webp 750w, https:\/\/assets.brasildefato.com.br\/2025\/08\/13042023-reunio-com-a-presidncia-do-novo-banco-de-desenvolvimento-e-cerimnia-alusiva-posse-da-presidenta-do-nbd-dilma-rousseff_52814435229_o-1140x700.webp 1140w, https:\/\/redept.org\/blogosfera\/wp-content\/uploads\/2025\/08\/13042023-reunio-com-a-presidncia-do-novo-banco-de-desenvolvimento-e-cerimnia-alusiva-posse-da-presidenta-do-nbd-dilma-rousseff_52814435229_o.webp 1170w\" sizes=\"(max-width: 1024px) 100vw, 1024px\"><figcaption>Lula e Dilma durante a posse da ex-presidenta no Banco do Brics (Foto: Ricardo Stuckert\/PR)<\/figcaption><\/figure>\n<p>\u00c0 frente do NDB, Dilma tornou-se voz ativa na defesa de alternativas financeiras para o Sul Global, ampliando opera\u00e7\u00f5es em moedas locais e refor\u00e7ando o discurso de multipolaridade. Sua imagem passou a ser associada \u00e0 reaproxima\u00e7\u00e3o do Brasil com organismos internacionais. Em 2025 foi reconduzida ao cargo com apoio dos pa\u00edses-membros, consolidando sua autoridade no cen\u00e1rio internacional.<\/p>\n<p>\u201cEla foi sacrificada injustamente, mas hoje \u00e9 respeitada no cen\u00e1rio internacional como uma leoa, pela for\u00e7a, pela hist\u00f3ria de luta e pelo trabalho\u201d, completa o jurista.<\/p>\n<p>Em 2025, a Comiss\u00e3o de Anistia reconheceu Dilma como v\u00edtima da ditadura militar e aprovou indeniza\u00e7\u00e3o simb\u00f3lica. O gesto reverteu decis\u00e3o negativa do governo Bolsonaro e foi lido como repara\u00e7\u00e3o hist\u00f3rica.<\/p>\n<h4>Personagens do golpe<\/h4>\n<ul>\n<li><strong>Eduardo Cunha \u2013 <\/strong>Presidente da C\u00e2mara que aceitou o pedido de impeachment e conduziu o processo. Preso em 2016 por corrup\u00e7\u00e3o, tornou-se s\u00edmbolo de pr\u00e1ticas fisiol\u00f3gicas. Hoje, mesmo sem mandato, articula nos bastidores e j\u00e1 anunciou que pretende disputar as elei\u00e7\u00f5es de 2026, sem definir partido ou estado. Publicou o livro <em>Tchau Querida, o Di\u00e1rio do Impeachment<\/em> e \u00e9 articulista do <em>Poder360<\/em>. Sua filha, Dani Cunha, \u00e9 atualmente deputada federal.<\/li>\n<li><strong>Michel Temer \u2013<\/strong> Vice-presidente que assumiu ap\u00f3s a queda de Dilma. Foi acusado por Eduardo Cunha de articular o golpe e governou com agenda de reformas neoliberais, como a PEC do Teto de Gastos. Manteve-se como esp\u00e9cie de \u201cconsultor moderado\u201d de Bolsonaro, durante e ap\u00f3s o governo. Ap\u00f3s den\u00fancias de corrup\u00e7\u00e3o e desgaste pol\u00edtico, n\u00e3o voltou a disputar elei\u00e7\u00f5es. Atualmente \u00e9 lideran\u00e7a hist\u00f3rica do MDB e atua como articulador do partido pelo pa\u00eds.<\/li>\n<li><strong>Romero Juc\u00e1 \u2013<\/strong> Senador e l\u00edder do governo no Congresso durante o impeachment, <a href=\"https:\/\/www.brasildefato.com.br\/2022\/02\/03\/com-supremo-com-tudo-relembre-papel-do-stf-na-queda-de-dilma-apos-confissao-de-barroso\/\">c\u00e9lebre pela frase \u201cestancar a sangria\u201d, em refer\u00eancia \u00e0 Lava Jato<\/a>. Envolvido em esc\u00e2ndalos de corrup\u00e7\u00e3o e derrotado em 2018, perdeu espa\u00e7o pol\u00edtico e foi derrotado em elei\u00e7\u00f5es posteriores para o Senado. Hoje, \u00e9 presidente do MDB em Roraima, atua de forma discreta como consultor em Bras\u00edlia e planeja disputar as elei\u00e7\u00f5es de 2026.<\/li>\n<li><strong>Jair Bolsonaro \u2013<\/strong> Deputado em 2016, votou a favor do impeachment exaltando o <a href=\"https:\/\/www.brasildefato.com.br\/2018\/10\/17\/conheca-a-historia-sombria-do-coronel-ustra-torturador-e-idolo-de-bolsonaro\/\">torturador Brilhante Ustra<\/a>, em discurso que marcou a sess\u00e3o. Foi eleito presidente em 2018, derrotado em 2022 e tornou-se ineleg\u00edvel at\u00e9 2030. Em 2025 virou <a href=\"https:\/\/www.brasildefato.com.br\/2025\/06\/29\/reu-no-stf-por-golpe-de-estado-bolsonaro-desafia-justica-e-encena-campanha-para-2026-em-ato-na-paulista\/\">r\u00e9u por tentativa de golpe<\/a> e cumpre pris\u00e3o domiciliar, mas ainda lidera o campo da extrema direita.<\/li>\n<li><strong>Sergio Moro \u2013<\/strong> Juiz da Lava Jato, divulgou grampos de conversas de Dilma e Lula que ajudaram a alimentar o impeachment. Nomeado <a href=\"https:\/\/www.brasildefato.com.br\/2020\/04\/24\/sergio-moro-pede-demissao-do-governo-bolsonaro-por-interferencia-politica-na-pf\/\">ministro da Justi\u00e7a por Bolsonaro em 2019<\/a>, rompeu em 2020 acusando interfer\u00eancia na PF \u2013 tendo voltado a apoiar o ex-capit\u00e3o dois anos depois, na disputa contra Lula. Eleito senador em 2022, hoje<a href=\"https:\/\/www.brasildefato.com.br\/colunista\/vanessa-grazziotin\/2022\/02\/02\/corrupcao-e-trafico-de-influencia-as-suspeitas-que-recaem-sobre-moro\/\"> enfrenta investiga\u00e7\u00f5es<\/a> e perdeu apoio tanto da direita bolsonarista quanto de setores da esquerda.<\/li>\n<li><strong>Deltan Dallagnol \u2013<\/strong> Procurador da Lava Jato, porta-voz das \u201c10 medidas contra a corrup\u00e7\u00e3o\u201d. Ganhou notoriedade <a href=\"https:\/\/www.brasildefato.com.br\/2022\/03\/23\/compare-as-capas-de-jornais-do-power-point-contra-lula-e-da-condenacao-de-deltan-dallagnol\/\">pelo power point com supostas acusa\u00e7\u00f5es<\/a> contra Lula. Deixou o MPF em 2021 para disputar elei\u00e7\u00f5es e foi eleito deputado em 2022, mas perdeu o mandato em 2023 por decis\u00e3o do TSE. Responde a processos sobre di\u00e1rias e passagens e segue como ativista lavajatista em redes sociais.<\/li>\n<li><strong>Jana\u00edna Paschoal \u2013<\/strong> Advogada e coautora do pedido de impeachment, defendeu a legitimidade do processo no Congresso. <a href=\"https:\/\/www.brasildefato.com.br\/2020\/09\/30\/emenda-de-janaina-paschoal-favorece-aprovacao-de-pl-que-fecha-empresas-publicas-de-sp\/\">Eleita deputada estadual em 2018 com vota\u00e7\u00e3o recorde<\/a>, tentou o Senado em 2022 e perdeu. Em 2025 assumiu como vereadora em S\u00e3o Paulo pelo PP, enfrentando pedido de cassa\u00e7\u00e3o por suposto uso de candidaturas laranja.<\/li>\n<li><strong>Miguel Reale J\u00fanior \u2013<\/strong> Jurista e coautor do pedido de impeachment. Em 2021, elaborou parecer para a CPI da Pandemia defendendo a responsabiliza\u00e7\u00e3o de Bolsonaro. Segue como professor e comentarista, cr\u00edtico da degrada\u00e7\u00e3o institucional e defensor da responsabiliza\u00e7\u00e3o de l\u00edderes pol\u00edticos.<\/li>\n<li><strong>H\u00e9lio Bicudo \u2013<\/strong> Jurista coautor do pedido de impeachment. Ex-petista, rompeu com o partido nos anos 2000. Faleceu em 2018, aos 96 anos.<\/li>\n<li><strong>Jos\u00e9 Eduardo Messias \u2013<\/strong> Subchefe da Casa Civil de Dilma, citado em \u00e1udio vazado por Moro sobre Lula, tornando-se pejorativamente conhecido como \u201cBessias\u201d. Voltou \u00e0 cena pol\u00edtica em 2023 ao ser nomeado advogado-geral da Uni\u00e3o por Lula. Em 2024 ganhou destaque por propor a\u00e7\u00f5es contra a rede social X no Brasil.<\/li>\n<li><strong>Ricardo Lewandowski \u2013<\/strong> Ministro do STF que presidiu o julgamento no Senado, separando a cassa\u00e7\u00e3o do mandato da perda de direitos pol\u00edticos de Dilma. Aposentado em 2023, assumiu o Minist\u00e9rio da Justi\u00e7a em 2024 no governo Lula.<\/li>\n<li><strong>Jos\u00e9 Eduardo Cardozo \u2013<\/strong> Advogado-geral da Uni\u00e3o e defensor de Dilma no processo. Denunciou o impeachment como persegui\u00e7\u00e3o pol\u00edtica e comparou ao autoritarismo da ditadura. Hoje \u00e9 professor universit\u00e1rio, s\u00f3cio de escrit\u00f3rio de advocacia em Bras\u00edlia e comentarista da <em>CNN Brasil<\/em>.<\/li>\n<\/ul>\n<p>O post <a href=\"https:\/\/www.brasildefato.com.br\/2025\/08\/31\/emendas-parlamentares-constituicao-retalhada-e-semipresidencialismo-as-herancas-do-golpe-contra-dilma-e-o-destino-de-seus-protagonistas\/\">Emendas parlamentares, Constitui\u00e7\u00e3o retalhada e semipresidencialismo: as heran\u00e7as do golpe contra Dilma e o destino de seus protagonistas<\/a> apareceu primeiro em <a href=\"https:\/\/www.brasildefato.com.br\/\">Brasil de Fato<\/a>.<\/p>\n<!-- Begin Yuzo --><div class='yuzo_related_post style-1'  data-version='5.12.89'><!-- without result --><div class='yuzo_clearfixed yuzo__title yuzo__title'><h3>Related Post<\/h3><\/div>\n\t\t\t\t\t\t  <div class=\"relatedthumb \" style=\"width:125px;float:left;overflow:hidden;\">  \n\t\t\t\t\t\t\t  \n\t\t\t\t\t\t\t  <a  href=\"https:\/\/redept.com.br\/blogosfera\/cpi-da-garoa-extintores-da-pousada-estavam-vencidos-no-dia-do-incendio-diz-testemunha\/\"  >\n\t\t\t\t\t\t\t\t\t  <div class=\"yuzo-img-wrap \" style=\"width: 125px;height:90px;\">\n\t\t\t\t\t\t\t\t\t\t\n\t\t\t\t\t\t\t\t\t\t<div class=\"yuzo-img\" style=\"background:url('https:\/\/redept.com.br\/blogosfera\/wp-content\/uploads\/2025\/05\/MAR9119-150x150.jpg') 50% 50% no-repeat;width: 125px;height:90px;margin-bottom: 5px;background-size: cover; \"><\/div>\n\t\t\t\t\t\t\t\t\t  <\/div>\n\t\t\t\t\t\t\t\t\t  \n\t\t\t\t\t\t\t\t   <span class=\"yuzo__text--title\" style=\"font-size:13px;\">CPI da Garoa: extintores da pousada estavam vencid...<\/span>\n\t\t\t\t\t\t\t  \n\t\t\t\t\t\t\t  \n\t\t\t\t\t\t\t  <\/a>\n\n\t\t\t\t\t\t  <\/div>\n\t\t\t\t\t\t  <div class=\"relatedthumb \" style=\"width:125px;float:left;overflow:hidden;\">  \n\t\t\t\t\t\t\t  \n\t\t\t\t\t\t\t  <a  href=\"https:\/\/redept.com.br\/blogosfera\/trump-afirma-que-eua-atacaram-grande-instalacao-na-venezuela-mas-nao-da-detalhes\/\"  >\n\t\t\t\t\t\t\t\t\t  <div class=\"yuzo-img-wrap \" style=\"width: 125px;height:90px;\">\n\t\t\t\t\t\t\t\t\t\t\n\t\t\t\t\t\t\t\t\t\t<div class=\"yuzo-img\" style=\"background:url('https:\/\/redept.com.br\/blogosfera\/wp-content\/uploads\/2025\/12\/dony-150x150.jpg') 50% 50% no-repeat;width: 125px;height:90px;margin-bottom: 5px;background-size: cover; \"><\/div>\n\t\t\t\t\t\t\t\t\t  <\/div>\n\t\t\t\t\t\t\t\t\t  \n\t\t\t\t\t\t\t\t   <span class=\"yuzo__text--title\" style=\"font-size:13px;\">Trump afirma que EUA atacaram \u2018grande instala\u00e7\u00e3o\u2019 ...<\/span>\n\t\t\t\t\t\t\t  \n\t\t\t\t\t\t\t  \n\t\t\t\t\t\t\t  <\/a>\n\n\t\t\t\t\t\t  <\/div>\n\t\t\t\t\t\t  <div class=\"relatedthumb \" style=\"width:125px;float:left;overflow:hidden;\">  \n\t\t\t\t\t\t\t  \n\t\t\t\t\t\t\t  <a  href=\"https:\/\/redept.com.br\/blogosfera\/pt-destaca-defesa-da-democracia-e-reconstrucao-do-pais-como-metas-centrais\/\"  >\n\t\t\t\t\t\t\t\t\t  <div class=\"yuzo-img-wrap \" style=\"width: 125px;height:90px;\">\n\t\t\t\t\t\t\t\t\t\t\n\t\t\t\t\t\t\t\t\t\t<div class=\"yuzo-img\" style=\"background:url('https:\/\/redept.org\/blogosfera\/wp-content\/plugins\/yuzo-related-post\/assets\/images\/default.png') 50% 50% no-repeat;width: 125px;height:90px;margin-bottom: 5px;background-size: cover; \"><\/div>\n\t\t\t\t\t\t\t\t\t  <\/div>\n\t\t\t\t\t\t\t\t\t  \n\t\t\t\t\t\t\t\t   <span class=\"yuzo__text--title\" style=\"font-size:13px;\">PT destaca defesa da democracia e reconstru\u00e7\u00e3o do ...<\/span>\n\t\t\t\t\t\t\t  \n\t\t\t\t\t\t\t  \n\t\t\t\t\t\t\t  <\/a>\n\n\t\t\t\t\t\t  <\/div>\n\t\t\t\t\t\t  <div class=\"relatedthumb \" style=\"width:125px;float:left;overflow:hidden;\">  \n\t\t\t\t\t\t\t  \n\t\t\t\t\t\t\t  <a  href=\"https:\/\/redept.com.br\/blogosfera\/principe-william-visita-pao-de-acucar-e-recebe-chave-da-cidade-do-rio\/\"  >\n\t\t\t\t\t\t\t\t\t  <div class=\"yuzo-img-wrap \" style=\"width: 125px;height:90px;\">\n\t\t\t\t\t\t\t\t\t\t\n\t\t\t\t\t\t\t\t\t\t<div class=\"yuzo-img\" style=\"background:url('https:\/\/redept.com.br\/blogosfera\/wp-content\/uploads\/2025\/11\/William-Paes-6-1-150x150.webp') 50% 50% no-repeat;width: 125px;height:90px;margin-bottom: 5px;background-size: cover; \"><\/div>\n\t\t\t\t\t\t\t\t\t  <\/div>\n\t\t\t\t\t\t\t\t\t  \n\t\t\t\t\t\t\t\t   <span class=\"yuzo__text--title\" style=\"font-size:13px;\">Pr\u00edncipe William visita P\u00e3o de A\u00e7\u00facar e recebe cha...<\/span>\n\t\t\t\t\t\t\t  \n\t\t\t\t\t\t\t  \n\t\t\t\t\t\t\t  <\/a>\n\n\t\t\t\t\t\t  <\/div>\n<\/div> <script>\n\t\t\t\t\t\t  jQuery(document).ready(function( $ ){\n\t\t\t\t\t\t\t\/\/jQuery('.yuzo_related_post').equalizer({ overflow : 'relatedthumb' });\n\t\t\t\t\t\t\tjQuery('.yuzo_related_post .yuzo_wraps').equalizer({ columns : '> div' });\n\t\t\t\t\t\t   })\n\t\t\t\t\t\t  <\/script> <!-- End Yuzo :) -->","protected":false},"excerpt":{"rendered":"<p>Neste domingo, 31 de agosto, completam-se nove anos do afastamento de Dilma Rousseff, primeira mulher a ocupar a presid\u00eancia da Rep\u00fablica. O processo, conduzido pelo Congresso sob a acusa\u00e7\u00e3o de \u201cpedaladas fiscais\u201d, foi amplamente denunciado por movimentos populares, juristas e cientistas pol\u00edticos como um golpe parlamentar, jur\u00eddico e midi\u00e1tico. Quase uma d\u00e9cada depois do golpe, [&hellip;]<\/p>\n","protected":false},"author":2,"featured_media":0,"comment_status":"open","ping_status":"closed","sticky":false,"template":"","format":"standard","meta":{"fifu_image_url":"","fifu_image_alt":"","footnotes":""},"categories":[4703,698,1951,17134,824,7820,132],"tags":[],"class_list":["post-48581","post","type-post","status-publish","format-standard","hentry","category-bdf","category-dilma-rousseff","category-eduardo-cunha","category-golpe-2016","category-jair-bolsonaro","category-michel-temer","category-politica"],"_links":{"self":[{"href":"https:\/\/redept.com.br\/blogosfera\/wp-json\/wp\/v2\/posts\/48581","targetHints":{"allow":["GET"]}}],"collection":[{"href":"https:\/\/redept.com.br\/blogosfera\/wp-json\/wp\/v2\/posts"}],"about":[{"href":"https:\/\/redept.com.br\/blogosfera\/wp-json\/wp\/v2\/types\/post"}],"author":[{"embeddable":true,"href":"https:\/\/redept.com.br\/blogosfera\/wp-json\/wp\/v2\/users\/2"}],"replies":[{"embeddable":true,"href":"https:\/\/redept.com.br\/blogosfera\/wp-json\/wp\/v2\/comments?post=48581"}],"version-history":[{"count":0,"href":"https:\/\/redept.com.br\/blogosfera\/wp-json\/wp\/v2\/posts\/48581\/revisions"}],"wp:attachment":[{"href":"https:\/\/redept.com.br\/blogosfera\/wp-json\/wp\/v2\/media?parent=48581"}],"wp:term":[{"taxonomy":"category","embeddable":true,"href":"https:\/\/redept.com.br\/blogosfera\/wp-json\/wp\/v2\/categories?post=48581"},{"taxonomy":"post_tag","embeddable":true,"href":"https:\/\/redept.com.br\/blogosfera\/wp-json\/wp\/v2\/tags?post=48581"}],"curies":[{"name":"wp","href":"https:\/\/api.w.org\/{rel}","templated":true}]}}