{"id":48907,"date":"2025-09-01T16:30:13","date_gmt":"2025-09-01T19:30:13","guid":{"rendered":"https:\/\/redept.org\/blogosfera\/psytrance-conecta-brasil-e-israel-em-meio-a-guerra-em-gaza-diz-jornal\/"},"modified":"2025-09-01T16:30:13","modified_gmt":"2025-09-01T19:30:13","slug":"psytrance-conecta-brasil-e-israel-em-meio-a-guerra-em-gaza-diz-jornal","status":"publish","type":"post","link":"https:\/\/redept.com.br\/blogosfera\/psytrance-conecta-brasil-e-israel-em-meio-a-guerra-em-gaza-diz-jornal\/","title":{"rendered":"Psytrance conecta Brasil e Israel em meio \u00e0 guerra em Gaza, diz jornal"},"content":{"rendered":"<p>Enquanto as rela\u00e7\u00f5es entre Brasil e Israel est\u00e3o ainda mais abaladas desde que Bras\u00edlia ignorou a indica\u00e7\u00e3o de um novo embaixador de Tel Aviv, outro elo liga os dois pa\u00edses em conex\u00f5es incomuns, mas mais intensas do que a atual diplomacia: o psytrance, subg\u00eanero da m\u00fasica eletr\u00f4nica no qual Israel \u00e9 refer\u00eancia, e os brasileiros grandes consumidores.<\/p>\n<p>Apesar de abordar temas diferentes da diplomacia, a rela\u00e7\u00e3o musical entre Israel\u00a0 e demais pa\u00edses t\u00eam sido abalada pelos mesmos motivos: o genoc\u00eddio promovido contra os palestinos na Faixa de Gaza. Todas essas rela\u00e7\u00f5es foram reveladas por uma reportagem da<em> Folha de S. Paulo<\/em> publicada nesta segunda-feira (01\/09).<\/p>\n<p>Um exemplo desse tremor ocorreu em junho, com o cancelamento do show de Skazi Asher Swissa, DJ israelense de psytrance, na edi\u00e7\u00e3o do Tomorrowland, um dos maiores festivais de m\u00fasica eletr\u00f4nica do mundo, na B\u00e9lgica. Uma pr\u00f3xima edi\u00e7\u00e3o ocorrer\u00e1 em outubro na cidade de Itu, no interior do Estado de S\u00e3o Paulo, no Brasil.<\/p>\n<p>Segundo a equipe de Skazi, a apresenta\u00e7\u00e3o foi cancelada por \u201cpreocupa\u00e7\u00f5es de seguran\u00e7a\u201d, sem mais detalhes. Segundo a <em>Folha<\/em>, o m\u00fasico, que \u00e9 refer\u00eancia mundial no psytrance, se autodenomina \u201cDJ de combate\u201d, j\u00e1 fez shows para as For\u00e7as de Defesa Israelenses (IDF, na sigla em ingl\u00eas), produziu uma m\u00fasica para o movimento The Civil Front (Movimento Frente Civil, criado para apoiar o ex\u00e9rcito israelense ap\u00f3s o in\u00edcio da guerra em Gaza) e participou de um evento em mem\u00f3ria da rave atacada pelo Hamas em 7 de outubro de 2023.<\/p>\n<p>Em uma clara rela\u00e7\u00e3o entre Brasil e Israel na m\u00fasica, a pr\u00f3pria rave alvo dos ataques da resist\u00eancia palestina, denominada festival Nova, era um bra\u00e7o do evento brasileiro Universo Paralello.<\/p>\n<p>A <em>Folha<\/em> resgatou uma declara\u00e7\u00e3o de Pedro de Freitas, cofundador do <em>Papo Paralello<\/em>, podcast especializado em psytrance, sobre os pap\u00e9is do Brasil e de Israel no cen\u00e1rio musical eletr\u00f4nico: \u201cIsrael sempre foi o polo do psy, \u00e9 de onde sa\u00edram os principais artistas, nomes como Astrix, Infected Mushroom, Skazi, entre outros. Mas hoje em dia o Brasil ultrapassou Israel em termos de festas e artistas: o p\u00fablico de Israel quer muito ver DJs brasileiros, muitos t\u00eam ido para l\u00e1, e tem DJs israelenses que veem o Brasil como o principal objetivo de carreira\u201d.<\/p>\n<p>Com isso em mente, o calend\u00e1rio do psytrance no Brasil \u00e9 extenso. Com eventos durante todo o ano e em todo o pa\u00eds, cada festival re\u00fane \u201ccerca de 15 a 20 mil pessoas\u201d, segundo Freitas.<\/p>\n<p>Entre os artistas que se apresentam nos eventos, al\u00e9m dos brasileiros, e alguns de outros pa\u00edses, est\u00e3o os israelenses. Na edi\u00e7\u00e3o do Tomorrowland no Brasil, tr\u00eas DJs de Israel se apresentar\u00e3o: Blastoyz, Infected Mushroom e Omiki. Para receb\u00ea-los, \u00e9 comum que o p\u00fablico brasileiro levante bandeiras do pa\u00eds em meio \u00e0 multid\u00e3o.<\/p>\n<h3>A origem do psytrance em Israel<\/h3>\n<p>O som do psytrance \u00e9 definido pela reportagem como \u201cum encontro de c\u00e2nticos tradicionais e sequenciadores eletr\u00f4nicos\u201d com \u201candamento acelerado, batidas saturadas e texturas atmosf\u00e9ricas\u201d, tocado em raves que pregam a ideia de paz.<\/p>\n<p>Tamb\u00e9m chamado de \u201ctrance psicod\u00e9lico\u201d, o estilo surgiu na d\u00e9cada de 1980 em Goa, na \u00cdndia como um cruzamento entre o movimento hippie, m\u00fasica eletr\u00f4nica e espiritualidade, de acordo com a<em> Folha de S. Paulo<\/em>.<\/p>\n<figure aria-describedby=\"caption-attachment-229988\"><img loading=\"lazy\" loading=\"lazy\" decoding=\"async\"src=\"https:\/\/redept.org\/blogosfera\/wp-content\/uploads\/2025\/09\/whatsapp-image-2025-09-01-at-153251.jpeg\" alt=\"\" width=\"1013\" height=\"1285\" srcset=\"https:\/\/redept.org\/blogosfera\/wp-content\/uploads\/2025\/09\/whatsapp-image-2025-09-01-at-153251.jpeg 1013w, https:\/\/operamundi.uol.com.br\/wp-content\/uploads\/2025\/09\/whatsapp-image-2025-09-01-at-15.32.51-236x300.jpeg 236w, https:\/\/operamundi.uol.com.br\/wp-content\/uploads\/2025\/09\/whatsapp-image-2025-09-01-at-15.32.51-807x1024.jpeg 807w, https:\/\/operamundi.uol.com.br\/wp-content\/uploads\/2025\/09\/whatsapp-image-2025-09-01-at-15.32.51-768x974.jpeg 768w, https:\/\/operamundi.uol.com.br\/wp-content\/uploads\/2025\/09\/whatsapp-image-2025-09-01-at-15.32.51-150x190.jpeg 150w, https:\/\/operamundi.uol.com.br\/wp-content\/uploads\/2025\/09\/whatsapp-image-2025-09-01-at-15.32.51-750x951.jpeg 750w\" sizes=\"auto, (max-width: 1013px) 100vw, 1013px\"><figcaption>Skazi Asher Swissa, DJ israelense de psytrance, com bandeira de Israel em uma de suas apresenta\u00e7\u00f5es<br \/>skazi_asher\/Instagram<\/figcaption><\/figure>\n<p>J\u00e1 na d\u00e9cada de 1990 o estilo atraia muitos turistas para a \u00cdndia, inclusive brasileiros e israelenses. Contudo, n\u00e3o eram quaiquer cidad\u00e3os israelenses. Havia um recorte muito espec\u00edfico de israelenses que conheciam o psytrance: jovens que viajavam para o exterior ap\u00f3s cumprir seu servi\u00e7o militar obrigat\u00f3rio \u2014 motivo pelo qual o estilo \u00e9 t\u00e3o difundido entre as IDF.<\/p>\n<p>Essa rela\u00e7\u00e3o foi conclu\u00edda pelos estudos de Bryan Meadan, pesquisador canadense radicado em Israel. Segundo ele, na \u00e9poca, os jovens se identificavam com o que o psytrance pregava, em detrimento do militarismo e nacionalismo das IDF. A tend\u00eancia levou o g\u00eanero a ser marginalizado em Israel, com eventos organizados de forma escondida e frequentes abordagens policiais.<\/p>\n<p>De acordo com Meadan, citado pela <em>Folha<\/em>, o psytrance passou a representar \u201cum choque \u00e0s bases ideol\u00f3gicas do nacionalismo israelense\u201d, que eram essenciais n\u00e3o apenas para a funda\u00e7\u00e3o e estabelecimento do rec\u00e9m-criado pa\u00eds, mas tamb\u00e9m para o governo do primeiro-ministro, Benjamin Netanyahu, que estava em seu primeiro mandato na d\u00e9cada de 1990.<\/p>\n<p>Apesar da repress\u00e3o do governo, o psytrance \u201cvirou um fen\u00f4meno de massa em Israel\u201d j\u00e1 que a ind\u00fastria tecnol\u00f3gica do pa\u00eds facilitou o acesso dos jovens ao consumo e produ\u00e7\u00e3o desse tipo de m\u00fasica. Segundo Maedan, a popularidade do estilo deixou a contracultura para tr\u00e1s, mas ressalta que os israelenses do psytrance nunca produziram m\u00fasicas de protesto, e sim apenas por gosto.<\/p>\n<p>Os jovens logo se tornaram artistas que passaram a fazer sucesso e apresenta\u00e7\u00f5es em outros locais do mundo, inclusive no Brasil a partir dos anos 2000. Foi em um festival em Goi\u00e1s, intitulado Trancendence, que o DJ Skazi veio ao pa\u00eds latino-americano pela primeira vez.<\/p>\n<h3>Comunidade brasileira de psytrance n\u00e3o se abala com Gaza<\/h3>\n<p>Com a intensifica\u00e7\u00e3o da ofensiva das IDF na Faixa de Gaza, Israel passou a ser criticado por outros pa\u00edses e comunidades, em diversos cen\u00e1rios, n\u00e3o apenas os diplom\u00e1ticos, como o esportivo, cultural e inclusive o musical.<\/p>\n<p>Contudo, para a comunidade brasileira que consome o psytrance, essa n\u00e3o \u00e9 a realidade. \u201cForjada no niilismo hippie e na jornada espiritual, do in\u00edcio em Trancoso, na Bahia, ao sucesso em Alto Para\u00edso, Goi\u00e1s, a comunidade brasileira do psytrance parece impass\u00edvel ao conflito\u201d, escreve a reportagem.<\/p>\n<p>A <em>Folha<\/em> resgata o posicionamento de Luiz Guilherme Salla, chamado pelo nome art\u00edstico de DJ Feio, que organiza festivais que trazem artistas israelenses, mas tamb\u00e9m j\u00e1 foi diversas vezes ao pa\u00eds para se apresentar: \u201cO psy \u00e9 a uni\u00e3o de todos, no sentido de encontrar uma liberdade que hoje em dia as pessoas n\u00e3o tem: a festa \u00e9 um domo, voc\u00ea entra ali e tudo fica para tr\u00e1s\u201d, declarou.<\/p>\n<p>O questionamento chegou a ser levantado por Bruno Ottoni, o DJ Xam\u00e3, da Universo Paralello: \u201cEu entendo que a presen\u00e7a de artistas israelenses em raves brasileiras \u00e9 um tema complexo, especialmente no contexto do conflito, ent\u00e3o \u00e9 importante considerar quest\u00f5es \u00e9ticas e pol\u00edticas envolvidas\u201d, afirmou, citado pela Folha.<\/p>\n<p>O DJ Xam\u00e3 ainda disse ser defensor da solu\u00e7\u00e3o de dois Estados para o conflito e que apesar da ideia do psytrance ser \u201cum ref\u00fagio da realidade \u00e9 imposs\u00edvel separar totalmente a m\u00fasica da pol\u00edtica e dos eventos mundiais\u201d.<\/p>\n<p>O post Psytrance conecta Brasil e Israel em meio \u00e0 guerra em Gaza, diz jornal apareceu primeiro em Opera Mundi.<\/p>\n<!-- Begin Yuzo --><div class='yuzo_related_post style-1'  data-version='5.12.89'><!-- without result --><div class='yuzo_clearfixed yuzo__title yuzo__title'><h3>Related Post<\/h3><\/div>\n\t\t\t\t\t\t  <div class=\"relatedthumb \" style=\"width:125px;float:left;overflow:hidden;\">  \n\t\t\t\t\t\t\t  \n\t\t\t\t\t\t\t  <a  href=\"https:\/\/redept.com.br\/blogosfera\/trump-publica-imagem-manipulada-como-presidente-interino-da-venezuela\/\"  >\n\t\t\t\t\t\t\t\t\t  <div class=\"yuzo-img-wrap \" style=\"width: 125px;height:90px;\">\n\t\t\t\t\t\t\t\t\t\t\n\t\t\t\t\t\t\t\t\t\t<div class=\"yuzo-img\" style=\"background:url('https:\/\/redept.com.br\/blogosfera\/wp-content\/uploads\/2026\/01\/foto-compartilhada-pelo-presidente-donald-trump-simula-uma-pagina-de-wikipedia-1768216099958_v2_360x480png-150x150.webp') 50% 50% no-repeat;width: 125px;height:90px;margin-bottom: 5px;background-size: cover; \"><\/div>\n\t\t\t\t\t\t\t\t\t  <\/div>\n\t\t\t\t\t\t\t\t\t  \n\t\t\t\t\t\t\t\t   <span class=\"yuzo__text--title\" style=\"font-size:13px;\">Trump publica imagem manipulada como \u2018presidente i...<\/span>\n\t\t\t\t\t\t\t  \n\t\t\t\t\t\t\t  \n\t\t\t\t\t\t\t  <\/a>\n\n\t\t\t\t\t\t  <\/div>\n\t\t\t\t\t\t  <div class=\"relatedthumb \" style=\"width:125px;float:left;overflow:hidden;\">  \n\t\t\t\t\t\t\t  \n\t\t\t\t\t\t\t  <a  href=\"https:\/\/redept.com.br\/blogosfera\/lula-sobe-o-tom-com-trump-e-pede-respeito-ao-brasil-fale-manso-comigo-nao-adianta-ficar-gritando\/\"  >\n\t\t\t\t\t\t\t\t\t  <div class=\"yuzo-img-wrap \" style=\"width: 125px;height:90px;\">\n\t\t\t\t\t\t\t\t\t\t\n\t\t\t\t\t\t\t\t\t\t<div class=\"yuzo-img\" style=\"background:url('https:\/\/redept.org\/blogosfera\/wp-content\/plugins\/yuzo-related-post\/assets\/images\/default.png') 50% 50% no-repeat;width: 125px;height:90px;margin-bottom: 5px;background-size: cover; \"><\/div>\n\t\t\t\t\t\t\t\t\t  <\/div>\n\t\t\t\t\t\t\t\t\t  \n\t\t\t\t\t\t\t\t   <span class=\"yuzo__text--title\" style=\"font-size:13px;\">Lula sobe o tom com Trump e pede respeito ao Brasi...<\/span>\n\t\t\t\t\t\t\t  \n\t\t\t\t\t\t\t  \n\t\t\t\t\t\t\t  <\/a>\n\n\t\t\t\t\t\t  <\/div>\n\t\t\t\t\t\t  <div class=\"relatedthumb \" style=\"width:125px;float:left;overflow:hidden;\">  \n\t\t\t\t\t\t\t  \n\t\t\t\t\t\t\t  <a  href=\"https:\/\/redept.com.br\/blogosfera\/crato-sediara-encontro-estadual-dos-pontos-de-cultura\/\"  >\n\t\t\t\t\t\t\t\t\t  <div class=\"yuzo-img-wrap \" style=\"width: 125px;height:90px;\">\n\t\t\t\t\t\t\t\t\t\t\n\t\t\t\t\t\t\t\t\t\t<div class=\"yuzo-img\" style=\"background:url('https:\/\/redept.com.br\/blogosfera\/wp-content\/uploads\/2025\/11\/do-Crato-sera-palco-do-2o-Encontro-Estadual-dos-Pontos-de-Cultura-TEIA-CE-1-150x150.jpeg') 50% 50% no-repeat;width: 125px;height:90px;margin-bottom: 5px;background-size: cover; \"><\/div>\n\t\t\t\t\t\t\t\t\t  <\/div>\n\t\t\t\t\t\t\t\t\t  \n\t\t\t\t\t\t\t\t   <span class=\"yuzo__text--title\" style=\"font-size:13px;\">Crato sediar\u00e1 encontro estadual dos Pontos de Cult...<\/span>\n\t\t\t\t\t\t\t  \n\t\t\t\t\t\t\t  \n\t\t\t\t\t\t\t  <\/a>\n\n\t\t\t\t\t\t  <\/div>\n\t\t\t\t\t\t  <div class=\"relatedthumb \" style=\"width:125px;float:left;overflow:hidden;\">  \n\t\t\t\t\t\t\t  \n\t\t\t\t\t\t\t  <a  href=\"https:\/\/redept.com.br\/blogosfera\/brasil-vence-paraguai-e-se-classifica-para-copa-do-mundo-de-2026\/\"  >\n\t\t\t\t\t\t\t\t\t  <div class=\"yuzo-img-wrap \" style=\"width: 125px;height:90px;\">\n\t\t\t\t\t\t\t\t\t\t\n\t\t\t\t\t\t\t\t\t\t<div class=\"yuzo-img\" style=\"background:url('https:\/\/redept.com.br\/blogosfera\/wp-content\/uploads\/2025\/06\/54581458578_f400aa7a95_o-2048x1285-150x150.jpg') 50% 50% no-repeat;width: 125px;height:90px;margin-bottom: 5px;background-size: cover; \"><\/div>\n\t\t\t\t\t\t\t\t\t  <\/div>\n\t\t\t\t\t\t\t\t\t  \n\t\t\t\t\t\t\t\t   <span class=\"yuzo__text--title\" style=\"font-size:13px;\">Brasil vence Paraguai e se classifica para Copa do...<\/span>\n\t\t\t\t\t\t\t  \n\t\t\t\t\t\t\t  \n\t\t\t\t\t\t\t  <\/a>\n\n\t\t\t\t\t\t  <\/div>\n<\/div> <script>\n\t\t\t\t\t\t  jQuery(document).ready(function( $ ){\n\t\t\t\t\t\t\t\/\/jQuery('.yuzo_related_post').equalizer({ overflow : 'relatedthumb' });\n\t\t\t\t\t\t\tjQuery('.yuzo_related_post .yuzo_wraps').equalizer({ columns : '> div' });\n\t\t\t\t\t\t   })\n\t\t\t\t\t\t  <\/script> <!-- End Yuzo :) -->","protected":false},"excerpt":{"rendered":"<p>Enquanto as rela\u00e7\u00f5es entre Brasil e Israel est\u00e3o ainda mais abaladas desde que Bras\u00edlia ignorou a indica\u00e7\u00e3o de um novo embaixador de Tel Aviv, outro elo liga os dois pa\u00edses em conex\u00f5es incomuns, mas mais intensas do que a atual diplomacia: o psytrance, subg\u00eanero da m\u00fasica eletr\u00f4nica no qual Israel \u00e9 refer\u00eancia, e os brasileiros [\u2026]<\/p>\n<p>O post <a href=\"https:\/\/operamundi.uol.com.br\/guerra-israel-x-palestina\/psytrance-conecta-brasil-e-israel-em-meio-a-guerra-em-gaza-diz-jornal\/\">Psytrance conecta Brasil e Israel em meio \u00e0 guerra em Gaza, diz jornal<\/a> apareceu primeiro em <a href=\"https:\/\/operamundi.uol.com.br\/\">Opera Mundi<\/a>.<\/p>\n","protected":false},"author":2,"featured_media":48908,"comment_status":"closed","ping_status":"closed","sticky":false,"template":"","format":"standard","meta":{"fifu_image_url":"","fifu_image_alt":"","footnotes":""},"categories":[45,6868,3801,3938,6872,25,17371],"tags":[],"class_list":["post-48907","post","type-post","status-publish","format-standard","has-post-thumbnail","hentry","category-brasil","category-evento","category-festival","category-guerra-israel-x-palestina","category-idf","category-israel","category-musica-eletronica"],"_links":{"self":[{"href":"https:\/\/redept.com.br\/blogosfera\/wp-json\/wp\/v2\/posts\/48907","targetHints":{"allow":["GET"]}}],"collection":[{"href":"https:\/\/redept.com.br\/blogosfera\/wp-json\/wp\/v2\/posts"}],"about":[{"href":"https:\/\/redept.com.br\/blogosfera\/wp-json\/wp\/v2\/types\/post"}],"author":[{"embeddable":true,"href":"https:\/\/redept.com.br\/blogosfera\/wp-json\/wp\/v2\/users\/2"}],"replies":[{"embeddable":true,"href":"https:\/\/redept.com.br\/blogosfera\/wp-json\/wp\/v2\/comments?post=48907"}],"version-history":[{"count":0,"href":"https:\/\/redept.com.br\/blogosfera\/wp-json\/wp\/v2\/posts\/48907\/revisions"}],"wp:featuredmedia":[{"embeddable":true,"href":"https:\/\/redept.com.br\/blogosfera\/wp-json\/wp\/v2\/media\/48908"}],"wp:attachment":[{"href":"https:\/\/redept.com.br\/blogosfera\/wp-json\/wp\/v2\/media?parent=48907"}],"wp:term":[{"taxonomy":"category","embeddable":true,"href":"https:\/\/redept.com.br\/blogosfera\/wp-json\/wp\/v2\/categories?post=48907"},{"taxonomy":"post_tag","embeddable":true,"href":"https:\/\/redept.com.br\/blogosfera\/wp-json\/wp\/v2\/tags?post=48907"}],"curies":[{"name":"wp","href":"https:\/\/api.w.org\/{rel}","templated":true}]}}