{"id":48985,"date":"2025-09-02T10:08:34","date_gmt":"2025-09-02T13:08:34","guid":{"rendered":"https:\/\/redept.org\/blogosfera\/vietna-celebra-80-anos-da-independencia-com-maior-desfile-em-decadas\/"},"modified":"2025-09-02T10:08:34","modified_gmt":"2025-09-02T13:08:34","slug":"vietna-celebra-80-anos-da-independencia-com-maior-desfile-em-decadas","status":"publish","type":"post","link":"https:\/\/redept.com.br\/blogosfera\/vietna-celebra-80-anos-da-independencia-com-maior-desfile-em-decadas\/","title":{"rendered":"Vietn\u00e3 celebra 80 anos da independ\u00eancia com maior desfile em d\u00e9cadas"},"content":{"rendered":"<p><img loading=\"lazy\" width=\"640\" height=\"426\"src=\"https:\/\/redept.org\/blogosfera\/wp-content\/uploads\/2025\/09\/447369_5260278839720393_ma.jpg\" alt=\"\" decoding=\"async\" loading=\"lazy\" srcset=\"https:\/\/redept.org\/blogosfera\/wp-content\/uploads\/2025\/09\/447369_5260278839720393_ma.jpg 640w, https:\/\/vermelho.org.br\/wp-content\/uploads\/2025\/09\/447369_5260278839720393_ma-300x200.jpg 300w, https:\/\/vermelho.org.br\/wp-content\/uploads\/2025\/09\/447369_5260278839720393_ma-272x182.jpg 272w\" sizes=\"auto, (max-width: 640px) 100vw, 640px\"><\/p>\n<p>O Vietn\u00e3 celebra nesta ter\u00e7a-feira (2) os 80 anos da Revolu\u00e7\u00e3o de Agosto e da declara\u00e7\u00e3o de independ\u00eancia com o maior desfile militar em d\u00e9cadas, mobiliza\u00e7\u00e3o popular de dezenas de milhares de pessoas em Han\u00f3i e um conjunto de medidas, como a anistia a quase 14 mil presos e a distribui\u00e7\u00e3o in\u00e9dita de recursos \u00e0 popula\u00e7\u00e3o.\u00a0<\/p>\n<p>O evento, marcado por forte simbolismo hist\u00f3rico e proje\u00e7\u00e3o internacional, tamb\u00e9m refor\u00e7ou as oportunidades econ\u00f4micas do pa\u00eds no cen\u00e1rio global.<\/p>\n<p>Na Pra\u00e7a Ba D\u00ecnh, onde Ho Chi Minh proclamou em 1945 a independ\u00eancia ap\u00f3s quase um s\u00e9culo de colonialismo franc\u00eas e ocupa\u00e7\u00e3o japonesa, o secret\u00e1rio-geral do Partido Comunista, T\u00f4 L\u00e2m, abriu a celebra\u00e7\u00e3o destacando a continuidade hist\u00f3rica da luta vietnamita.\u00a0<\/p>\n<p>\u201cEstamos firmes em nosso compromisso de defender a independ\u00eancia, a liberdade, a soberania e a integridade territorial de nossa P\u00e1tria, at\u00e9 cada polegada sagrada de terra\u201d, declarou diante de milhares de pessoas.<\/p>\n<p>O dirigente evocou o legado de Ho Chi Minh e reafirmou que os objetivos tra\u00e7ados para 2045 s\u00e3o transformar o Vietn\u00e3 em uma na\u00e7\u00e3o \u201cpoderosa, pr\u00f3spera e feliz\u201d.\u00a0<\/p>\n<p>No discurso, T\u00f4 L\u00e2m citou as conquistas desde a Revolu\u00e7\u00e3o de Agosto \u2014 liberta\u00e7\u00e3o nacional, reunifica\u00e7\u00e3o e reformas econ\u00f4micas \u2014 como prova de que \u201cn\u00e3o h\u00e1 dificuldades que o povo vietnamita n\u00e3o possa superar\u201d.<\/p>\n<p>A atmosfera foi refor\u00e7ada pela mobiliza\u00e7\u00e3o popular, com moradores de Han\u00f3i lotando as ruas, muitos vestidos de vermelho e com o rosto pintado com a estrela amarela da bandeira.\u00a0<\/p>\n<p>Uma moradora da capital, Hoang Thi Huyen, 42 anos, acampou dois dias com a fam\u00edlia para garantir lugar. \u201cValeu a pena esperar. As tropas e os ca\u00e7as foram incr\u00edveis\u201d, disse \u00e0 Reuters.<\/p>\n<p><strong>For\u00e7a militar e solidariedade internacional<\/strong><\/p>\n<p>A parada militar foi organizada em 87 divis\u00f5es, entre unidades cerimoniais, infantaria, for\u00e7as policiais, mil\u00edcias populares e ve\u00edculos blindados. A sequ\u00eancia come\u00e7ou com a sauda\u00e7\u00e3o da for\u00e7a a\u00e9rea e seguiu com tanques, m\u00edsseis, drones nacionais e helic\u00f3pteros russos Mi-171.\u00a0<\/p>\n<p>O \u00e1pice ocorreu com a passagem dos ca\u00e7as Sukhoi Su-30 sobre o c\u00e9u de Han\u00f3i. Em evento paralelo no mar, submarinos russos da classe Kilo e fragatas participaram da celebra\u00e7\u00e3o.<\/p>\n<p>Al\u00e9m de exibir a capacidade de defesa, o desfile refor\u00e7ou la\u00e7os com aliados hist\u00f3ricos. Tropas da China, R\u00fassia, Laos e Camboja marcharam na Pra\u00e7a Ba \u0110\u00ecnh. Moscou enviou a guarda de honra do Regimento Preobrazhensky, enquanto Laos e Camboja contribu\u00edram com 120 soldados cada.\u00a0<\/p>\n<p>O presidente de Cuba, Miguel D\u00edaz-Canel, acompanhou como convidado de honra.<\/p>\n<p>L\u00edderes nacionais e delega\u00e7\u00f5es estrangeiras assistiram \u00e0 solenidade, incluindo parlamentares chineses e russos. Representando os Estados Unidos, apenas um membro da embaixada esteve presente.\u00a0<\/p>\n<p>Em comunicado, o secret\u00e1rio de Estado Marco Rubio parabenizou o Vietn\u00e3 e o descreveu como \u201cum parceiro vital na regi\u00e3o do Indo-Pac\u00edfico e um l\u00edder no enfrentamento de desafios globais comuns\u201d.<\/p>\n<p>Encerrando a programa\u00e7\u00e3o oficial, o Minist\u00e9rio da Cultura organizou uma apresenta\u00e7\u00e3o art\u00edstica com m\u00fasica, teatro e manifesta\u00e7\u00f5es populares, reafirmando o car\u00e1ter cultural da celebra\u00e7\u00e3o. As ruas da capital ficaram tomadas por bandeiras, coreografias e atos c\u00edvicos.<\/p>\n<p><strong>Economia em expans\u00e3o e oportunidades para o Brasil<\/strong><\/p>\n<p>O anivers\u00e1rio serviu para projetar a imagem de um pa\u00eds que saiu da devasta\u00e7\u00e3o da guerra para se tornar uma das economias que mais crescem no planeta. O PIB vietnamita saltou de US$8 bilh\u00f5es em 1986 para US$476,3 bilh\u00f5es em 2024, multiplicando-se quase 60 vezes.\u00a0<\/p>\n<p>O PIB per capita, que era de apenas US$80 em 1975, alcan\u00e7ou US$4.700 em 2024. O crescimento m\u00e9dio anual se manteve pr\u00f3ximo de 8% nas \u00faltimas d\u00e9cadas.<\/p>\n<p>Segundo o economista Elias Jabbour, o processo atual \u201c\u00e9 o legado revolucion\u00e1rio que se materializa no desenvolvimento acelerado\u201d. Para ele, \u201ca grande refer\u00eancia do Vietn\u00e3 \u00e9 o seu processo revolucion\u00e1rio, uma escolha feita l\u00e1 atr\u00e1s, e a sua luta at\u00e9 1976 foi para garantir as condi\u00e7\u00f5es para esse desenvolvimento\u201d.<\/p>\n<p>Nas rela\u00e7\u00f5es com o Brasil, os n\u00fameros tamb\u00e9m s\u00e3o expressivos: a balan\u00e7a comercial chegou a US$7,7 bilh\u00f5es em 2024, com meta de duplica\u00e7\u00e3o at\u00e9 US$15 bilh\u00f5es em 2030. As exporta\u00e7\u00f5es brasileiras concentram-se em algod\u00e3o, milho e soja, mas h\u00e1 expectativa de ampliar para setores como carnes, caf\u00e9, celulose, a\u00e7o e fertilizantes.<\/p>\n<p>Durante visita a Bras\u00edlia, em julho deste ano, o primeiro-ministro Pham Minh Chinh e o presidente Lula anunciaram a abertura do mercado vietnamita para a carne bovina brasileira e do mercado brasileiro para a til\u00e1pia vietnamita.\u00a0<\/p>\n<p>Na ocasi\u00e3o, Lula afirmou que \u201ca abertura do mercado vietnamita para a carne bovina brasileira atrair\u00e1 investimentos de frigor\u00edficos do Brasil para fazer deste pa\u00eds uma plataforma de exporta\u00e7\u00e3o para o Sudeste asi\u00e1tico\u201d.<\/p>\n<p><strong>Integra\u00e7\u00e3o internacional e futuro<\/strong><\/p>\n<p>Hoje, o Vietn\u00e3 mant\u00e9m rela\u00e7\u00f5es diplom\u00e1ticas com 194 pa\u00edses, parcerias estrat\u00e9gicas com 37 na\u00e7\u00f5es e participa ativamente de mais de 70 organismos internacionais. O pa\u00eds \u00e9 considerado modelo de redu\u00e7\u00e3o da pobreza \u2014 caiu de mais de 60% em 1986 para 1,93% em 2024 \u2014 e tem investido em alta tecnologia, educa\u00e7\u00e3o, sa\u00fade e igualdade de g\u00eanero.<\/p>\n<p>No discurso em Han\u00f3i, T\u00f4 L\u00e2m disse que o \u201cobjetivo \u00e9 que, at\u00e9 2045, o Vietn\u00e3 se torne uma na\u00e7\u00e3o poderosa, pr\u00f3spera e feliz. Essa \u00e9 a aspira\u00e7\u00e3o de toda a na\u00e7\u00e3o, um juramento de honra diante da Hist\u00f3ria e do Povo\u201d.<\/p>\n<p>Entre tanques, bandeiras e manifesta\u00e7\u00f5es culturais, a celebra\u00e7\u00e3o do 80\u00ba anivers\u00e1rio reafirmou o papel do Vietn\u00e3 como na\u00e7\u00e3o que transformou o legado da luta anticolonial em for\u00e7a pol\u00edtica, econ\u00f4mica e diplom\u00e1tica. E projetou, ao mesmo tempo, oportunidades concretas para a integra\u00e7\u00e3o com o Brasil em um contexto de disputa global por mercados e soberania.<\/p>\n<p>O post <a href=\"https:\/\/vermelho.org.br\/2025\/09\/02\/vietna-celebra-80-anos-da-independencia-com-maior-desfile-em-decadas\/\">Vietn\u00e3 celebra 80 anos da independ\u00eancia com maior desfile em d\u00e9cadas<\/a> apareceu primeiro em <a href=\"https:\/\/vermelho.org.br\/\">Vermelho<\/a>.<\/p>\n<!-- Begin Yuzo --><div class='yuzo_related_post style-1'  data-version='5.12.89'><!-- without result --><div class='yuzo_clearfixed yuzo__title yuzo__title'><h3>Related Post<\/h3><\/div>\n\t\t\t\t\t\t  <div class=\"relatedthumb \" style=\"width:125px;float:left;overflow:hidden;\">  \n\t\t\t\t\t\t\t  \n\t\t\t\t\t\t\t  <a  href=\"https:\/\/redept.com.br\/blogosfera\/as-derrotas-de-trump-na-semana-tribunais-bloqueiam-tarifas-imigracao-e-financiamento-federal\/\"  >\n\t\t\t\t\t\t\t\t\t  <div class=\"yuzo-img-wrap \" style=\"width: 125px;height:90px;\">\n\t\t\t\t\t\t\t\t\t\t\n\t\t\t\t\t\t\t\t\t\t<div class=\"yuzo-img\" style=\"background:url('https:\/\/redept.org\/blogosfera\/wp-content\/plugins\/yuzo-related-post\/assets\/images\/default.png') 50% 50% no-repeat;width: 125px;height:90px;margin-bottom: 5px;background-size: cover; \"><\/div>\n\t\t\t\t\t\t\t\t\t  <\/div>\n\t\t\t\t\t\t\t\t\t  \n\t\t\t\t\t\t\t\t   <span class=\"yuzo__text--title\" style=\"font-size:13px;\">As derrotas de Trump na semana: tribunais bloqueia...<\/span>\n\t\t\t\t\t\t\t  \n\t\t\t\t\t\t\t  \n\t\t\t\t\t\t\t  <\/a>\n\n\t\t\t\t\t\t  <\/div>\n\t\t\t\t\t\t  <div class=\"relatedthumb \" style=\"width:125px;float:left;overflow:hidden;\">  \n\t\t\t\t\t\t\t  \n\t\t\t\t\t\t\t  <a  href=\"https:\/\/redept.com.br\/blogosfera\/israel-segue-violando-cessar-fogo-em-gaza-e-palestinos-mortos-chegam-a-236\/\"  >\n\t\t\t\t\t\t\t\t\t  <div class=\"yuzo-img-wrap \" style=\"width: 125px;height:90px;\">\n\t\t\t\t\t\t\t\t\t\t\n\t\t\t\t\t\t\t\t\t\t<div class=\"yuzo-img\" style=\"background:url('https:\/\/redept.com.br\/blogosfera\/wp-content\/uploads\/2025\/11\/wafaimage-6-150x150.jpeg') 50% 50% no-repeat;width: 125px;height:90px;margin-bottom: 5px;background-size: cover; \"><\/div>\n\t\t\t\t\t\t\t\t\t  <\/div>\n\t\t\t\t\t\t\t\t\t  \n\t\t\t\t\t\t\t\t   <span class=\"yuzo__text--title\" style=\"font-size:13px;\">Israel segue violando cessar-fogo em Gaza, e pales...<\/span>\n\t\t\t\t\t\t\t  \n\t\t\t\t\t\t\t  \n\t\t\t\t\t\t\t  <\/a>\n\n\t\t\t\t\t\t  <\/div>\n\t\t\t\t\t\t  <div class=\"relatedthumb \" style=\"width:125px;float:left;overflow:hidden;\">  \n\t\t\t\t\t\t\t  \n\t\t\t\t\t\t\t  <a  href=\"https:\/\/redept.com.br\/blogosfera\/dolar-opera-em-queda-apos-declaracoes-de-trump-sobre-tarifas\/\"  >\n\t\t\t\t\t\t\t\t\t  <div class=\"yuzo-img-wrap \" style=\"width: 125px;height:90px;\">\n\t\t\t\t\t\t\t\t\t\t\n\t\t\t\t\t\t\t\t\t\t<div class=\"yuzo-img\" style=\"background:url('https:\/\/redept.com.br\/blogosfera\/wp-content\/uploads\/2025\/03\/NVIDIA-Headquarters-150x150.jpg') 50% 50% no-repeat;width: 125px;height:90px;margin-bottom: 5px;background-size: cover; \"><\/div>\n\t\t\t\t\t\t\t\t\t  <\/div>\n\t\t\t\t\t\t\t\t\t  \n\t\t\t\t\t\t\t\t   <span class=\"yuzo__text--title\" style=\"font-size:13px;\">D\u00f3lar opera em queda ap\u00f3s declara\u00e7\u00f5es de Trump sob...<\/span>\n\t\t\t\t\t\t\t  \n\t\t\t\t\t\t\t  \n\t\t\t\t\t\t\t  <\/a>\n\n\t\t\t\t\t\t  <\/div>\n\t\t\t\t\t\t  <div class=\"relatedthumb \" style=\"width:125px;float:left;overflow:hidden;\">  \n\t\t\t\t\t\t\t  \n\t\t\t\t\t\t\t  <a  href=\"https:\/\/redept.com.br\/blogosfera\/morre-jimmy-cliff-lenda-do-reggae-aos-81-anos\/\"  >\n\t\t\t\t\t\t\t\t\t  <div class=\"yuzo-img-wrap \" style=\"width: 125px;height:90px;\">\n\t\t\t\t\t\t\t\t\t\t\n\t\t\t\t\t\t\t\t\t\t<div class=\"yuzo-img\" style=\"background:url('https:\/\/redept.com.br\/blogosfera\/wp-content\/uploads\/2025\/11\/AFP__20251124__84Z22T3__v1__MidRes__FilesJamaicaMusicObitJimmyCliff-e1763991734421-150x150.jpg') 50% 50% no-repeat;width: 125px;height:90px;margin-bottom: 5px;background-size: cover; \"><\/div>\n\t\t\t\t\t\t\t\t\t  <\/div>\n\t\t\t\t\t\t\t\t\t  \n\t\t\t\t\t\t\t\t   <span class=\"yuzo__text--title\" style=\"font-size:13px;\">Morre Jimmy Cliff , lenda do reggae, aos 81 anos<\/span>\n\t\t\t\t\t\t\t  \n\t\t\t\t\t\t\t  \n\t\t\t\t\t\t\t  <\/a>\n\n\t\t\t\t\t\t  <\/div>\n<\/div> <script>\n\t\t\t\t\t\t  jQuery(document).ready(function( $ ){\n\t\t\t\t\t\t\t\/\/jQuery('.yuzo_related_post').equalizer({ overflow : 'relatedthumb' });\n\t\t\t\t\t\t\tjQuery('.yuzo_related_post .yuzo_wraps').equalizer({ columns : '> div' });\n\t\t\t\t\t\t   })\n\t\t\t\t\t\t  <\/script> <!-- End Yuzo :) -->","protected":false},"excerpt":{"rendered":"<p>O Vietn\u00e3 celebra nesta ter\u00e7a-feira (2) os 80 anos da Revolu\u00e7\u00e3o de Agosto e da declara\u00e7\u00e3o de independ\u00eancia com o maior desfile militar em d\u00e9cadas, mobiliza\u00e7\u00e3o popular de dezenas de milhares de pessoas em Han\u00f3i e um conjunto de medidas, como a anistia a quase 14 mil presos e a distribui\u00e7\u00e3o in\u00e9dita de recursos \u00e0 [&hellip;]<\/p>\n","protected":false},"author":2,"featured_media":0,"comment_status":"open","ping_status":"closed","sticky":false,"template":"","format":"standard","meta":{"fifu_image_url":"","fifu_image_alt":"","footnotes":""},"categories":[16736,9279,50,112,17412,5359,17413,4226,1485],"tags":[],"class_list":["post-48985","post","type-post","status-publish","format-standard","hentry","category-desfile-militar","category-independencia","category-internacional","category-lula","category-pham-minh-chinh","category-relacoes-brasil-vietna","category-revolucao-de-agosto","category-to-lam","category-vietna"],"_links":{"self":[{"href":"https:\/\/redept.com.br\/blogosfera\/wp-json\/wp\/v2\/posts\/48985","targetHints":{"allow":["GET"]}}],"collection":[{"href":"https:\/\/redept.com.br\/blogosfera\/wp-json\/wp\/v2\/posts"}],"about":[{"href":"https:\/\/redept.com.br\/blogosfera\/wp-json\/wp\/v2\/types\/post"}],"author":[{"embeddable":true,"href":"https:\/\/redept.com.br\/blogosfera\/wp-json\/wp\/v2\/users\/2"}],"replies":[{"embeddable":true,"href":"https:\/\/redept.com.br\/blogosfera\/wp-json\/wp\/v2\/comments?post=48985"}],"version-history":[{"count":0,"href":"https:\/\/redept.com.br\/blogosfera\/wp-json\/wp\/v2\/posts\/48985\/revisions"}],"wp:attachment":[{"href":"https:\/\/redept.com.br\/blogosfera\/wp-json\/wp\/v2\/media?parent=48985"}],"wp:term":[{"taxonomy":"category","embeddable":true,"href":"https:\/\/redept.com.br\/blogosfera\/wp-json\/wp\/v2\/categories?post=48985"},{"taxonomy":"post_tag","embeddable":true,"href":"https:\/\/redept.com.br\/blogosfera\/wp-json\/wp\/v2\/tags?post=48985"}],"curies":[{"name":"wp","href":"https:\/\/api.w.org\/{rel}","templated":true}]}}