{"id":49059,"date":"2025-09-02T14:49:58","date_gmt":"2025-09-02T17:49:58","guid":{"rendered":"https:\/\/redept.org\/blogosfera\/pgr-defende-punicao-a-golpistas-para-conter-impetos-autoritarios\/"},"modified":"2025-09-02T14:49:58","modified_gmt":"2025-09-02T17:49:58","slug":"pgr-defende-punicao-a-golpistas-para-conter-impetos-autoritarios","status":"publish","type":"post","link":"https:\/\/redept.com.br\/blogosfera\/pgr-defende-punicao-a-golpistas-para-conter-impetos-autoritarios\/","title":{"rendered":"PGR defende puni\u00e7\u00e3o a golpistas para conter \u00edmpetos autorit\u00e1rios"},"content":{"rendered":"<p><img fetchpriority=\"high\" width=\"1024\" height=\"652\"src=\"https:\/\/redept.org\/blogosfera\/wp-content\/uploads\/2025\/09\/gonet_2set_Foto-Antonio-Augusto_STF.jpg\" alt=\"\" decoding=\"async\" srcset=\"https:\/\/vermelho.org.br\/wp-content\/uploads\/2025\/09\/gonet_2set_Foto-Antonio-Augusto_STF-1024x652.jpg 1024w, https:\/\/vermelho.org.br\/wp-content\/uploads\/2025\/09\/gonet_2set_Foto-Antonio-Augusto_STF-300x191.jpg 300w, https:\/\/vermelho.org.br\/wp-content\/uploads\/2025\/09\/gonet_2set_Foto-Antonio-Augusto_STF-768x489.jpg 768w, https:\/\/redept.org\/blogosfera\/wp-content\/uploads\/2025\/09\/gonet_2set_Foto-Antonio-Augusto_STF.jpg 1299w\" sizes=\"(max-width: 1024px) 100vw, 1024px\"><\/p>\n<p>O procurador-geral da Rep\u00fablica, Paulo Gonet, reafirmou que o n\u00facleo crucial da trama golpista \u2014 formado pelo ex-presidente Jair Bolsonaro (PL) e outras sete autoridades aliadas \u2014 planejou a\u00e7\u00f5es coordenadas de ruptura da ordem democr\u00e1tica. Ele tamb\u00e9m voltou a defender a puni\u00e7\u00e3o dos r\u00e9us, julgados a partir desta ter\u00e7a-feira (2) pelo Supremo Tribunal Federal (STF), e afirmou que n\u00e3o reprimir criminalmente tentativas dessa ordem \u201crecrudesce \u00edmpetos de autoritarismo e p\u00f5e em risco o modelo de vida civilizado\u201d.<\/p>\n<p>Ao iniciar sua fala, Gonet destacou que no atual julgamento \u201ca democracia do Brasil assume a sua defesa ativa contra a tentativa de golpe, apoiada em viol\u00eancia amea\u00e7ada e praticada. Nenhuma democracia se sustenta se n\u00e3o contar com efetivos meios para se contrapor a atos orientados \u00e0 sua decomposi\u00e7\u00e3o\u201d.<\/p>\n<p>O procurador-geral da Rep\u00fablica se contrap\u00f4s a argumentos que buscam minimizar a trama pelo fato de o golpe n\u00e3o ter se concretizado. Nesse sentido, refor\u00e7ou que a ordem constitucional \u201cdisp\u00f5e de meios institucionais para talhar investidas contra ela pr\u00f3pria\u201d, mas que \u201cnenhuma provid\u00eancia jurisdicional \u00e9 de valia contra a usurpa\u00e7\u00e3o do poder pela for\u00e7a bruta, que aniquila a organiza\u00e7\u00e3o regular, desejada e arquitetada pela cidadania expressa pelo seu poder constituinte\u201d.<\/p>\n<p><strong>Leia tamb\u00e9m:<\/strong> <a href=\"https:\/\/vermelho.org.br\/2025\/09\/02\/moraes-diz-que-impunidade-corroi-democracia-e-que-stf-nao-se-submetera-a-coacoes\/\">Moraes diz que impunidade corr\u00f3i democracia e que STF n\u00e3o se submeter\u00e1 a coa\u00e7\u00f5es<\/a><\/p>\n<p>Em casos assim, completou, \u201cse a intentona vence pela amea\u00e7a do poderio armado, ou pela sua utiliza\u00e7\u00e3o, efetivamente n\u00e3o h\u00e1 o que a ordem derru\u00edda possa, juridicamente, contrapor\u201d. Por outro lado, ponderou que a defesa da ordem democr\u00e1tica \u201cacha espa\u00e7o no direito democr\u00e1tico para se reafirmar, avantajar e dignificar quando o ataque iniciado contra ela n\u00e3o se consuma\u201d.<\/p>\n<p>Ele acrescentou que \u201cas afrontas acintosas e belicistas contra a ordem constitucional democr\u00e1tica podem assumir formas diversas\u201d e que \u201cgolpes podem vir de fora da estrutura existente de poder, como podem ser engendrados pela pervers\u00e3o dela pr\u00f3pria\u201d.<\/p>\n<p><strong>\u00cdmpetos autorit\u00e1rios<\/strong><\/p>\n<p>Ao adentrar os fatos que demonstram a coordena\u00e7\u00e3o dos atos voltados \u00e0 ruptura democr\u00e1tica, Paulo Gonet salientou que \u201co inconformismo com o t\u00e9rmino regular do per\u00edodo previsto de mando costuma ser fator deflagrador de crise para a normalidade democr\u00e1tica\u201d e afirmou que \u201cn\u00e3o reprimir criminalmente tentativas dessa ordem \u2014 como mostram relatos de fatos daqui e do estrangeiro \u2014 recrudesce \u00edmpetos de autoritarismo e p\u00f5e em risco o modelo de vida civilizado\u201d.<\/p>\n<p>O PGR tamb\u00e9m destacou ser inadmiss\u00edvel \u201ctramas urdidas e postas em pr\u00e1tica por meio de atos coordenados e sucessivos, conducentes \u00e0 perturba\u00e7\u00e3o social, com predisposi\u00e7\u00e3o a medidas de for\u00e7a desautorizadas constitucionalmente, a materializa\u00e7\u00e3o da restri\u00e7\u00e3o dos poderes constitucionais e a ruptura com preceitos elementares da democracia, como o respeito \u00e0 vontade do povo, expressa nos momentos eleitorais\u201d.<\/p>\n<p>Continuando seu discurso, ressaltou que \u201co panorama espantoso e tenebroso da den\u00fancia s\u00e3o fen\u00f4menos de atentado, com relev\u00e2ncia criminal, contra as institui\u00e7\u00f5es democr\u00e1ticas\u201d que \u201cn\u00e3o podem ser tratados como atos de import\u00e2ncia menor, como devaneios ut\u00f3picos an\u00f3dinos, com aventuras inconsideradas\u201d. O que est\u00e1 em julgamento, enfatizou, \u201cs\u00e3o atos que h\u00e3o de ser considerados graves enquanto quisermos manter a viv\u00eancia de um Estado democr\u00e1tico de direito\u201d.<\/p>\n<figure><img decoding=\"async\" width=\"1024\" height=\"768\"src=\"https:\/\/redept.org\/blogosfera\/wp-content\/uploads\/2025\/09\/plenario-stf2_Foto-Fabio-Rodrigues-Pozzebom_-Agencia-Brasil.jpg\" alt=\"\" srcset=\"https:\/\/redept.org\/blogosfera\/wp-content\/uploads\/2025\/09\/plenario-stf2_Foto-Fabio-Rodrigues-Pozzebom_-Agencia-Brasil.jpg 1024w, https:\/\/vermelho.org.br\/wp-content\/uploads\/2025\/09\/plenario-stf2_Foto-Fabio-Rodrigues-Pozzebom_-Agencia-Brasil-300x225.jpg 300w, https:\/\/vermelho.org.br\/wp-content\/uploads\/2025\/09\/plenario-stf2_Foto-Fabio-Rodrigues-Pozzebom_-Agencia-Brasil-768x576.jpg 768w\" sizes=\"(max-width: 1024px) 100vw, 1024px\"><figcaption>Plen\u00e1rio do STF. Foto: F\u00e1bio Rodrigues-Pozzebom\/Ag\u00eancia Brasil<\/figcaption><\/figure>\n<p>Gonet tamb\u00e9m apontou que uma tentativa de golpe de Estado n\u00e3o acontece \u201csem que se articulem fatos e eventos m\u00faltiplos de ocorr\u00eancia estendida no tempo, que conformam o comportamento punido pela lei. Um golpe que se consuma, a fratura do regime constitucional, se distingue pelo efetivo apoderamento da estrutura estatal, \u00e0 margem dos mecanismos previstos na ordem jur\u00eddica\u201d.<\/p>\n<p>Tal tentativa, disse, depende de eventos que, \u201cdesligados entre si, nem sempre impressionam sob o \u00e2ngulo dos crimes contra as institui\u00e7\u00f5es democr\u00e1ticas. Mas que vistos de seu conjunto, destapam uma unidade na articula\u00e7\u00e3o de a\u00e7\u00f5es ordenadas ao prop\u00f3sito do arb\u00edtrio e do desbaratamento das institui\u00e7\u00f5es democr\u00e1ticas\u201d.<\/p>\n<p>Contra os que dizem ser preciso elementos que liguem mais diretamente Bolsonaro aos atos golpistas, Gonet, sem cit\u00e1-lo, declarou: \u201cpara que a tentativa se consolide, n\u00e3o \u00e9 indispens\u00e1vel que haja ordem assinada pelo presidente da Rep\u00fablica para a ado\u00e7\u00e3o de medidas explicitamente estranhas \u00e0 regularidade constitucional\u201d. E acrescentou que a tentativa \u201cse revela na pr\u00e1tica de atos e a\u00e7\u00f5es dedicadas ao prop\u00f3sito da ruptura das regras constitucionais sobre o exerc\u00edcio do poder, com o apelo ao emprego da for\u00e7a bruta, real ou amea\u00e7ado\u201d.<\/p>\n<p>O PGR explicou, ainda, que \u201ca coopera\u00e7\u00e3o entre si dos denunciados para esse objetivo derradeiro \u2014 sob a coordena\u00e7\u00e3o, inspira\u00e7\u00e3o e determina\u00e7\u00e3o do ex-presidente da Rep\u00fablica denunciado \u2014 torna n\u00edtida a organiza\u00e7\u00e3o criminosa no seu significado penal\u201d. E agregou: \u201cAinda que nem todos os denunciados tenham atuado ativamente em todos os acontecimentos relevantes na sequ\u00eancia de quadros em que se desdobraram as a\u00e7\u00f5es contra as institui\u00e7\u00f5es democr\u00e1ticas, todos colaboraram na parte em que lhes coube, em cada etapa do processo de golpe, para que o conjunto dos acontecimentos criminosos ganhasse realidade\u201d.<\/p>\n<p><strong>Leia tamb\u00e9m:<\/strong> <a href=\"https:\/\/vermelho.org.br\/2025\/08\/16\/entenda-passo-a-passo-o-julgamento-de-bolsonaro-e-aliados-no-stf\/\">Entenda passo a passo o julgamento de Bolsonaro e aliados no STF<\/a><\/p>\n<p>Gonet defendeu estar \u201cprovada a cadeia de fatos direcionados a consumar a ruptura democr\u00e1tica, haja visto que, em v\u00e1rios momentos, houve a conclama\u00e7\u00e3o p\u00fablica, pelo ent\u00e3o presidente da Rep\u00fablica, de que n\u00e3o se utilizasse as urnas eletr\u00f4nicas previstas na legisla\u00e7\u00e3o, sob a amea\u00e7a de as elei\u00e7\u00f5es n\u00e3o virem a acontecer, bem como de resist\u00eancia ativa contra os seus resultados\u201d.<\/p>\n<p>Al\u00e9m disso, acrescentou, \u201cmaquinaram-se insistentes campanhas de informa\u00e7\u00f5es falsas sobre o processo eleitoral e sobre magistrados que o dirigiam. Pretendia-se que os \u00e2nimos populares se voltassem contra o judici\u00e1rio e contra os resultados de derrota nas urnas, pressentidos e afinal, confirmados\u201d.<\/p>\n<p><strong>Ades\u00e3o de comandantes<\/strong><\/p>\n<p>Como ponto concreto da trama, Gonet levantou a participa\u00e7\u00e3o direta de militares. \u201cO presidente da Rep\u00fablica, comandante maior das For\u00e7as Armadas, reuniu os mais altos militares das Tr\u00eas For\u00e7as, para dar-lhes a conhecer os seus planos. Logo mais, o ministro de Estado da Defesa convocou os comandantes militares para revelar-lhes a estrat\u00e9gia a ser adotada. Repare-se bem que a reuni\u00e3o n\u00e3o se deu para que os comandantes tivessem ci\u00eancia do grave ato, a fim de que a ele resistissem energicamente. N\u00e3o. Eles foram convocados para aderirem ao movimento golpista estruturado\u201d, salientou.<\/p>\n<p>Gonet continuou dizendo: \u201cn\u00e3o \u00e9 preciso um esfor\u00e7o intelectual extraordin\u00e1rio para reconhecer que, quando o presidente da Rep\u00fablica e depois o ministro da Defesa convocam a c\u00fapula militar para apresentar documentos de formaliza\u00e7\u00e3o de golpe de Estado, o processo criminoso j\u00e1 est\u00e1 em curso. N\u00e3o se est\u00e1, neste caso, num ambiente relativamente inofensivo de conversas entre quem n\u00e3o disp\u00f5e de meios para operar. Quando o presidente da Rep\u00fablica e o ministro da Defesa se re\u00fanem com os comandantes militares sob a sua dire\u00e7\u00e3o pol\u00edtica e hier\u00e1rquica para concit\u00e1-los a executar as fases finais do golpe, o golpe, ele mesmo, j\u00e1 est\u00e1 em curso\u201d.<\/p>\n<p>O PGR continuou seu relato detalhando as a\u00e7\u00f5es planejadas, entre as quais os atos voltados \u00e0 incita\u00e7\u00e3o popular e \u00e0 destrui\u00e7\u00e3o da credibilidade do sistema eleitoral, os acampamentos e atentados anteriores \u00e0 posse do presidente Luiz In\u00e1cio Lula da Silva, que culminaram no 8 de janeiro, e o plano para matar Moraes, Lula e Alckmin.<\/p>\n<p>Ap\u00f3s a fala de Gonet, a sess\u00e3o foi interrompida e retomada \u00e0 tarde, para a manifesta\u00e7\u00e3o das defesas.<\/p>\n<p>O post <a href=\"https:\/\/vermelho.org.br\/2025\/09\/02\/pgr-defende-punicao-a-golpistas-para-conter-impetos-autoritarios\/\">PGR defende puni\u00e7\u00e3o a golpistas para conter \u00edmpetos autorit\u00e1rios<\/a> apareceu primeiro em <a href=\"https:\/\/vermelho.org.br\/\">Vermelho<\/a>.<\/p>\n<!-- Begin Yuzo --><div class='yuzo_related_post style-1'  data-version='5.12.89'><!-- without result --><div class='yuzo_clearfixed yuzo__title yuzo__title'><h3>Related Post<\/h3><\/div>\n\t\t\t\t\t\t  <div class=\"relatedthumb \" style=\"width:125px;float:left;overflow:hidden;\">  \n\t\t\t\t\t\t\t  \n\t\t\t\t\t\t\t  <a  href=\"https:\/\/redept.com.br\/blogosfera\/petrobras-anuncia-descoberta-de-petroleo-na-bacia-de-campos-rj\/\"  >\n\t\t\t\t\t\t\t\t\t  <div class=\"yuzo-img-wrap \" style=\"width: 125px;height:90px;\">\n\t\t\t\t\t\t\t\t\t\t\n\t\t\t\t\t\t\t\t\t\t<div class=\"yuzo-img\" style=\"background:url('https:\/\/redept.org\/blogosfera\/wp-content\/plugins\/yuzo-related-post\/assets\/images\/default.png') 50% 50% no-repeat;width: 125px;height:90px;margin-bottom: 5px;background-size: cover; \"><\/div>\n\t\t\t\t\t\t\t\t\t  <\/div>\n\t\t\t\t\t\t\t\t\t  \n\t\t\t\t\t\t\t\t   <span class=\"yuzo__text--title\" style=\"font-size:13px;\">Petrobras anuncia descoberta de petr\u00f3leo na Bacia ...<\/span>\n\t\t\t\t\t\t\t  \n\t\t\t\t\t\t\t  \n\t\t\t\t\t\t\t  <\/a>\n\n\t\t\t\t\t\t  <\/div>\n\t\t\t\t\t\t  <div class=\"relatedthumb \" style=\"width:125px;float:left;overflow:hidden;\">  \n\t\t\t\t\t\t\t  \n\t\t\t\t\t\t\t  <a  href=\"https:\/\/redept.com.br\/blogosfera\/reuniao-de-negociacao-com-os-eua-deve-acontecer-nesta-quinta-diz-lula\/\"  >\n\t\t\t\t\t\t\t\t\t  <div class=\"yuzo-img-wrap \" style=\"width: 125px;height:90px;\">\n\t\t\t\t\t\t\t\t\t\t\n\t\t\t\t\t\t\t\t\t\t<div class=\"yuzo-img\" style=\"background:url('https:\/\/redept.com.br\/blogosfera\/wp-content\/uploads\/2025\/10\/marco-rubio-e-mauro-vieira-150x150.jpg') 50% 50% no-repeat;width: 125px;height:90px;margin-bottom: 5px;background-size: cover; \"><\/div>\n\t\t\t\t\t\t\t\t\t  <\/div>\n\t\t\t\t\t\t\t\t\t  \n\t\t\t\t\t\t\t\t   <span class=\"yuzo__text--title\" style=\"font-size:13px;\">Reuni\u00e3o de negocia\u00e7\u00e3o com os EUA deve acontecer ne...<\/span>\n\t\t\t\t\t\t\t  \n\t\t\t\t\t\t\t  \n\t\t\t\t\t\t\t  <\/a>\n\n\t\t\t\t\t\t  <\/div>\n\t\t\t\t\t\t  <div class=\"relatedthumb \" style=\"width:125px;float:left;overflow:hidden;\">  \n\t\t\t\t\t\t\t  \n\t\t\t\t\t\t\t  <a  href=\"https:\/\/redept.com.br\/blogosfera\/brasil-propoe-debate-sobre-texto-final-em-semana-decisiva-da-cop30\/\"  >\n\t\t\t\t\t\t\t\t\t  <div class=\"yuzo-img-wrap \" style=\"width: 125px;height:90px;\">\n\t\t\t\t\t\t\t\t\t\t\n\t\t\t\t\t\t\t\t\t\t<div class=\"yuzo-img\" style=\"background:url('https:\/\/redept.org\/blogosfera\/wp-content\/plugins\/yuzo-related-post\/assets\/images\/default.png') 50% 50% no-repeat;width: 125px;height:90px;margin-bottom: 5px;background-size: cover; \"><\/div>\n\t\t\t\t\t\t\t\t\t  <\/div>\n\t\t\t\t\t\t\t\t\t  \n\t\t\t\t\t\t\t\t   <span class=\"yuzo__text--title\" style=\"font-size:13px;\">Brasil prop\u00f5e debate sobre texto final em semana d...<\/span>\n\t\t\t\t\t\t\t  \n\t\t\t\t\t\t\t  \n\t\t\t\t\t\t\t  <\/a>\n\n\t\t\t\t\t\t  <\/div>\n\t\t\t\t\t\t  <div class=\"relatedthumb \" style=\"width:125px;float:left;overflow:hidden;\">  \n\t\t\t\t\t\t\t  \n\t\t\t\t\t\t\t  <a  href=\"https:\/\/redept.com.br\/blogosfera\/brics-e-o-desafio-climatico-entre-promessas-e-urgencias-do-sul-global\/\"  >\n\t\t\t\t\t\t\t\t\t  <div class=\"yuzo-img-wrap \" style=\"width: 125px;height:90px;\">\n\t\t\t\t\t\t\t\t\t\t\n\t\t\t\t\t\t\t\t\t\t<div class=\"yuzo-img\" style=\"background:url('https:\/\/redept.com.br\/blogosfera\/wp-content\/uploads\/2025\/09\/image-1-63-150x150.jpg') 50% 50% no-repeat;width: 125px;height:90px;margin-bottom: 5px;background-size: cover; \"><\/div>\n\t\t\t\t\t\t\t\t\t  <\/div>\n\t\t\t\t\t\t\t\t\t  \n\t\t\t\t\t\t\t\t   <span class=\"yuzo__text--title\" style=\"font-size:13px;\">BRICS e o desafio clim\u00e1tico: entre promessas e urg...<\/span>\n\t\t\t\t\t\t\t  \n\t\t\t\t\t\t\t  \n\t\t\t\t\t\t\t  <\/a>\n\n\t\t\t\t\t\t  <\/div>\n<\/div> <script>\n\t\t\t\t\t\t  jQuery(document).ready(function( $ ){\n\t\t\t\t\t\t\t\/\/jQuery('.yuzo_related_post').equalizer({ overflow : 'relatedthumb' });\n\t\t\t\t\t\t\tjQuery('.yuzo_related_post .yuzo_wraps').equalizer({ columns : '> div' });\n\t\t\t\t\t\t   })\n\t\t\t\t\t\t  <\/script> <!-- End Yuzo :) -->","protected":false},"excerpt":{"rendered":"<p>O procurador-geral da Rep\u00fablica, Paulo Gonet, reafirmou que o n\u00facleo crucial da trama golpista \u2014 formado pelo ex-presidente Jair Bolsonaro (PL) e outras sete autoridades aliadas \u2014 planejou a\u00e7\u00f5es coordenadas de ruptura da ordem democr\u00e1tica. Ele tamb\u00e9m voltou a defender a puni\u00e7\u00e3o dos r\u00e9us, julgados a partir desta ter\u00e7a-feira (2) pelo Supremo Tribunal Federal (STF), [&hellip;]<\/p>\n","protected":false},"author":2,"featured_media":0,"comment_status":"open","ping_status":"closed","sticky":false,"template":"","format":"standard","meta":{"fifu_image_url":"","fifu_image_alt":"","footnotes":""},"categories":[3843,288,2460,260,511,2232],"tags":[],"class_list":["post-49059","post","type-post","status-publish","format-standard","hentry","category-julgamento-de-bolsonaro","category-justica","category-procuradoria-geral-da-republica-pgr","category-stf","category-tentativa-de-golpe","category-trama-golpista"],"_links":{"self":[{"href":"https:\/\/redept.com.br\/blogosfera\/wp-json\/wp\/v2\/posts\/49059","targetHints":{"allow":["GET"]}}],"collection":[{"href":"https:\/\/redept.com.br\/blogosfera\/wp-json\/wp\/v2\/posts"}],"about":[{"href":"https:\/\/redept.com.br\/blogosfera\/wp-json\/wp\/v2\/types\/post"}],"author":[{"embeddable":true,"href":"https:\/\/redept.com.br\/blogosfera\/wp-json\/wp\/v2\/users\/2"}],"replies":[{"embeddable":true,"href":"https:\/\/redept.com.br\/blogosfera\/wp-json\/wp\/v2\/comments?post=49059"}],"version-history":[{"count":0,"href":"https:\/\/redept.com.br\/blogosfera\/wp-json\/wp\/v2\/posts\/49059\/revisions"}],"wp:attachment":[{"href":"https:\/\/redept.com.br\/blogosfera\/wp-json\/wp\/v2\/media?parent=49059"}],"wp:term":[{"taxonomy":"category","embeddable":true,"href":"https:\/\/redept.com.br\/blogosfera\/wp-json\/wp\/v2\/categories?post=49059"},{"taxonomy":"post_tag","embeddable":true,"href":"https:\/\/redept.com.br\/blogosfera\/wp-json\/wp\/v2\/tags?post=49059"}],"curies":[{"name":"wp","href":"https:\/\/api.w.org\/{rel}","templated":true}]}}