{"id":49215,"date":"2025-09-02T14:20:48","date_gmt":"2025-09-02T17:20:48","guid":{"rendered":"https:\/\/redept.org\/blogosfera\/heranca-da-revolucao-crescimento-do-vietna-e-oportunidade-para-economia-brasileira\/"},"modified":"2025-09-02T14:20:48","modified_gmt":"2025-09-02T17:20:48","slug":"heranca-da-revolucao-crescimento-do-vietna-e-oportunidade-para-economia-brasileira","status":"publish","type":"post","link":"https:\/\/redept.com.br\/blogosfera\/heranca-da-revolucao-crescimento-do-vietna-e-oportunidade-para-economia-brasileira\/","title":{"rendered":"Heran\u00e7a da revolu\u00e7\u00e3o, crescimento do Vietn\u00e3 \u00e9 oportunidade para economia brasileira"},"content":{"rendered":"<p>Oitenta anos ap\u00f3s a independ\u00eancia colonial, celebrados nesta ter\u00e7a-feira (02\/09), o Vietn\u00e3 conseguiu superar d\u00e9cadas de agress\u00e3o imperialista e se tornar uma das economias que mais crescem no mundo. E os frutos dessa prosperidade podem beneficiar o Brasil, que investe na aproxima\u00e7\u00e3o comercial entre os dois pa\u00edses.<\/p>\n<p>A balan\u00e7a comercial apresentou saldo positivo para o Brasil em 2024, com um fluxo total de cerca de US$ 7,7 bilh\u00f5es (quase R$ 42 bilh\u00f5es), e o governo Lula planeja duplicar esse valor at\u00e9 2030, atingindo US$ 15 bilh\u00f5es (R$ 82 bi). As principais exporta\u00e7\u00f5es brasileiras para o Vietn\u00e3 s\u00e3o produtos agr\u00edcolas, como algod\u00e3o, milho e soja, e o Brasil busca expandir o com\u00e9rcio para incluir mais produtos e fortalecer os la\u00e7os econ\u00f4micos com o pa\u00eds comunista.<\/p>\n<p>A for\u00e7a da economia vietnamita, no entanto, \u00e9 consequ\u00eancia de pol\u00edticas adotadas a partir de 1986, onze anos ap\u00f3s o fim da sangrenta guerra contra os Estados Unidos, quando o partido central seguiu o modelo chin\u00eas e mesclou abertura de mercado com orienta\u00e7\u00e3o socialista. Al\u00e9m de investimento pesado em educa\u00e7\u00e3o e infraestrutura, essas pol\u00edticas aumentaram o papel do setor privado, com\u00e9rcio exterior e investimento estrangeiro direto.<\/p>\n<p>O resultado foi que o Vietn\u00e3 saltou da pobreza para ser uma das economias com crescimento mais r\u00e1pido do planeta, m\u00e9dia de 8% ao ano. O Produto Interno Bruto (PIB) disparou de US$ 8 bilh\u00f5es, em 1986, para US$ 476,3 bilh\u00f5es, em 2024, aumento de 59,5 vezes. O PIB per capita cresceu de apenas US$ 80 (R$ 436), em 1975, para US$ 4,7 mil (R$ 26 mil), em 2024. Segundo analistas, \u00e9 resultado do processo revolucion\u00e1rio idealizado h\u00e1 d\u00e9cadas por Ho Chi Minh.<\/p>\n<p>\u201cA grande refer\u00eancia do Vietn\u00e3 \u00e9 o seu processo revolucion\u00e1rio, uma escolha feita l\u00e1 atr\u00e1s, e a sua luta at\u00e9 1976 foi para garantir as condi\u00e7\u00f5es para esse desenvolvimento\u201d, disse o economista Elias Jabbour ao <em>Brasil de Fato<\/em>.<\/p>\n<p>\u201cEles est\u00e3o realizando hoje o que desejavam, desde antes da metade do s\u00e9culo passado. O legado revolucion\u00e1rio \u00e9 o legado que se materializa nesse processo deles de desenvolvimento acelerado\u201d, explica.<\/p>\n<h3>Independ\u00eancia<\/h3>\n<p>A capital vietnamita, Han\u00f3i, foi palco de v\u00e1rios ensaios para a celebra\u00e7\u00e3o desta ter\u00e7a-feira, com bandeiras nacionais enfeitando ruas e moradores se reunindo para assistir os preparativos do desfile militar. Alguns usavam desenhos da bandeira vermelha com sua distinta estrela amarela, enquanto outros pintavam o rosto com as mesmas cores.<\/p>\n<p>H\u00e1 80 anos, em 2 de setembro de 1945, o l\u00edder revolucion\u00e1rio e estadista Ho Chi Minh declarou a independ\u00eancia do Vietn\u00e3 sob o novo nome de Rep\u00fablica Democr\u00e1tica do Vietn\u00e3, em discurso que invocou a Declara\u00e7\u00e3o de Independ\u00eancia dos Estados Unidos e a Declara\u00e7\u00e3o dos Direitos do Homem e do Cidad\u00e3o da Revolu\u00e7\u00e3o Francesa. O dia foi escolhido por ser o mesmo em que o Jap\u00e3o assinou, formalmente, o documento de rendi\u00e7\u00e3o oficial aos Aliados, encerrando a Segunda Guerra Mundial.<\/p>\n<p>O Vietn\u00e3 foi ocupado pela Fran\u00e7a desde a d\u00e9cada de 1860 e denominado Indochina Francesa, juntamente com Cambodja e Laos. Durante a Segunda Guerra Mundial, a ocupa\u00e7\u00e3o foi dos fascistas japoneses, at\u00e9 sua rendi\u00e7\u00e3o. Apesar da declara\u00e7\u00e3o de independ\u00eancia, o Vietn\u00e3 seria palco de guerras brutais nas d\u00e9cadas seguintes, a come\u00e7ar em 1946 com a Guerra da Indochina (que matou cerca de meio milh\u00e3o de pessoas), um dos primeiros conflitos por procura\u00e7\u00e3o, entre o Ocidente capitalista e o bloco comunista, representado pela Uni\u00e3o Sovi\u00e9tica e China.<\/p>\n<p>Os acordos de Genebra de 1954 marcaram o fim desta guerra e dissolveram a Indochina vietnamita em dois pa\u00edses rivais, o Vietn\u00e3 do Norte, comunista, com capital em Han\u00f3i, e o do Sul, capitalista, com capital em Saigon, hoje Cidade de Ho Chi Minh. Deram tamb\u00e9m in\u00edcio \u00e0 tentativa de unifica\u00e7\u00e3o do pa\u00eds no conflito (1955 \u2013 1975) conhecido internamente como Guerra Americana e Guerra do Vietn\u00e3 no resto do mundo. Estimativas do n\u00famero de mortes do maior conflito da Guerra Fria variam bastante, de um a quatro milh\u00f5es de pessoas.<\/p>\n<p>O gr\u00e1fico abaixo (em ingl\u00eas) mostra o grande crescimento do PIB vietnamita ap\u00f3s o final das agress\u00f5es externas:<\/p>\n<figure aria-describedby=\"caption-attachment-230091\"><img loading=\"lazy\" loading=\"lazy\" decoding=\"async\"src=\"https:\/\/redept.org\/blogosfera\/wp-content\/uploads\/2025\/09\/grafico-3-850x553-1-1.jpg\" alt=\"\" width=\"850\" height=\"553\" srcset=\"https:\/\/redept.org\/blogosfera\/wp-content\/uploads\/2025\/09\/grafico-3-850x553-1-1.jpg 850w, https:\/\/operamundi.uol.com.br\/wp-content\/uploads\/2025\/09\/grafico-3-850x553-1-300x195.jpg 300w, https:\/\/operamundi.uol.com.br\/wp-content\/uploads\/2025\/09\/grafico-3-850x553-1-768x500.jpg 768w, https:\/\/operamundi.uol.com.br\/wp-content\/uploads\/2025\/09\/grafico-3-850x553-1-150x98.jpg 150w, https:\/\/operamundi.uol.com.br\/wp-content\/uploads\/2025\/09\/grafico-3-850x553-1-750x488.jpg 750w\" sizes=\"auto, (max-width: 850px) 100vw, 850px\"><figcaption>Brasil de Fato<\/figcaption><\/figure>\n<p>Este ano, o pa\u00eds j\u00e1 havia celebrado outra data redonda, o 50\u00ba anivers\u00e1rio da queda de Saigon e o fim da Guerra do Vietn\u00e3 na Cidade de Ho Chi Minh. O evento de 30 de abril teve a presen\u00e7a de tropas chinesas para retratar Pequim como um parceiro mais confi\u00e1vel do que os Estados Unidos, que seguem sendo o maior parceiro comercial do pa\u00eds no continente americano.<\/p>\n<figure aria-describedby=\"caption-attachment-230089\"><img loading=\"lazy\" loading=\"lazy\" decoding=\"async\"src=\"https:\/\/redept.org\/blogosfera\/wp-content\/uploads\/2025\/09\/cac-khoi-van-nghe-17567787811731511332250-17567833166901328509887-0-0-1250-2000-crop-1756783320322866866689.jpg\" alt=\"\" width=\"684\" height=\"428\" srcset=\"https:\/\/redept.org\/blogosfera\/wp-content\/uploads\/2025\/09\/cac-khoi-van-nghe-17567787811731511332250-17567833166901328509887-0-0-1250-2000-crop-1756783320322866866689.jpg 684w, https:\/\/operamundi.uol.com.br\/wp-content\/uploads\/2025\/09\/cac-khoi-van-nghe-17567787811731511332250-17567833166901328509887-0-0-1250-2000-crop-1756783320322866866689-300x188.jpg 300w, https:\/\/operamundi.uol.com.br\/wp-content\/uploads\/2025\/09\/cac-khoi-van-nghe-17567787811731511332250-17567833166901328509887-0-0-1250-2000-crop-1756783320322866866689-150x94.jpg 150w\" sizes=\"auto, (max-width: 684px) 100vw, 684px\"><figcaption>Celebra\u00e7\u00e3o dos 80 anos da Independ\u00eancia do Vietn\u00e3, netsa ter\u00e7a-feira (02\/09)<br \/>Government News Socialist Republic of Vietnam<\/figcaption><\/figure>\n<h3>Oportunidades para o Brasil<\/h3>\n<p>O Brasil \u00e9 o maior parceiro comercial do Vietn\u00e3 na Am\u00e9rica Latina e o segundo na Am\u00e9rica, depois dos Estados Unidos. J\u00e1 o Vietn\u00e3 \u00e9 o quinto maior destino das exporta\u00e7\u00f5es brasileiras, atr\u00e1s de China, Estados Unidos, Uni\u00e3o Europeia e Indon\u00e9sia, comprando algod\u00e3o bruto, milho, soja e farelos de soja.<\/p>\n<p>A Ag\u00eancia Brasileira de Promo\u00e7\u00e3o de Exporta\u00e7\u00f5es e Investimentos (Apex) avalia que h\u00e1 220 oportunidades para produtos brasileiros em setores estrat\u00e9gicos, incluindo produtos aliment\u00edcios e animais vivos: destaque para a\u00e7\u00facares, alimentos para animais e caf\u00e9; mat\u00e9rias brutos (celulose, corti\u00e7a, madeira e fertilizantes); artigos manufaturados (borracha, couro, ferro e a\u00e7o); e produtos qu\u00edmicos (adubos, materiais de tingimento e outros produtos qu\u00edmicos).<\/p>\n<p>Nos primeiros cinco meses deste ano, o volume de exporta\u00e7\u00f5es do Vietn\u00e3 para o Brasil atingiu US$ 1,14 bilh\u00e3o, um aumento de 1,48% em rela\u00e7\u00e3o ao mesmo per\u00edodo do ano passado. Os principais itens incluem telefones e componentes, ve\u00edculos e pe\u00e7as de reposi\u00e7\u00e3o, computadores e produtos eletr\u00f4nicos.<\/p>\n<p>Este ano, durante visita do primeiro-ministro do pa\u00eds, Pham Minh Chinh e Lula celebraram o in\u00edcio do com\u00e9rcio de carne brasileira para o Vietn\u00e3 e de til\u00e1pia vietnamita para nosso mercado.<\/p>\n<p>\u201cA abertura do mercado vietnamita para a carne bovina brasileira atrair\u00e1 investimentos de frigor\u00edficos do Brasil para fazer deste pa\u00eds uma plataforma de exporta\u00e7\u00e3o para o Sudeste asi\u00e1tico\u201d, disse Lula \u00e0 \u00e9poca. Ambos os l\u00edderes enfatizaram a coopera\u00e7\u00e3o em agricultura, defesa, esportes, minera\u00e7\u00e3o, biocombust\u00edveis e meio ambiente, e o presidente brasileiro reafirmou o interesse em abrir negocia\u00e7\u00f5es para um acordo comercial entre o Vietn\u00e3 e o Mercosul.<\/p>\n<p>Ambos ressaltaram a import\u00e2ncia da integra\u00e7\u00e3o econ\u00f4mica e se comprometeram a realizar miss\u00f5es empresariais para ampliar o com\u00e9rcio e os investimentos. Foi assinado um memorando de entendimento sobre coopera\u00e7\u00e3o em ci\u00eancia, tecnologia, inova\u00e7\u00e3o e transforma\u00e7\u00e3o digital.<\/p>\n<p>\u201cAcho que em um contexto de tarifa\u00e7o, o Vietn\u00e3 pode ser tornar um parceiro mais forte do Brasil em v\u00e1rios aspectos\u201d, afirma Jabbour \u00e0 reportagem.<\/p>\n<p>\u201c\u00c9 um pa\u00eds com mais de 100 milh\u00f5es de habitantes, pode ser um mercado para o a\u00e7o brasileiro, tranquilamente, porque o Vietn\u00e3 n\u00e3o produz tanto a\u00e7o assim.\u201d<\/p>\n<p>No in\u00edcio de agosto, o ministro da Agricultura, Carlos F\u00e1varo, disse que o governo avalia quase 400 mercados para o Brasil diversificar suas exporta\u00e7\u00f5es para aliviar impactos do tarifa\u00e7o imposto pelo presidente dos EUA, Donald Trump. F\u00e1varo citou nominalmente apenas tr\u00eas, entre eles, o Vietn\u00e3.<\/p>\n<p>\u201cO Vietn\u00e3 deve ser visto como parceiro estrat\u00e9gico e preferencial para o Brasil por conta do tarifa\u00e7o\u201d, resume Jabbour.<\/p>\n<h3>Ho Chi Min no Brasil<\/h3>\n<p>Oficialmente as rela\u00e7\u00f5es entre os dois pa\u00edses foram estabelecidas em 1989, mas bi\u00f3grafos de Ho Chi Minh afirmam que o l\u00edder vietnamita passou tr\u00eas meses no Brasil em 1912, quando era ajudante de cozinha em um navio que passou pela Am\u00e9rica do Sul. Doente, teria sido deixado no Rio de Janeiro, onde morou em Santa Tereza e teria se sustentado trabalhando em um restaurante na Lapa.<\/p>\n<p>Se esta hist\u00f3ria carece de documenta\u00e7\u00e3o, \u00e9 fato que Ho Chi Minh citou, em um artigo, o caso de um l\u00edder sindical brasileiro, Jos\u00e9 Leandro da Silva, conhecido como Pernambuco, que comandou uma greve de marinheiros em 1921. Ele foi baleado e condenado a 30 anos de cadeia, mas foi novamente julgado e absolvido em 1924. Sua hist\u00f3ria foi narrada por Ho Chi Minh no artigo Solidariedade de Classes:<\/p>\n<p>\u201cO veredicto foi recebido com uma torrente de aplausos. E Jos\u00e9, o grevista negro, deixou-se cair nos bra\u00e7os de seus companheiros e defensores, os delegados de trabalhadores brancos. Pois, apesar da multiplicidade de cores, existem apenas duas ra\u00e7as no universo: a dos exploradores e a dos explorados. E h\u00e1 apenas uma verdadeira fraternidade: a fraternidade prolet\u00e1ria\u201d.<\/p>\n<p>O post Heran\u00e7a da revolu\u00e7\u00e3o, crescimento do Vietn\u00e3 \u00e9 oportunidade para economia brasileira apareceu primeiro em Opera Mundi.<\/p>\n<!-- Begin Yuzo --><div class='yuzo_related_post style-1'  data-version='5.12.89'><!-- without result --><div class='yuzo_clearfixed yuzo__title yuzo__title'><h3>Related Post<\/h3><\/div>\n\t\t\t\t\t\t  <div class=\"relatedthumb \" style=\"width:125px;float:left;overflow:hidden;\">  \n\t\t\t\t\t\t\t  \n\t\t\t\t\t\t\t  <a  href=\"https:\/\/redept.com.br\/blogosfera\/toffoli-rifado-por-lula-carta-branca-a-pf-no-escandalo-do-banco-master-gera-incomodo-no-stf\/\"  >\n\t\t\t\t\t\t\t\t\t  <div class=\"yuzo-img-wrap \" style=\"width: 125px;height:90px;\">\n\t\t\t\t\t\t\t\t\t\t\n\t\t\t\t\t\t\t\t\t\t<div class=\"yuzo-img\" style=\"background:url('https:\/\/redept.org\/blogosfera\/wp-content\/plugins\/yuzo-related-post\/assets\/images\/default.png') 50% 50% no-repeat;width: 125px;height:90px;margin-bottom: 5px;background-size: cover; \"><\/div>\n\t\t\t\t\t\t\t\t\t  <\/div>\n\t\t\t\t\t\t\t\t\t  \n\t\t\t\t\t\t\t\t   <span class=\"yuzo__text--title\" style=\"font-size:13px;\">Toffoli \u2018rifado\u2019 por Lula? carta branca \u00e0 PF no es...<\/span>\n\t\t\t\t\t\t\t  \n\t\t\t\t\t\t\t  \n\t\t\t\t\t\t\t  <\/a>\n\n\t\t\t\t\t\t  <\/div>\n\t\t\t\t\t\t  <div class=\"relatedthumb \" style=\"width:125px;float:left;overflow:hidden;\">  \n\t\t\t\t\t\t\t  \n\t\t\t\t\t\t\t  <a  href=\"https:\/\/redept.com.br\/blogosfera\/pablo-marcal-e-condenado-e-declarado-inelegivel-pela-terceira-vez\/\"  >\n\t\t\t\t\t\t\t\t\t  <div class=\"yuzo-img-wrap \" style=\"width: 125px;height:90px;\">\n\t\t\t\t\t\t\t\t\t\t\n\t\t\t\t\t\t\t\t\t\t<div class=\"yuzo-img\" style=\"background:url('https:\/\/redept.org\/blogosfera\/wp-content\/plugins\/yuzo-related-post\/assets\/images\/default.png') 50% 50% no-repeat;width: 125px;height:90px;margin-bottom: 5px;background-size: cover; \"><\/div>\n\t\t\t\t\t\t\t\t\t  <\/div>\n\t\t\t\t\t\t\t\t\t  \n\t\t\t\t\t\t\t\t   <span class=\"yuzo__text--title\" style=\"font-size:13px;\">Pablo Mar\u00e7al \u00e9 condenado e declarado ineleg\u00edvel pe...<\/span>\n\t\t\t\t\t\t\t  \n\t\t\t\t\t\t\t  \n\t\t\t\t\t\t\t  <\/a>\n\n\t\t\t\t\t\t  <\/div>\n\t\t\t\t\t\t  <div class=\"relatedthumb \" style=\"width:125px;float:left;overflow:hidden;\">  \n\t\t\t\t\t\t\t  \n\t\t\t\t\t\t\t  <a  href=\"https:\/\/redept.com.br\/blogosfera\/do-ancestral-ao-politico-encontro-de-saberes-da-caatinga-defende-patrimonios-do-bem-viver\/\"  >\n\t\t\t\t\t\t\t\t\t  <div class=\"yuzo-img-wrap \" style=\"width: 125px;height:90px;\">\n\t\t\t\t\t\t\t\t\t\t\n\t\t\t\t\t\t\t\t\t\t<div class=\"yuzo-img\" style=\"background:url('https:\/\/redept.org\/blogosfera\/wp-content\/plugins\/yuzo-related-post\/assets\/images\/default.png') 50% 50% no-repeat;width: 125px;height:90px;margin-bottom: 5px;background-size: cover; \"><\/div>\n\t\t\t\t\t\t\t\t\t  <\/div>\n\t\t\t\t\t\t\t\t\t  \n\t\t\t\t\t\t\t\t   <span class=\"yuzo__text--title\" style=\"font-size:13px;\">Do ancestral ao pol\u00edtico: Encontro de Saberes da C...<\/span>\n\t\t\t\t\t\t\t  \n\t\t\t\t\t\t\t  \n\t\t\t\t\t\t\t  <\/a>\n\n\t\t\t\t\t\t  <\/div>\n\t\t\t\t\t\t  <div class=\"relatedthumb \" style=\"width:125px;float:left;overflow:hidden;\">  \n\t\t\t\t\t\t\t  \n\t\t\t\t\t\t\t  <a  href=\"https:\/\/redept.com.br\/blogosfera\/governo-reune-mais-de-100-procons-para-fiscalizar-combustiveis\/\"  >\n\t\t\t\t\t\t\t\t\t  <div class=\"yuzo-img-wrap \" style=\"width: 125px;height:90px;\">\n\t\t\t\t\t\t\t\t\t\t\n\t\t\t\t\t\t\t\t\t\t<div class=\"yuzo-img\" style=\"background:url('https:\/\/redept.com.br\/blogosfera\/wp-content\/uploads\/2026\/03\/diesel-Fernando-Frazao-Agencia-Brasil-150x150.jpg') 50% 50% no-repeat;width: 125px;height:90px;margin-bottom: 5px;background-size: cover; \"><\/div>\n\t\t\t\t\t\t\t\t\t  <\/div>\n\t\t\t\t\t\t\t\t\t  \n\t\t\t\t\t\t\t\t   <span class=\"yuzo__text--title\" style=\"font-size:13px;\">Governo re\u00fane mais de 100 Procons para fiscalizar ...<\/span>\n\t\t\t\t\t\t\t  \n\t\t\t\t\t\t\t  \n\t\t\t\t\t\t\t  <\/a>\n\n\t\t\t\t\t\t  <\/div>\n<\/div> <script>\n\t\t\t\t\t\t  jQuery(document).ready(function( $ ){\n\t\t\t\t\t\t\t\/\/jQuery('.yuzo_related_post').equalizer({ overflow : 'relatedthumb' });\n\t\t\t\t\t\t\tjQuery('.yuzo_related_post .yuzo_wraps').equalizer({ columns : '> div' });\n\t\t\t\t\t\t   })\n\t\t\t\t\t\t  <\/script> <!-- End Yuzo :) -->","protected":false},"excerpt":{"rendered":"<p>Oitenta anos ap\u00f3s a independ\u00eancia colonial, celebrados nesta ter\u00e7a-feira (02\/09), o Vietn\u00e3 conseguiu superar d\u00e9cadas de agress\u00e3o imperialista e se tornar uma das economias que mais crescem no mundo. E os frutos dessa prosperidade podem beneficiar o Brasil, que investe na aproxima\u00e7\u00e3o comercial entre os dois pa\u00edses. A balan\u00e7a comercial apresentou saldo positivo para o [\u2026]<\/p>\n<p>O post <a href=\"https:\/\/operamundi.uol.com.br\/politica-e-economia\/heranca-da-revolucao-crescimento-robusto-do-vietna-e-oportunidade-para-economia-brasileira\/\">Heran\u00e7a da revolu\u00e7\u00e3o, crescimento do Vietn\u00e3 \u00e9 oportunidade para economia brasileira<\/a> apareceu primeiro em <a href=\"https:\/\/operamundi.uol.com.br\/\">Opera Mundi<\/a>.<\/p>\n","protected":false},"author":2,"featured_media":49216,"comment_status":"closed","ping_status":"closed","sticky":false,"template":"","format":"standard","meta":{"fifu_image_url":"","fifu_image_alt":"","footnotes":""},"categories":[45,394,23,9279,17534,5518,1485],"tags":[],"class_list":["post-49215","post","type-post","status-publish","format-standard","has-post-thumbnail","hentry","category-brasil","category-estados-unidos","category-guerra","category-independencia","category-parceira-comercial","category-politica-e-economia","category-vietna"],"_links":{"self":[{"href":"https:\/\/redept.com.br\/blogosfera\/wp-json\/wp\/v2\/posts\/49215","targetHints":{"allow":["GET"]}}],"collection":[{"href":"https:\/\/redept.com.br\/blogosfera\/wp-json\/wp\/v2\/posts"}],"about":[{"href":"https:\/\/redept.com.br\/blogosfera\/wp-json\/wp\/v2\/types\/post"}],"author":[{"embeddable":true,"href":"https:\/\/redept.com.br\/blogosfera\/wp-json\/wp\/v2\/users\/2"}],"replies":[{"embeddable":true,"href":"https:\/\/redept.com.br\/blogosfera\/wp-json\/wp\/v2\/comments?post=49215"}],"version-history":[{"count":0,"href":"https:\/\/redept.com.br\/blogosfera\/wp-json\/wp\/v2\/posts\/49215\/revisions"}],"wp:featuredmedia":[{"embeddable":true,"href":"https:\/\/redept.com.br\/blogosfera\/wp-json\/wp\/v2\/media\/49216"}],"wp:attachment":[{"href":"https:\/\/redept.com.br\/blogosfera\/wp-json\/wp\/v2\/media?parent=49215"}],"wp:term":[{"taxonomy":"category","embeddable":true,"href":"https:\/\/redept.com.br\/blogosfera\/wp-json\/wp\/v2\/categories?post=49215"},{"taxonomy":"post_tag","embeddable":true,"href":"https:\/\/redept.com.br\/blogosfera\/wp-json\/wp\/v2\/tags?post=49215"}],"curies":[{"name":"wp","href":"https:\/\/api.w.org\/{rel}","templated":true}]}}