{"id":49363,"date":"2025-09-03T14:40:56","date_gmt":"2025-09-03T17:40:56","guid":{"rendered":"https:\/\/redept.org\/blogosfera\/eduardo-galeano-verbo-presente-da-luta-e-da-esperanca\/"},"modified":"2025-09-03T14:40:56","modified_gmt":"2025-09-03T17:40:56","slug":"eduardo-galeano-verbo-presente-da-luta-e-da-esperanca","status":"publish","type":"post","link":"https:\/\/redept.com.br\/blogosfera\/eduardo-galeano-verbo-presente-da-luta-e-da-esperanca\/","title":{"rendered":"Eduardo Galeano: verbo presente da luta e da esperan\u00e7a"},"content":{"rendered":"<figure><img fetchpriority=\"high\" fetchpriority=\"high\" decoding=\"async\" width=\"1024\" height=\"597\"src=\"https:\/\/redept.org\/blogosfera\/wp-content\/uploads\/2025\/09\/image-3.jpg\" alt=\"\" srcset=\"https:\/\/mst.org.br\/wp-content\/uploads\/2025\/09\/image-3-1024x597.jpg 1024w, https:\/\/mst.org.br\/wp-content\/uploads\/2025\/09\/image-3-300x175.jpg 300w, https:\/\/mst.org.br\/wp-content\/uploads\/2025\/09\/image-3-768x448.jpg 768w, https:\/\/redept.org\/blogosfera\/wp-content\/uploads\/2025\/09\/image-3.jpg 1200w\" sizes=\"(max-width: 1024px) 100vw, 1024px\"><figcaption><em>Foto: Reprodu\u00e7\u00e3o<\/em><\/figcaption><\/figure>\n<p><em>Por Setor de Internacionalismo do MST<br \/>Da P\u00e1gina do MST<\/em><\/p>\n<p>Em Montevid\u00e9u, Uruguai, em 3 de setembro de 1940 nascia Eduardo Galeano. Num dia como este, o mundo ganhava n\u00e3o um simples escritor, mas um lutador, que usava as palavras para revelar as contradi\u00e7\u00f5es da hist\u00f3ria oficial e para mostrar a terra f\u00e9rtil e sangrenta da nossa Am\u00e9rica. Perdemos sua companhia f\u00edsica em 2015, mas Galeano n\u00e3o \u00e9 passado. \u00c9 verbo no presente cont\u00ednuo da luta.<\/p>\n<p>Galeano foi ensa\u00edsta, historiador e ficcionista. Revelou as verdades dos despossu\u00eddos, aquele que trouxe \u00e0 luz a mem\u00f3ria que o poder insiste em ocultar, aquele que desenterrou a mem\u00f3ria que o poder tenta nos fazer esquecer. \u00c9 autor do famoso livro \u201cAs Veias Abertas da Am\u00e9rica Latina\u201d. Uma arma de conscientiza\u00e7\u00e3o em massa que desnudou cinco s\u00e9culos de pilhagem, de um continente saqueado e transformado em ferida aberta em benef\u00edcio do capital. Esse livro, mais do que uma den\u00fancia, \u00e9 um certificado de nascimento da nossa raiva justa e um mapa para a nossa liberta\u00e7\u00e3o.<\/p>\n<p>Publicou dezenas de livros, sua escrita \u00e9 jornalismo, \u00e9 hist\u00f3ria, \u00e9 poesia, \u00e9 panfleto. \u00c9, acima de tudo, um ato militante. Sofreu persegui\u00e7\u00e3o pol\u00edtica dos governos ditatoriais, que assolaram o continente latino-americano, sob o patroc\u00ednio dos governos estadunidenses, for\u00e7ou-o a viver doze anos no ex\u00edlio (1973-1985), numa frustrada tentativa de isol\u00e1-lo do seu povo e enfraquecer seu amor por seu pa\u00eds. Seus algozes desconheciam o sangue latino-americano que corria em suas veias.<\/p>\n<p>O ex\u00edlio e as ditaduras latino-americanas forjaram sua t\u00eampera revolucion\u00e1ria. E a radicalidade de sua atua\u00e7\u00e3o pol\u00edtica foi sempre alimentada por um intransigente humanismo e solidariedade em defesa de todas as v\u00edtimas do sistema opressor. Sabia que uma nova realidade seria protagonizada pelo povo oprimido. Escreveu: \u201co corpo n\u00e3o \u00e9 uma m\u00e1quina como nos diz a ci\u00eancia. Nem uma culpa como nos faz crer a religi\u00e3o. O corpo \u00e9 uma festa\u201d. Uma festa que um dia, sob o legado que esse companheiro nos deixou, ir\u00e1 se realizar nesse continente, onde n\u00e3o haver\u00e1 exploradores e explorados.<\/p>\n<p>O MST homenageia escolas com seu nome, como a Escola Eduardo Galeano, em Minas Gerais, reconstru\u00edda pela m\u00e3o e pela vontade coletiva do povo. N\u00e3o \u00e9 uma homenagem simb\u00f3lica; \u00e9 um ato de reconhecimento. \u00c9 declarar que aquele espa\u00e7o de forma\u00e7\u00e3o n\u00e3o \u00e9 neutro: \u00e9 um territ\u00f3rio galeaniano, onde se estuda para desobedecer, para lembrar, para organizar a esperan\u00e7a.<\/p>\n<p>Portanto, hoje n\u00e3o \u00e9 um dia apenas de mem\u00f3ria. \u00c9 dia de relembrar que a utopia n\u00e3o \u00e9 um lugar inalcan\u00e7\u00e1vel, mas um horizonte para o qual se caminha todos os dias, como ele mesmo dizia. \u00c9 dia de reabrir seus livros e neles encontrar n\u00e3o uma narrativa conformista, mas um combust\u00edvel para a a\u00e7\u00e3o.<\/p>\n<p>Galeano presente!<\/p>\n<p><em>*Editado por Fernanda Alc\u00e2ntara<\/em><\/p>\n<p>O post <a href=\"https:\/\/mst.org.br\/2025\/09\/03\/eduardo-galeano-verbo-presente-da-luta-e-da-esperanca\/\">Eduardo Galeano: verbo presente da luta e da esperan\u00e7a<\/a> apareceu primeiro em <a href=\"https:\/\/mst.org.br\/\">MST<\/a>.<\/p>\n<!-- Begin Yuzo --><div class='yuzo_related_post style-1'  data-version='5.12.89'><!-- without result --><div class='yuzo_clearfixed yuzo__title yuzo__title'><h3>Related Post<\/h3><\/div>\n\t\t\t\t\t\t  <div class=\"relatedthumb \" style=\"width:125px;float:left;overflow:hidden;\">  \n\t\t\t\t\t\t\t  \n\t\t\t\t\t\t\t  <a  href=\"https:\/\/redept.com.br\/blogosfera\/com-piso-salarial-maior-professores-pagarao-menos-imposto\/\"  >\n\t\t\t\t\t\t\t\t\t  <div class=\"yuzo-img-wrap \" style=\"width: 125px;height:90px;\">\n\t\t\t\t\t\t\t\t\t\t\n\t\t\t\t\t\t\t\t\t\t<div class=\"yuzo-img\" style=\"background:url('https:\/\/redept.com.br\/blogosfera\/wp-content\/uploads\/2026\/01\/55054272458_c54bd3fd45_k-150x150.jpg') 50% 50% no-repeat;width: 125px;height:90px;margin-bottom: 5px;background-size: cover; \"><\/div>\n\t\t\t\t\t\t\t\t\t  <\/div>\n\t\t\t\t\t\t\t\t\t  \n\t\t\t\t\t\t\t\t   <span class=\"yuzo__text--title\" style=\"font-size:13px;\">Com piso salarial maior, professores pagar\u00e3o menos...<\/span>\n\t\t\t\t\t\t\t  \n\t\t\t\t\t\t\t  \n\t\t\t\t\t\t\t  <\/a>\n\n\t\t\t\t\t\t  <\/div>\n\t\t\t\t\t\t  <div class=\"relatedthumb \" style=\"width:125px;float:left;overflow:hidden;\">  \n\t\t\t\t\t\t\t  \n\t\t\t\t\t\t\t  <a  href=\"https:\/\/redept.com.br\/blogosfera\/salvador-rodoviarios-marcam-greve-para-quinta-dia-29\/\"  >\n\t\t\t\t\t\t\t\t\t  <div class=\"yuzo-img-wrap \" style=\"width: 125px;height:90px;\">\n\t\t\t\t\t\t\t\t\t\t\n\t\t\t\t\t\t\t\t\t\t<div class=\"yuzo-img\" style=\"background:url('https:\/\/redept.org\/blogosfera\/wp-content\/plugins\/yuzo-related-post\/assets\/images\/default.png') 50% 50% no-repeat;width: 125px;height:90px;margin-bottom: 5px;background-size: cover; \"><\/div>\n\t\t\t\t\t\t\t\t\t  <\/div>\n\t\t\t\t\t\t\t\t\t  \n\t\t\t\t\t\t\t\t   <span class=\"yuzo__text--title\" style=\"font-size:13px;\">Salvador: Rodovi\u00e1rios marcam greve para quinta, di...<\/span>\n\t\t\t\t\t\t\t  \n\t\t\t\t\t\t\t  \n\t\t\t\t\t\t\t  <\/a>\n\n\t\t\t\t\t\t  <\/div>\n\t\t\t\t\t\t  <div class=\"relatedthumb \" style=\"width:125px;float:left;overflow:hidden;\">  \n\t\t\t\t\t\t\t  \n\t\t\t\t\t\t\t  <a  href=\"https:\/\/redept.com.br\/blogosfera\/golpe-de-31-de-marco-62-anos-depois\/\"  >\n\t\t\t\t\t\t\t\t\t  <div class=\"yuzo-img-wrap \" style=\"width: 125px;height:90px;\">\n\t\t\t\t\t\t\t\t\t\t\n\t\t\t\t\t\t\t\t\t\t<div class=\"yuzo-img\" style=\"background:url('https:\/\/redept.com.br\/blogosfera\/wp-content\/uploads\/2026\/03\/Auro_empossa_Mazzilli-150x150.jpg') 50% 50% no-repeat;width: 125px;height:90px;margin-bottom: 5px;background-size: cover; \"><\/div>\n\t\t\t\t\t\t\t\t\t  <\/div>\n\t\t\t\t\t\t\t\t\t  \n\t\t\t\t\t\t\t\t   <span class=\"yuzo__text--title\" style=\"font-size:13px;\">Golpe de 31 de mar\u00e7o: 62 anos depois<\/span>\n\t\t\t\t\t\t\t  \n\t\t\t\t\t\t\t  \n\t\t\t\t\t\t\t  <\/a>\n\n\t\t\t\t\t\t  <\/div>\n\t\t\t\t\t\t  <div class=\"relatedthumb \" style=\"width:125px;float:left;overflow:hidden;\">  \n\t\t\t\t\t\t\t  \n\t\t\t\t\t\t\t  <a  href=\"https:\/\/redept.com.br\/blogosfera\/cessar-fogo-em-gaza-conheca-cronograma-ja-estipulado-e-aspectos-pendentes\/\"  >\n\t\t\t\t\t\t\t\t\t  <div class=\"yuzo-img-wrap \" style=\"width: 125px;height:90px;\">\n\t\t\t\t\t\t\t\t\t\t\n\t\t\t\t\t\t\t\t\t\t<div class=\"yuzo-img\" style=\"background:url('https:\/\/redept.com.br\/blogosfera\/wp-content\/uploads\/2025\/10\/un-150x150.jpg') 50% 50% no-repeat;width: 125px;height:90px;margin-bottom: 5px;background-size: cover; \"><\/div>\n\t\t\t\t\t\t\t\t\t  <\/div>\n\t\t\t\t\t\t\t\t\t  \n\t\t\t\t\t\t\t\t   <span class=\"yuzo__text--title\" style=\"font-size:13px;\">Cessar-fogo em Gaza: conhe\u00e7a cronograma j\u00e1 estipul...<\/span>\n\t\t\t\t\t\t\t  \n\t\t\t\t\t\t\t  \n\t\t\t\t\t\t\t  <\/a>\n\n\t\t\t\t\t\t  <\/div>\n<\/div> <script>\n\t\t\t\t\t\t  jQuery(document).ready(function( $ ){\n\t\t\t\t\t\t\t\/\/jQuery('.yuzo_related_post').equalizer({ overflow : 'relatedthumb' });\n\t\t\t\t\t\t\tjQuery('.yuzo_related_post .yuzo_wraps').equalizer({ columns : '> div' });\n\t\t\t\t\t\t   })\n\t\t\t\t\t\t  <\/script> <!-- End Yuzo :) -->","protected":false},"excerpt":{"rendered":"<p>Foto: Reprodu\u00e7\u00e3o Por Setor de Internacionalismo do MSTDa P\u00e1gina do MST Em Montevid\u00e9u, Uruguai, em 3 de setembro de 1940 nascia Eduardo Galeano. Num dia como este, o mundo ganhava n\u00e3o um simples escritor, mas um lutador, que usava as palavras para revelar as contradi\u00e7\u00f5es da hist\u00f3ria oficial e para mostrar a terra f\u00e9rtil e [&hellip;]<\/p>\n","protected":false},"author":2,"featured_media":0,"comment_status":"open","ping_status":"closed","sticky":false,"template":"","format":"standard","meta":{"fifu_image_url":"","fifu_image_alt":"","footnotes":""},"categories":[3406,309,5502,8,191],"tags":[],"class_list":["post-49363","post","type-post","status-publish","format-standard","hentry","category-america-latina-e-caribe","category-cultura","category-eduardo-galeano","category-literatura","category-noticias"],"_links":{"self":[{"href":"https:\/\/redept.com.br\/blogosfera\/wp-json\/wp\/v2\/posts\/49363","targetHints":{"allow":["GET"]}}],"collection":[{"href":"https:\/\/redept.com.br\/blogosfera\/wp-json\/wp\/v2\/posts"}],"about":[{"href":"https:\/\/redept.com.br\/blogosfera\/wp-json\/wp\/v2\/types\/post"}],"author":[{"embeddable":true,"href":"https:\/\/redept.com.br\/blogosfera\/wp-json\/wp\/v2\/users\/2"}],"replies":[{"embeddable":true,"href":"https:\/\/redept.com.br\/blogosfera\/wp-json\/wp\/v2\/comments?post=49363"}],"version-history":[{"count":0,"href":"https:\/\/redept.com.br\/blogosfera\/wp-json\/wp\/v2\/posts\/49363\/revisions"}],"wp:attachment":[{"href":"https:\/\/redept.com.br\/blogosfera\/wp-json\/wp\/v2\/media?parent=49363"}],"wp:term":[{"taxonomy":"category","embeddable":true,"href":"https:\/\/redept.com.br\/blogosfera\/wp-json\/wp\/v2\/categories?post=49363"},{"taxonomy":"post_tag","embeddable":true,"href":"https:\/\/redept.com.br\/blogosfera\/wp-json\/wp\/v2\/tags?post=49363"}],"curies":[{"name":"wp","href":"https:\/\/api.w.org\/{rel}","templated":true}]}}