{"id":49584,"date":"2025-09-04T11:18:36","date_gmt":"2025-09-04T14:18:36","guid":{"rendered":"https:\/\/redept.org\/blogosfera\/anistia-que-tarcisio-quer-e-imundicie-que-so-tem-espaco-no-esgoto-do-bolsonarismo-diz-humberto-costa\/"},"modified":"2025-09-04T11:18:36","modified_gmt":"2025-09-04T14:18:36","slug":"anistia-que-tarcisio-quer-e-imundicie-que-so-tem-espaco-no-esgoto-do-bolsonarismo-diz-humberto-costa","status":"publish","type":"post","link":"https:\/\/redept.com.br\/blogosfera\/anistia-que-tarcisio-quer-e-imundicie-que-so-tem-espaco-no-esgoto-do-bolsonarismo-diz-humberto-costa\/","title":{"rendered":"Anistia que Tarc\u00edsio quer \u201c\u00e9 imund\u00edcie que s\u00f3 tem espa\u00e7o no esgoto do bolsonarismo\u201d, diz Humberto Costa"},"content":{"rendered":"<p>Senador mostra editoriais Folha, Globo e Estad\u00e3o, sobre plano do governador de SP, que est\u00e1 &#8220;causando indigna\u00e7\u00e3o social&#8221; &#8211; ENTENDA<\/p>\n<p>O post Anistia que Tarc\u00edsio quer \u201c\u00e9 imund\u00edcie que s\u00f3 tem espa\u00e7o no esgoto do bolsonarismo\u201d, diz Humberto Costa apareceu primeiro em .<\/p>\n<!-- Begin Yuzo --><div class='yuzo_related_post style-1'  data-version='5.12.89'><!-- without result --><div class='yuzo_clearfixed yuzo__title yuzo__title'><h3>Related Post<\/h3><\/div>\n\t\t\t\t\t\t  <div class=\"relatedthumb \" style=\"width:125px;float:left;overflow:hidden;\">  \n\t\t\t\t\t\t\t  \n\t\t\t\t\t\t\t  <a  href=\"https:\/\/redept.com.br\/blogosfera\/curitiba-e-londrina-sediam-crb-para-debater-conjuntura-brasileira\/\"  >\n\t\t\t\t\t\t\t\t\t  <div class=\"yuzo-img-wrap \" style=\"width: 125px;height:90px;\">\n\t\t\t\t\t\t\t\t\t\t\n\t\t\t\t\t\t\t\t\t\t<div class=\"yuzo-img\" style=\"background:url('https:\/\/redept.com.br\/blogosfera\/wp-content\/uploads\/2025\/04\/Joao-Pedro-Stedile-dirigente-nacional-do-MST-Foto_-Rafael-Stedile-150x150.jpg') 50% 50% no-repeat;width: 125px;height:90px;margin-bottom: 5px;background-size: cover; \"><\/div>\n\t\t\t\t\t\t\t\t\t  <\/div>\n\t\t\t\t\t\t\t\t\t  \n\t\t\t\t\t\t\t\t   <span class=\"yuzo__text--title\" style=\"font-size:13px;\">Curitiba e Londrina sediam CRB para debater conjun...<\/span>\n\t\t\t\t\t\t\t  \n\t\t\t\t\t\t\t  \n\t\t\t\t\t\t\t  <\/a>\n\n\t\t\t\t\t\t  <\/div>\n\t\t\t\t\t\t  <div class=\"relatedthumb \" style=\"width:125px;float:left;overflow:hidden;\">  \n\t\t\t\t\t\t\t  \n\t\t\t\t\t\t\t  <a  href=\"https:\/\/redept.com.br\/blogosfera\/libano-acusa-israel-de-criar-ilusao-de-otica-em-acordo-sobre-zonas-piloto-no-sul-do-pais\/\"  >\n\t\t\t\t\t\t\t\t\t  <div class=\"yuzo-img-wrap \" style=\"width: 125px;height:90px;\">\n\t\t\t\t\t\t\t\t\t\t\n\t\t\t\t\t\t\t\t\t\t<div class=\"yuzo-img\" style=\"background:url('https:\/\/redept.com.br\/blogosfera\/wp-content\/uploads\/2026\/07\/hm2mqevxmaa0dnd-150x150.jpg') 50% 50% no-repeat;width: 125px;height:90px;margin-bottom: 5px;background-size: cover; \"><\/div>\n\t\t\t\t\t\t\t\t\t  <\/div>\n\t\t\t\t\t\t\t\t\t  \n\t\t\t\t\t\t\t\t   <span class=\"yuzo__text--title\" style=\"font-size:13px;\">L\u00edbano acusa Israel de criar \u2018ilus\u00e3o de \u00f3tica\u2019 em ...<\/span>\n\t\t\t\t\t\t\t  \n\t\t\t\t\t\t\t  \n\t\t\t\t\t\t\t  <\/a>\n\n\t\t\t\t\t\t  <\/div>\n\t\t\t\t\t\t  <div class=\"relatedthumb \" style=\"width:125px;float:left;overflow:hidden;\">  \n\t\t\t\t\t\t\t  \n\t\t\t\t\t\t\t  <a  href=\"https:\/\/redept.com.br\/blogosfera\/faixa-com-apologia-ao-estupro-leva-a-expulsao-de-12-alunos-de-medicina\/\"  >\n\t\t\t\t\t\t\t\t\t  <div class=\"yuzo-img-wrap \" style=\"width: 125px;height:90px;\">\n\t\t\t\t\t\t\t\t\t\t\n\t\t\t\t\t\t\t\t\t\t<div class=\"yuzo-img\" style=\"background:url('https:\/\/redept.com.br\/blogosfera\/wp-content\/uploads\/2025\/04\/calouros-da-atletica-de-medicina-da-faculdade-santa-marcelina-posam-com-faixa-que-faz-apologia-ao-estupro-1742380604374_v2_900x506jpg-150x150.webp') 50% 50% no-repeat;width: 125px;height:90px;margin-bottom: 5px;background-size: cover; \"><\/div>\n\t\t\t\t\t\t\t\t\t  <\/div>\n\t\t\t\t\t\t\t\t\t  \n\t\t\t\t\t\t\t\t   <span class=\"yuzo__text--title\" style=\"font-size:13px;\">Faixa com apologia ao estupro leva \u00e0 expuls\u00e3o de 1...<\/span>\n\t\t\t\t\t\t\t  \n\t\t\t\t\t\t\t  \n\t\t\t\t\t\t\t  <\/a>\n\n\t\t\t\t\t\t  <\/div>\n\t\t\t\t\t\t  <div class=\"relatedthumb \" style=\"width:125px;float:left;overflow:hidden;\">  \n\t\t\t\t\t\t\t  \n\t\t\t\t\t\t\t  <a  href=\"https:\/\/sul21.com.br\/noticias\/internacional\/2025\/10\/em-meio-ao-genocidio-criancas-de-gaza-se-expressam-atraves-de-poemas-e-pecas-de-teatro\/\"  >\n\t\t\t\t\t\t\t\t\t  <div class=\"yuzo-img-wrap \" style=\"width: 125px;height:90px;\">\n\t\t\t\t\t\t\t\t\t\t\n\t\t\t\t\t\t\t\t\t\t<div class=\"yuzo-img\" style=\"background:url('https:\/\/sul21.com.br\/wp-content\/uploads\/2025\/10\/Fatemaspoem.webp') 50% 50% no-repeat;width: 125px;height:90px;margin-bottom: 5px;background-size: cover; \"><\/div>\n\t\t\t\t\t\t\t\t\t  <\/div>\n\t\t\t\t\t\t\t\t\t  \n\t\t\t\t\t\t\t\t   <span class=\"yuzo__text--title\" style=\"font-size:13px;\">Em meio ao genoc\u00eddio, crian\u00e7as de Gaza se expressa...<\/span>\n\t\t\t\t\t\t\t  \n\t\t\t\t\t\t\t  \n\t\t\t\t\t\t\t  <\/a>\n\n\t\t\t\t\t\t  <\/div>\n<\/div> <script>\n\t\t\t\t\t\t  jQuery(document).ready(function( $ ){\n\t\t\t\t\t\t\t\/\/jQuery('.yuzo_related_post').equalizer({ overflow : 'relatedthumb' });\n\t\t\t\t\t\t\tjQuery('.yuzo_related_post .yuzo_wraps').equalizer({ columns : '> div' });\n\t\t\t\t\t\t   })\n\t\t\t\t\t\t  <\/script> <!-- End Yuzo :) -->","protected":false},"excerpt":{"rendered":"<p>Senador mostra editoriais Folha, Globo e Estad\u00e3o, sobre plano do governador de SP, que est\u00e1 &#8220;causando indigna\u00e7\u00e3o social&#8221; &#8211; ENTENDA<\/p>\n<p>O post <a rel=\"nofollow\" href=\"https:\/\/urbsmagna.com\/anistia-bolsonaro-tarcisio-golpistas-indignacao-democracia-brasil\/\">Anistia que Tarc\u00edsio quer \u201c\u00e9 imund\u00edcie que s\u00f3 tem espa\u00e7o no esgoto do bolsonarismo\u201d, diz Humberto Costa<\/a> apareceu primeiro em <a rel=\"nofollow\" href=\"https:\/\/urbsmagna.com\/\"><\/a>.<\/p>\n","protected":false},"author":2,"featured_media":0,"comment_status":"open","ping_status":"closed","sticky":false,"template":"","format":"standard","meta":{"fifu_image_url":"","fifu_image_alt":"","footnotes":""},"categories":[1269,970,114,1390,45,395,388,3807,536,5048,1933,972,5473,17814,2366,288,191,2773,132,5471,11,260,12623,254],"tags":[],"class_list":["post-49584","post","type-post","status-publish","format-standard","hentry","category-8-de-janeiro","category-anistia","category-bolsonarismo","category-bolsonaro","category-brasil","category-centrao","category-congresso-nacional","category-constituicao","category-democracia","category-estadao","category-folha","category-golpistas","category-humberto-costa","category-indignacao-social","category-jornalismo","category-justica","category-noticias","category-o-globo","category-politica","category-politica-nacional","category-redes-sociais","category-stf","category-supremo-tribunal-federal-stf","category-tarcisio-de-freitas"],"_links":{"self":[{"href":"https:\/\/redept.com.br\/blogosfera\/wp-json\/wp\/v2\/posts\/49584","targetHints":{"allow":["GET"]}}],"collection":[{"href":"https:\/\/redept.com.br\/blogosfera\/wp-json\/wp\/v2\/posts"}],"about":[{"href":"https:\/\/redept.com.br\/blogosfera\/wp-json\/wp\/v2\/types\/post"}],"author":[{"embeddable":true,"href":"https:\/\/redept.com.br\/blogosfera\/wp-json\/wp\/v2\/users\/2"}],"replies":[{"embeddable":true,"href":"https:\/\/redept.com.br\/blogosfera\/wp-json\/wp\/v2\/comments?post=49584"}],"version-history":[{"count":0,"href":"https:\/\/redept.com.br\/blogosfera\/wp-json\/wp\/v2\/posts\/49584\/revisions"}],"wp:attachment":[{"href":"https:\/\/redept.com.br\/blogosfera\/wp-json\/wp\/v2\/media?parent=49584"}],"wp:term":[{"taxonomy":"category","embeddable":true,"href":"https:\/\/redept.com.br\/blogosfera\/wp-json\/wp\/v2\/categories?post=49584"},{"taxonomy":"post_tag","embeddable":true,"href":"https:\/\/redept.com.br\/blogosfera\/wp-json\/wp\/v2\/tags?post=49584"}],"curies":[{"name":"wp","href":"https:\/\/api.w.org\/{rel}","templated":true}]}}