{"id":49747,"date":"2025-09-04T20:11:23","date_gmt":"2025-09-04T23:11:23","guid":{"rendered":"https:\/\/redept.org\/blogosfera\/vila-esperanca-e-vale-da-conquista-resistem-pelo-direito-a-moradia-no-espirito-santo\/"},"modified":"2025-09-04T20:11:23","modified_gmt":"2025-09-04T23:11:23","slug":"vila-esperanca-e-vale-da-conquista-resistem-pelo-direito-a-moradia-no-espirito-santo","status":"publish","type":"post","link":"https:\/\/redept.com.br\/blogosfera\/vila-esperanca-e-vale-da-conquista-resistem-pelo-direito-a-moradia-no-espirito-santo\/","title":{"rendered":"Vila Esperan\u00e7a e Vale da Conquista resistem pelo direito \u00e0 moradia no Esp\u00edrito Santo"},"content":{"rendered":"<p><img fetchpriority=\"high\" width=\"1280\" height=\"720\"src=\"https:\/\/redept.org\/blogosfera\/wp-content\/uploads\/2025\/09\/vila-esperanca.jpg\" alt=\"Moradores da Vila Esperan\u00e7a e Vale da Conquista protestam contra reintegra\u00e7\u00e3o de posse em Vila Velha (ES)\" link_thumbnail=\"\" decoding=\"async\" srcset=\"https:\/\/redept.org\/blogosfera\/wp-content\/uploads\/2025\/09\/vila-esperanca.jpg 1280w, https:\/\/averdade.org.br\/wp-content\/uploads\/2025\/09\/vila-esperanca-350x197.jpg 350w, https:\/\/averdade.org.br\/wp-content\/uploads\/2025\/09\/vila-esperanca-1024x576.jpg 1024w, https:\/\/averdade.org.br\/wp-content\/uploads\/2025\/09\/vila-esperanca-250x141.jpg 250w, https:\/\/averdade.org.br\/wp-content\/uploads\/2025\/09\/vila-esperanca-768x432.jpg 768w, https:\/\/averdade.org.br\/wp-content\/uploads\/2025\/09\/vila-esperanca-150x84.jpg 150w, https:\/\/averdade.org.br\/wp-content\/uploads\/2025\/09\/vila-esperanca-300x169.jpg 300w, https:\/\/averdade.org.br\/wp-content\/uploads\/2025\/09\/vila-esperanca-696x392.jpg 696w, https:\/\/averdade.org.br\/wp-content\/uploads\/2025\/09\/vila-esperanca-1068x601.jpg 1068w\" sizes=\"(max-width: 1280px) 100vw, 1280px\"><\/p>\n<p data-start=\"335\" data-end=\"1162\"><strong>Moradores da Vila Esperan\u00e7a e Vale da Conquista, em Vila Velha (ES), resistem \u00e0 reintegra\u00e7\u00e3o de posse e lutam pelo direito \u00e0 moradia.<\/strong><\/p>\n<p><strong>Caio Coutinho e Joana Ruffo | Esp\u00edrito Santo<\/strong><\/p>\n<hr>\n<p>Os moradores da ocupa\u00e7\u00e3o Vila Esperan\u00e7a e Vale da Conquista est\u00e3o, desde segunda-feira (01\/09), acampando e protestando em frente ao Pal\u00e1cio Anchieta, sede do Poder Executivo do Estado do Esp\u00edrito Santo, lutando contra o processo de reintegra\u00e7\u00e3o de posse de suas resid\u00eancias e exigindo uma a\u00e7\u00e3o por parte do governo do estado, representado pelo omisso governador Renato Casagrande (PSB). A Unidade Popular est\u00e1 presente desde o primeiro dia, denunciando a especula\u00e7\u00e3o imobili\u00e1ria, a viol\u00eancia do Estado burgu\u00eas e ajudando com alimenta\u00e7\u00e3o, rem\u00e9dios, al\u00e9m de divulgar fortemente os acontecimentos. A \u00fanica alternativa proposta at\u00e9 ent\u00e3o foi uma proposta vexat\u00f3ria de compensa\u00e7\u00e3o para os moradores. Voc\u00ea, trabalhador, acharia vi\u00e1vel demolir a sua casa e a de sua fam\u00edlia em troca de uma parcela \u00fanica de dois mil e duzentos reais?<\/p>\n<p data-start=\"1164\" data-end=\"1773\">De acordo com a prefeitura de Vila Velha (ES), a resposta \u00e9 sim: essa foi a proposta apresentada para efetivar a reintegra\u00e7\u00e3o de posse do terreno onde mais de 3.500 pessoas residem, nas denominadas ocupa\u00e7\u00f5es Vila Esperan\u00e7a e Vale da Conquista, em Vila Velha. De forma resumida, essas duas ocupa\u00e7\u00f5es surgiram em 2016 devido a outra reintegra\u00e7\u00e3o de posse em um complexo residencial abandonado nas proximidades. Inicialmente composto por 130 fam\u00edlias, o n\u00famero de moradores cresceu rapidamente devido ao grande aumento no pre\u00e7o dos alugu\u00e9is, causado pela especula\u00e7\u00e3o imobili\u00e1ria cada vez mais acirrada no estado.<\/p>\n<p data-start=\"1775\" data-end=\"2109\">\u00c9 importante ressaltar tamb\u00e9m que n\u00e3o se trata apenas de moradia. Trata-se de um importante local de constru\u00e7\u00e3o de afetos, com horta comunit\u00e1ria, a\u00e7\u00f5es sociais como o Quintal Quilombo e creches comunit\u00e1rias para as mais de 500 crian\u00e7as que ali residem. Enfim, o pr\u00f3prio direito de viver em comunidade e de se sentir pertencente a ela.<\/p>\n<p data-start=\"2111\" data-end=\"3006\">Mas sabe o pior disso tudo? A prefeitura de Vila Velha j\u00e1 havia autorizado o local como utilidade p\u00fablica para fins sociais! J\u00e1 havia um acordo fechado entre os moradores e os donos para efetiva\u00e7\u00e3o de um plano de moradia popular na gest\u00e3o anterior, restando apenas o pagamento a ser conclu\u00eddo. Mas a atual gest\u00e3o, representada pelo prefeito populista \u201cArnaldinho\u201d Borgo (ex-PODEMOS), voltou atr\u00e1s e decretou a reintegra\u00e7\u00e3o de posse em mar\u00e7o deste ano, a qual foi impedida atrav\u00e9s de muita luta dos moradores e anulada formalmente pelo STF por n\u00e3o apresentar sequer um plano de realoca\u00e7\u00e3o. Por\u00e9m, no dia 20 de agosto de 2025, a prefeitura novamente iniciou o processo de reintegra\u00e7\u00e3o com um \u201cplano\u201d que se mostrou uma verdadeira esmola: um pagamento \u00fanico de pouco mais de dois mil reais para 150 fam\u00edlias, de um total de 800. Mas afinal, a quem interessa desapropriar tanta gente de suas terras?<\/p>\n<p data-start=\"3008\" data-end=\"3300\">Interessa aos ricos e aos empres\u00e1rios, em especial o grupo Alphaville e Eduardo Balestrassi, que possuem mais de 50 processos de grilagem de terras e desejam construir um condom\u00ednio de luxo no local. O prefeito, inclusive, curiosamente, mora em um condom\u00ednio de luxo deste mesmo propriet\u00e1rio.<\/p>\n<p data-start=\"3302\" data-end=\"3619\">A luta n\u00e3o para. As fam\u00edlias de Vila Esperan\u00e7a e Vale da Conquista, compostas majoritariamente por pessoas negras, crian\u00e7as, idosos e chefiadas por mulheres, continuam resistindo e lutando, e n\u00e3o v\u00e3o parar at\u00e9 terem seus direitos constitucionais garantidos. Abaixo a especula\u00e7\u00e3o imobili\u00e1ria! Vila Esperan\u00e7a permanece!<\/p>\n<!-- Begin Yuzo --><div class='yuzo_related_post style-1'  data-version='5.12.89'><!-- without result --><div class='yuzo_clearfixed yuzo__title yuzo__title'><h3>Related Post<\/h3><\/div>\n\t\t\t\t\t\t  <div class=\"relatedthumb \" style=\"width:125px;float:left;overflow:hidden;\">  \n\t\t\t\t\t\t\t  \n\t\t\t\t\t\t\t  <a  href=\"https:\/\/redept.com.br\/blogosfera\/centrais-pressionam-por-reducao-dos-juros-em-protesto-no-dia-18\/\"  >\n\t\t\t\t\t\t\t\t\t  <div class=\"yuzo-img-wrap \" style=\"width: 125px;height:90px;\">\n\t\t\t\t\t\t\t\t\t\t\n\t\t\t\t\t\t\t\t\t\t<div class=\"yuzo-img\" style=\"background:url('https:\/\/redept.com.br\/blogosfera\/wp-content\/uploads\/2025\/03\/Captura-de-Tela-2025-03-12-as-16.36.55-1-150x150.png') 50% 50% no-repeat;width: 125px;height:90px;margin-bottom: 5px;background-size: cover; \"><\/div>\n\t\t\t\t\t\t\t\t\t  <\/div>\n\t\t\t\t\t\t\t\t\t  \n\t\t\t\t\t\t\t\t   <span class=\"yuzo__text--title\" style=\"font-size:13px;\">Centrais pressionam por redu\u00e7\u00e3o dos juros em prote...<\/span>\n\t\t\t\t\t\t\t  \n\t\t\t\t\t\t\t  \n\t\t\t\t\t\t\t  <\/a>\n\n\t\t\t\t\t\t  <\/div>\n\t\t\t\t\t\t  <div class=\"relatedthumb \" style=\"width:125px;float:left;overflow:hidden;\">  \n\t\t\t\t\t\t\t  \n\t\t\t\t\t\t\t  <a  href=\"https:\/\/redept.com.br\/blogosfera\/bolsonaro-passa-mal-deixa-prisao-domiciliar-e-vai-para-hospital\/\"  >\n\t\t\t\t\t\t\t\t\t  <div class=\"yuzo-img-wrap \" style=\"width: 125px;height:90px;\">\n\t\t\t\t\t\t\t\t\t\t\n\t\t\t\t\t\t\t\t\t\t<div class=\"yuzo-img\" style=\"background:url('https:\/\/redept.org\/blogosfera\/wp-content\/plugins\/yuzo-related-post\/assets\/images\/default.png') 50% 50% no-repeat;width: 125px;height:90px;margin-bottom: 5px;background-size: cover; \"><\/div>\n\t\t\t\t\t\t\t\t\t  <\/div>\n\t\t\t\t\t\t\t\t\t  \n\t\t\t\t\t\t\t\t   <span class=\"yuzo__text--title\" style=\"font-size:13px;\">Bolsonaro passa mal, deixa pris\u00e3o domiciliar e vai...<\/span>\n\t\t\t\t\t\t\t  \n\t\t\t\t\t\t\t  \n\t\t\t\t\t\t\t  <\/a>\n\n\t\t\t\t\t\t  <\/div>\n\t\t\t\t\t\t  <div class=\"relatedthumb \" style=\"width:125px;float:left;overflow:hidden;\">  \n\t\t\t\t\t\t\t  \n\t\t\t\t\t\t\t  <a  href=\"https:\/\/redept.com.br\/blogosfera\/especialistas-defendem-reforma-administrativa-orientada-para-inclusao-social-e-combate-a-privilegios\/\"  >\n\t\t\t\t\t\t\t\t\t  <div class=\"yuzo-img-wrap \" style=\"width: 125px;height:90px;\">\n\t\t\t\t\t\t\t\t\t\t\n\t\t\t\t\t\t\t\t\t\t<div class=\"yuzo-img\" style=\"background:url('https:\/\/redept.org\/blogosfera\/wp-content\/plugins\/yuzo-related-post\/assets\/images\/default.png') 50% 50% no-repeat;width: 125px;height:90px;margin-bottom: 5px;background-size: cover; \"><\/div>\n\t\t\t\t\t\t\t\t\t  <\/div>\n\t\t\t\t\t\t\t\t\t  \n\t\t\t\t\t\t\t\t   <span class=\"yuzo__text--title\" style=\"font-size:13px;\">Especialistas defendem Reforma Administrativa orie...<\/span>\n\t\t\t\t\t\t\t  \n\t\t\t\t\t\t\t  \n\t\t\t\t\t\t\t  <\/a>\n\n\t\t\t\t\t\t  <\/div>\n\t\t\t\t\t\t  <div class=\"relatedthumb \" style=\"width:125px;float:left;overflow:hidden;\">  \n\t\t\t\t\t\t\t  \n\t\t\t\t\t\t\t  <a  href=\"https:\/\/redept.com.br\/blogosfera\/cobranca-por-produtividade-e-padroes-irreais-fragilizam-saude-mental-alerta-neuropsicologo\/\"  >\n\t\t\t\t\t\t\t\t\t  <div class=\"yuzo-img-wrap \" style=\"width: 125px;height:90px;\">\n\t\t\t\t\t\t\t\t\t\t\n\t\t\t\t\t\t\t\t\t\t<div class=\"yuzo-img\" style=\"background:url('https:\/\/redept.org\/blogosfera\/wp-content\/plugins\/yuzo-related-post\/assets\/images\/default.png') 50% 50% no-repeat;width: 125px;height:90px;margin-bottom: 5px;background-size: cover; \"><\/div>\n\t\t\t\t\t\t\t\t\t  <\/div>\n\t\t\t\t\t\t\t\t\t  \n\t\t\t\t\t\t\t\t   <span class=\"yuzo__text--title\" style=\"font-size:13px;\">Cobran\u00e7a por produtividade e padr\u00f5es irreais fragi...<\/span>\n\t\t\t\t\t\t\t  \n\t\t\t\t\t\t\t  \n\t\t\t\t\t\t\t  <\/a>\n\n\t\t\t\t\t\t  <\/div>\n<\/div> <script>\n\t\t\t\t\t\t  jQuery(document).ready(function( $ ){\n\t\t\t\t\t\t\t\/\/jQuery('.yuzo_related_post').equalizer({ overflow : 'relatedthumb' });\n\t\t\t\t\t\t\tjQuery('.yuzo_related_post .yuzo_wraps').equalizer({ columns : '> div' });\n\t\t\t\t\t\t   })\n\t\t\t\t\t\t  <\/script> <!-- End Yuzo :) -->","protected":false},"excerpt":{"rendered":"<p><img decoding=\"async\" width=\"1280\" height=\"720\" src=\"https:\/\/averdade.org.br\/wp-content\/uploads\/2025\/09\/vila-esperanca.jpg\" alt=\"Moradores da Vila Esperan\u00e7a e Vale da Conquista protestam contra reintegra\u00e7\u00e3o de posse em Vila Velha (ES)\">Moradores da Vila Esperan\u00e7a e Vale da Conquista, em Vila Velha (ES), resistem \u00e0 reintegra\u00e7\u00e3o de posse e lutam pelo direito \u00e0 moradia. Caio Coutinho e Joana Ruffo | Esp\u00edrito Santo Os moradores da ocupa\u00e7\u00e3o Vila Esperan\u00e7a e Vale da Conquista est\u00e3o, desde segunda-feira (01\/09), acampando e protestando em frente ao Pal\u00e1cio Anchieta, sede do [\u2026]<\/p>\n","protected":false},"author":2,"featured_media":49748,"comment_status":"open","ping_status":"closed","sticky":false,"template":"","format":"standard","meta":{"fifu_image_url":"","fifu_image_alt":"","footnotes":""},"categories":[6694,62,957,60,4057,5080,61,497],"tags":[],"class_list":["post-49747","post","type-post","status-publish","format-standard","has-post-thumbnail","hentry","category-direito-a-moradia","category-especulacao-imobiliaria","category-espirito-santo","category-luta-popular","category-moradia-digna","category-reintegracao-de-posse","category-sociedade","category-trabalhador-unido"],"_links":{"self":[{"href":"https:\/\/redept.com.br\/blogosfera\/wp-json\/wp\/v2\/posts\/49747","targetHints":{"allow":["GET"]}}],"collection":[{"href":"https:\/\/redept.com.br\/blogosfera\/wp-json\/wp\/v2\/posts"}],"about":[{"href":"https:\/\/redept.com.br\/blogosfera\/wp-json\/wp\/v2\/types\/post"}],"author":[{"embeddable":true,"href":"https:\/\/redept.com.br\/blogosfera\/wp-json\/wp\/v2\/users\/2"}],"replies":[{"embeddable":true,"href":"https:\/\/redept.com.br\/blogosfera\/wp-json\/wp\/v2\/comments?post=49747"}],"version-history":[{"count":0,"href":"https:\/\/redept.com.br\/blogosfera\/wp-json\/wp\/v2\/posts\/49747\/revisions"}],"wp:featuredmedia":[{"embeddable":true,"href":"https:\/\/redept.com.br\/blogosfera\/wp-json\/wp\/v2\/media\/49748"}],"wp:attachment":[{"href":"https:\/\/redept.com.br\/blogosfera\/wp-json\/wp\/v2\/media?parent=49747"}],"wp:term":[{"taxonomy":"category","embeddable":true,"href":"https:\/\/redept.com.br\/blogosfera\/wp-json\/wp\/v2\/categories?post=49747"},{"taxonomy":"post_tag","embeddable":true,"href":"https:\/\/redept.com.br\/blogosfera\/wp-json\/wp\/v2\/tags?post=49747"}],"curies":[{"name":"wp","href":"https:\/\/api.w.org\/{rel}","templated":true}]}}