{"id":49795,"date":"2025-09-04T17:10:03","date_gmt":"2025-09-04T20:10:03","guid":{"rendered":"https:\/\/redept.org\/blogosfera\/estivadores-italianos-prometem-parar-portos-se-israel-atacar-flotilha-da-liberdade\/"},"modified":"2025-09-04T17:10:03","modified_gmt":"2025-09-04T20:10:03","slug":"estivadores-italianos-prometem-parar-portos-se-israel-atacar-flotilha-da-liberdade","status":"publish","type":"post","link":"https:\/\/redept.com.br\/blogosfera\/estivadores-italianos-prometem-parar-portos-se-israel-atacar-flotilha-da-liberdade\/","title":{"rendered":"Estivadores italianos prometem parar portos se Israel atacar Flotilha da Liberdade"},"content":{"rendered":"<p><span>As novas embarca\u00e7\u00f5es que t\u00eam como destino final a Faixa de Gaza sa\u00edram na tarde desta quinta-feira (04\/09) da ilha espanhola de Menorca, ap\u00f3s uma parada t\u00e9cnica, em dire\u00e7\u00e3o \u00e0 Tun\u00edsia, onde se prev\u00ea juntar a outras dezenas de navios, conforme as informa\u00e7\u00f5es concedidas por Bruno Gilga, porta-voz da delega\u00e7\u00e3o do Brasil na Global Sumud Flotilha, a <strong>Opera Mundi<\/strong>. Segundo um comunicado oficial da miss\u00e3o, atualmente s\u00e3o mais de 50 pa\u00edses que navegam juntos, incluindo 15 brasileiros, para romper o cerco ilegal de Israel.<\/span><\/p>\n<p><span>De acordo com o representante, a expectativa \u00e9 de que, depois de chegar na Tun\u00edsia no domingo (07\/09), as embarca\u00e7\u00f5es avancem para se juntar com as da It\u00e1lia e de outros portos do Mediterr\u00e2neo \u201ccarregando a ajuda humanit\u00e1ria e o apoio de milh\u00f5es de pessoas ao redor do mundo\u201d. A data de chegada ao enclave palestino, contudo, mant\u00e9m-se incerto devido \u00e0 \u201cimprevisibilidade sobre as condi\u00e7\u00f5es de navega\u00e7\u00e3o durante toda jornada\u201d.\u00a0<\/span><\/p>\n<p><span>\u201cEst\u00e1 muito claro que terrorista \u00e9 o Estado ileg\u00edtimo de Israel. \u00c9 assim que a gente est\u00e1 vendo essas movimenta\u00e7\u00f5es do Estado de Israel: n\u00e3o s\u00f3 contra a flotilha, mas, em primeiro lugar, contra o povo palestino. E isso aumenta o nosso senso de urg\u00eancia de avan\u00e7ar com a nossa miss\u00e3o de mobilizar o m\u00e1ximo poss\u00edvel de pessoas\u201d, afirmou Gilga.\u00a0<\/span><\/p>\n<p><span>O porta-voz revelou que, durante a reuni\u00e3o matinal desta quinta-feira, discutiu-se os n\u00fameros recentes apresentados pelo Minist\u00e9rio da Sa\u00fade de Gaza. A pasta registrou 113 mortes decorrentes de ataques israelenses nas \u00faltimas 24 horas. Al\u00e9m disso, debateu-se \u00e0 respeito do relat\u00f3rio publicado pelas Na\u00e7\u00f5es Unidas (ONU) no dia anterior, que apontou que mais de 21 mil crian\u00e7as que est\u00e3o com defici\u00eancia f\u00edsica devido ao genoc\u00eddio de Israel.\u00a0<\/span><\/p>\n<p><span>\u201cA Global Sumud de Flotilha nos chama. \u00c9 uma miss\u00e3o humanit\u00e1ria n\u00e3o violenta, que est\u00e1 carregando ajuda humanit\u00e1ria contra o terrorismo e terroristas\u201d, disse.\u00a0<\/span><\/p>\n<p><span>Gilga tamb\u00e9m agradeceu as manifesta\u00e7\u00f5es que acontecem em apoio \u00e0 miss\u00e3o, destacando que os estivadores italianos de G\u00e9nova tamb\u00e9m garantiram que \u201cse [israelenses] tocam a flotilha ou se perdem o contato nem que seja por 20 minutos\u201d suspenderiam as atividades dos portos da It\u00e1lia e do Mediterr\u00e2neo, al\u00e9m do com\u00e9rcio regional e, sobretudo, o envio de provimentos para Israel.<\/span><\/p>\n<p><span>\u201cAs manifesta\u00e7\u00f5es que se programam em todos os pa\u00edses durante os dias da nossa miss\u00e3o, tudo isso expressa a for\u00e7a do apoio da classe trabalhadora internacional, dos povos oprimidos ao povo da Palestina, e \u00e9 esse apoio que nos empurra pelo Mediterr\u00e2neo\u201d, declarou.<\/span><\/p>\n<figure aria-describedby=\"caption-attachment-230325\"><img fetchpriority=\"high\" decoding=\"async\"src=\"https:\/\/redept.org\/blogosfera\/wp-content\/uploads\/2025\/09\/captura-de-tela-2025-09-04-151709.png\" alt=\"\" width=\"937\" height=\"785\" srcset=\"https:\/\/redept.org\/blogosfera\/wp-content\/uploads\/2025\/09\/captura-de-tela-2025-09-04-151709.png 937w, https:\/\/operamundi.uol.com.br\/wp-content\/uploads\/2025\/09\/captura-de-tela-2025-09-04-151709-300x251.png 300w, https:\/\/operamundi.uol.com.br\/wp-content\/uploads\/2025\/09\/captura-de-tela-2025-09-04-151709-768x643.png 768w, https:\/\/operamundi.uol.com.br\/wp-content\/uploads\/2025\/09\/captura-de-tela-2025-09-04-151709-150x126.png 150w, https:\/\/operamundi.uol.com.br\/wp-content\/uploads\/2025\/09\/captura-de-tela-2025-09-04-151709-750x628.png 750w\" sizes=\"(max-width: 937px) 100vw, 937px\"><figcaption>Novas embarca\u00e7\u00f5es rumo a Gaza partem da ilha espanhola de Menarca para a Tun\u00edsia nesta quinta-feira (04\/09) <br \/>X\/Global Sumud Flotilla<\/figcaption><\/figure>\n<p>Mais cedo, a Global Sumud Flotilla informou por meio de comunicado que \u00e9 esperado um \u201caumento da guerra burocr\u00e1tica e intimida\u00e7\u00e3o psicol\u00f3gica\u201d com a chegada do presidente israelense, Isaac Herzog, em Roma, para realizar uma audi\u00eancia privada no Vaticano sobre Gaza.<\/p>\n<p>\u201cO presidente de Israel, Herzog, aterrissou essa manh\u00e3 em Roma, \u00e9 esperado que aconte\u00e7a uma intensifica\u00e7\u00e3o da guerra burocr\u00e1tica. O que faz parte da nossa miss\u00e3o e for\u00e7a social, o que ser\u00e1 um confronto interessante, vamos ver quem \u00e9 mais forte: o presidente sionista ou a mobiliza\u00e7\u00e3o social?\u201d, questionou o organizador internacional da Flotilha, Thiago \u00c1vila.<\/p>\n<p>O post Estivadores italianos prometem parar portos se Israel atacar Flotilha da Liberdade apareceu primeiro em Opera Mundi.<\/p>\n<!-- Begin Yuzo --><div class='yuzo_related_post style-1'  data-version='5.12.89'><!-- without result --><div class='yuzo_clearfixed yuzo__title yuzo__title'><h3>Related Post<\/h3><\/div>\n\t\t\t\t\t\t  <div class=\"relatedthumb \" style=\"width:125px;float:left;overflow:hidden;\">  \n\t\t\t\t\t\t\t  \n\t\t\t\t\t\t\t  <a  href=\"https:\/\/redept.com.br\/blogosfera\/senador-rogerio-destaca-combate-as-fraudes-no-inss-e-defende-justica-tributaria-no-brasil\/\"  >\n\t\t\t\t\t\t\t\t\t  <div class=\"yuzo-img-wrap \" style=\"width: 125px;height:90px;\">\n\t\t\t\t\t\t\t\t\t\t\n\t\t\t\t\t\t\t\t\t\t<div class=\"yuzo-img\" style=\"background:url('https:\/\/redept.org\/blogosfera\/wp-content\/plugins\/yuzo-related-post\/assets\/images\/default.png') 50% 50% no-repeat;width: 125px;height:90px;margin-bottom: 5px;background-size: cover; \"><\/div>\n\t\t\t\t\t\t\t\t\t  <\/div>\n\t\t\t\t\t\t\t\t\t  \n\t\t\t\t\t\t\t\t   <span class=\"yuzo__text--title\" style=\"font-size:13px;\">Senador Rog\u00e9rio destaca combate \u00e0s fraudes no INSS...<\/span>\n\t\t\t\t\t\t\t  \n\t\t\t\t\t\t\t  \n\t\t\t\t\t\t\t  <\/a>\n\n\t\t\t\t\t\t  <\/div>\n\t\t\t\t\t\t  <div class=\"relatedthumb \" style=\"width:125px;float:left;overflow:hidden;\">  \n\t\t\t\t\t\t\t  \n\t\t\t\t\t\t\t  <a  href=\"https:\/\/redept.com.br\/blogosfera\/nao-e-o-eja-educacao-popular-e-o-legado-de-paulo-freire\/\"  >\n\t\t\t\t\t\t\t\t\t  <div class=\"yuzo-img-wrap \" style=\"width: 125px;height:90px;\">\n\t\t\t\t\t\t\t\t\t\t\n\t\t\t\t\t\t\t\t\t\t<div class=\"yuzo-img\" style=\"background:url('https:\/\/redept.com.br\/blogosfera\/wp-content\/uploads\/2025\/05\/image-1024x128-1-17-150x128.png') 50% 50% no-repeat;width: 125px;height:90px;margin-bottom: 5px;background-size: cover; \"><\/div>\n\t\t\t\t\t\t\t\t\t  <\/div>\n\t\t\t\t\t\t\t\t\t  \n\t\t\t\t\t\t\t\t   <span class=\"yuzo__text--title\" style=\"font-size:13px;\">N\u00e3o \u00e9 \u2018o\u2019 EJA: educa\u00e7\u00e3o popular e o legado de Paul...<\/span>\n\t\t\t\t\t\t\t  \n\t\t\t\t\t\t\t  \n\t\t\t\t\t\t\t  <\/a>\n\n\t\t\t\t\t\t  <\/div>\n\t\t\t\t\t\t  <div class=\"relatedthumb \" style=\"width:125px;float:left;overflow:hidden;\">  \n\t\t\t\t\t\t\t  \n\t\t\t\t\t\t\t  <a  href=\"https:\/\/redept.com.br\/blogosfera\/israel-mata-73-em-filas-para-distribuicao-de-ajuda-humanitaria-na-faixa-de-gaza\/\"  >\n\t\t\t\t\t\t\t\t\t  <div class=\"yuzo-img-wrap \" style=\"width: 125px;height:90px;\">\n\t\t\t\t\t\t\t\t\t\t\n\t\t\t\t\t\t\t\t\t\t<div class=\"yuzo-img\" style=\"background:url('https:\/\/redept.com.br\/blogosfera\/wp-content\/uploads\/2025\/07\/c2fe524b-c632-4325-8cd1-7934b2d60924-171275196-1-150x150.webp') 50% 50% no-repeat;width: 125px;height:90px;margin-bottom: 5px;background-size: cover; \"><\/div>\n\t\t\t\t\t\t\t\t\t  <\/div>\n\t\t\t\t\t\t\t\t\t  \n\t\t\t\t\t\t\t\t   <span class=\"yuzo__text--title\" style=\"font-size:13px;\">Israel mata 73 em filas para distribui\u00e7\u00e3o de ajuda...<\/span>\n\t\t\t\t\t\t\t  \n\t\t\t\t\t\t\t  \n\t\t\t\t\t\t\t  <\/a>\n\n\t\t\t\t\t\t  <\/div>\n\t\t\t\t\t\t  <div class=\"relatedthumb \" style=\"width:125px;float:left;overflow:hidden;\">  \n\t\t\t\t\t\t\t  \n\t\t\t\t\t\t\t  <a  href=\"https:\/\/redept.com.br\/blogosfera\/lula-fara-cirurgia-de-catarata-no-olho-esquerdo-na-sexta-feira-30\/\"  >\n\t\t\t\t\t\t\t\t\t  <div class=\"yuzo-img-wrap \" style=\"width: 125px;height:90px;\">\n\t\t\t\t\t\t\t\t\t\t\n\t\t\t\t\t\t\t\t\t\t<div class=\"yuzo-img\" style=\"background:url('https:\/\/redept.org\/blogosfera\/wp-content\/plugins\/yuzo-related-post\/assets\/images\/default.png') 50% 50% no-repeat;width: 125px;height:90px;margin-bottom: 5px;background-size: cover; \"><\/div>\n\t\t\t\t\t\t\t\t\t  <\/div>\n\t\t\t\t\t\t\t\t\t  \n\t\t\t\t\t\t\t\t   <span class=\"yuzo__text--title\" style=\"font-size:13px;\">Lula far\u00e1 cirurgia de catarata no olho esquerdo na...<\/span>\n\t\t\t\t\t\t\t  \n\t\t\t\t\t\t\t  \n\t\t\t\t\t\t\t  <\/a>\n\n\t\t\t\t\t\t  <\/div>\n<\/div> <script>\n\t\t\t\t\t\t  jQuery(document).ready(function( $ ){\n\t\t\t\t\t\t\t\/\/jQuery('.yuzo_related_post').equalizer({ overflow : 'relatedthumb' });\n\t\t\t\t\t\t\tjQuery('.yuzo_related_post .yuzo_wraps').equalizer({ columns : '> div' });\n\t\t\t\t\t\t   })\n\t\t\t\t\t\t  <\/script> <!-- End Yuzo :) -->","protected":false},"excerpt":{"rendered":"<p>As novas embarca\u00e7\u00f5es que t\u00eam como destino final a Faixa de Gaza sa\u00edram na tarde desta quinta-feira (04\/09) da ilha espanhola de Menorca, ap\u00f3s uma parada t\u00e9cnica, em dire\u00e7\u00e3o \u00e0 Tun\u00edsia, onde se prev\u00ea juntar a outras dezenas de navios, conforme as informa\u00e7\u00f5es concedidas por Bruno Gilga, porta-voz da delega\u00e7\u00e3o do Brasil na Global Sumud [\u2026]<\/p>\n<p>O post <a href=\"https:\/\/operamundi.uol.com.br\/guerra-israel-x-palestina\/estivadores-italianos-prometem-parar-portos-se-israel-atacar-flotilha-da-liberdade\/\">Estivadores italianos prometem parar portos se Israel atacar Flotilha da Liberdade<\/a> apareceu primeiro em <a href=\"https:\/\/operamundi.uol.com.br\/\">Opera Mundi<\/a>.<\/p>\n","protected":false},"author":2,"featured_media":49796,"comment_status":"closed","ping_status":"closed","sticky":false,"template":"","format":"standard","meta":{"fifu_image_url":"","fifu_image_alt":"","footnotes":""},"categories":[4084,6901,17062,52,325,3938,25,2104,187,17962,17963,54,7933],"tags":[],"class_list":["post-49795","post","type-post","status-publish","format-standard","has-post-thumbnail","hentry","category-ajuda-humanitaria","category-ataque","category-flotilha","category-gaza","category-genocidio","category-guerra-israel-x-palestina","category-israel","category-italia","category-manifestacao","category-mar-mediterraneo","category-menarca","category-palestina","category-tunisia"],"_links":{"self":[{"href":"https:\/\/redept.com.br\/blogosfera\/wp-json\/wp\/v2\/posts\/49795","targetHints":{"allow":["GET"]}}],"collection":[{"href":"https:\/\/redept.com.br\/blogosfera\/wp-json\/wp\/v2\/posts"}],"about":[{"href":"https:\/\/redept.com.br\/blogosfera\/wp-json\/wp\/v2\/types\/post"}],"author":[{"embeddable":true,"href":"https:\/\/redept.com.br\/blogosfera\/wp-json\/wp\/v2\/users\/2"}],"replies":[{"embeddable":true,"href":"https:\/\/redept.com.br\/blogosfera\/wp-json\/wp\/v2\/comments?post=49795"}],"version-history":[{"count":0,"href":"https:\/\/redept.com.br\/blogosfera\/wp-json\/wp\/v2\/posts\/49795\/revisions"}],"wp:featuredmedia":[{"embeddable":true,"href":"https:\/\/redept.com.br\/blogosfera\/wp-json\/wp\/v2\/media\/49796"}],"wp:attachment":[{"href":"https:\/\/redept.com.br\/blogosfera\/wp-json\/wp\/v2\/media?parent=49795"}],"wp:term":[{"taxonomy":"category","embeddable":true,"href":"https:\/\/redept.com.br\/blogosfera\/wp-json\/wp\/v2\/categories?post=49795"},{"taxonomy":"post_tag","embeddable":true,"href":"https:\/\/redept.com.br\/blogosfera\/wp-json\/wp\/v2\/tags?post=49795"}],"curies":[{"name":"wp","href":"https:\/\/api.w.org\/{rel}","templated":true}]}}