{"id":49805,"date":"2025-09-04T13:10:23","date_gmt":"2025-09-04T16:10:23","guid":{"rendered":"https:\/\/redept.org\/blogosfera\/o-figurino-de-extrema-direita-fofa-de-tarcisio-azedou-geral-na-midia\/"},"modified":"2025-09-04T13:10:23","modified_gmt":"2025-09-04T16:10:23","slug":"o-figurino-de-extrema-direita-fofa-de-tarcisio-azedou-geral-na-midia","status":"publish","type":"post","link":"https:\/\/redept.com.br\/blogosfera\/o-figurino-de-extrema-direita-fofa-de-tarcisio-azedou-geral-na-midia\/","title":{"rendered":"O figurino de extrema direita fofa de Tarc\u00edsio azedou geral na m\u00eddia"},"content":{"rendered":"<p>At\u00e9 o mais boboca dos seres sabe que Tarcisio est\u00e1 fazendo com\u00edcio em cima do caix\u00e3o de Bolsonaro.<\/p>\n<p>\u00c9 golpista tentando dar golpe em golpista.<\/p>\n<p>Se essa marmota vai colar para os bolsonaristas e para o cl\u00e3? \u00c9 evidente que n\u00e3o.<\/p>\n<p>N\u00e3o colou sequer na grande m\u00eddia que elegeu Tarc\u00edsio como direita moderada para caber num figurino mais palat\u00e1vel.<\/p>\n<p>O sujeito est\u00e1 andando sobre brasa e, l\u00f3gico, uma hora sai queimado.<\/p>\n<p>Primeiro, na verdade, ele n\u00e3o quer anistia coisa nenhuma para Bolsonaro, ou ele seria escanteado como candidato da direita em 2026.<\/p>\n<p>Da\u00ed a classifica\u00e7\u00e3o carinhosa de \u201crato de esgoto\u201d dada por Carluxo ao esperto.<\/p>\n<p>O problema \u00e9 que sua t\u00e1tica de atacar a justi\u00e7a dizendo n\u00e3o confiar no Supremo, bateu quadrada na m\u00eddia e sua labareda do fogar\u00e9u artificial em favor da anistia de Bolsonaro em pleno julgamento, zebrou geral.<\/p>\n<p>Com isso, sua imagem no meio midi\u00e1tico, que j\u00e1 fala em buscar outro nome que possa salvar a direita do fracasso eleitoral em 2026.<\/p>\n<hr>\n<h5>Apoie com qualquer valor<br \/>\nPIX: 45013993768<br \/>\nAgradecemos aos nossos leitores<\/h5>\n<hr>\n<p><strong>Siga-nos no Facebook:<\/strong> https:\/\/www.facebook.com\/profile.php?id=100070790366110<\/p>\n<p><strong>Siga-nos no Whatsapp:<\/strong> https:\/\/chat.whatsapp.com\/K8Zc6XOHkN258pOahSE1L1?mode=ems_copy_c<\/p>\n<p><strong>Siga-nos no X:<\/strong> https:\/\/x.com\/Antropofagista1<\/p>\n<p><strong>Siga-nos no Instagram<\/strong> https:\/\/www.instagram.com\/blogantropofagista?igsh=YzljYTk1ODg3Z<\/p>\n<p>The post O figurino de extrema direita fofa de Tarc\u00edsio azedou geral na m\u00eddia first appeared on Antropofagista.<\/p>\n<!-- Begin Yuzo --><div class='yuzo_related_post style-1'  data-version='5.12.89'><!-- without result --><div class='yuzo_clearfixed yuzo__title yuzo__title'><h3>Related Post<\/h3><\/div>\n\t\t\t\t\t\t  <div class=\"relatedthumb \" style=\"width:125px;float:left;overflow:hidden;\">  \n\t\t\t\t\t\t\t  \n\t\t\t\t\t\t\t  <a  href=\"https:\/\/redept.com.br\/blogosfera\/inteligencia-artificial-e-os-novos-limites-da-realidade\/\"  >\n\t\t\t\t\t\t\t\t\t  <div class=\"yuzo-img-wrap \" style=\"width: 125px;height:90px;\">\n\t\t\t\t\t\t\t\t\t\t\n\t\t\t\t\t\t\t\t\t\t<div class=\"yuzo-img\" style=\"background:url('https:\/\/redept.org\/blogosfera\/wp-content\/plugins\/yuzo-related-post\/assets\/images\/default.png') 50% 50% no-repeat;width: 125px;height:90px;margin-bottom: 5px;background-size: cover; \"><\/div>\n\t\t\t\t\t\t\t\t\t  <\/div>\n\t\t\t\t\t\t\t\t\t  \n\t\t\t\t\t\t\t\t   <span class=\"yuzo__text--title\" style=\"font-size:13px;\">Intelig\u00eancia Artificial e os novos limites da real...<\/span>\n\t\t\t\t\t\t\t  \n\t\t\t\t\t\t\t  \n\t\t\t\t\t\t\t  <\/a>\n\n\t\t\t\t\t\t  <\/div>\n\t\t\t\t\t\t  <div class=\"relatedthumb \" style=\"width:125px;float:left;overflow:hidden;\">  \n\t\t\t\t\t\t\t  \n\t\t\t\t\t\t\t  <a  href=\"https:\/\/redept.com.br\/blogosfera\/quarta-feira-de-cinzas-e-feriado-em-fevereiro\/\"  >\n\t\t\t\t\t\t\t\t\t  <div class=\"yuzo-img-wrap \" style=\"width: 125px;height:90px;\">\n\t\t\t\t\t\t\t\t\t\t\n\t\t\t\t\t\t\t\t\t\t<div class=\"yuzo-img\" style=\"background:url('https:\/\/redept.com.br\/blogosfera\/wp-content\/uploads\/2026\/02\/banco-e1771425512413-150x150.webp') 50% 50% no-repeat;width: 125px;height:90px;margin-bottom: 5px;background-size: cover; \"><\/div>\n\t\t\t\t\t\t\t\t\t  <\/div>\n\t\t\t\t\t\t\t\t\t  \n\t\t\t\t\t\t\t\t   <span class=\"yuzo__text--title\" style=\"font-size:13px;\">Quarta-feira de cinzas \u00e9 feriado em fevereiro?<\/span>\n\t\t\t\t\t\t\t  \n\t\t\t\t\t\t\t  \n\t\t\t\t\t\t\t  <\/a>\n\n\t\t\t\t\t\t  <\/div>\n\t\t\t\t\t\t  <div class=\"relatedthumb \" style=\"width:125px;float:left;overflow:hidden;\">  \n\t\t\t\t\t\t\t  \n\t\t\t\t\t\t\t  <a  href=\"https:\/\/redept.com.br\/blogosfera\/energia-solar-cresce-43-vezes-em-8-anos-e-avanca-sobre-a-caatinga\/\"  >\n\t\t\t\t\t\t\t\t\t  <div class=\"yuzo-img-wrap \" style=\"width: 125px;height:90px;\">\n\t\t\t\t\t\t\t\t\t\t\n\t\t\t\t\t\t\t\t\t\t<div class=\"yuzo-img\" style=\"background:url('https:\/\/redept.org\/blogosfera\/wp-content\/plugins\/yuzo-related-post\/assets\/images\/default.png') 50% 50% no-repeat;width: 125px;height:90px;margin-bottom: 5px;background-size: cover; \"><\/div>\n\t\t\t\t\t\t\t\t\t  <\/div>\n\t\t\t\t\t\t\t\t\t  \n\t\t\t\t\t\t\t\t   <span class=\"yuzo__text--title\" style=\"font-size:13px;\">Energia solar cresce 43 vezes em 8 anos e avan\u00e7a s...<\/span>\n\t\t\t\t\t\t\t  \n\t\t\t\t\t\t\t  \n\t\t\t\t\t\t\t  <\/a>\n\n\t\t\t\t\t\t  <\/div>\n\t\t\t\t\t\t  <div class=\"relatedthumb \" style=\"width:125px;float:left;overflow:hidden;\">  \n\t\t\t\t\t\t\t  \n\t\t\t\t\t\t\t  <a  href=\"https:\/\/redept.com.br\/blogosfera\/china-reitera-disposicao-de-preservar-a-paz-no-estreito-de-taiwan\/\"  >\n\t\t\t\t\t\t\t\t\t  <div class=\"yuzo-img-wrap \" style=\"width: 125px;height:90px;\">\n\t\t\t\t\t\t\t\t\t\t\n\t\t\t\t\t\t\t\t\t\t<div class=\"yuzo-img\" style=\"background:url('https:\/\/redept.org\/blogosfera\/wp-content\/plugins\/yuzo-related-post\/assets\/images\/default.png') 50% 50% no-repeat;width: 125px;height:90px;margin-bottom: 5px;background-size: cover; \"><\/div>\n\t\t\t\t\t\t\t\t\t  <\/div>\n\t\t\t\t\t\t\t\t\t  \n\t\t\t\t\t\t\t\t   <span class=\"yuzo__text--title\" style=\"font-size:13px;\">China reitera disposi\u00e7\u00e3o de preservar a paz no Est...<\/span>\n\t\t\t\t\t\t\t  \n\t\t\t\t\t\t\t  \n\t\t\t\t\t\t\t  <\/a>\n\n\t\t\t\t\t\t  <\/div>\n<\/div> <script>\n\t\t\t\t\t\t  jQuery(document).ready(function( $ ){\n\t\t\t\t\t\t\t\/\/jQuery('.yuzo_related_post').equalizer({ overflow : 'relatedthumb' });\n\t\t\t\t\t\t\tjQuery('.yuzo_related_post .yuzo_wraps').equalizer({ columns : '> div' });\n\t\t\t\t\t\t   })\n\t\t\t\t\t\t  <\/script> <!-- End Yuzo :) -->","protected":false},"excerpt":{"rendered":"<p>At\u00e9 o mais boboca dos seres sabe que Tarcisio est\u00e1 fazendo com\u00edcio em cima do caix\u00e3o de Bolsonaro. \u00c9 golpista tentando dar golpe em golpista. Se essa marmota vai colar para os bolsonaristas e para o cl\u00e3? \u00c9 evidente que n\u00e3o. N\u00e3o colou sequer na grande m\u00eddia que elegeu Tarc\u00edsio como direita moderada para caber [\u2026]<\/p>\n<p>The post <a href=\"https:\/\/antropofagista.com.br\/2025\/09\/04\/o-figurino-de-extrema-direita-fofa-de-tarcisio-azedou-geral-na-midia\/\">O figurino de extrema direita fofa de Tarc\u00edsio azedou geral na m\u00eddia<\/a> first appeared on <a href=\"https:\/\/antropofagista.com.br\/\">Antropofagista<\/a>.<\/p>\n","protected":false},"author":2,"featured_media":0,"comment_status":"open","ping_status":"closed","sticky":false,"template":"","format":"standard","meta":{"fifu_image_url":"","fifu_image_alt":"","footnotes":""},"categories":[1390,423,6538,132,5957],"tags":[],"class_list":["post-49805","post","type-post","status-publish","format-standard","hentry","category-bolsonaro","category-extrema-direita","category-golpista","category-politica","category-tarcisio"],"_links":{"self":[{"href":"https:\/\/redept.com.br\/blogosfera\/wp-json\/wp\/v2\/posts\/49805","targetHints":{"allow":["GET"]}}],"collection":[{"href":"https:\/\/redept.com.br\/blogosfera\/wp-json\/wp\/v2\/posts"}],"about":[{"href":"https:\/\/redept.com.br\/blogosfera\/wp-json\/wp\/v2\/types\/post"}],"author":[{"embeddable":true,"href":"https:\/\/redept.com.br\/blogosfera\/wp-json\/wp\/v2\/users\/2"}],"replies":[{"embeddable":true,"href":"https:\/\/redept.com.br\/blogosfera\/wp-json\/wp\/v2\/comments?post=49805"}],"version-history":[{"count":0,"href":"https:\/\/redept.com.br\/blogosfera\/wp-json\/wp\/v2\/posts\/49805\/revisions"}],"wp:attachment":[{"href":"https:\/\/redept.com.br\/blogosfera\/wp-json\/wp\/v2\/media?parent=49805"}],"wp:term":[{"taxonomy":"category","embeddable":true,"href":"https:\/\/redept.com.br\/blogosfera\/wp-json\/wp\/v2\/categories?post=49805"},{"taxonomy":"post_tag","embeddable":true,"href":"https:\/\/redept.com.br\/blogosfera\/wp-json\/wp\/v2\/tags?post=49805"}],"curies":[{"name":"wp","href":"https:\/\/api.w.org\/{rel}","templated":true}]}}