{"id":49908,"date":"2025-09-05T13:03:26","date_gmt":"2025-09-05T16:03:26","guid":{"rendered":"https:\/\/redept.org\/blogosfera\/tunel-santos-guaruja-a-obra-que-esperou-um-seculo-comeca-hoje\/"},"modified":"2025-09-05T13:03:26","modified_gmt":"2025-09-05T16:03:26","slug":"tunel-santos-guaruja-a-obra-que-esperou-um-seculo-comeca-hoje","status":"publish","type":"post","link":"https:\/\/redept.com.br\/blogosfera\/tunel-santos-guaruja-a-obra-que-esperou-um-seculo-comeca-hoje\/","title":{"rendered":"T\u00fanel Santos-Guaruj\u00e1: a obra que esperou um s\u00e9culo come\u00e7a hoje"},"content":{"rendered":"<p>Depois de cem anos de espera, o <a href=\"https:\/\/tvtnews.com.br\/tunel-santos-guaruja-o-que-vai-mudar-para-quem-vive-nas-duas-cidades\/\" data-type=\"post\" data-id=\"762183\">t\u00fanel Santos-Guaruj\u00e1<\/a> promete <a href=\"https:\/\/tvtnews.com.br\/tag\/transportes\/\" data-type=\"post_tag\" data-id=\"4593\">encurtar dist\u00e2ncias<\/a>, mudar rotinas e marcar para sempre a hist\u00f3ria de quem vive na regi\u00e3o. Leia em <a href=\"http:\/\/tvtnews.com.br\/\" data-type=\"link\" data-id=\"tvtnews.com.br\" target=\"_blank\" rel=\"noopener noreferrer nofollow\">TVT News<\/a>.<\/p>\n<h2>A obra que esperou um s\u00e9culo: Santos e Guaruj\u00e1 finalmente ser\u00e3o ligadas por t\u00fanel submerso<\/h2>\n<p>Desde os anos 1920, quando Santos j\u00e1 despontava como o <a href=\"https:\/\/tvtnews.com.br\/tag\/america-latina\/\" data-type=\"post_tag\" data-id=\"4255\">maior porto da Am\u00e9rica Latina<\/a>, a popula\u00e7\u00e3o da Baixada Santista convive com uma espera que atravessou gera\u00e7\u00f5es, a promessa de uma liga\u00e7\u00e3o definitiva com o Guaruj\u00e1. <\/p>\n<p>O porto se consolidava como motor do desenvolvimento nacional, a movimenta\u00e7\u00e3o de cargas crescia ano a ano e a travessia por balsas, ainda que vital, come\u00e7ava a se mostrar insuficiente. Foi nesse contexto que nasceu a ideia de uma travessia seca entre as duas margens, um sonho que atravessaria o s\u00e9culo XX sem se concretizar.<\/p>\n<h3>A espera de cem anos pela travessia seca entre Santos e Guaruj\u00e1<br \/>\u00a0<\/h3>\n<p>Nos anos 1940, a proposta voltou \u00e0 tona com for\u00e7a. Em 1948, engenheiros e autoridades discutiram a possibilidade de uma ponte levadi\u00e7a, que permitiria o tr\u00e2nsito de ve\u00edculos e pedestres sem interromper a navega\u00e7\u00e3o. A pol\u00eamica foi intensa. Para uns, a ponte seria solu\u00e7\u00e3o moderna, para outros, poderia comprometer o futuro do porto e restringir a entrada de navios cada vez maiores. J\u00e1 se falava, ent\u00e3o, que um t\u00fanel seria mais adequado, mas os custos e a complexidade t\u00e9cnica estavam al\u00e9m das possibilidades da \u00e9poca.<br \/>\u00a0<\/p>\n<p>As d\u00e9cadas seguintes foram marcadas por idas e vindas. Nos anos 1960, novos estudos foram encomendados, refletindo o desejo de moderniza\u00e7\u00e3o. Nos anos 1980, governos estaduais e federais voltaram a anunciar planos, mas o contexto de crises econ\u00f4micas e a falta de recursos p\u00fablicos frustraram mais uma vez a popula\u00e7\u00e3o. A cada promessa, renascia a expectativa; a cada adiamento, crescia a sensa\u00e7\u00e3o de frustra\u00e7\u00e3o.<br \/>\u00a0<\/p>\n<p>No in\u00edcio do s\u00e9culo XXI, parecia que o projeto, finalmente, poderia avan\u00e7ar. Em 2010, um novo an\u00fancio foi feito, reacendendo o entusiasmo de que a liga\u00e7\u00e3o deixaria de ser promessa. Mas, novamente, os obst\u00e1culos ambientais e financeiros travaram o processo. O t\u00fanel se transformou em s\u00edmbolo de um sonho adiado, e, ao mesmo tempo, de uma necessidade cada vez mais urgente para o cotidiano da Baixada Santista.<\/p>\n<\/p>\n<figure><img fetchpriority=\"high\" fetchpriority=\"high\" decoding=\"async\" width=\"1024\" height=\"576\"src=\"https:\/\/redept.org\/blogosfera\/wp-content\/uploads\/2025\/09\/Santos-Guaruja-Ricardo-Botelho.jpg\" alt=\"tunel-santos-guaruja-o-que-vai-mudar-para-quem-vive-nas-duas-cidades-tunel-trara-fim-a-espera-nas-filas-das-balsas-foto-ricardo-botelho-tvt-news\" title=\"T\u00fanel Santos-Guaruj\u00e1: a obra que esperou um s\u00e9culo come\u00e7a hoje 1\" srcset=\"https:\/\/tvtnews.com.br\/wp-content\/uploads\/2025\/09\/Santos-Guaruja-Ricardo-Botelho-1024x576.jpg 1024w, https:\/\/tvtnews.com.br\/wp-content\/uploads\/2025\/09\/Santos-Guaruja-Ricardo-Botelho-300x169.jpg 300w, https:\/\/tvtnews.com.br\/wp-content\/uploads\/2025\/09\/Santos-Guaruja-Ricardo-Botelho-768x432.jpg 768w, https:\/\/tvtnews.com.br\/wp-content\/uploads\/2025\/09\/Santos-Guaruja-Ricardo-Botelho-1536x864.jpg 1536w, https:\/\/redept.org\/blogosfera\/wp-content\/uploads\/2025\/09\/Santos-Guaruja-Ricardo-Botelho.jpg 1600w\" sizes=\"(max-width: 1024px) 100vw, 1024px\"><figcaption>T\u00fanel trar\u00e1 fim \u00e0 espera nas filas das balsas. Foto: Ricardo Botelho<\/figcaption><\/figure>\n<p>\u00a0<\/p>\n<p><em><strong>\u201c\u00c9 uma honra participar desse momento de uma constru\u00e7\u00e3o que j\u00e1 completa 100 anos. Trata-se de uma obra que ficar\u00e1 para a hist\u00f3ria e que vai impactar a vida de cerca de 80 mil pessoas que cruzam diariamente esse canal. Um projeto que muitos dos nossos antepassados gostariam de ter visto realizado e que agora se torna realidade\u201d<\/strong><\/em><\/p>\n<p><em><strong>Silvio Costa Filho, ministro de Portos e Aeroportos<\/strong><\/em><\/p>\n<p>Para al\u00e9m da infraestrutura, a espera moldou a mem\u00f3ria da regi\u00e3o. Pais e av\u00f3s transmitiram aos filhos a expectativa de ver a liga\u00e7\u00e3o constru\u00edda. Trabalhadores que cruzavam diariamente o estu\u00e1rio acumulavam atrasos e hist\u00f3rias de travessias dif\u00edceis, especialmente em dias de chuva e mar agitado. O impacto econ\u00f4mico tamb\u00e9m se fazia sentir. A falta de uma passagem direta limitava a integra\u00e7\u00e3o plena das cidades e colocava entraves log\u00edsticos para o escoamento de cargas de um dos maiores complexos portu\u00e1rios do mundo.<\/p>\n<\/p>\n<h2>Acompanhe a hist\u00f3ria do t\u00fanel Santos-Guaruj\u00e1<\/h2>\n<p>\u00a0<\/p>\n<figure><figcaption>Desde os anos 1920, quando Santos j\u00e1 despontava como o maior porto da Am\u00e9rica Latina, a popula\u00e7\u00e3o da Baixada Santista convive com uma espera que atravessou gera\u00e7\u00f5es, a promessa de uma liga\u00e7\u00e3o definitiva com o Guaruj\u00e1.  Imagem: Secom\/PR<\/figcaption><\/figure>\n<\/p>\n<h2><strong>Novo PAC possibilitou o t\u00fanel Santos-Guaruj\u00e1<\/strong><\/h2>\n<p>O ponto de virada ocorreu em 2024, quando o <a href=\"https:\/\/tvtnews.com.br\/tag\/governo-lula\/\" data-type=\"post_tag\" data-id=\"4208\">Governo Federal<\/a> incluiu a obra entre as prioridades do <a href=\"https:\/\/tvtnews.com.br\/educacao-investe-2-bilhoes-creche-transportes\/\" data-type=\"post\" data-id=\"737991\">Novo PAC<\/a> (Programa de Acelera\u00e7\u00e3o do Crescimento). Pela primeira vez, havia clareza de or\u00e7amento, cronograma e modelo de execu\u00e7\u00e3o. Em agosto de 2025, foi lan\u00e7ado o edital para a constru\u00e7\u00e3o do primeiro t\u00fanel submerso da Am\u00e9rica Latina, com investimento estimado em R$ 6,8 bilh\u00f5es.<br \/>\u00a0<\/p>\n<p>Em visita simb\u00f3lica a Santos, o ministro de Portos e Aeroportos, Silvio Costa Filho, percorreu o trajeto da futura liga\u00e7\u00e3o e resumiu o sentimento coletivo. \u201c\u00c9 uma honra participar desse momento de uma constru\u00e7\u00e3o que j\u00e1 completa 100 anos. Trata-se de uma obra que ficar\u00e1 para a hist\u00f3ria e que vai impactar a vida de cerca de 80 mil pessoas que cruzam diariamente esse canal. Um projeto que muitos dos nossos antepassados gostariam de ter visto realizado e que agora se torna realidade.\u201d<br \/>\u00a0<\/p>\n<h3><strong>T\u00fanel Santos-Guaruj\u00e1 \u00e9 obra complexa de engenharia<\/strong><\/h3>\n<p>A grandiosidade do t\u00fanel se mede n\u00e3o apenas pelos bilh\u00f5es em investimentos, mas pela transforma\u00e7\u00e3o que deve gerar. Com a travessia submersa, a regi\u00e3o ter\u00e1 mais integra\u00e7\u00e3o urbana e log\u00edstica, encurtando dist\u00e2ncias e favorecendo a mobilidade de trabalhadores, estudantes e fam\u00edlias. A obra tamb\u00e9m deve impulsionar o Porto de Santos, fortalecendo sua competitividade internacional e abrindo novas possibilidades para o escoamento de cargas.<br \/>\u00a0<\/p>\n<figure>\n<blockquote>\n<p>O projeto do T\u00fanel Santos-Guaruj\u00e1 prev\u00ea 1,5 km de extens\u00e3o, sendo 870 metros imersos sob o estu\u00e1rio<\/p>\n<\/blockquote>\n<\/figure>\n<p>O impacto ambiental foi considerado no desenho do projeto, com solu\u00e7\u00f5es que buscam reduzir emiss\u00f5es e ampliar a sustentabilidade da opera\u00e7\u00e3o. A obra tamb\u00e9m dialoga com o futuro do transporte na regi\u00e3o, ao incluir espa\u00e7o para ciclistas e pedestres e prever integra\u00e7\u00e3o com o VLT, estimulando uma mobilidade mais limpa.<br \/>\u00a0<\/p>\n<p>O projeto prev\u00ea 1,5 km de extens\u00e3o, sendo 870 metros imersos sob o estu\u00e1rio. O t\u00fanel contar\u00e1 com duas faixas por sentido para ve\u00edculos, corredor exclusivo para o VLT e acessos para pedestres e ciclistas. Mais que uma solu\u00e7\u00e3o de mobilidade, trata-se de um marco de engenharia in\u00e9dito no continente, que promete mudar para sempre a rotina de quem vive na Baixada Santista. Estima-se que cerca de 80 mil pessoas utilizem diariamente a liga\u00e7\u00e3o, hoje limitada \u00e0s balsas e catraias.<br \/>\u00a0<\/p>\n<h2>T\u00fanel vai inaugurar n<strong>ova era para os moradores da Baixada Santista<\/strong><\/h2>\n<p>Para os moradores, o impacto vai al\u00e9m da mobilidade. A estudante Maria Eduarda v\u00ea no t\u00fanel uma conquista cotidiana. \u201cA gente sabe que existem trabalhadores, tanto de Santos quanto do Guaruj\u00e1, que trabalham nas cidades. E \u00e9 importante que a gente consiga otimizar esse tempo pra eles, porque \u00e9 um jeito de dar mais conforto, tanto pra ir quanto pra voltar do servi\u00e7o.\u201d<br \/>\u00a0<\/p>\n<p>A aut\u00f4noma Meire Rodrigues refor\u00e7a a dimens\u00e3o da seguran\u00e7a. \u201cAcredito que vai facilitar muito a locomo\u00e7\u00e3o de todos, vai diminuir a quest\u00e3o do tempo. Hoje atrasa bastante, tanto de carro quanto de bicicleta. Eu, por exemplo, morro de medo da travessia na barca. E no dia de chuva \u00e9 pior ainda, o mar fica mais agitado e \u00e9 bem complicado. Acho que o t\u00fanel vai facilitar muito o transporte de muita gente. No meu caso, tamb\u00e9m uso o carro, e essa solu\u00e7\u00e3o ajudaria bastante.\u201d<br \/>\u00a0<\/p>\n<p>Depois de cem anos de tentativas, a liga\u00e7\u00e3o entre Santos e Guaruj\u00e1 deixa de ser apenas promessa para se transformar em realidade. Uma obra que une mem\u00f3ria, inova\u00e7\u00e3o e desenvolvimento, pronta para encurtar dist\u00e2ncias e inaugurar uma nova era de mobilidade na Baixada Santista.<\/p>\n<\/p>\n<p><em><strong>Fonte:<\/strong>\u00a0Secretaria de Comunica\u00e7\u00e3o Social da Presid\u00eancia da Rep\u00fablica<\/em> \u2013 <a href=\"https:\/\/www.gov.br\/secom\/pt-br\" target=\"_blank\" data-type=\"link\" data-id=\"https:\/\/www.gov.br\/secom\/pt-br\" rel=\"noreferrer noopener nofollow\">Secom<\/a><\/p>\n<\/p>\n<p>The post <a rel=\"nofollow\" href=\"https:\/\/tvtnews.com.br\/tunel-santos-guaruja-a-obra-que-esperou-um-seculo\/\">T\u00fanel Santos-Guaruj\u00e1: a obra que esperou um s\u00e9culo come\u00e7a hoje<\/a> appeared first on <a rel=\"nofollow\" href=\"https:\/\/tvtnews.com.br\/\">TVT News<\/a>.<\/p>\n<!-- Begin Yuzo --><div class='yuzo_related_post style-1'  data-version='5.12.89'><!-- without result --><div class='yuzo_clearfixed yuzo__title yuzo__title'><h3>Related Post<\/h3><\/div>\n\t\t\t\t\t\t  <div class=\"relatedthumb \" style=\"width:125px;float:left;overflow:hidden;\">  \n\t\t\t\t\t\t\t  \n\t\t\t\t\t\t\t  <a  href=\"https:\/\/redept.com.br\/blogosfera\/russia-anuncia-bloqueio-do-transito-de-petroleo-do-cazaquistao-para-a-alemanha\/\"  >\n\t\t\t\t\t\t\t\t\t  <div class=\"yuzo-img-wrap \" style=\"width: 125px;height:90px;\">\n\t\t\t\t\t\t\t\t\t\t\n\t\t\t\t\t\t\t\t\t\t<div class=\"yuzo-img\" style=\"background:url('https:\/\/redept.org\/blogosfera\/wp-content\/plugins\/yuzo-related-post\/assets\/images\/default.png') 50% 50% no-repeat;width: 125px;height:90px;margin-bottom: 5px;background-size: cover; \"><\/div>\n\t\t\t\t\t\t\t\t\t  <\/div>\n\t\t\t\t\t\t\t\t\t  \n\t\t\t\t\t\t\t\t   <span class=\"yuzo__text--title\" style=\"font-size:13px;\">R\u00fassia anuncia bloqueio do tr\u00e2nsito de petr\u00f3leo do...<\/span>\n\t\t\t\t\t\t\t  \n\t\t\t\t\t\t\t  \n\t\t\t\t\t\t\t  <\/a>\n\n\t\t\t\t\t\t  <\/div>\n\t\t\t\t\t\t  <div class=\"relatedthumb \" style=\"width:125px;float:left;overflow:hidden;\">  \n\t\t\t\t\t\t\t  \n\t\t\t\t\t\t\t  <a  href=\"https:\/\/redept.com.br\/blogosfera\/trump-ameaca-usar-toda-a-forca-contra-maduro-e-eleva-tensao-com-caracas\/\"  >\n\t\t\t\t\t\t\t\t\t  <div class=\"yuzo-img-wrap \" style=\"width: 125px;height:90px;\">\n\t\t\t\t\t\t\t\t\t\t\n\t\t\t\t\t\t\t\t\t\t<div class=\"yuzo-img\" style=\"background:url('https:\/\/redept.com.br\/blogosfera\/wp-content\/uploads\/2025\/08\/15410454095bda7ca181b38_1541045409_3x2_md-150x150.jpg') 50% 50% no-repeat;width: 125px;height:90px;margin-bottom: 5px;background-size: cover; \"><\/div>\n\t\t\t\t\t\t\t\t\t  <\/div>\n\t\t\t\t\t\t\t\t\t  \n\t\t\t\t\t\t\t\t   <span class=\"yuzo__text--title\" style=\"font-size:13px;\">Trump amea\u00e7a usar \u201ctoda a for\u00e7a\u201d contra Maduro e e...<\/span>\n\t\t\t\t\t\t\t  \n\t\t\t\t\t\t\t  \n\t\t\t\t\t\t\t  <\/a>\n\n\t\t\t\t\t\t  <\/div>\n\t\t\t\t\t\t  <div class=\"relatedthumb \" style=\"width:125px;float:left;overflow:hidden;\">  \n\t\t\t\t\t\t\t  \n\t\t\t\t\t\t\t  <a  href=\"https:\/\/redept.com.br\/blogosfera\/edital-de-r-25-milhoes-aposta-na-natureza-para-salvar-periferias\/\"  >\n\t\t\t\t\t\t\t\t\t  <div class=\"yuzo-img-wrap \" style=\"width: 125px;height:90px;\">\n\t\t\t\t\t\t\t\t\t\t\n\t\t\t\t\t\t\t\t\t\t<div class=\"yuzo-img\" style=\"background:url('https:\/\/redept.com.br\/blogosfera\/wp-content\/uploads\/2025\/06\/BNDES-Periferias-foto-Tomaz-Silva-Agencia-Brasil-150x150.webp') 50% 50% no-repeat;width: 125px;height:90px;margin-bottom: 5px;background-size: cover; \"><\/div>\n\t\t\t\t\t\t\t\t\t  <\/div>\n\t\t\t\t\t\t\t\t\t  \n\t\t\t\t\t\t\t\t   <span class=\"yuzo__text--title\" style=\"font-size:13px;\">Edital de R$ 25 milh\u00f5es aposta na natureza para sa...<\/span>\n\t\t\t\t\t\t\t  \n\t\t\t\t\t\t\t  \n\t\t\t\t\t\t\t  <\/a>\n\n\t\t\t\t\t\t  <\/div>\n\t\t\t\t\t\t  <div class=\"relatedthumb \" style=\"width:125px;float:left;overflow:hidden;\">  \n\t\t\t\t\t\t\t  \n\t\t\t\t\t\t\t  <a  href=\"https:\/\/redept.com.br\/blogosfera\/mst-realiza-a-ii-turma-do-curso-basico-de-educacao-e-agroecologia-na-regiao-sul\/\"  >\n\t\t\t\t\t\t\t\t\t  <div class=\"yuzo-img-wrap \" style=\"width: 125px;height:90px;\">\n\t\t\t\t\t\t\t\t\t\t\n\t\t\t\t\t\t\t\t\t\t<div class=\"yuzo-img\" style=\"background:url('https:\/\/redept.com.br\/blogosfera\/wp-content\/uploads\/2025\/11\/image-6-150x150.jpg') 50% 50% no-repeat;width: 125px;height:90px;margin-bottom: 5px;background-size: cover; \"><\/div>\n\t\t\t\t\t\t\t\t\t  <\/div>\n\t\t\t\t\t\t\t\t\t  \n\t\t\t\t\t\t\t\t   <span class=\"yuzo__text--title\" style=\"font-size:13px;\">MST realiza a II Turma do Curso B\u00e1sico de Educa\u00e7\u00e3o...<\/span>\n\t\t\t\t\t\t\t  \n\t\t\t\t\t\t\t  \n\t\t\t\t\t\t\t  <\/a>\n\n\t\t\t\t\t\t  <\/div>\n<\/div> <script>\n\t\t\t\t\t\t  jQuery(document).ready(function( $ ){\n\t\t\t\t\t\t\t\/\/jQuery('.yuzo_related_post').equalizer({ overflow : 'relatedthumb' });\n\t\t\t\t\t\t\tjQuery('.yuzo_related_post .yuzo_wraps').equalizer({ columns : '> div' });\n\t\t\t\t\t\t   })\n\t\t\t\t\t\t  <\/script> <!-- End Yuzo :) -->","protected":false},"excerpt":{"rendered":"<p>Depois de cem anos de espera, o t\u00fanel Santos-Guaruj\u00e1 promete encurtar dist\u00e2ncias, mudar rotinas e marcar para sempre a hist\u00f3ria de quem vive na regi\u00e3o. Leia em TVT News. A obra que esperou um s\u00e9culo: Santos e Guaruj\u00e1 finalmente ser\u00e3o ligadas por t\u00fanel submerso Desde os anos 1920, quando Santos j\u00e1 despontava como o maior [&hellip;]<\/p>\n","protected":false},"author":2,"featured_media":49909,"comment_status":"open","ping_status":"closed","sticky":false,"template":"","format":"standard","meta":{"fifu_image_url":"","fifu_image_alt":"","footnotes":""},"categories":[489,221,17,1576,2921],"tags":[],"class_list":["post-49908","post","type-post","status-publish","format-standard","has-post-thumbnail","hentry","category-destaque-pequeno","category-economia","category-governo-lula","category-hoje-na-historia","category-transportes"],"_links":{"self":[{"href":"https:\/\/redept.com.br\/blogosfera\/wp-json\/wp\/v2\/posts\/49908","targetHints":{"allow":["GET"]}}],"collection":[{"href":"https:\/\/redept.com.br\/blogosfera\/wp-json\/wp\/v2\/posts"}],"about":[{"href":"https:\/\/redept.com.br\/blogosfera\/wp-json\/wp\/v2\/types\/post"}],"author":[{"embeddable":true,"href":"https:\/\/redept.com.br\/blogosfera\/wp-json\/wp\/v2\/users\/2"}],"replies":[{"embeddable":true,"href":"https:\/\/redept.com.br\/blogosfera\/wp-json\/wp\/v2\/comments?post=49908"}],"version-history":[{"count":0,"href":"https:\/\/redept.com.br\/blogosfera\/wp-json\/wp\/v2\/posts\/49908\/revisions"}],"wp:featuredmedia":[{"embeddable":true,"href":"https:\/\/redept.com.br\/blogosfera\/wp-json\/wp\/v2\/media\/49909"}],"wp:attachment":[{"href":"https:\/\/redept.com.br\/blogosfera\/wp-json\/wp\/v2\/media?parent=49908"}],"wp:term":[{"taxonomy":"category","embeddable":true,"href":"https:\/\/redept.com.br\/blogosfera\/wp-json\/wp\/v2\/categories?post=49908"},{"taxonomy":"post_tag","embeddable":true,"href":"https:\/\/redept.com.br\/blogosfera\/wp-json\/wp\/v2\/tags?post=49908"}],"curies":[{"name":"wp","href":"https:\/\/api.w.org\/{rel}","templated":true}]}}