{"id":50000,"date":"2025-09-05T17:18:13","date_gmt":"2025-09-05T20:18:13","guid":{"rendered":"https:\/\/redept.org\/blogosfera\/politica-o-real-e-o-possivel\/"},"modified":"2025-09-05T17:18:13","modified_gmt":"2025-09-05T20:18:13","slug":"politica-o-real-e-o-possivel","status":"publish","type":"post","link":"https:\/\/redept.com.br\/blogosfera\/politica-o-real-e-o-possivel\/","title":{"rendered":"Pol\u00edtica: o real e o poss\u00edvel"},"content":{"rendered":"<p>A pol\u00edtica tem duas dimens\u00f5es, o real e o poss\u00edvel. Os putschistas do 8 de janeiro de 2023, tomados isoladamente, s\u00e3o personagens med\u00edocres com mentalidade de milicianos. Impressiona a limita\u00e7\u00e3o cognitiva do generalato brasileiro; do capit\u00e3o-presidente nem carece dizer. O racioc\u00ednio bin\u00e1rio sobre os problemas do pa\u00eds e a solu\u00e7\u00e3o aventada aos moldes de uma m\u00e1fia, ao planejar assassinatos para burlar a vontade popular nas urnas, demonstra o quanto nossas institui\u00e7\u00f5es p\u00e1trias distam das necessidades da na\u00e7\u00e3o no contexto de crise do imperialismo e da multipolaridade, em gesta\u00e7\u00e3o.<\/p>\n<p>Os di\u00e1logos divulgados nas redes sociais entre empres\u00e1rios (empreiteiros, propriet\u00e1rios de shopping centers, mega varejistas, exportadores de <em>commodities<\/em>), todos ressentidos com a vit\u00f3ria do estadista admirado pelo mundo, mas execrado na casa grande, revelam que a intelig\u00eancia do golpe ainda n\u00e3o apareceu. Ela est\u00e1 concentrada no capital financeiro e no capital-nuvem do Vale do Sil\u00edcio. Parte das classes dominantes e da armada brancaleone assume a fun\u00e7\u00e3o da infantaria, no combate corpo a corpo, para a forma\u00e7\u00e3o de um bloco contrarrevolucion\u00e1rio ao qual soma-se a m\u00eddia corporativa.<\/p>\n<p>Esse \u00e9 o real. O poss\u00edvel esteve no ataque ao Estado de direito democr\u00e1tico para implantar o regime de exce\u00e7\u00e3o, fazendo eco do rumor de botas em priscas eras. Para al\u00e9m da psicologia dos indiv\u00edduos envolvidos, existe um programa pol\u00edtico que associa o neoliberalismo ao neoconservadorismo e ao neofascismo para: (i) assegurar a superexplora\u00e7\u00e3o dos trabalhadores; (ii) desmontar os direitos adquiridos do trabalho; (iii) aprofundar a desindustrializa\u00e7\u00e3o e as privatiza\u00e7\u00f5es; (iv) transformar o pa\u00eds em um \u201cfazend\u00e3o\u201d para o agroneg\u00f3cio e a especula\u00e7\u00e3o financeira; (v) submeter o aparelho estatal \u00e0s <em>Big Techs<\/em> sem uma regulamenta\u00e7\u00e3o; (vi) apropriar-se das \u201cterras raras\u201d com minerais essenciais para a tecnologia mais sofisticada<em>. <\/em>Tal \u00e9 a agenda para solapar a soberania do Brasil.<\/p>\n<p>Essa agenda s\u00f3 p\u00f4de vir \u00e0 tona pelo enfraquecimento, cada vez maior, da participa\u00e7\u00e3o social sobre a decis\u00e3o de quest\u00f5es importantes no dom\u00ednio pol\u00edtico, econ\u00f4mico e cultural. A elite retirou do povo a maioridade para deliberar de forma organizada sobre temas fundamentais \u2013 terceiriza\u00e7\u00e3o, jornada de trabalho, medidas de controle ambiental, aplica\u00e7\u00e3o dos recursos p\u00fablicos, acesso aos equipamentos p\u00fablicos. Ajustes fiscais para aplicar a austeridade reduzem as diferen\u00e7as ideol\u00f3gicas e queimam a energia da esquerda, pois a representa\u00e7\u00e3o \u00e9 incapaz de construir o projeto humanista de sociedade.<\/p>\n<p>Os grupos hegem\u00f4nicos desdenham o meio ambiente natural e o meio social, levam a termo o valor supremo moderno que, nem sublime e nem moral, \u00e9 o verdadeiro est\u00edmulo do indiv\u00edduo burgu\u00eas \u2013 o ego\u00edsmo. Um valor que, transformado em indiferen\u00e7a pela sorte do planeta e da humanidade, gera a aliena\u00e7\u00e3o de bilion\u00e1rios que, em plena pandemia, se divertiam na estratosfera fora da gravidade.<\/p>\n<p><strong>Correla\u00e7\u00e3o atual de for\u00e7as<\/strong><\/p>\n<p>As pessoas n\u00e3o contam na l\u00f3gica de acumula\u00e7\u00e3o do capital, exceto como unidades econ\u00f4micas para fornecer dados e informa\u00e7\u00f5es que recrudescem a din\u00e2mica de domina\u00e7\u00e3o. A concentra\u00e7\u00e3o de poder faz dos cidad\u00e3os meros espectadores de seu destino. A for\u00e7a da palavra liberdade, independente do uso manipulado pela extrema direita, traduz a repress\u00e3o \u00e0 ideia de um autogoverno. As engrenagens sist\u00eamicas possuem vida pr\u00f3pria. Os indiv\u00edduos desejam opinar em tudo, na exata propor\u00e7\u00e3o em que suas opini\u00f5es ocas n\u00e3o influem em nada sobre os verdadeiros donos do poder contemporaneamente.<\/p>\n<p>Segundo Lucien Goldmann, em <em>Epistemologia e filosofia pol\u00edtica<\/em>, \u201cexiste um risco de a evolu\u00e7\u00e3o tecnocr\u00e1tica ser tal que o homem se torne um executante, que a liberdade diminua ao ponto de desaparecer, salvo para uma pequena camada entre cujas m\u00e3os se concentrar\u00e3o as decis\u00f5es\u201d. Da\u00ed o sentido operat\u00f3rio (processual) estar a cargo da tecnocracia no mosaico da opress\u00e3o. A autogest\u00e3o \u00e9 a esperan\u00e7a de uma distribui\u00e7\u00e3o de responsabilidades \u00e0 popula\u00e7\u00e3o, no \u00e2mbito da superestrutura.<\/p>\n<p>O Supremo Tribunal Federal privilegiou o crit\u00e9rio da responsabiliza\u00e7\u00e3o dos agentes do Estado no julgamento, em curso. Os operadores econ\u00f4micos, manifestos ou latentes, do <em>putsch<\/em> frustrado foram poupados de um escrut\u00ednio no banco dos r\u00e9us com a justi\u00e7a. Conden\u00e1-los publicamente colocaria em xeque o <em>status quo<\/em> e os artif\u00edcios capitalistas \u2013 legais ou ilegais \u2013 para subjugar os trabalhadores. Coisa que apenas uma revolu\u00e7\u00e3o reuniria condi\u00e7\u00f5es pol\u00edticas para faz\u00ea-lo de um modo radical. N\u00e3o \u00e9 o caso. O momento \u00e9 de fortalecimento das institui\u00e7\u00f5es, movimentos e reorganiza\u00e7\u00e3o do trabalho.<\/p>\n<p>A correla\u00e7\u00e3o conjuntural de for\u00e7as explica a op\u00e7\u00e3o. A iniciativa de setores ultradireitistas e legendas do Centr\u00e3o, na C\u00e2mara Federal, para formular a \u201clei de anistia\u201d reconhecidamente inconstitucional enquanto a Corte Suprema julga os que atentaram contra a ordem, sinaliza uma desautoriza\u00e7\u00e3o que desafia o procedimento judicial do STF. Antes se questionava o resultado das elei\u00e7\u00f5es; por ora, os rebeldes a favor das desigualdades antirrepublicanas negam aos ministros da inst\u00e2ncia m\u00e1xima a compet\u00eancia para sentenciar os mentores vis\u00edveis do terrorismo, na Pra\u00e7a dos Tr\u00eas Poderes.<\/p>\n<p>A insubordina\u00e7\u00e3o ao ordenamento da Constitui\u00e7\u00e3o de 1988 condensa diferentes fatores individuais, hist\u00f3ricos, pol\u00edticos, ideol\u00f3gicos e at\u00e9 sociais. As criaturas do obscurantismo, sa\u00eddas do esgoto da incivilidade, pegaram gosto pelo comportamento de turba contrariamente ao decoro parlamentar de antanho. O confronto que d\u00e1 vaz\u00e3o a uma racionalidade tribal espetaculosa, para mobilizar o s\u00e9quito de seguidores com vistas \u00e0s manifesta\u00e7\u00f5es do 7 de setembro, visa n\u00e3o permitir que a condena\u00e7\u00e3o do l\u00edder desmobilize as massas de manobra. Revigora a estapaf\u00fardia \u201cnarrativa alternativa aos fatos\u201d. Sem um gesto altivo do covarde ineleg\u00edvel (\u201cDesculpa!\u201d), os deputados travestem-se de Quixotes.<\/p>\n<p>Hoje o poss\u00edvel para os extremistas de direita reside em manter holofotes acesos para exprimir um tragic\u00f4mico <em>jus sperniandis<\/em>. A luta toma o rumo das ruas. As redes digitais da rea\u00e7\u00e3o j\u00e1 murcham. \u00c0 democracia resta vencer as desinforma\u00e7\u00f5es, tirar as drummondianas pedras de atraso do caminho.<\/p>\n<p><strong>Brasil soberano, sem anistia<\/strong><\/p>\n<p>Ao reverso, o F\u00f3rum das Centrais, a Frente Brasil Popular, o Grito dos Exclu\u00eddos e Exclu\u00eddas e o Povo Sem Medo convocam a milit\u00e2ncia para o ato na data c\u00edvica de Independ\u00eancia Nacional sob o lema: \u201cQuem manda no Brasil \u00e9 o Povo Brasileiro \u2013 Sem Anistia\u201d. Alto e bom som, \u201cPelo Brasil soberano, com direitos e sem golpistas! Trump, tire suas garras do Brasil! Bolsonaro e seus generais golpistas na cadeia! O Brasil \u00e9 nosso! Donald Trump, Bolsonaro e seus c\u00famplices querem meter as garras no nosso pa\u00eds, entregar nossas riquezas aos EUA e calar a voz do povo. N\u00e3o v\u00e3o conseguir\u201d. A convocat\u00f3ria \u00e9 em si um desagravo e um sinal para que domingo seja um dia aben\u00e7oado pela luta.<\/p>\n<p><strong><em>Luiz Marques \u00e9 docente de Ci\u00eancia Pol\u00edtica da UFRGS; ex-Secret\u00e1rio de Estado da Cultura no Rio Grande do Sul<\/em><\/strong><\/p>\n<p>The post <a rel=\"nofollow\" href=\"https:\/\/fpabramo.org.br\/2025\/09\/05\/politica-o-real-e-o-possivel\/\">Pol\u00edtica: o real e o poss\u00edvel<\/a> appeared first on <a rel=\"nofollow\" href=\"https:\/\/fpabramo.org.br\/\">Funda\u00e7\u00e3o Perseu Abramo<\/a>.<\/p>\n<!-- Begin Yuzo --><div class='yuzo_related_post style-1'  data-version='5.12.89'><!-- without result --><div class='yuzo_clearfixed yuzo__title yuzo__title'><h3>Related Post<\/h3><\/div>\n\t\t\t\t\t\t  <div class=\"relatedthumb \" style=\"width:125px;float:left;overflow:hidden;\">  \n\t\t\t\t\t\t\t  \n\t\t\t\t\t\t\t  <a  href=\"https:\/\/redept.com.br\/blogosfera\/alunos-de-cursinhos-populares-irao-receber-bolsa-de-r-200-por-mes\/\"  >\n\t\t\t\t\t\t\t\t\t  <div class=\"yuzo-img-wrap \" style=\"width: 125px;height:90px;\">\n\t\t\t\t\t\t\t\t\t\t\n\t\t\t\t\t\t\t\t\t\t<div class=\"yuzo-img\" style=\"background:url('https:\/\/redept.org\/blogosfera\/wp-content\/plugins\/yuzo-related-post\/assets\/images\/default.png') 50% 50% no-repeat;width: 125px;height:90px;margin-bottom: 5px;background-size: cover; \"><\/div>\n\t\t\t\t\t\t\t\t\t  <\/div>\n\t\t\t\t\t\t\t\t\t  \n\t\t\t\t\t\t\t\t   <span class=\"yuzo__text--title\" style=\"font-size:13px;\">Alunos de cursinhos populares ir\u00e3o receber bolsa d...<\/span>\n\t\t\t\t\t\t\t  \n\t\t\t\t\t\t\t  \n\t\t\t\t\t\t\t  <\/a>\n\n\t\t\t\t\t\t  <\/div>\n\t\t\t\t\t\t  <div class=\"relatedthumb \" style=\"width:125px;float:left;overflow:hidden;\">  \n\t\t\t\t\t\t\t  \n\t\t\t\t\t\t\t  <a  href=\"https:\/\/redept.com.br\/blogosfera\/fernando-haddad-abre-encontro-de-intelectuais-que-debate-saidas-as-crises-do-capitalismo\/\"  >\n\t\t\t\t\t\t\t\t\t  <div class=\"yuzo-img-wrap \" style=\"width: 125px;height:90px;\">\n\t\t\t\t\t\t\t\t\t\t\n\t\t\t\t\t\t\t\t\t\t<div class=\"yuzo-img\" style=\"background:url('https:\/\/redept.com.br\/blogosfera\/wp-content\/uploads\/2025\/04\/conferencia-latam-divulgacao-1024x682-1-150x150.jpg') 50% 50% no-repeat;width: 125px;height:90px;margin-bottom: 5px;background-size: cover; \"><\/div>\n\t\t\t\t\t\t\t\t\t  <\/div>\n\t\t\t\t\t\t\t\t\t  \n\t\t\t\t\t\t\t\t   <span class=\"yuzo__text--title\" style=\"font-size:13px;\">Fernando Haddad abre encontro de intelectuais que ...<\/span>\n\t\t\t\t\t\t\t  \n\t\t\t\t\t\t\t  \n\t\t\t\t\t\t\t  <\/a>\n\n\t\t\t\t\t\t  <\/div>\n\t\t\t\t\t\t  <div class=\"relatedthumb \" style=\"width:125px;float:left;overflow:hidden;\">  \n\t\t\t\t\t\t\t  \n\t\t\t\t\t\t\t  <a  href=\"https:\/\/redept.com.br\/blogosfera\/em-encontro-da-celac-venezuela-manifesta-apoio-a-cuba-contra-bloqueio-dos-eua\/\"  >\n\t\t\t\t\t\t\t\t\t  <div class=\"yuzo-img-wrap \" style=\"width: 125px;height:90px;\">\n\t\t\t\t\t\t\t\t\t\t\n\t\t\t\t\t\t\t\t\t\t<div class=\"yuzo-img\" style=\"background:url('https:\/\/redept.org\/blogosfera\/wp-content\/plugins\/yuzo-related-post\/assets\/images\/default.png') 50% 50% no-repeat;width: 125px;height:90px;margin-bottom: 5px;background-size: cover; \"><\/div>\n\t\t\t\t\t\t\t\t\t  <\/div>\n\t\t\t\t\t\t\t\t\t  \n\t\t\t\t\t\t\t\t   <span class=\"yuzo__text--title\" style=\"font-size:13px;\">Em encontro da Celac, Venezuela manifesta apoio a ...<\/span>\n\t\t\t\t\t\t\t  \n\t\t\t\t\t\t\t  \n\t\t\t\t\t\t\t  <\/a>\n\n\t\t\t\t\t\t  <\/div>\n\t\t\t\t\t\t  <div class=\"relatedthumb \" style=\"width:125px;float:left;overflow:hidden;\">  \n\t\t\t\t\t\t\t  \n\t\t\t\t\t\t\t  <a  href=\"https:\/\/redept.com.br\/blogosfera\/chanceler-iraniano-chega-a-russia-para-encontro-com-putin\/\"  >\n\t\t\t\t\t\t\t\t\t  <div class=\"yuzo-img-wrap \" style=\"width: 125px;height:90px;\">\n\t\t\t\t\t\t\t\t\t\t\n\t\t\t\t\t\t\t\t\t\t<div class=\"yuzo-img\" style=\"background:url('https:\/\/redept.org\/blogosfera\/wp-content\/plugins\/yuzo-related-post\/assets\/images\/default.png') 50% 50% no-repeat;width: 125px;height:90px;margin-bottom: 5px;background-size: cover; \"><\/div>\n\t\t\t\t\t\t\t\t\t  <\/div>\n\t\t\t\t\t\t\t\t\t  \n\t\t\t\t\t\t\t\t   <span class=\"yuzo__text--title\" style=\"font-size:13px;\">Chanceler iraniano chega \u00e0 R\u00fassia para encontro co...<\/span>\n\t\t\t\t\t\t\t  \n\t\t\t\t\t\t\t  \n\t\t\t\t\t\t\t  <\/a>\n\n\t\t\t\t\t\t  <\/div>\n<\/div> <script>\n\t\t\t\t\t\t  jQuery(document).ready(function( $ ){\n\t\t\t\t\t\t\t\/\/jQuery('.yuzo_related_post').equalizer({ overflow : 'relatedthumb' });\n\t\t\t\t\t\t\tjQuery('.yuzo_related_post .yuzo_wraps').equalizer({ columns : '> div' });\n\t\t\t\t\t\t   })\n\t\t\t\t\t\t  <\/script> <!-- End Yuzo :) -->","protected":false},"excerpt":{"rendered":"<p>A pol\u00edtica tem duas dimens\u00f5es, o real e o poss\u00edvel. Os putschistas do 8 de janeiro de 2023, tomados isoladamente, s\u00e3o personagens med\u00edocres com mentalidade de milicianos. Impressiona a limita\u00e7\u00e3o cognitiva do generalato brasileiro; do capit\u00e3o-presidente nem carece dizer. O racioc\u00ednio bin\u00e1rio sobre os problemas do pa\u00eds e a solu\u00e7\u00e3o aventada aos moldes de uma [&hellip;]<\/p>\n","protected":false},"author":2,"featured_media":0,"comment_status":"open","ping_status":"closed","sticky":false,"template":"","format":"standard","meta":{"fifu_image_url":"","fifu_image_alt":"","footnotes":""},"categories":[536,11645,132,18090,1048],"tags":[],"class_list":["post-50000","post","type-post","status-publish","format-standard","hentry","category-democracia","category-grito-dos-excluidos","category-politica","category-sem-anistia-para-golpista","category-soberania"],"_links":{"self":[{"href":"https:\/\/redept.com.br\/blogosfera\/wp-json\/wp\/v2\/posts\/50000","targetHints":{"allow":["GET"]}}],"collection":[{"href":"https:\/\/redept.com.br\/blogosfera\/wp-json\/wp\/v2\/posts"}],"about":[{"href":"https:\/\/redept.com.br\/blogosfera\/wp-json\/wp\/v2\/types\/post"}],"author":[{"embeddable":true,"href":"https:\/\/redept.com.br\/blogosfera\/wp-json\/wp\/v2\/users\/2"}],"replies":[{"embeddable":true,"href":"https:\/\/redept.com.br\/blogosfera\/wp-json\/wp\/v2\/comments?post=50000"}],"version-history":[{"count":0,"href":"https:\/\/redept.com.br\/blogosfera\/wp-json\/wp\/v2\/posts\/50000\/revisions"}],"wp:attachment":[{"href":"https:\/\/redept.com.br\/blogosfera\/wp-json\/wp\/v2\/media?parent=50000"}],"wp:term":[{"taxonomy":"category","embeddable":true,"href":"https:\/\/redept.com.br\/blogosfera\/wp-json\/wp\/v2\/categories?post=50000"},{"taxonomy":"post_tag","embeddable":true,"href":"https:\/\/redept.com.br\/blogosfera\/wp-json\/wp\/v2\/tags?post=50000"}],"curies":[{"name":"wp","href":"https:\/\/api.w.org\/{rel}","templated":true}]}}