{"id":50056,"date":"2025-09-05T22:14:01","date_gmt":"2025-09-06T01:14:01","guid":{"rendered":"https:\/\/redept.org\/blogosfera\/lula-diz-que-nao-se-envolvera-na-disputa-entre-eua-e-venezuela-e-promete-regular-redes-doa-a-quem-doer\/"},"modified":"2025-09-05T22:14:01","modified_gmt":"2025-09-06T01:14:01","slug":"lula-diz-que-nao-se-envolvera-na-disputa-entre-eua-e-venezuela-e-promete-regular-redes-doa-a-quem-doer","status":"publish","type":"post","link":"https:\/\/redept.com.br\/blogosfera\/lula-diz-que-nao-se-envolvera-na-disputa-entre-eua-e-venezuela-e-promete-regular-redes-doa-a-quem-doer\/","title":{"rendered":"Lula diz que n\u00e3o se envolver\u00e1 na disputa entre EUA e Venezuela e promete regular redes \u2018doa a quem doer\u2019"},"content":{"rendered":"<p>O presidente <a href=\"https:\/\/www.brasildefato.com.br\/2025\/09\/05\/em-meio-ao-tarifaco-lula-fara-desfile-de-7-de-setembro-com-tema-brasil-soberano\/\">Luiz In\u00e1cio Lula da Silva <\/a>(PT) disse, nesta sexta-feira (5), que n\u00e3o pretende se envolver na atual disputa entre <a href=\"https:\/\/www.brasildefato.com.br\/2025\/09\/03\/venezuela-diz-que-video-divulgado-pelos-eua-com-ataque-a-barco-foi-feito-por-ia\/\">Estados Unidos e Venezuela<\/a>, mesmo que o conflito escale. Em entrevista exclusiva ao <em>SBT<\/em>, Lula disse que vai focar em demandas internas, como a <a href=\"https:\/\/www.brasildefato.com.br\/2025\/06\/30\/a-regulamentacao-das-redes-e-o-fim-do-fascismo-digital\/\">regula\u00e7\u00e3o das redes sociais<\/a>, que, segundo o presidente, vai sair, \u201cdoa a quem doer\u201d.<\/p>\n<p>Durante a entrevista, conduzida pelo jornalista C\u00e9sar Filho, Lula refor\u00e7ou que a postura de seu governo \u00e9 de defesa de solu\u00e7\u00f5es negociadas para quaisquer conflitos. \u201cO Brasil vai ficar do lado que sempre esteve: do lado da paz\u201d, garantiu, quando perguntado sobre a crescente tens\u00e3o entre estadunidenses e venezuelanos.<\/p>\n<p>\u201cO Brasil n\u00e3o tem contencioso internacional, nem queremos contencioso internacional. O Brasil entende que a guerra n\u00e3o leva a nada. N\u00e3o tem nada melhor que sentar \u00e0 mesa e conversar\u201d, prosseguiu o presidente.<\/p>\n<p>A ideia de conversar, ali\u00e1s, foi citada tamb\u00e9m na rela\u00e7\u00e3o entre o governo brasileiro e a administra\u00e7\u00e3o de Donald Trump nos EUA. O presidente repetiu uma frase que usou \u00e0 exaust\u00e3o nesta semana: \u201cno dia que ele [Trump] quiser conversar, o Lulinha paz e amor est\u00e1 de volta\u201d.<\/p>\n<p>Apesar de afirmar que segue disposto a encontrar uma sa\u00edda negociada para o tarifa\u00e7o, o petista deu a entender que n\u00e3o acredita que isso v\u00e1 acontecer t\u00e3o cedo. Ele lembrou que escalou tr\u00eas nomes de primeira linha de seu governo para discutir com os estadunidenses: os ministros Fernando Haddad (Fazenda), Geraldo Alckmin (Desenvolvimento, Ind\u00fastria, Com\u00e9rcio e Servi\u00e7os \u2013 e tamb\u00e9m vice-presidente) e Mauro Vieira (Rela\u00e7\u00f5es Exteriores). \u201cPergunta se algu\u00e9m teve interlocutor?\u201d, indagou, em tom de lamenta\u00e7\u00e3o.<\/p>\n<p>\u201cEu esperava conviver com o Trump da maneira que deve ser a conviv\u00eancia entre dois chefes de Estado\u201d, apontou. \u201cSe tem uma coisa que aprendi a fazer \u00e9 negociar. E negociar com magnatas. O dia que o Trump quiser conversar, eu estou pronto. A rela\u00e7\u00e3o Brasil-Estados Unidos vai voltar \u00e0 normalidade. Se os presidentes n\u00e3o conseguem se acertar, pode ter certeza que o povo americano e o povo brasileiro v\u00e3o se acertar\u201d.<\/p>\n<p>Na conversa com C\u00e9sar Filho, Lula voltou a se posicionar de maneira contundente contra o <a href=\"https:\/\/www.brasildefato.com.br\/2025\/06\/05\/lula-acusa-israel-de-cometer-genocidio-premeditado-por-governo-de-extrema-direita-em-gaza\/\">genoc\u00eddio israelense em Gaza<\/a>. O jornalista citou acusa\u00e7\u00f5es de que o presidente apoia o movimento Hamas.<\/p>\n<p>\u201cSe algu\u00e9m diz que eu tenho simpatia pelo Hamas, \u00e9 de uma ignor\u00e2ncia, uma m\u00e1-f\u00e9 e uma estupidez que n\u00e3o merece cr\u00e9dito\u201d, bradou. \u201cEu sou defensor do Estado palestino, que conviva harmonicamente com o Estado de Israel. E sou totalmente contra a ocupa\u00e7\u00e3o que Israel est\u00e1 fazendo na Faixa de Gaza\u201d, prosseguiu.<\/p>\n<p>As acusa\u00e7\u00f5es sobre a suposta simpatia ao Hamas, ali\u00e1s, pipocam na internet. Esse foi outro tema que levou o presidente a deixar de lado a tal postura do \u201cLulinha paz e amor\u201d e se manifestar de maneira firme. Ele afirmou que o governo vai \u00e0 carga para garantir a regulamenta\u00e7\u00e3o das <em>big techs<\/em>.<\/p>\n<p>\u201cO \u00f3dio n\u00e3o tem que ser estimulado. O que tem que ser estimulado \u00e9 a paz, a harmonia, a tranquilidade, a boa conviv\u00eancia democr\u00e1tica, a civilidade entre a esp\u00e9cie humana. Vamos regular [as redes], doa a quem doer\u201d, garantiu.<\/p>\n<p>Em tom jocoso, C\u00e9sar Filho citou teorias conspirat\u00f3rias que envolvem o pr\u00f3prio Lula e o de outras figuras p\u00fablicas, como Donald Trump, que, nesta semana, foi alvo de especula\u00e7\u00f5es sobre sua morte que viralizaram nas redes.<\/p>\n<p>\u201cEssa loucura da internet, ela facilita muito as inverdades. Eu j\u00e1 sou a quinta vers\u00e3o do Lula\u201d, brincou o presidente. \u201cN\u00f3s precisamos <a href=\"https:\/\/www.brasildefato.com.br\/2025\/08\/19\/com-dois-pls-governo-lula-busca-regular-conteudo-e-concorrencia-nas-redes\/\">regular as empresas<\/a>. N\u00e3o \u00e9 censura. O pa\u00eds tem que ter regra. O que vale na vida real, vale na vida digital. Se eu na vida real falar mentira, cometer falso testemunho, eu posso ser julgado. Na vida digital tamb\u00e9m\u201d, complementou.<\/p>\n<p>Ao encerrar a entrevista, Lula n\u00e3o fugiu da pergunta sobre a candidatura \u00e0 reelei\u00e7\u00e3o em 2026 e afirmou que \u201cse estiver com o estado de esp\u00edrito e a sa\u00fade que estou hoje, n\u00e3o tenho d\u00favidas de que serei candidato a presidente da Rep\u00fablica\u201d.<\/p>\n<p>O post <a href=\"https:\/\/www.brasildefato.com.br\/2025\/09\/05\/lula-diz-que-nao-se-envolvera-na-disputa-entre-eua-e-venezuela-e-promete-regular-redes-doa-a-quem-doer\/\">Lula diz que n\u00e3o se envolver\u00e1 na disputa entre EUA e Venezuela e promete regular redes \u2018doa a quem doer\u2019<\/a> apareceu primeiro em <a href=\"https:\/\/www.brasildefato.com.br\/\">Brasil de Fato<\/a>.<\/p>\n<!-- Begin Yuzo --><div class='yuzo_related_post style-1'  data-version='5.12.89'><!-- without result --><div class='yuzo_clearfixed yuzo__title yuzo__title'><h3>Related Post<\/h3><\/div>\n\t\t\t\t\t\t  <div class=\"relatedthumb \" style=\"width:125px;float:left;overflow:hidden;\">  \n\t\t\t\t\t\t\t  \n\t\t\t\t\t\t\t  <a  href=\"https:\/\/sul21.com.br\/opiniao\/2025\/10\/a-falta-de-vergonha-da-vigilancia-ideologica-de-camera-em-sala-de-aula-por-andre-pares-e-lizeane-fortes\/\"  >\n\t\t\t\t\t\t\t\t\t  <div class=\"yuzo-img-wrap \" style=\"width: 125px;height:90px;\">\n\t\t\t\t\t\t\t\t\t\t\n\t\t\t\t\t\t\t\t\t\t<div class=\"yuzo-img\" style=\"background:url('https:\/\/redept.org\/blogosfera\/wp-content\/plugins\/yuzo-related-post\/assets\/images\/default.png') 50% 50% no-repeat;width: 125px;height:90px;margin-bottom: 5px;background-size: cover; \"><\/div>\n\t\t\t\t\t\t\t\t\t  <\/div>\n\t\t\t\t\t\t\t\t\t  \n\t\t\t\t\t\t\t\t   <span class=\"yuzo__text--title\" style=\"font-size:13px;\">A falta de vergonha da vigil\u00e2ncia ideol\u00f3gica de c\u00e2...<\/span>\n\t\t\t\t\t\t\t  \n\t\t\t\t\t\t\t  \n\t\t\t\t\t\t\t  <\/a>\n\n\t\t\t\t\t\t  <\/div>\n\t\t\t\t\t\t  <div class=\"relatedthumb \" style=\"width:125px;float:left;overflow:hidden;\">  \n\t\t\t\t\t\t\t  \n\t\t\t\t\t\t\t  <a  href=\"https:\/\/redept.com.br\/blogosfera\/protestos-no-proximo-domingo-rechacam-avanco-do-pl-da-anistia-aos-golpistas\/\"  >\n\t\t\t\t\t\t\t\t\t  <div class=\"yuzo-img-wrap \" style=\"width: 125px;height:90px;\">\n\t\t\t\t\t\t\t\t\t\t\n\t\t\t\t\t\t\t\t\t\t<div class=\"yuzo-img\" style=\"background:url('https:\/\/redept.com.br\/blogosfera\/wp-content\/uploads\/2025\/09\/bdf-20250909-232736-8c70e0-1140x815-1-150x150.jpg') 50% 50% no-repeat;width: 125px;height:90px;margin-bottom: 5px;background-size: cover; \"><\/div>\n\t\t\t\t\t\t\t\t\t  <\/div>\n\t\t\t\t\t\t\t\t\t  \n\t\t\t\t\t\t\t\t   <span class=\"yuzo__text--title\" style=\"font-size:13px;\">Protestos no pr\u00f3ximo domingo recha\u00e7am avan\u00e7o do PL...<\/span>\n\t\t\t\t\t\t\t  \n\t\t\t\t\t\t\t  \n\t\t\t\t\t\t\t  <\/a>\n\n\t\t\t\t\t\t  <\/div>\n\t\t\t\t\t\t  <div class=\"relatedthumb \" style=\"width:125px;float:left;overflow:hidden;\">  \n\t\t\t\t\t\t\t  \n\t\t\t\t\t\t\t  <a  href=\"https:\/\/redept.com.br\/blogosfera\/mostra-de-cinema-de-ouro-preto-homenageia-atriz-marisa-orth\/\"  >\n\t\t\t\t\t\t\t\t\t  <div class=\"yuzo-img-wrap \" style=\"width: 125px;height:90px;\">\n\t\t\t\t\t\t\t\t\t\t\n\t\t\t\t\t\t\t\t\t\t<div class=\"yuzo-img\" style=\"background:url('https:\/\/redept.com.br\/blogosfera\/wp-content\/uploads\/2025\/06\/A-atriz-Marisa-Orth-e-a-homenageada-da-20a-edicao-da-CineOP-150x150.jpg') 50% 50% no-repeat;width: 125px;height:90px;margin-bottom: 5px;background-size: cover; \"><\/div>\n\t\t\t\t\t\t\t\t\t  <\/div>\n\t\t\t\t\t\t\t\t\t  \n\t\t\t\t\t\t\t\t   <span class=\"yuzo__text--title\" style=\"font-size:13px;\">Mostra de Cinema de Ouro Preto homenageia atriz Ma...<\/span>\n\t\t\t\t\t\t\t  \n\t\t\t\t\t\t\t  \n\t\t\t\t\t\t\t  <\/a>\n\n\t\t\t\t\t\t  <\/div>\n\t\t\t\t\t\t  <div class=\"relatedthumb \" style=\"width:125px;float:left;overflow:hidden;\">  \n\t\t\t\t\t\t\t  \n\t\t\t\t\t\t\t  <a  href=\"https:\/\/redept.com.br\/blogosfera\/faleceu-aos-76-anos-a-pesquisadora-feminista-eleni-varikas\/\"  >\n\t\t\t\t\t\t\t\t\t  <div class=\"yuzo-img-wrap \" style=\"width: 125px;height:90px;\">\n\t\t\t\t\t\t\t\t\t\t\n\t\t\t\t\t\t\t\t\t\t<div class=\"yuzo-img\" style=\"background:url('https:\/\/redept.org\/blogosfera\/wp-content\/plugins\/yuzo-related-post\/assets\/images\/default.png') 50% 50% no-repeat;width: 125px;height:90px;margin-bottom: 5px;background-size: cover; \"><\/div>\n\t\t\t\t\t\t\t\t\t  <\/div>\n\t\t\t\t\t\t\t\t\t  \n\t\t\t\t\t\t\t\t   <span class=\"yuzo__text--title\" style=\"font-size:13px;\">Faleceu, aos 76 anos, a pesquisadora feminista Ele...<\/span>\n\t\t\t\t\t\t\t  \n\t\t\t\t\t\t\t  \n\t\t\t\t\t\t\t  <\/a>\n\n\t\t\t\t\t\t  <\/div>\n<\/div> <script>\n\t\t\t\t\t\t  jQuery(document).ready(function( $ ){\n\t\t\t\t\t\t\t\/\/jQuery('.yuzo_related_post').equalizer({ overflow : 'relatedthumb' });\n\t\t\t\t\t\t\tjQuery('.yuzo_related_post .yuzo_wraps').equalizer({ columns : '> div' });\n\t\t\t\t\t\t   })\n\t\t\t\t\t\t  <\/script> <!-- End Yuzo :) -->","protected":false},"excerpt":{"rendered":"<p>O presidente Luiz In\u00e1cio Lula da Silva (PT) disse, nesta sexta-feira (5), que n\u00e3o pretende se envolver na atual disputa entre Estados Unidos e Venezuela, mesmo que o conflito escale. Em entrevista exclusiva ao SBT, Lula disse que vai focar em demandas internas, como a regula\u00e7\u00e3o das redes sociais, que, segundo o presidente, vai sair, [&hellip;]<\/p>\n","protected":false},"author":2,"featured_media":0,"comment_status":"open","ping_status":"closed","sticky":false,"template":"","format":"standard","meta":{"fifu_image_url":"","fifu_image_alt":"","footnotes":""},"categories":[4703,45,1023,394,112,132,11,1169,1049],"tags":[],"class_list":["post-50056","post","type-post","status-publish","format-standard","hentry","category-bdf","category-brasil","category-donald-trump","category-estados-unidos","category-lula","category-politica","category-redes-sociais","category-regulacao","category-venezuela"],"_links":{"self":[{"href":"https:\/\/redept.com.br\/blogosfera\/wp-json\/wp\/v2\/posts\/50056","targetHints":{"allow":["GET"]}}],"collection":[{"href":"https:\/\/redept.com.br\/blogosfera\/wp-json\/wp\/v2\/posts"}],"about":[{"href":"https:\/\/redept.com.br\/blogosfera\/wp-json\/wp\/v2\/types\/post"}],"author":[{"embeddable":true,"href":"https:\/\/redept.com.br\/blogosfera\/wp-json\/wp\/v2\/users\/2"}],"replies":[{"embeddable":true,"href":"https:\/\/redept.com.br\/blogosfera\/wp-json\/wp\/v2\/comments?post=50056"}],"version-history":[{"count":0,"href":"https:\/\/redept.com.br\/blogosfera\/wp-json\/wp\/v2\/posts\/50056\/revisions"}],"wp:attachment":[{"href":"https:\/\/redept.com.br\/blogosfera\/wp-json\/wp\/v2\/media?parent=50056"}],"wp:term":[{"taxonomy":"category","embeddable":true,"href":"https:\/\/redept.com.br\/blogosfera\/wp-json\/wp\/v2\/categories?post=50056"},{"taxonomy":"post_tag","embeddable":true,"href":"https:\/\/redept.com.br\/blogosfera\/wp-json\/wp\/v2\/tags?post=50056"}],"curies":[{"name":"wp","href":"https:\/\/api.w.org\/{rel}","templated":true}]}}