{"id":50086,"date":"2025-09-05T15:29:04","date_gmt":"2025-09-05T18:29:04","guid":{"rendered":"https:\/\/redept.org\/blogosfera\/21-paises-da-celac-manifestam-preocupacao-com-presenca-militar-dos-eua-no-caribe\/"},"modified":"2025-09-05T15:29:04","modified_gmt":"2025-09-05T18:29:04","slug":"21-paises-da-celac-manifestam-preocupacao-com-presenca-militar-dos-eua-no-caribe","status":"publish","type":"post","link":"https:\/\/redept.com.br\/blogosfera\/21-paises-da-celac-manifestam-preocupacao-com-presenca-militar-dos-eua-no-caribe\/","title":{"rendered":"21 pa\u00edses da CELAC manifestam preocupa\u00e7\u00e3o com presen\u00e7a militar dos EUA no Caribe"},"content":{"rendered":"<p>Em comunicado, signat\u00e1rios como Brasil, Venezuela, Cuba, Chile e Uruguai pedem promo\u00e7\u00e3o de \u2018ambiente seguro\u2019 e reiteram compromisso com a defesa da paz e estabilidade na regi\u00e3o<\/p>\n<p>21 pa\u00edses que comp\u00f5em a Comunidade de Estados Latino-Americanos e Caribenhos (CELAC) manifestaram preocupa\u00e7\u00e3o com a presen\u00e7a militar dos Estados Unidos na costa da Venezuela. Em comunicado divulgado nesta quinta-feira (04\/09) pelo presidente colombiano, Gustavo Petro, 21 pa\u00edses que comp\u00f5em o bloco ressaltaram o compromisso da regi\u00e3o com a paz e a soberania.<\/p>\n<p>A declara\u00e7\u00e3o conjunta expressa \u201cprofunda preocupa\u00e7\u00e3o com o recente destacamento militar extrarregional na regi\u00e3o\u201d. Segundo Petro, \u201ca grande maioria dos membros da CELAC assinou pela paz na Am\u00e9rica Latina e no Caribe\u201d. No entanto, destacou, n\u00e3o se trata de uma posi\u00e7\u00e3o oficial da organiza\u00e7\u00e3o, j\u00e1 que \u201cuma minoria se op\u00f4s\u201d \u00e0 acusa\u00e7\u00e3o direta contra Washington.<\/p>\n<p>O texto pede a promo\u00e7\u00e3o de \u201cum ambiente seguro\u201d. Tamb\u00e9m reitera o compromisso com a \u201cdefesa da paz, estabilidade, democracia e desenvolvimento em toda a regi\u00e3o\u201d.<\/p>\n<p>Entre os signat\u00e1rios est\u00e3o Antigua e Barbuda, Barbados, Belice, Bol\u00edvia, Brasil, Chile, Col\u00f4mbia, Cuba, Dominica, Granada, Guatemala, Honduras, M\u00e9xico, Nic\u00e1ragua, Rep\u00fablica Dominicana, S\u00e3o Crist\u00f3v\u00e3o e N\u00e9vis, Santa L\u00facia, S\u00e3o Vicente e Granadinas, Suriname, Uruguai e Venezuela.<\/p>\n<p>Entre os pa\u00edses que se recusaram a assinar o documento, constam: Argentina, Costa Rica, Equador, El Salvador, Guiana Jamaica, Paraguai, Peru e Trinidad y Tobago.<\/p>\n<p><strong>O comunicado<\/strong><br \/>\nO documento aponta que a Am\u00e9rica Latina e o Caribe foram proclamados como \u201cZona de Paz\u201d. Tamb\u00e9m reafirma princ\u00edpios como \u201ca n\u00e3o inger\u00eancia nos assuntos internos, a solu\u00e7\u00e3o pac\u00edfica de controv\u00e9rsias e do direito inalien\u00e1vel dos povos \u00e0 autodetermina\u00e7\u00e3o\u201d.<\/p>\n<p>Os pa\u00edses tamb\u00e9m evocaram o Tratado para a Proscri\u00e7\u00e3o das Armas Nucleares na Am\u00e9rica Latina e no Caribe (Tratado de Tlatelolco). Considerado \u201cum marco hist\u00f3rico\u201d, o acordo converteu a regi\u00e3o \u201cna primeira zona densamente povoada do mundo livre deste tipo de armamento\u201d.<\/p>\n<p><em>*Opera Mundi<\/em><\/p>\n<hr>\n<h5>Apoie com qualquer valor<br \/>\nPIX: 45013993768<br \/>\n<strong>Agradecemos aos nossos leitores<\/strong><\/h5>\n<hr>\n<p><strong>Siga-nos no Facebook:<\/strong> https:\/\/www.facebook.com\/profile.php?id=100070790366110<\/p>\n<p><strong>Siga-nos no Whatsapp:<\/strong> https:\/\/chat.whatsapp.com\/K8Zc6XOHkN258pOahSE1L1?mode=ems_copy_c<\/p>\n<p><strong>Siga-nos no X:<\/strong> https:\/\/x.com\/Antropofagista1<\/p>\n<p><strong>Siga-nos no Instagram<\/strong> https:\/\/www.instagram.com\/blogantropofagista?igsh=YzljYTk1ODg3Z<\/p>\n<p>The post 21 pa\u00edses da CELAC manifestam preocupa\u00e7\u00e3o com presen\u00e7a militar dos EUA no Caribe first appeared on Antropofagista.<\/p>\n<!-- Begin Yuzo --><div class='yuzo_related_post style-1'  data-version='5.12.89'><!-- without result --><div class='yuzo_clearfixed yuzo__title yuzo__title'><h3>Related Post<\/h3><\/div>\n\t\t\t\t\t\t  <div class=\"relatedthumb \" style=\"width:125px;float:left;overflow:hidden;\">  \n\t\t\t\t\t\t\t  \n\t\t\t\t\t\t\t  <a  href=\"https:\/\/redept.com.br\/blogosfera\/falta-dagua-e-cobrancas-abusivas-se-acumulam-pelo-rs-apos-privatizacao-da-corsan\/\"  >\n\t\t\t\t\t\t\t\t\t  <div class=\"yuzo-img-wrap \" style=\"width: 125px;height:90px;\">\n\t\t\t\t\t\t\t\t\t\t\n\t\t\t\t\t\t\t\t\t\t<div class=\"yuzo-img\" style=\"background:url('https:\/\/redept.com.br\/blogosfera\/wp-content\/uploads\/2025\/04\/fraude-corsan-aegea-150x150.jpg') 50% 50% no-repeat;width: 125px;height:90px;margin-bottom: 5px;background-size: cover; \"><\/div>\n\t\t\t\t\t\t\t\t\t  <\/div>\n\t\t\t\t\t\t\t\t\t  \n\t\t\t\t\t\t\t\t   <span class=\"yuzo__text--title\" style=\"font-size:13px;\">Falta d\u2019\u00e1gua e cobran\u00e7as abusivas se acumulam pelo...<\/span>\n\t\t\t\t\t\t\t  \n\t\t\t\t\t\t\t  \n\t\t\t\t\t\t\t  <\/a>\n\n\t\t\t\t\t\t  <\/div>\n\t\t\t\t\t\t  <div class=\"relatedthumb \" style=\"width:125px;float:left;overflow:hidden;\">  \n\t\t\t\t\t\t\t  \n\t\t\t\t\t\t\t  <a  href=\"https:\/\/redept.com.br\/blogosfera\/stf-forma-maioria-para-manter-prisao-de-ex-presidente-do-brb-envolvido-no-caso-master\/\"  >\n\t\t\t\t\t\t\t\t\t  <div class=\"yuzo-img-wrap \" style=\"width: 125px;height:90px;\">\n\t\t\t\t\t\t\t\t\t\t\n\t\t\t\t\t\t\t\t\t\t<div class=\"yuzo-img\" style=\"background:url('https:\/\/redept.org\/blogosfera\/wp-content\/plugins\/yuzo-related-post\/assets\/images\/default.png') 50% 50% no-repeat;width: 125px;height:90px;margin-bottom: 5px;background-size: cover; \"><\/div>\n\t\t\t\t\t\t\t\t\t  <\/div>\n\t\t\t\t\t\t\t\t\t  \n\t\t\t\t\t\t\t\t   <span class=\"yuzo__text--title\" style=\"font-size:13px;\">STF forma maioria para manter pris\u00e3o de ex-preside...<\/span>\n\t\t\t\t\t\t\t  \n\t\t\t\t\t\t\t  \n\t\t\t\t\t\t\t  <\/a>\n\n\t\t\t\t\t\t  <\/div>\n\t\t\t\t\t\t  <div class=\"relatedthumb \" style=\"width:125px;float:left;overflow:hidden;\">  \n\t\t\t\t\t\t\t  \n\t\t\t\t\t\t\t  <a  href=\"https:\/\/redept.com.br\/blogosfera\/sobre-politica-imagem-redes-e-sociedade\/\"  >\n\t\t\t\t\t\t\t\t\t  <div class=\"yuzo-img-wrap \" style=\"width: 125px;height:90px;\">\n\t\t\t\t\t\t\t\t\t\t\n\t\t\t\t\t\t\t\t\t\t<div class=\"yuzo-img\" style=\"background:url('https:\/\/redept.org\/blogosfera\/wp-content\/plugins\/yuzo-related-post\/assets\/images\/default.png') 50% 50% no-repeat;width: 125px;height:90px;margin-bottom: 5px;background-size: cover; \"><\/div>\n\t\t\t\t\t\t\t\t\t  <\/div>\n\t\t\t\t\t\t\t\t\t  \n\t\t\t\t\t\t\t\t   <span class=\"yuzo__text--title\" style=\"font-size:13px;\">Sobre pol\u00edtica, imagem, redes e sociedade<\/span>\n\t\t\t\t\t\t\t  \n\t\t\t\t\t\t\t  \n\t\t\t\t\t\t\t  <\/a>\n\n\t\t\t\t\t\t  <\/div>\n\t\t\t\t\t\t  <div class=\"relatedthumb \" style=\"width:125px;float:left;overflow:hidden;\">  \n\t\t\t\t\t\t\t  \n\t\t\t\t\t\t\t  <a  href=\"https:\/\/redept.com.br\/blogosfera\/terra-livre-quando-cooperar-e-cultivar-soberania-alimentar\/\"  >\n\t\t\t\t\t\t\t\t\t  <div class=\"yuzo-img-wrap \" style=\"width: 125px;height:90px;\">\n\t\t\t\t\t\t\t\t\t\t\n\t\t\t\t\t\t\t\t\t\t<div class=\"yuzo-img\" style=\"background:url('https:\/\/redept.org\/blogosfera\/wp-content\/plugins\/yuzo-related-post\/assets\/images\/default.png') 50% 50% no-repeat;width: 125px;height:90px;margin-bottom: 5px;background-size: cover; \"><\/div>\n\t\t\t\t\t\t\t\t\t  <\/div>\n\t\t\t\t\t\t\t\t\t  \n\t\t\t\t\t\t\t\t   <span class=\"yuzo__text--title\" style=\"font-size:13px;\">Terra Livre: Quando cooperar \u00e9 cultivar Soberania ...<\/span>\n\t\t\t\t\t\t\t  \n\t\t\t\t\t\t\t  \n\t\t\t\t\t\t\t  <\/a>\n\n\t\t\t\t\t\t  <\/div>\n<\/div> <script>\n\t\t\t\t\t\t  jQuery(document).ready(function( $ ){\n\t\t\t\t\t\t\t\/\/jQuery('.yuzo_related_post').equalizer({ overflow : 'relatedthumb' });\n\t\t\t\t\t\t\tjQuery('.yuzo_related_post .yuzo_wraps').equalizer({ columns : '> div' });\n\t\t\t\t\t\t   })\n\t\t\t\t\t\t  <\/script> <!-- End Yuzo :) -->","protected":false},"excerpt":{"rendered":"<p>Em comunicado, signat\u00e1rios como Brasil, Venezuela, Cuba, Chile e Uruguai pedem promo\u00e7\u00e3o de \u2018ambiente seguro\u2019 e reiteram compromisso com a defesa da paz e estabilidade na regi\u00e3o 21 pa\u00edses que comp\u00f5em a Comunidade de Estados Latino-Americanos e Caribenhos (CELAC) manifestaram preocupa\u00e7\u00e3o com a presen\u00e7a militar dos Estados Unidos na costa da Venezuela. Em comunicado divulgado [\u2026]<\/p>\n<p>The post <a href=\"https:\/\/antropofagista.com.br\/2025\/09\/05\/21-paises-da-celac-manifestam-preocupacao-com-presenca-militar-dos-eua-no-caribe\/\">21 pa\u00edses da CELAC manifestam preocupa\u00e7\u00e3o com presen\u00e7a militar dos EUA no Caribe<\/a> first appeared on <a href=\"https:\/\/antropofagista.com.br\/\">Antropofagista<\/a>.<\/p>\n","protected":false},"author":2,"featured_media":0,"comment_status":"open","ping_status":"closed","sticky":false,"template":"","format":"standard","meta":{"fifu_image_url":"","fifu_image_alt":"","footnotes":""},"categories":[45,571,1787,1185,326,3030,726,26,1407,1049],"tags":[],"class_list":["post-50086","post","type-post","status-publish","format-standard","hentry","category-brasil","category-chile","category-colombia","category-cuba","category-guatemala","category-honduras","category-mexico","category-mundo","category-uruguai","category-venezuela"],"_links":{"self":[{"href":"https:\/\/redept.com.br\/blogosfera\/wp-json\/wp\/v2\/posts\/50086","targetHints":{"allow":["GET"]}}],"collection":[{"href":"https:\/\/redept.com.br\/blogosfera\/wp-json\/wp\/v2\/posts"}],"about":[{"href":"https:\/\/redept.com.br\/blogosfera\/wp-json\/wp\/v2\/types\/post"}],"author":[{"embeddable":true,"href":"https:\/\/redept.com.br\/blogosfera\/wp-json\/wp\/v2\/users\/2"}],"replies":[{"embeddable":true,"href":"https:\/\/redept.com.br\/blogosfera\/wp-json\/wp\/v2\/comments?post=50086"}],"version-history":[{"count":0,"href":"https:\/\/redept.com.br\/blogosfera\/wp-json\/wp\/v2\/posts\/50086\/revisions"}],"wp:attachment":[{"href":"https:\/\/redept.com.br\/blogosfera\/wp-json\/wp\/v2\/media?parent=50086"}],"wp:term":[{"taxonomy":"category","embeddable":true,"href":"https:\/\/redept.com.br\/blogosfera\/wp-json\/wp\/v2\/categories?post=50086"},{"taxonomy":"post_tag","embeddable":true,"href":"https:\/\/redept.com.br\/blogosfera\/wp-json\/wp\/v2\/tags?post=50086"}],"curies":[{"name":"wp","href":"https:\/\/api.w.org\/{rel}","templated":true}]}}