{"id":50155,"date":"2025-09-06T12:19:42","date_gmt":"2025-09-06T15:19:42","guid":{"rendered":"https:\/\/redept.org\/blogosfera\/trabalhadores-resistem-ao-desmonte-de-tarcisio-apos-privatizacao-da-sabesp\/"},"modified":"2025-09-06T12:19:42","modified_gmt":"2025-09-06T15:19:42","slug":"trabalhadores-resistem-ao-desmonte-de-tarcisio-apos-privatizacao-da-sabesp","status":"publish","type":"post","link":"https:\/\/redept.com.br\/blogosfera\/trabalhadores-resistem-ao-desmonte-de-tarcisio-apos-privatizacao-da-sabesp\/","title":{"rendered":"Trabalhadores resistem ao desmonte de Tarc\u00edsio ap\u00f3s privatiza\u00e7\u00e3o da Sabesp"},"content":{"rendered":"<p><img fetchpriority=\"high\" width=\"658\" height=\"432\"src=\"https:\/\/redept.org\/blogosfera\/wp-content\/uploads\/2025\/09\/Sintaema.png\" alt=\"\" decoding=\"async\" srcset=\"https:\/\/redept.org\/blogosfera\/wp-content\/uploads\/2025\/09\/Sintaema.png 658w, https:\/\/vermelho.org.br\/wp-content\/uploads\/2025\/09\/Sintaema-300x197.png 300w\" sizes=\"(max-width: 658px) 100vw, 658px\"><\/p>\n<p>O Sindicato dos Trabalhadores em \u00c1gua, Esgoto e Meio Ambiente do Estado de S\u00e3o Paulo (Sintaema) denuncia as prec\u00e1rias condi\u00e7\u00f5es no setor ap\u00f3s a privatiza\u00e7\u00e3o da Companhia de Saneamento B\u00e1sico do Estado de S\u00e3o Paulo (Sabesp) pelo governo de Tarc\u00edsio de Freitas (Republicanos).<\/p>\n<p>Num ato realizado na \u00faltima quarta-feira (3), na porta da unidade da Sabesp Costa Carvalho, o sindicato  denunciou demiss\u00f5es em massa, ass\u00e9dio contra os trabalhadores e trabalhadoras, \u00e1gua suja chegando \u00e0s torneiras, falta de funcion\u00e1rios para o atendimento e dezenas de cidades sofrendo com a falta de \u00e1gua.<\/p>\n<p>O presidente do Sintaema, Jos\u00e9 Faggian, afirma que os trabalhadores n\u00e3o aceitar\u00e3o esse desmonte promovido por Tarc\u00edsio de Freitas e promete muita resist\u00eancia.<\/p>\n<p><strong>Qual a import\u00e2ncia do ato do dia 3 de setembro?<\/strong><\/p>\n<p>O ato do dia 3 foi fundamental para mostrar que os trabalhadores e trabalhadoras da \u00e1gua, esgoto e meio ambiente n\u00e3o aceitar\u00e3o calados o desmonte promovido por Tarc\u00edsio de Freitas. Reunimos companheiros e companheiras de v\u00e1rias regi\u00f5es do estado para denunciar as consequ\u00eancias j\u00e1 vis\u00edveis da privatiza\u00e7\u00e3o da Sabesp: demiss\u00f5es em massa, ass\u00e9dio contra os trabalhadores, \u00e1gua suja chegando nas torneiras, contas abusivas, falta de atendimento e, principalmente, a popula\u00e7\u00e3o mais pobre sofrendo com a falta de \u00e1gua. Foi um ato de resist\u00eancia e tamb\u00e9m de esperan\u00e7a, porque mostrou que o Sintaema est\u00e1 vivo, em movimento e na linha de frente da luta.<\/p>\n<p><strong>Como o Sintaema tem se posicionado frente \u00e0 onda de privatiza\u00e7\u00f5es?<\/strong><\/p>\n<p>Nosso posicionamento \u00e9 claro: \u00e1gua n\u00e3o \u00e9 mercadoria. O que o governo Tarc\u00edsio chama de \u201cmoderniza\u00e7\u00e3o\u201d \u00e9, na verdade, um projeto de entrega dos servi\u00e7os de saneamento \u00e0 especula\u00e7\u00e3o da Faria Lima. Estamos denunciando as consequ\u00eancias dessa pol\u00edtica nefasta, que v\u00e3o desde o aumento brutal das tarifas at\u00e9 crimes ambientais, como o despejo de esgoto direto nos rios. Enquanto o mundo inteiro reconhece que privatiza\u00e7\u00e3o foi um erro e reestatiza servi\u00e7os essenciais, S\u00e3o Paulo anda para tr\u00e1s. O Sintaema se coloca frontalmente contra esse retrocesso.<\/p>\n<p><strong>Como os comunistas atuam na luta pelo saneamento p\u00fablico e de qualidade e a reestatiza\u00e7\u00e3o do setor?<\/strong><\/p>\n<p>A luta pelo saneamento \u00e9 parte da luta maior pelo socialismo. Os comunistas compreendem que bens essenciais, como \u00e1gua e energia, n\u00e3o podem ser submetidos \u00e0 l\u00f3gica do lucro. Nosso papel \u00e9 organizar a classe trabalhadora, denunciar a explora\u00e7\u00e3o e apontar uma sa\u00edda que passa pelo fortalecimento das estatais e pela reestatiza\u00e7\u00e3o de tudo o que foi entregue ao capital privado. A defesa do saneamento p\u00fablico \u00e9 defesa da soberania nacional, da justi\u00e7a social e da vida digna para o povo.<\/p>\n<p><strong>Como o Sintaema tem organizado a resist\u00eancia?<\/strong><\/p>\n<p>Estamos construindo resist\u00eancia em v\u00e1rias frentes: organizando atos nas unidades da Sabesp em todo o estado, fortalecendo a mobiliza\u00e7\u00e3o da categoria, denunciando as viola\u00e7\u00f5es de direitos e dialogando com a popula\u00e7\u00e3o que j\u00e1 sente no bolso e na torneira os efeitos da privatiza\u00e7\u00e3o. Tamb\u00e9m estamos buscando unidade com outros sindicatos e movimentos, como o Sintius da Baixada Santista, porque sabemos que essa luta \u00e9 de todos. Como a\u00e7\u00e3o t\u00e1tica iremos refor\u00e7ar a luta juntos as Casas Legislativas e na esfera judicial. O Sintaema est\u00e1 vigilante e determinado: vamos seguir na linha de frente para garantir o direito universal \u00e0 \u00e1gua e ao saneamento de qualidade e resistir contra os ataques aos direitos dos trabalhadores e trabalhadoras da \u00e1gua, esgoto e meio ambiente.<\/p>\n<p>O post <a href=\"https:\/\/vermelho.org.br\/2025\/09\/06\/trabalhadores-resistem-ao-desmonte-de-tarcisio-apos-privatizacao-da-sabesp\/\">Trabalhadores resistem ao desmonte de Tarc\u00edsio ap\u00f3s privatiza\u00e7\u00e3o da Sabesp<\/a> apareceu primeiro em <a href=\"https:\/\/vermelho.org.br\/\">Vermelho<\/a>.<\/p>\n<!-- Begin Yuzo --><div class='yuzo_related_post style-1'  data-version='5.12.89'><!-- without result --><div class='yuzo_clearfixed yuzo__title yuzo__title'><h3>Related Post<\/h3><\/div>\n\t\t\t\t\t\t  <div class=\"relatedthumb \" style=\"width:125px;float:left;overflow:hidden;\">  \n\t\t\t\t\t\t\t  \n\t\t\t\t\t\t\t  <a  href=\"https:\/\/redept.com.br\/blogosfera\/apenas-24-confiam-nas-forcas-armadas-em-meio-a-denuncias-contra-23-militares\/\"  >\n\t\t\t\t\t\t\t\t\t  <div class=\"yuzo-img-wrap \" style=\"width: 125px;height:90px;\">\n\t\t\t\t\t\t\t\t\t\t\n\t\t\t\t\t\t\t\t\t\t<div class=\"yuzo-img\" style=\"background:url('https:\/\/redept.com.br\/blogosfera\/wp-content\/uploads\/2025\/02\/Bolsonaro_militares-150x150.png') 50% 50% no-repeat;width: 125px;height:90px;margin-bottom: 5px;background-size: cover; \"><\/div>\n\t\t\t\t\t\t\t\t\t  <\/div>\n\t\t\t\t\t\t\t\t\t  \n\t\t\t\t\t\t\t\t   <span class=\"yuzo__text--title\" style=\"font-size:13px;\">Apenas 24% confiam nas For\u00e7as Armadas, em meio a d...<\/span>\n\t\t\t\t\t\t\t  \n\t\t\t\t\t\t\t  \n\t\t\t\t\t\t\t  <\/a>\n\n\t\t\t\t\t\t  <\/div>\n\t\t\t\t\t\t  <div class=\"relatedthumb \" style=\"width:125px;float:left;overflow:hidden;\">  \n\t\t\t\t\t\t\t  \n\t\t\t\t\t\t\t  <a  href=\"https:\/\/redept.com.br\/blogosfera\/eua-e-russia-tomam-a-frente-nas-negociacoes-sobre-a-ucrania-e-evidenciam-isolamento-da-europa\/\"  >\n\t\t\t\t\t\t\t\t\t  <div class=\"yuzo-img-wrap \" style=\"width: 125px;height:90px;\">\n\t\t\t\t\t\t\t\t\t\t\n\t\t\t\t\t\t\t\t\t\t<div class=\"yuzo-img\" style=\"background:url('https:\/\/redept.com.br\/blogosfera\/wp-content\/uploads\/2025\/02\/21cc8d50-fb76-41a6-965c-9833ceacd0e4-150x150.jpg') 50% 50% no-repeat;width: 125px;height:90px;margin-bottom: 5px;background-size: cover; \"><\/div>\n\t\t\t\t\t\t\t\t\t  <\/div>\n\t\t\t\t\t\t\t\t\t  \n\t\t\t\t\t\t\t\t   <span class=\"yuzo__text--title\" style=\"font-size:13px;\">EUA e R\u00fassia tomam a frente nas negocia\u00e7\u00f5es sobre ...<\/span>\n\t\t\t\t\t\t\t  \n\t\t\t\t\t\t\t  \n\t\t\t\t\t\t\t  <\/a>\n\n\t\t\t\t\t\t  <\/div>\n\t\t\t\t\t\t  <div class=\"relatedthumb \" style=\"width:125px;float:left;overflow:hidden;\">  \n\t\t\t\t\t\t\t  \n\t\t\t\t\t\t\t  <a  href=\"https:\/\/redept.com.br\/blogosfera\/lula-confirma-gleisi-na-secretaria-de-relacoes-institucionais\/\"  >\n\t\t\t\t\t\t\t\t\t  <div class=\"yuzo-img-wrap \" style=\"width: 125px;height:90px;\">\n\t\t\t\t\t\t\t\t\t\t\n\t\t\t\t\t\t\t\t\t\t<div class=\"yuzo-img\" style=\"background:url('https:\/\/redept.org\/blogosfera\/wp-content\/plugins\/yuzo-related-post\/assets\/images\/default.png') 50% 50% no-repeat;width: 125px;height:90px;margin-bottom: 5px;background-size: cover; \"><\/div>\n\t\t\t\t\t\t\t\t\t  <\/div>\n\t\t\t\t\t\t\t\t\t  \n\t\t\t\t\t\t\t\t   <span class=\"yuzo__text--title\" style=\"font-size:13px;\">Lula confirma Gleisi na Secretaria de Rela\u00e7\u00f5es Ins...<\/span>\n\t\t\t\t\t\t\t  \n\t\t\t\t\t\t\t  \n\t\t\t\t\t\t\t  <\/a>\n\n\t\t\t\t\t\t  <\/div>\n\t\t\t\t\t\t  <div class=\"relatedthumb \" style=\"width:125px;float:left;overflow:hidden;\">  \n\t\t\t\t\t\t\t  \n\t\t\t\t\t\t\t  <a  href=\"https:\/\/redept.com.br\/blogosfera\/petistas-afirmam-que-descontos-ilegais-em-beneficios-do-inss-so-foram-descobertos-por-acao-do-governo-lula\/\"  >\n\t\t\t\t\t\t\t\t\t  <div class=\"yuzo-img-wrap \" style=\"width: 125px;height:90px;\">\n\t\t\t\t\t\t\t\t\t\t\n\t\t\t\t\t\t\t\t\t\t<div class=\"yuzo-img\" style=\"background:url('https:\/\/redept.org\/blogosfera\/wp-content\/plugins\/yuzo-related-post\/assets\/images\/default.png') 50% 50% no-repeat;width: 125px;height:90px;margin-bottom: 5px;background-size: cover; \"><\/div>\n\t\t\t\t\t\t\t\t\t  <\/div>\n\t\t\t\t\t\t\t\t\t  \n\t\t\t\t\t\t\t\t   <span class=\"yuzo__text--title\" style=\"font-size:13px;\">Petistas afirmam que descontos ilegais em benef\u00edci...<\/span>\n\t\t\t\t\t\t\t  \n\t\t\t\t\t\t\t  \n\t\t\t\t\t\t\t  <\/a>\n\n\t\t\t\t\t\t  <\/div>\n<\/div> <script>\n\t\t\t\t\t\t  jQuery(document).ready(function( $ ){\n\t\t\t\t\t\t\t\/\/jQuery('.yuzo_related_post').equalizer({ overflow : 'relatedthumb' });\n\t\t\t\t\t\t\tjQuery('.yuzo_related_post .yuzo_wraps').equalizer({ columns : '> div' });\n\t\t\t\t\t\t   })\n\t\t\t\t\t\t  <\/script> <!-- End Yuzo :) -->","protected":false},"excerpt":{"rendered":"<p>O Sindicato dos Trabalhadores em \u00c1gua, Esgoto e Meio Ambiente do Estado de S\u00e3o Paulo (Sintaema) denuncia as prec\u00e1rias condi\u00e7\u00f5es no setor ap\u00f3s a privatiza\u00e7\u00e3o da Companhia de Saneamento B\u00e1sico do Estado de S\u00e3o Paulo (Sabesp) pelo governo de Tarc\u00edsio de Freitas (Republicanos). Num ato realizado na \u00faltima quarta-feira (3), na porta da unidade da [&hellip;]<\/p>\n","protected":false},"author":2,"featured_media":0,"comment_status":"open","ping_status":"closed","sticky":false,"template":"","format":"standard","meta":{"fifu_image_url":"","fifu_image_alt":"","footnotes":""},"categories":[278,501,6164,6165,254,480],"tags":[],"class_list":["post-50155","post","type-post","status-publish","format-standard","hentry","category-movimentos","category-privatizacao","category-sabesp","category-sintaema","category-tarcisio-de-freitas","category-trabalhadores"],"_links":{"self":[{"href":"https:\/\/redept.com.br\/blogosfera\/wp-json\/wp\/v2\/posts\/50155","targetHints":{"allow":["GET"]}}],"collection":[{"href":"https:\/\/redept.com.br\/blogosfera\/wp-json\/wp\/v2\/posts"}],"about":[{"href":"https:\/\/redept.com.br\/blogosfera\/wp-json\/wp\/v2\/types\/post"}],"author":[{"embeddable":true,"href":"https:\/\/redept.com.br\/blogosfera\/wp-json\/wp\/v2\/users\/2"}],"replies":[{"embeddable":true,"href":"https:\/\/redept.com.br\/blogosfera\/wp-json\/wp\/v2\/comments?post=50155"}],"version-history":[{"count":0,"href":"https:\/\/redept.com.br\/blogosfera\/wp-json\/wp\/v2\/posts\/50155\/revisions"}],"wp:attachment":[{"href":"https:\/\/redept.com.br\/blogosfera\/wp-json\/wp\/v2\/media?parent=50155"}],"wp:term":[{"taxonomy":"category","embeddable":true,"href":"https:\/\/redept.com.br\/blogosfera\/wp-json\/wp\/v2\/categories?post=50155"},{"taxonomy":"post_tag","embeddable":true,"href":"https:\/\/redept.com.br\/blogosfera\/wp-json\/wp\/v2\/tags?post=50155"}],"curies":[{"name":"wp","href":"https:\/\/api.w.org\/{rel}","templated":true}]}}