{"id":50497,"date":"2025-09-08T15:16:00","date_gmt":"2025-09-08T18:16:00","guid":{"rendered":"https:\/\/redept.org\/blogosfera\/universidade-de-brasilia-expulsa-aluno-que-gravava-aulas-sem-consentimento-de-professores\/"},"modified":"2025-09-08T15:16:00","modified_gmt":"2025-09-08T18:16:00","slug":"universidade-de-brasilia-expulsa-aluno-que-gravava-aulas-sem-consentimento-de-professores","status":"publish","type":"post","link":"https:\/\/redept.com.br\/blogosfera\/universidade-de-brasilia-expulsa-aluno-que-gravava-aulas-sem-consentimento-de-professores\/","title":{"rendered":"Universidade de Bras\u00edlia expulsa aluno que gravava aulas\u00a0sem consentimento de professores"},"content":{"rendered":"<p>Na \u00faltima sexta-feira (5), a Universidade de Bras\u00edlia (UnB) decidiu expulsar o aluno Wilker Le\u00e3o, conhecido na internet por gravar v\u00eddeos confrontando professores. O youtuber passava por um processo disciplinar discente (PDD) para analisar as condutas em sala de aula.\u00a0<\/p>\n<p>\u201cA Universidade de Bras\u00edlia (UnB) informa que, ap\u00f3s o despacho decis\u00f3rio no \u00e2mbito do processo disciplinar discente, o estudante Wilker Le\u00e3o de S\u00e1 foi exclu\u00eddo da institui\u00e7\u00e3o e est\u00e1 impedido de realizar novos registros de matr\u00edcula\u201d, disse o comunicado da institui\u00e7\u00e3o. Cabe recurso \u00e0 decis\u00e3o.\u00a0<\/p>\n<p>Com mais de 940 mil inscritos no YouTube, o estudante ingressou na Universidade em 2024 e desde ent\u00e3o produziu v\u00eddeos debatendo com professores e alunos para postar em suas redes sociais sob o argumento de que havia uma \u201cdoutrina\u00e7\u00e3o de esquerda\u201d na UnB. Em agosto de 2025, foi condenado pelo Tribunal de Justi\u00e7a do Distrito Federal por cal\u00fania e difama\u00e7\u00e3o.<\/p>\n<p>Com a exclus\u00e3o, Wilker Le\u00e3o fica impedido de se matricular na UnB, em qualquer forma de ingresso, por no m\u00ednimo cinco anos. A decis\u00e3o foi comemorada pelo Diret\u00f3rio Central dos Estudantes (DCE) Honestino Guimar\u00e3es. \u201cOs inimigos da educa\u00e7\u00e3o, que perseguem professores, atacam estudantes e atrapalham as aulas, n\u00e3o s\u00e3o bem-vindos na UnB!\u201d.<\/p>\n<p>\u201cN\u00e3o aceitaremos, dentro da universidade, pr\u00e1ticas de viol\u00eancia contra nenhum membro da comunidade acad\u00eamica, nem o uso de qualquer espa\u00e7o para ataques, persegui\u00e7\u00f5es ou ganhos pessoais em redes sociais. As medidas aplicadas s\u00e3o um primeiro passo, e outras poder\u00e3o ser tomadas na esfera c\u00edvel e criminal. O que defendemos sempre \u00e9 o di\u00e1logo respeitoso; contra todo o resto, permaneceremos firmes e mobilizados\u201d, destacou o diretor da Associa\u00e7\u00e3o dos Docentes da Universidade de Bras\u00edlia (ADUnB) Pedro Mandagar\u00e1.<\/p>\n<p>Em nota, o sindicato dos professores da UnB refor\u00e7ou que n\u00e3o foram atacados apenas a categoria docente, mas toda a comunidade formada por mais de 50 mil pessoas. \u201cN\u00e3o pode fazer parte de nossa comunidade algu\u00e9m que exp\u00f5e e agride professores e outros estudantes; algu\u00e9m que deturpa seu leg\u00edtimo direito de aprender, transformando-o em mote de lucros em redes sociais; algu\u00e9m que zomba de processos internos, que organiza ataques \u00e0 autonomia universit\u00e1ria, que promove a persegui\u00e7\u00e3o midi\u00e1tica de docentes e discentes\u201d, aponta trecho do documento.<\/p>\n<p>O <strong>Brasil de Fato DF <\/strong>entrou em contato com o estudante solicitando um posicionamento. At\u00e9 o momento desta publica\u00e7\u00e3o, n\u00e3o houve retorno. O espa\u00e7o segue aberto para manifesta\u00e7\u00e3o.<\/p>\n<h4>Orienta\u00e7\u00f5es contra grava\u00e7\u00f5es indevidas<\/h4>\n<p>No final de agosto, a ADUnB disponibilizou um guia pr\u00e1tico com orienta\u00e7\u00f5es para professores sobre grava\u00e7\u00f5es indevidas e ataques contra a atividade docente.\u00a0<\/p>\n<p>O objetivo \u00e9 oferecer estrat\u00e9gias de prote\u00e7\u00e3o em situa\u00e7\u00f5es de ataques ou ofensas que comprometam o exerc\u00edcio profissional e a liberdade de c\u00e1tedra. O conte\u00fado aborda ainda os direitos autorais, de imagem, de honra e o da inviolabilidade da vida privada.<\/p>\n<p>No documento, os professores podem encontrar modelos de textos para autorizar ou negar grava\u00e7\u00f5es de aula, orienta\u00e7\u00f5es sobre quando registrar Boletim de Ocorr\u00eancia, explica\u00e7\u00f5es sobre direitos autorais e de imagem, al\u00e9m de tutorial sobre como solicitar a remo\u00e7\u00e3o de aulas gravadas sem autoriza\u00e7\u00e3o no YouTube, dentre outras informa\u00e7\u00f5es. A publica\u00e7\u00e3o est\u00e1 <a href=\"https:\/\/adunb.assocializi.com.br\/comum\/uploads\/adunb\/arquivos\/Guia%20Pr%C3%A1tico%20-%20Grava%C3%A7%C3%B5es%20Indevidas%20e%20Ataques%20%28Digital%29.pdf\">dispon\u00edvel no site do sindicato<\/a>.<\/p>\n<p>::\u00a0<a href=\"https:\/\/whatsapp.com\/channel\/0029VaEQIfmCcW4uaP10fn31\" target=\"_blank\" rel=\"noreferrer noopener\">Receba not\u00edcias do Brasil de Fato DF no seu Whatsapp<\/a>\u00a0::<\/p>\n<\/p>\n<p>O post <a href=\"https:\/\/www.brasildefato.com.br\/2025\/09\/08\/universidade-de-brasilia-expulsa-aluno-que-gravava-aulas-sem-consentimento-de-professores\/\">Universidade de Bras\u00edlia expulsa aluno que gravava aulas\u00a0sem consentimento de professores<\/a> apareceu primeiro em <a href=\"https:\/\/www.brasildefato.com.br\/\">Brasil de Fato<\/a>.<\/p>\n<!-- Begin Yuzo --><div class='yuzo_related_post style-1'  data-version='5.12.89'><!-- without result --><div class='yuzo_clearfixed yuzo__title yuzo__title'><h3>Related Post<\/h3><\/div>\n\t\t\t\t\t\t  <div class=\"relatedthumb \" style=\"width:125px;float:left;overflow:hidden;\">  \n\t\t\t\t\t\t\t  \n\t\t\t\t\t\t\t  <a  href=\"https:\/\/redept.com.br\/blogosfera\/deputado-rogerio-correia-aciona-agu-contra-nikolas-ferreira-por-desinformacao-sobre-pix\/\"  >\n\t\t\t\t\t\t\t\t\t  <div class=\"yuzo-img-wrap \" style=\"width: 125px;height:90px;\">\n\t\t\t\t\t\t\t\t\t\t\n\t\t\t\t\t\t\t\t\t\t<div class=\"yuzo-img\" style=\"background:url('https:\/\/redept.org\/blogosfera\/wp-content\/plugins\/yuzo-related-post\/assets\/images\/default.png') 50% 50% no-repeat;width: 125px;height:90px;margin-bottom: 5px;background-size: cover; \"><\/div>\n\t\t\t\t\t\t\t\t\t  <\/div>\n\t\t\t\t\t\t\t\t\t  \n\t\t\t\t\t\t\t\t   <span class=\"yuzo__text--title\" style=\"font-size:13px;\">Deputado Rog\u00e9rio Correia aciona AGU contra Nikolas...<\/span>\n\t\t\t\t\t\t\t  \n\t\t\t\t\t\t\t  \n\t\t\t\t\t\t\t  <\/a>\n\n\t\t\t\t\t\t  <\/div>\n\t\t\t\t\t\t  <div class=\"relatedthumb \" style=\"width:125px;float:left;overflow:hidden;\">  \n\t\t\t\t\t\t\t  \n\t\t\t\t\t\t\t  <a  href=\"https:\/\/redept.com.br\/blogosfera\/quando-a-chuva-parou-a-fabrica\/\"  >\n\t\t\t\t\t\t\t\t\t  <div class=\"yuzo-img-wrap \" style=\"width: 125px;height:90px;\">\n\t\t\t\t\t\t\t\t\t\t\n\t\t\t\t\t\t\t\t\t\t<div class=\"yuzo-img\" style=\"background:url('https:\/\/redept.com.br\/blogosfera\/wp-content\/uploads\/2026\/03\/image1-150x150.jpeg') 50% 50% no-repeat;width: 125px;height:90px;margin-bottom: 5px;background-size: cover; \"><\/div>\n\t\t\t\t\t\t\t\t\t  <\/div>\n\t\t\t\t\t\t\t\t\t  \n\t\t\t\t\t\t\t\t   <span class=\"yuzo__text--title\" style=\"font-size:13px;\">Quando a chuva parou a f\u00e1brica<\/span>\n\t\t\t\t\t\t\t  \n\t\t\t\t\t\t\t  \n\t\t\t\t\t\t\t  <\/a>\n\n\t\t\t\t\t\t  <\/div>\n\t\t\t\t\t\t  <div class=\"relatedthumb \" style=\"width:125px;float:left;overflow:hidden;\">  \n\t\t\t\t\t\t\t  \n\t\t\t\t\t\t\t  <a  href=\"https:\/\/redept.com.br\/blogosfera\/60-anos-do-bc-galipolo-e-criticado-por-deputados-pelas-altas-taxas-de-juros\/\"  >\n\t\t\t\t\t\t\t\t\t  <div class=\"yuzo-img-wrap \" style=\"width: 125px;height:90px;\">\n\t\t\t\t\t\t\t\t\t\t\n\t\t\t\t\t\t\t\t\t\t<div class=\"yuzo-img\" style=\"background:url('https:\/\/redept.com.br\/blogosfera\/wp-content\/uploads\/2025\/04\/Galipolo-150x150.jpg') 50% 50% no-repeat;width: 125px;height:90px;margin-bottom: 5px;background-size: cover; \"><\/div>\n\t\t\t\t\t\t\t\t\t  <\/div>\n\t\t\t\t\t\t\t\t\t  \n\t\t\t\t\t\t\t\t   <span class=\"yuzo__text--title\" style=\"font-size:13px;\">60 anos do BC: Gal\u00edpolo \u00e9 criticado por deputados ...<\/span>\n\t\t\t\t\t\t\t  \n\t\t\t\t\t\t\t  \n\t\t\t\t\t\t\t  <\/a>\n\n\t\t\t\t\t\t  <\/div>\n\t\t\t\t\t\t  <div class=\"relatedthumb \" style=\"width:125px;float:left;overflow:hidden;\">  \n\t\t\t\t\t\t\t  \n\t\t\t\t\t\t\t  <a  href=\"https:\/\/redept.com.br\/blogosfera\/cop29-negociacao-climatica-propoe-us-250-bilhoes-ao-ano\/\"  >\n\t\t\t\t\t\t\t\t\t  <div class=\"yuzo-img-wrap \" style=\"width: 125px;height:90px;\">\n\t\t\t\t\t\t\t\t\t\t\n\t\t\t\t\t\t\t\t\t\t<div class=\"yuzo-img\" style=\"background:url('https:\/\/redept.org\/blogosfera\/wp-content\/plugins\/yuzo-related-post\/assets\/images\/default.png') 50% 50% no-repeat;width: 125px;height:90px;margin-bottom: 5px;background-size: cover; \"><\/div>\n\t\t\t\t\t\t\t\t\t  <\/div>\n\t\t\t\t\t\t\t\t\t  \n\t\t\t\t\t\t\t\t   <span class=\"yuzo__text--title\" style=\"font-size:13px;\">COP29: negocia\u00e7\u00e3o clim\u00e1tica prop\u00f5e US$ 250 bilh\u00f5es...<\/span>\n\t\t\t\t\t\t\t  \n\t\t\t\t\t\t\t  \n\t\t\t\t\t\t\t  <\/a>\n\n\t\t\t\t\t\t  <\/div>\n<\/div> <script>\n\t\t\t\t\t\t  jQuery(document).ready(function( $ ){\n\t\t\t\t\t\t\t\/\/jQuery('.yuzo_related_post').equalizer({ overflow : 'relatedthumb' });\n\t\t\t\t\t\t\tjQuery('.yuzo_related_post .yuzo_wraps').equalizer({ columns : '> div' });\n\t\t\t\t\t\t   })\n\t\t\t\t\t\t  <\/script> <!-- End Yuzo :) -->","protected":false},"excerpt":{"rendered":"<p>Na \u00faltima sexta-feira (5), a Universidade de Bras\u00edlia (UnB) decidiu expulsar o aluno Wilker Le\u00e3o, conhecido na internet por gravar v\u00eddeos confrontando professores. O youtuber passava por um processo disciplinar discente (PDD) para analisar as condutas em sala de aula.\u00a0 \u201cA Universidade de Bras\u00edlia (UnB) informa que, ap\u00f3s o despacho decis\u00f3rio no \u00e2mbito do processo [&hellip;]<\/p>\n","protected":false},"author":2,"featured_media":0,"comment_status":"open","ping_status":"closed","sticky":false,"template":"","format":"standard","meta":{"fifu_image_url":"","fifu_image_alt":"","footnotes":""},"categories":[1011,234,1209],"tags":[],"class_list":["post-50497","post","type-post","status-publish","format-standard","hentry","category-cidades","category-distrito-federal","category-unb"],"_links":{"self":[{"href":"https:\/\/redept.com.br\/blogosfera\/wp-json\/wp\/v2\/posts\/50497","targetHints":{"allow":["GET"]}}],"collection":[{"href":"https:\/\/redept.com.br\/blogosfera\/wp-json\/wp\/v2\/posts"}],"about":[{"href":"https:\/\/redept.com.br\/blogosfera\/wp-json\/wp\/v2\/types\/post"}],"author":[{"embeddable":true,"href":"https:\/\/redept.com.br\/blogosfera\/wp-json\/wp\/v2\/users\/2"}],"replies":[{"embeddable":true,"href":"https:\/\/redept.com.br\/blogosfera\/wp-json\/wp\/v2\/comments?post=50497"}],"version-history":[{"count":0,"href":"https:\/\/redept.com.br\/blogosfera\/wp-json\/wp\/v2\/posts\/50497\/revisions"}],"wp:attachment":[{"href":"https:\/\/redept.com.br\/blogosfera\/wp-json\/wp\/v2\/media?parent=50497"}],"wp:term":[{"taxonomy":"category","embeddable":true,"href":"https:\/\/redept.com.br\/blogosfera\/wp-json\/wp\/v2\/categories?post=50497"},{"taxonomy":"post_tag","embeddable":true,"href":"https:\/\/redept.com.br\/blogosfera\/wp-json\/wp\/v2\/tags?post=50497"}],"curies":[{"name":"wp","href":"https:\/\/api.w.org\/{rel}","templated":true}]}}