{"id":50664,"date":"2025-09-09T05:30:00","date_gmt":"2025-09-09T08:30:00","guid":{"rendered":"https:\/\/redept.org\/blogosfera\/para-erguer-pilha-de-rejeitos-csn-contesta-identidade-de-quilombolas-em-mg\/"},"modified":"2025-09-09T05:30:00","modified_gmt":"2025-09-09T08:30:00","slug":"para-erguer-pilha-de-rejeitos-csn-contesta-identidade-de-quilombolas-em-mg","status":"publish","type":"post","link":"https:\/\/redept.com.br\/blogosfera\/para-erguer-pilha-de-rejeitos-csn-contesta-identidade-de-quilombolas-em-mg\/","title":{"rendered":"Para erguer pilha de rejeitos, CSN contesta identidade de quilombolas em MG"},"content":{"rendered":"<p><strong>A CSN MINERA\u00c7\u00c3O<\/strong>, segunda maior exportadora de ferro do Brasil, tenta na Justi\u00e7a esvaziar a legitimidade da comunidade de Santa Quit\u00e9ria, que se autodeclara quilombola, enquanto avan\u00e7a com um projeto de pilhas de rejeito de min\u00e9rio no entorno das resid\u00eancias, em Congonhas (MG). Os moradores lutam pela suspens\u00e3o do empreendimento.<\/p>\n<p>A companhia contratou o escrit\u00f3rio D\u00e9cio Freire, um dos mais influentes da advocacia empresarial brasileira. Al\u00e9m da banca de advogados, o principal porta-voz da mineradora \u00e9 o diretor de Investimentos, Otto Levy.<\/p>\n<p>Ex-secret\u00e1rio de Planejamento do governo de Romeu Zema (Novo), ele tem representado publicamente a companhia em audi\u00eancias e negocia\u00e7\u00f5es, desde que deixou o governo mineiro. A atua\u00e7\u00e3o de Levy \u00e9 alvo de cr\u00edticas por um poss\u00edvel conflito de interesses.<\/p>\n<div data-elementor-type=\"section\" data-elementor-id=\"77670\" data-elementor-post-type=\"elementor_library\">\n<div data-id=\"17a659f\" data-element_type=\"container\" data-settings='{\"background_background\":\"classic\"}'>\n<div>\n<div data-id=\"386385d\" data-element_type=\"widget\" data-widget_type=\"heading.default\">\n<div>\n<h2>ASSINE NOSSA NEWSLETTER<\/h2>\n<\/p><\/div>\n<\/p><\/div>\n<div data-id=\"6546917\" data-element_type=\"widget\" data-widget_type=\"html.default\">\n<div>\n\t\t\t\t\t\t\t\t\t<\/div>\n<\/p><\/div>\n<div data-id=\"8c2e333\" data-element_type=\"widget\" data-settings='{\"button_width\":\"20\",\"step_next_label\":\"Next\",\"step_previous_label\":\"Previous\",\"button_width_mobile\":\"20\",\"step_type\":\"number_text\",\"step_icon_shape\":\"circle\"}' data-widget_type=\"form.default\">\n<div>\n<div>\n<div>\n\t\t\t\t\t\t\t\t\t\t\t\t<label for=\"form-field-email\"><br \/>\n\t\t\t\t\t\t\t\tEmail\t\t\t\t\t\t\t<\/label><\/p><\/div>\n<div>\n\t\t\t\t\t<button type=\"submit\"><br \/>\n\t\t\t\t\t\t<span><br \/>\n\t\t\t\t\t\t\t\t\t\t\t\t\t\t\t<span><br \/>\n\t\t\t\t\t\t\t\t\t<i aria-hidden=\"true\"><\/i>\t\t\t\t\t\t\t\t\t\t\t\t\t\t\t\t\t\t\t<span>Submit<\/span><br \/>\n\t\t\t\t\t\t\t\t\t\t\t\t\t\t\t\t\t<\/span><br \/>\n\t\t\t\t\t\t\t\t\t\t\t\t\t\t\t\t\t\t\t\t<\/span><br \/>\n\t\t\t\t\t<\/button>\n\t\t\t\t<\/div>\n<\/p><\/div>\n<\/p><\/div>\n<\/p><\/div>\n<\/p><\/div>\n<\/p><\/div>\n<\/p><\/div>\n<h2>Decreto de Zema desapropriou parte da \u00e1rea em julho do ano passado<\/h2>\n<p>O embate gira em torno da \u00e1rea para constru\u00e7\u00e3o de uma pilha de rejeitos de minera\u00e7\u00e3o \u2014 a CSN considera a obra indispens\u00e1vel para a produ\u00e7\u00e3o da Casa de Pedra, a segunda maior reserva de min\u00e9rio de ferro do Brasil. O empreendimento foi declarado de utilidade p\u00fablica por decreto assinado por Zema, em julho de 2024, que autorizou a desapropria\u00e7\u00e3o de 261 hectares.<\/p>\n<p>A Federa\u00e7\u00e3o Quilombola N\u2019Golo, representante de comunidades quilombolas de Minas Gerais, sustenta que parte dessa \u00e1rea se sobrep\u00f5e ao territ\u00f3rio de Santa Quit\u00e9ria. Por isso, pediu \u00e0 Justi\u00e7a a suspens\u00e3o do decreto, al\u00e9m da realiza\u00e7\u00e3o de consulta pr\u00e9via, livre e informada, conforme previsto na Conven\u00e7\u00e3o 169 da OIT (Organiza\u00e7\u00e3o Internacional do Trabalho), da qual o Brasil \u00e9 signat\u00e1rio.\u00a0<\/p>\n<p>Na contesta\u00e7\u00e3o apresentada \u00e0 8\u00aa Vara Federal de Belo Horizonte, o escrit\u00f3rio D\u00e9cio Freire \u2014 com clientes entre cinco das dez maiores empresas do pa\u00eds \u2014 afirma que a a\u00e7\u00e3o dos quilombolas \u00e9 \u201cprematura\u201d e \u201cinfundada\u201d.\u00a0<\/p>\n<p>Argumenta tamb\u00e9m que o decreto de desapropria\u00e7\u00e3o foi assinado por Zema quase um ano antes da autodefini\u00e7\u00e3o da comunidade como quilombola e da certifica\u00e7\u00e3o da Funda\u00e7\u00e3o Palmares, em julho.<\/p>\n<p>\u00d3rg\u00e3o federal vinculado ao Minist\u00e9rio da Cultura, a Funda\u00e7\u00e3o Palmares reconhece oficialmente comunidades quilombolas e garante acesso a pol\u00edticas p\u00fablicas espec\u00edficas. J\u00e1 a concess\u00e3o do t\u00edtulo de propriedade depende de procedimento conduzido pelo Incra (Instituto Nacional de Coloniza\u00e7\u00e3o e Reforma Agr\u00e1ria). Para a CSN, sem a anu\u00eancia do Incra, n\u00e3o existiria territ\u00f3rio formalmente reconhecido em Santa Quit\u00e9ria.<\/p>\n<h2>Santa Quit\u00e9ria foi reconhecida em julho como quilombola pela Funda\u00e7\u00e3o Palmares<\/h2>\n<p>\u201cEu fico brava demais com esse papo. Presta aten\u00e7\u00e3o: n\u00f3s somos de 1734 e a CSN foi criada em 1941. Antes deles pensarem que poderiam existir, a comunidade j\u00e1 existia\u201d, rebate a lideran\u00e7a Aline Soares Marcos, moradora de Santa Quit\u00e9ria. A refer\u00eancia \u00e9 a data da inaugura\u00e7\u00e3o da capela da comunidade, erguida por pessoas escravizadas e tombada como patrim\u00f4nio hist\u00f3rico municipal. <\/p>\n<p>\u201cQuem tem o direito de dizer se \u00e9 ou n\u00e3o \u00e9 quilombola \u00e9 a comunidade, e n\u00e3o a CSN ou o Estado\u201d, afirma o advogado Matheus Mendon\u00e7a, que representa os moradores. Ele cita o Decreto 4.887 de 2003, que estabelece a autoatribui\u00e7\u00e3o como crit\u00e9rio para o reconhecimento de comunidades quilombolas, al\u00e9m da ancestralidade negra ligada \u00e0 resist\u00eancia contra a escravid\u00e3o.<\/p>\n<p>Esse crit\u00e9rio chegou a ser questionado no Supremo Tribunal Federal (STF), na ADI 3239, apresentada pelo PFL (partido que ap\u00f3s fus\u00f5es hoje comp\u00f5e o Uni\u00e3o Brasil), mas foi validado pelos ministros. \u201cA tentativa de negar a exist\u00eancia de Santa Quit\u00e9ria \u00e9 mais uma viola\u00e7\u00e3o de direitos humanos\u201d, afirma o advogado.<strong><\/p>\n<p><\/strong>O reconhecimento oficial de Santa Quit\u00e9ria pela Funda\u00e7\u00e3o Palmares ocorreu em julho. Para celebrar, os moradores organizaram uma missa na capela tricenten\u00e1ria, acompanhada pelo grupo de Folia de Reis. Na homilia, o padre Ant\u00f4nio Claret comparou a disputa \u00e0 passagem b\u00edblica de Davi e Golias, relacionando a luta dos quilombolas \u00e0 despropor\u00e7\u00e3o de for\u00e7as diante da mineradora.<\/p>\n<figure><img fetchpriority=\"high\" fetchpriority=\"high\" decoding=\"async\" width=\"1024\" height=\"683\"src=\"https:\/\/redept.org\/blogosfera\/wp-content\/uploads\/2025\/09\/capela-santa-quiteria-foto-diocese-congonhas-divulgacao.jpg\" alt=\"Durante a celebra\u00e7\u00e3o do reconhecimento como quilombola na Capela de Santa Quit\u00e9ria, o padre comparou a disputa entre moradores e mineradora como uma luta de Davi contra Golias (Foto: Diocese de Congonhas \/ Divulga\u00e7\u00e3o)\" srcset=\"https:\/\/reporterbrasil.org.br\/wp-content\/uploads\/2025\/09\/capela-santa-quiteria-foto-diocese-congonhas-divulgacao-1024x683.jpg 1024w, https:\/\/reporterbrasil.org.br\/wp-content\/uploads\/2025\/09\/capela-santa-quiteria-foto-diocese-congonhas-divulgacao-300x200.jpg 300w, https:\/\/reporterbrasil.org.br\/wp-content\/uploads\/2025\/09\/capela-santa-quiteria-foto-diocese-congonhas-divulgacao-768x512.jpg 768w, https:\/\/redept.org\/blogosfera\/wp-content\/uploads\/2025\/09\/capela-santa-quiteria-foto-diocese-congonhas-divulgacao.jpg 1200w\" sizes=\"(max-width: 1024px) 100vw, 1024px\"><figcaption>Durante a celebra\u00e7\u00e3o do reconhecimento como quilombola na Capela de Santa Quit\u00e9ria, o padre comparou a disputa entre moradores e mineradora como uma luta de Davi contra Golias (Foto: Diocese de Congonhas \/ Divulga\u00e7\u00e3o)<\/figcaption><\/figure>\n<p>Enquanto a comunidade v\u00ea no decreto de desapropria\u00e7\u00e3o uma viola\u00e7\u00e3o de direitos, a CSN sustenta, tanto na Justi\u00e7a quanto em audi\u00eancias p\u00fablicas, que n\u00e3o havia \u201cqualquer informa\u00e7\u00e3o\u201d sobre quilombolas na \u00e1rea em 2024. Dessa forma, n\u00e3o caberia a consulta prevista em tratados internacionais.<\/p>\n<p>Paralelamente ao decreto de Zema de julho do ano passado, a CSN chegou a negociar a compra de \u00e1reas com algumas fam\u00edlias. Por\u00e9m, moradores de terrenos na entrada da comunidade Santa Quit\u00e9ria resistem ao projeto. Como a mineradora n\u00e3o conseguiu comprar os terrenos, tenta usar o decreto do governador para levar a cabo o empreendimento. Caso seja de fato constru\u00edda, a pilha de rejeitos ficar\u00e1 pr\u00f3xima a 1 km de dist\u00e2ncia da comunidade, o que levou algumas casas a serem alvos da desapropria\u00e7\u00e3o autorizada por Zema.\u00a0<\/p>\n<p>Em outro processo acessado pela reportagem, a CSN pede a posse imediata de um terreno de 10,6 hectares em Santa Quit\u00e9ria, cujo propriet\u00e1rio n\u00e3o aceitou a proposta de compra. Na peti\u00e7\u00e3o, o escrit\u00f3rio D\u00e9cio Freire associa a decis\u00e3o judicial ao impacto econ\u00f4mico da companhia, ao afirmar que a CSN \u00e9 a segunda maior exportadora de ferro do pa\u00eds, responde por 75% da arrecada\u00e7\u00e3o de royalties em Congonhas, emprega mais de 10 mil pessoas e projeta investir R$ 30 bilh\u00f5es.<\/p>\n<h2>Diretor da CSN era do primeiro escal\u00e3o do governo Zema<\/h2>\n<p>O diretor de Investimentos da CSN, Otto Levy, tornou-se a principal voz da empresa em audi\u00eancias e reuni\u00f5es com autoridades. Engenheiro metal\u00fargico, foi secret\u00e1rio de Planejamento de Zema at\u00e9 abril de 2021 e, menos de dois meses ap\u00f3s a sa\u00edda, assumiu o cargo de dire\u00e7\u00e3o na mineradora. Tr\u00eas anos depois, a companhia foi beneficiada pelo decreto que autorizou as desapropria\u00e7\u00f5es em Santa Quit\u00e9ria, o que reacendeu questionamentos sobre poss\u00edvel conflito de interesses.<\/p>\n<p>A legisla\u00e7\u00e3o mineira prev\u00ea quarentena de quatro meses para ex-secret\u00e1rios antes de eles assumirem cargos em empresas privadas relacionadas \u00e0s suas \u00e1reas de atua\u00e7\u00e3o. Tamb\u00e9m veda, \u201ca qualquer tempo\u201d, o uso de informa\u00e7\u00f5es privilegiadas obtidas no servi\u00e7o p\u00fablico para obter vantagens privadas ou influenciar decis\u00f5es com impacto econ\u00f4mico e regulat\u00f3rio.<\/p>\n<figure><img decoding=\"async\" width=\"853\" height=\"568\"src=\"https:\/\/redept.org\/blogosfera\/wp-content\/uploads\/2025\/09\/audiencia02.jpg\" alt=\"Diretor da CSN, Otto Levy (de \u00f3culos falando ao microfone), era secret\u00e1rio do governo mineiro (Foto: N\u00edvea Magno\/ MAB \/ Divulga\u00e7\u00e3o)\" srcset=\"https:\/\/redept.org\/blogosfera\/wp-content\/uploads\/2025\/09\/audiencia02.jpg 853w, https:\/\/reporterbrasil.org.br\/wp-content\/uploads\/2025\/09\/audiencia02-300x200.jpg 300w, https:\/\/reporterbrasil.org.br\/wp-content\/uploads\/2025\/09\/audiencia02-768x511.jpg 768w\" sizes=\"(max-width: 853px) 100vw, 853px\"><figcaption>Diretor da CSN, Otto Levy (de \u00f3culos falando ao microfone), era secret\u00e1rio do governo mineiro (Foto: N\u00edvea Magno\/ MAB \/ Divulga\u00e7\u00e3o)<\/figcaption><\/figure>\n<p>\u201cQuem deve explica\u00e7\u00f5es \u00e9 o Otto\u201d, afirma o advogado Matheus Mendon\u00e7a. \u201cEle precisa dizer por que fazia parte da c\u00fapula do governo, saiu do cargo e, em menos de dois meses, j\u00e1 estava na CSN. Depois, a empresa recebe um decreto que, na pr\u00e1tica, permite expulsar as pessoas do territ\u00f3rio\u201d.<\/p>\n<p>A <strong>Rep\u00f3rter Brasil<\/strong> procurou Otto Levy, a CSN e o governo de Minas Gerais, mas n\u00e3o obteve resposta at\u00e9 a publica\u00e7\u00e3o desta reportagem.<\/p>\n<p>\u00c0 mineradora, foram enviadas perguntas sobre a tentativa de contestar a identidade quilombola de Santa Quit\u00e9ria na Justi\u00e7a, os impactos sociais denunciados por moradores e a contrata\u00e7\u00e3o de Levy logo ap\u00f3s sua sa\u00edda do governo estadual.<\/p>\n<p>Diretamente ao diretor, os questionamentos inclu\u00edram se ele cumpriu a quarentena prevista em lei e se teve participa\u00e7\u00e3o em negocia\u00e7\u00f5es ligadas ao decreto de desapropria\u00e7\u00e3o. J\u00e1 ao governo mineiro, pediu-se posicionamento sobre a edi\u00e7\u00e3o do decreto sem consulta pr\u00e9via \u00e0 comunidade e sobre eventuais conflitos de interesse na ida de Levy para a CSN, inclusive quanto \u00e0 poss\u00edvel apura\u00e7\u00e3o pelo conselho de \u00e9tica.<\/p>\n<p>Levy participou de audi\u00eancia p\u00fablica na C\u00e2mara Municipal de Congonhas em 26 de agosto, quando se comprometeu a avaliar alternativas para evitar a desapropria\u00e7\u00e3o de tr\u00eas fam\u00edlias que vivem na entrada de Santa Quit\u00e9ria e se recusam a negociar com a mineradora. \u201cEstamos estudando isso. O projeto inicial iria tir\u00e1-los\u201d, afirmou.<\/p>\n<p>Dias depois, contudo, em 1\u00ba de setembro, o escrit\u00f3rio D\u00e9cio Freire ingressou com o agravo pedindo a posse imediata de um dos terrenos, ampliando a press\u00e3o judicial sobre as desapropria\u00e7\u00f5es.<\/p>\n<p>Na mesma reuni\u00e3o, o presidente da C\u00e2mara de Congonhas, o vereador Averaldo Pica-Pau (PL), expressou ao final da audi\u00eancia insatisfa\u00e7\u00e3o com a postura da CSN. Disse que a apresenta\u00e7\u00e3o da mineradora foi \u201cmuito gen\u00e9rica\u201d, e n\u00e3o respondeu \u00e0s d\u00favidas da comunidade nem dos vereadores.<\/p>\n<p>Durante a reuni\u00e3o, a l\u00edder comunit\u00e1ria Aline Soares Marcos acusou a CSN de tentar negar a identidade quilombola de Santa Quit\u00e9ria e afirmou que a mineradora trata os moradores como se n\u00e3o tivessem valor.<\/p>\n<p>Entre as provas reunidas pela comunidade est\u00e3o certid\u00f5es do Arquivo Eclesi\u00e1stico da Arquidiocese de Mariana que registram o batismo de pessoas escravizadas na mesma capela h\u00e1 quase tr\u00eas s\u00e9culos.<\/p>\n<p>Desde a publica\u00e7\u00e3o do decreto de desapropria\u00e7\u00e3o, o cotidiano da comunidade mudou. Moradores relatam se sentir vigiados pelo voo constante de drones a servi\u00e7o da empresa e intimidados com a circula\u00e7\u00e3o de caminhonetes em frente \u00e0s casas.<\/p>\n<p>\u201cA gente se sente acuado\u201d, disse o lavrador Sebasti\u00e3o Paulino Sobrinho. Seu vizinho Paulo Soares, de 76 anos, neto de pessoas escravizadas, teme n\u00e3o poder permanecer onde nasceu e viveu toda a vida: \u201cN\u00e3o tenho vontade de sair. Mas n\u00e3o sei se v\u00e3o deixar a gente ficar\u201d.<\/p>\n<figure><img decoding=\"async\" width=\"1024\" height=\"680\"src=\"https:\/\/redept.org\/blogosfera\/wp-content\/uploads\/2025\/09\/Brumadinho-Felipe-Werneck-2-1.jpg\" alt=\"Rompimento da barragem de Brumadinho, em Minas Gerais, deixou 272 mortos. Empreendimento era considerado de risco m\u00e9dio (Foto: Felipe Werneck\/Ibama)\" srcset=\"https:\/\/reporterbrasil.org.br\/wp-content\/uploads\/2020\/11\/Brumadinho-Felipe-Werneck-2-1024x680.jpg 1024w, https:\/\/reporterbrasil.org.br\/wp-content\/uploads\/2020\/11\/Brumadinho-Felipe-Werneck-2-300x199.jpg 300w, https:\/\/reporterbrasil.org.br\/wp-content\/uploads\/2020\/11\/Brumadinho-Felipe-Werneck-2-768x510.jpg 768w, https:\/\/reporterbrasil.org.br\/wp-content\/uploads\/2020\/11\/Brumadinho-Felipe-Werneck-2-1536x1020.jpg 1536w, https:\/\/redept.org\/blogosfera\/wp-content\/uploads\/2025\/09\/Brumadinho-Felipe-Werneck-2-1.jpg 1600w\" sizes=\"(max-width: 1024px) 100vw, 1024px\"><figcaption>T\u00e9cnica de \u201cpilhas de rejeito\u201d ganhou tra\u00e7\u00e3o em Minas Gerais ap\u00f3s trag\u00e9dias ambientais como a de Brumadinho (Foto: Felipe Werneck)<\/figcaption><\/figure>\n<h2>Modelo de pilhas de rejeito se tornou tend\u00eancia ap\u00f3s trag\u00e9dias ambientais em MG<\/h2>\n<p>A substitui\u00e7\u00e3o de barragens por pilhas de rejeito filtrado, como a projetada para Santa Quit\u00e9ria, tornou-se tend\u00eancia em Minas ap\u00f3s os rompimentos de Mariana (2015) e Brumadinho (2019). O modelo reduz riscos de desastres, mas n\u00e3o elimina impactos ambientais e sociais. <\/p>\n<p>Com 6 bilh\u00f5es de toneladas em recursos e produ\u00e7\u00e3o anual de 30 milh\u00f5es de toneladas, a Casa de Pedra \u00e9 a segunda maior reserva de ferro do Brasil, atr\u00e1s apenas de Caraj\u00e1s, no Par\u00e1.<\/p>\n<p>Santa Quit\u00e9ria est\u00e1 a menos de 10 quil\u00f4metros do Santu\u00e1rio do Bom Jesus de Matosinhos, Patrim\u00f4nio da Humanidade pela Unesco. No caminho at\u00e9 a comunidade, a minera\u00e7\u00e3o marca a paisagem. A barragem Casa de Pedra, da CSN, causa temor entre moradores vizinhos e levou ao fechamento de uma escola e de uma creche em 2019 por risco de rompimento. <\/p>\n<p>H\u00e1 ainda diverg\u00eancia sobre o uso da \u00e1rea em Santa Quit\u00e9ria. Registros da Ag\u00eancia Nacional de Minera\u00e7\u00e3o mostram que a CSN obteve autoriza\u00e7\u00e3o para pesquisar ouro em 2021. <\/p>\n<p>A empresa afirma ter pedido altera\u00e7\u00e3o para granito e nega interesse, mas a defasagem dos cadastros criou desconfian\u00e7a entre os moradores, como a <strong>Rep\u00f3rter Brasil<\/strong> revelou em mar\u00e7o.<\/p>\n<div data-elementor-type=\"container\" data-elementor-id=\"75228\" data-elementor-post-type=\"elementor_library\">\n<div data-id=\"5e8db1e6\" data-element_type=\"container\">\n<div>\n<div data-id=\"36eb6c91\" data-element_type=\"container\">\n<div>\n<div data-id=\"6f52f515\" data-element_type=\"container\">\n<div data-id=\"65d9f401\" data-element_type=\"widget\" data-widget_type=\"divider.default\">\n<div>\n<div>\n\t\t\t<span><br \/>\n\t\t\t\t\t\t<\/span>\n\t\t<\/div>\n<\/p><\/div>\n<\/p><\/div>\n<\/p><\/div>\n<div data-id=\"134a1245\" data-element_type=\"container\">\n<div>\n<div data-id=\"10fe55fe\" data-element_type=\"widget\" data-widget_type=\"text-editor.default\">\n<div>\n<p>Leia tamb\u00e9m<\/p>\n<\/p><\/div>\n<\/p><\/div>\n<\/p><\/div>\n<\/p><\/div>\n<\/p><\/div>\n<\/p><\/div>\n<div data-id=\"3c9495ae\" data-element_type=\"widget\" data-settings='{\"template_id\":\"75221\",\"columns\":1,\"row_gap\":{\"unit\":\"px\",\"size\":10,\"sizes\":[]},\"_skin\":\"post\",\"columns_tablet\":\"2\",\"columns_mobile\":\"1\",\"edit_handle_selector\":\"[data-elementor-type=\"loop-item\"]\",\"row_gap_tablet\":{\"unit\":\"px\",\"size\":\"\",\"sizes\":[]},\"row_gap_mobile\":{\"unit\":\"px\",\"size\":\"\",\"sizes\":[]}}' data-widget_type=\"loop-grid.post\">\n<div>\n<div>\n\t\t<\/div>\n<\/p><\/div>\n<\/p><\/div>\n<\/p><\/div>\n<\/p><\/div>\n<\/p><\/div>\n<\/p>\n<p>The post Para erguer pilha de rejeitos, CSN contesta identidade de quilombolas em MG appeared first on Rep\u00f3rter Brasil.<\/p>\n<!-- Begin Yuzo --><div class='yuzo_related_post style-1'  data-version='5.12.89'><!-- without result --><div class='yuzo_clearfixed yuzo__title yuzo__title'><h3>Related Post<\/h3><\/div>\n\t\t\t\t\t\t  <div class=\"relatedthumb \" style=\"width:125px;float:left;overflow:hidden;\">  \n\t\t\t\t\t\t\t  \n\t\t\t\t\t\t\t  <a  href=\"https:\/\/redept.com.br\/blogosfera\/vietna-celebra-50-anos-de-reunificacao-mirando-o-progresso-do-povo\/\"  >\n\t\t\t\t\t\t\t\t\t  <div class=\"yuzo-img-wrap \" style=\"width: 125px;height:90px;\">\n\t\t\t\t\t\t\t\t\t\t\n\t\t\t\t\t\t\t\t\t\t<div class=\"yuzo-img\" style=\"background:url('https:\/\/redept.com.br\/blogosfera\/wp-content\/uploads\/2025\/04\/vietna-diplomaciabusiness-150x150.jpg') 50% 50% no-repeat;width: 125px;height:90px;margin-bottom: 5px;background-size: cover; \"><\/div>\n\t\t\t\t\t\t\t\t\t  <\/div>\n\t\t\t\t\t\t\t\t\t  \n\t\t\t\t\t\t\t\t   <span class=\"yuzo__text--title\" style=\"font-size:13px;\">Vietn\u00e3 celebra 50 anos de reunifica\u00e7\u00e3o mirando o p...<\/span>\n\t\t\t\t\t\t\t  \n\t\t\t\t\t\t\t  \n\t\t\t\t\t\t\t  <\/a>\n\n\t\t\t\t\t\t  <\/div>\n\t\t\t\t\t\t  <div class=\"relatedthumb \" style=\"width:125px;float:left;overflow:hidden;\">  \n\t\t\t\t\t\t\t  \n\t\t\t\t\t\t\t  <a  href=\"https:\/\/redept.com.br\/blogosfera\/e-prosa-e-pau\/\"  >\n\t\t\t\t\t\t\t\t\t  <div class=\"yuzo-img-wrap \" style=\"width: 125px;height:90px;\">\n\t\t\t\t\t\t\t\t\t\t\n\t\t\t\t\t\t\t\t\t\t<div class=\"yuzo-img\" style=\"background:url('https:\/\/redept.com.br\/blogosfera\/wp-content\/uploads\/2025\/07\/unnamed-19-dest-150x150.jpg') 50% 50% no-repeat;width: 125px;height:90px;margin-bottom: 5px;background-size: cover; \"><\/div>\n\t\t\t\t\t\t\t\t\t  <\/div>\n\t\t\t\t\t\t\t\t\t  \n\t\t\t\t\t\t\t\t   <span class=\"yuzo__text--title\" style=\"font-size:13px;\">\u00c9 prosa e pau<\/span>\n\t\t\t\t\t\t\t  \n\t\t\t\t\t\t\t  \n\t\t\t\t\t\t\t  <\/a>\n\n\t\t\t\t\t\t  <\/div>\n\t\t\t\t\t\t  <div class=\"relatedthumb \" style=\"width:125px;float:left;overflow:hidden;\">  \n\t\t\t\t\t\t\t  \n\t\t\t\t\t\t\t  <a  href=\"https:\/\/redept.com.br\/blogosfera\/policia-investiga-morte-de-operario-na-montagem-do-show-da-shakira-em-copacabana\/\"  >\n\t\t\t\t\t\t\t\t\t  <div class=\"yuzo-img-wrap \" style=\"width: 125px;height:90px;\">\n\t\t\t\t\t\t\t\t\t\t\n\t\t\t\t\t\t\t\t\t\t<div class=\"yuzo-img\" style=\"background:url('https:\/\/redept.org\/blogosfera\/wp-content\/plugins\/yuzo-related-post\/assets\/images\/default.png') 50% 50% no-repeat;width: 125px;height:90px;margin-bottom: 5px;background-size: cover; \"><\/div>\n\t\t\t\t\t\t\t\t\t  <\/div>\n\t\t\t\t\t\t\t\t\t  \n\t\t\t\t\t\t\t\t   <span class=\"yuzo__text--title\" style=\"font-size:13px;\">Pol\u00edcia investiga morte de oper\u00e1rio na montagem do...<\/span>\n\t\t\t\t\t\t\t  \n\t\t\t\t\t\t\t  \n\t\t\t\t\t\t\t  <\/a>\n\n\t\t\t\t\t\t  <\/div>\n\t\t\t\t\t\t  <div class=\"relatedthumb \" style=\"width:125px;float:left;overflow:hidden;\">  \n\t\t\t\t\t\t\t  \n\t\t\t\t\t\t\t  <a  href=\"https:\/\/redept.com.br\/blogosfera\/80-familias-ameacadas-de-despejo-em-predio-com-divida-de-r-56-milhoes-no-df\/\"  >\n\t\t\t\t\t\t\t\t\t  <div class=\"yuzo-img-wrap \" style=\"width: 125px;height:90px;\">\n\t\t\t\t\t\t\t\t\t\t\n\t\t\t\t\t\t\t\t\t\t<div class=\"yuzo-img\" style=\"background:url('https:\/\/redept.com.br\/blogosfera\/wp-content\/uploads\/2025\/09\/IMG_20250907_065212-150x150.jpg') 50% 50% no-repeat;width: 125px;height:90px;margin-bottom: 5px;background-size: cover; \"><\/div>\n\t\t\t\t\t\t\t\t\t  <\/div>\n\t\t\t\t\t\t\t\t\t  \n\t\t\t\t\t\t\t\t   <span class=\"yuzo__text--title\" style=\"font-size:13px;\">80 fam\u00edlias amea\u00e7adas de despejo em pr\u00e9dio com d\u00edv...<\/span>\n\t\t\t\t\t\t\t  \n\t\t\t\t\t\t\t  \n\t\t\t\t\t\t\t  <\/a>\n\n\t\t\t\t\t\t  <\/div>\n<\/div> <script>\n\t\t\t\t\t\t  jQuery(document).ready(function( $ ){\n\t\t\t\t\t\t\t\/\/jQuery('.yuzo_related_post').equalizer({ overflow : 'relatedthumb' });\n\t\t\t\t\t\t\tjQuery('.yuzo_related_post .yuzo_wraps').equalizer({ columns : '> div' });\n\t\t\t\t\t\t   })\n\t\t\t\t\t\t  <\/script> <!-- End Yuzo :) -->","protected":false},"excerpt":{"rendered":"<p>Ex-secret\u00e1rio do governador Romeu Zema e atual diretor da empresa \u00e9 o principal porta-voz de projeto da mineradora que avan\u00e7a sobre comunidade quilombola centen\u00e1ria em MG, j\u00e1 reconhecida pela Funda\u00e7\u00e3o Palmares<\/p>\n<p>The post <a href=\"https:\/\/reporterbrasil.org.br\/2025\/09\/pilha-rejeitos-csn-contesta-identidade-quilombolas-mg\/\">Para erguer pilha de rejeitos, CSN contesta identidade de quilombolas em MG<\/a> appeared first on <a href=\"https:\/\/reporterbrasil.org.br\/\">Rep\u00f3rter Brasil<\/a>.<\/p>\n","protected":false},"author":2,"featured_media":50665,"comment_status":"open","ping_status":"closed","sticky":false,"template":"","format":"standard","meta":{"fifu_image_url":"","fifu_image_alt":"","footnotes":""},"categories":[13690,5879,15600,316,3523,34,5799],"tags":[],"class_list":["post-50664","post","type-post","status-publish","format-standard","has-post-thumbnail","hentry","category-_destaque-da-home-1","category-conteudo-original-em-portugues","category-csn","category-minas-gerais","category-mineracao","category-quilombolas","category-reportagens"],"_links":{"self":[{"href":"https:\/\/redept.com.br\/blogosfera\/wp-json\/wp\/v2\/posts\/50664","targetHints":{"allow":["GET"]}}],"collection":[{"href":"https:\/\/redept.com.br\/blogosfera\/wp-json\/wp\/v2\/posts"}],"about":[{"href":"https:\/\/redept.com.br\/blogosfera\/wp-json\/wp\/v2\/types\/post"}],"author":[{"embeddable":true,"href":"https:\/\/redept.com.br\/blogosfera\/wp-json\/wp\/v2\/users\/2"}],"replies":[{"embeddable":true,"href":"https:\/\/redept.com.br\/blogosfera\/wp-json\/wp\/v2\/comments?post=50664"}],"version-history":[{"count":0,"href":"https:\/\/redept.com.br\/blogosfera\/wp-json\/wp\/v2\/posts\/50664\/revisions"}],"wp:featuredmedia":[{"embeddable":true,"href":"https:\/\/redept.com.br\/blogosfera\/wp-json\/wp\/v2\/media\/50665"}],"wp:attachment":[{"href":"https:\/\/redept.com.br\/blogosfera\/wp-json\/wp\/v2\/media?parent=50664"}],"wp:term":[{"taxonomy":"category","embeddable":true,"href":"https:\/\/redept.com.br\/blogosfera\/wp-json\/wp\/v2\/categories?post=50664"},{"taxonomy":"post_tag","embeddable":true,"href":"https:\/\/redept.com.br\/blogosfera\/wp-json\/wp\/v2\/tags?post=50664"}],"curies":[{"name":"wp","href":"https:\/\/api.w.org\/{rel}","templated":true}]}}