{"id":50881,"date":"2025-09-09T17:23:38","date_gmt":"2025-09-09T20:23:38","guid":{"rendered":"https:\/\/redept.org\/blogosfera\/trem-da-linha-4-amarela-do-metro-de-sp-descarrila-e-interrompe-circulacao\/"},"modified":"2025-09-09T17:23:38","modified_gmt":"2025-09-09T20:23:38","slug":"trem-da-linha-4-amarela-do-metro-de-sp-descarrila-e-interrompe-circulacao","status":"publish","type":"post","link":"https:\/\/redept.com.br\/blogosfera\/trem-da-linha-4-amarela-do-metro-de-sp-descarrila-e-interrompe-circulacao\/","title":{"rendered":"Trem da Linha 4-Amarela do Metr\u00f4 de SP descarrila e interrompe circula\u00e7\u00e3o"},"content":{"rendered":"<p>Um descarrilamento na <a href=\"https:\/\/tvtnews.com.br\/tag\/transportes\/\" data-type=\"post_tag\" data-id=\"4593\"><strong>Linha 4-Amarela do Metr\u00f4<\/strong> <strong>de S\u00e3o Paulo<\/strong><\/a> causou p\u00e2nico e transtornos na manh\u00e3 desta ter\u00e7a-feira (9). Por volta das 9h59, um trem que partia da esta\u00e7\u00e3o Vila S\u00f4nia em dire\u00e7\u00e3o \u00e0 Luz saiu dos trilhos, rompendo sua estrutura e cruzando para a via oposta. Apesar de n\u00e3o haver feridos f\u00edsicos, o incidente gerou grande tens\u00e3o e exigiu a ativa\u00e7\u00e3o de um plano de conting\u00eancia para o transporte dos passageiros. Saiba mais na <strong><a href=\"https:\/\/tvtnews.com.br\/\">TVT News<\/a><\/strong>.<\/p>\n<p>O descarrilamento ocorreu no trecho entre as esta\u00e7\u00f5es Vila S\u00f4nia e S\u00e3o Paulo-Morumbi. <a href=\"https:\/\/diariodotransporte.com.br\/2025\/09\/09\/video-e-fotos-operacao-da-linha-4-amarela-entre-estacoes-vila-sonia-profa-elisabeth-tenreiro-e-sao-paulo-morumbi-segue-interrompida-apos-descarrilamento-de-trem-nesta-terca-feira-09\/\" target=\"_blank\" rel=\"noreferrer noopener nofollow\">Imagens gravadas por passageiros<\/a> mostram um cen\u00e1rio de medo, com pessoas sendo obrigadas a caminhar a p\u00e9 pelos trilhos em meio \u00e0 escurid\u00e3o do t\u00fanel para chegar \u00e0 esta\u00e7\u00e3o mais pr\u00f3xima. Segundo a concession\u00e1ria ViaQuatro, que administra a linha, tr\u00eas passageiros foram assistidos no local ap\u00f3s sofrerem crises nervosas. <\/p>\n<h2>Impacto na circula\u00e7\u00e3o do Metr\u00f4<\/h2>\n<p>O acidente impactou a circula\u00e7\u00e3o de trens, que foi interrompida em diversos trechos, incluindo entre as esta\u00e7\u00f5es Vila S\u00f4nia e Paulista, e tamb\u00e9m entre Vila S\u00f4nia e Butant\u00e3, em ambos os sentidos. A esta\u00e7\u00e3o Vila S\u00f4nia chegou a ser completamente esvaziada. <\/p>\n<p>O servi\u00e7o foi parcialmente restabelecido \u00e0s 11h30, com o trecho entre as esta\u00e7\u00f5es Luz e Morumbi voltando a operar normalmente. No entanto, a ViaQuatro n\u00e3o informou uma previs\u00e3o para a normaliza\u00e7\u00e3o completa da linha. A conex\u00e3o com a Linha 9-Esmeralda, na esta\u00e7\u00e3o Pinheiros, manteve seu funcionamento regular.<\/p>\n<p>Para minimizar o impacto aos usu\u00e1rios, o Plano de Atendimento entre Empresas em Situa\u00e7\u00e3o de Emerg\u00eancia (Paese) foi ativado \u00e0s 10h18, disponibilizando \u00f4nibus gratuitos nos percursos afetados. A ViaQuatro tamb\u00e9m ofereceu \u00f4nibus exclusivos para o trajeto entre Morumbi e Tabo\u00e3o da Serra.<\/p>\n<p>As causas do descarrilamento ainda est\u00e3o sendo investigadas. A ViaQuatro afirmou que a prioridade de suas equipes \u00e9 o total restabelecimento da opera\u00e7\u00e3o.<\/p>\n<p>O Sindicato dos Metrovi\u00e1rios de S\u00e3o Paulo manifestou preocupa\u00e7\u00e3o com o ocorrido e solicitou uma apura\u00e7\u00e3o rigorosa do caso, questionando a seguran\u00e7a da linha, que opera sem a presen\u00e7a de um operador a bordo dos trens.<\/p>\n<\/p>\n<h2>Leia mais not\u00edcias na TVT News<\/h2>\n<ul>\n<li><a href=\"https:\/\/tvtnews.com.br\/julgamento-de-bolsonaro-ao-vivo-voto-flavio-dino\/\">Julgamento de Bolsonaro: Fl\u00e1vio Dino vota e acompanha Moraes, com ressalva para tamanho das penas<\/a><\/li>\n<li><a href=\"https:\/\/tvtnews.com.br\/paises-amazonicos-nao-precisam-intervencoes-lula\/\">Pa\u00edses amaz\u00f4nicos n\u00e3o precisam de interven\u00e7\u00f5es estrangeiras, diz Lula<\/a><\/li>\n<li><a href=\"https:\/\/tvtnews.com.br\/suspeito-incendio-esplanada-e-preso\/\">Suspeito de causar inc\u00eandio na Esplanada \u00e9 preso<\/a><\/li>\n<\/ul>\n<p>The post <a rel=\"nofollow\" href=\"https:\/\/tvtnews.com.br\/trem-linha-4-amarela-metro-sp-descarrila\/\">Trem da Linha 4-Amarela do Metr\u00f4 de SP descarrila e interrompe circula\u00e7\u00e3o<\/a> appeared first on <a rel=\"nofollow\" href=\"https:\/\/tvtnews.com.br\/\">TVT News<\/a>.<\/p>\n<!-- Begin Yuzo --><div class='yuzo_related_post style-1'  data-version='5.12.89'><!-- without result --><div class='yuzo_clearfixed yuzo__title yuzo__title'><h3>Related Post<\/h3><\/div>\n\t\t\t\t\t\t  <div class=\"relatedthumb \" style=\"width:125px;float:left;overflow:hidden;\">  \n\t\t\t\t\t\t\t  \n\t\t\t\t\t\t\t  <a  href=\"https:\/\/redept.com.br\/blogosfera\/confira-resultados-do-campeonato-carioca-2026\/\"  >\n\t\t\t\t\t\t\t\t\t  <div class=\"yuzo-img-wrap \" style=\"width: 125px;height:90px;\">\n\t\t\t\t\t\t\t\t\t\t\n\t\t\t\t\t\t\t\t\t\t<div class=\"yuzo-img\" style=\"background:url('https:\/\/redept.com.br\/blogosfera\/wp-content\/uploads\/2026\/03\/carioca_2-e1769442335771-150x150.jpg') 50% 50% no-repeat;width: 125px;height:90px;margin-bottom: 5px;background-size: cover; \"><\/div>\n\t\t\t\t\t\t\t\t\t  <\/div>\n\t\t\t\t\t\t\t\t\t  \n\t\t\t\t\t\t\t\t   <span class=\"yuzo__text--title\" style=\"font-size:13px;\">Confira resultados do campeonato carioca 2026<\/span>\n\t\t\t\t\t\t\t  \n\t\t\t\t\t\t\t  \n\t\t\t\t\t\t\t  <\/a>\n\n\t\t\t\t\t\t  <\/div>\n\t\t\t\t\t\t  <div class=\"relatedthumb \" style=\"width:125px;float:left;overflow:hidden;\">  \n\t\t\t\t\t\t\t  \n\t\t\t\t\t\t\t  <a  href=\"https:\/\/redept.com.br\/blogosfera\/a-reacao-do-congresso-a-ocupacao-sessoes-convocadas-e-suspensao-de-parlamentares-sao-definidas\/\"  >\n\t\t\t\t\t\t\t\t\t  <div class=\"yuzo-img-wrap \" style=\"width: 125px;height:90px;\">\n\t\t\t\t\t\t\t\t\t\t\n\t\t\t\t\t\t\t\t\t\t<div class=\"yuzo-img\" style=\"background:url('https:\/\/redept.org\/blogosfera\/wp-content\/plugins\/yuzo-related-post\/assets\/images\/default.png') 50% 50% no-repeat;width: 125px;height:90px;margin-bottom: 5px;background-size: cover; \"><\/div>\n\t\t\t\t\t\t\t\t\t  <\/div>\n\t\t\t\t\t\t\t\t\t  \n\t\t\t\t\t\t\t\t   <span class=\"yuzo__text--title\" style=\"font-size:13px;\">A rea\u00e7\u00e3o do Congresso \u00e0 ocupa\u00e7\u00e3o: sess\u00f5es convocad...<\/span>\n\t\t\t\t\t\t\t  \n\t\t\t\t\t\t\t  \n\t\t\t\t\t\t\t  <\/a>\n\n\t\t\t\t\t\t  <\/div>\n\t\t\t\t\t\t  <div class=\"relatedthumb \" style=\"width:125px;float:left;overflow:hidden;\">  \n\t\t\t\t\t\t\t  \n\t\t\t\t\t\t\t  <a  href=\"https:\/\/redept.com.br\/blogosfera\/enem-2025-isencao-da-taxa-comeca-nesta-segunda-14\/\"  >\n\t\t\t\t\t\t\t\t\t  <div class=\"yuzo-img-wrap \" style=\"width: 125px;height:90px;\">\n\t\t\t\t\t\t\t\t\t\t\n\t\t\t\t\t\t\t\t\t\t<div class=\"yuzo-img\" style=\"background:url('https:\/\/redept.org\/blogosfera\/wp-content\/plugins\/yuzo-related-post\/assets\/images\/default.png') 50% 50% no-repeat;width: 125px;height:90px;margin-bottom: 5px;background-size: cover; \"><\/div>\n\t\t\t\t\t\t\t\t\t  <\/div>\n\t\t\t\t\t\t\t\t\t  \n\t\t\t\t\t\t\t\t   <span class=\"yuzo__text--title\" style=\"font-size:13px;\">Enem 2025: isen\u00e7\u00e3o da taxa come\u00e7a nesta segunda (1...<\/span>\n\t\t\t\t\t\t\t  \n\t\t\t\t\t\t\t  \n\t\t\t\t\t\t\t  <\/a>\n\n\t\t\t\t\t\t  <\/div>\n\t\t\t\t\t\t  <div class=\"relatedthumb \" style=\"width:125px;float:left;overflow:hidden;\">  \n\t\t\t\t\t\t\t  \n\t\t\t\t\t\t\t  <a  href=\"https:\/\/redept.com.br\/blogosfera\/kim-jong-un-e-reeleito-no-ptc-para-consolidar-a-coreia-socialista\/\"  >\n\t\t\t\t\t\t\t\t\t  <div class=\"yuzo-img-wrap \" style=\"width: 125px;height:90px;\">\n\t\t\t\t\t\t\t\t\t\t\n\t\t\t\t\t\t\t\t\t\t<div class=\"yuzo-img\" style=\"background:url('https:\/\/redept.com.br\/blogosfera\/wp-content\/uploads\/2026\/02\/9h-cogresso-Kin-Jon-um-KCNA-150x150.png') 50% 50% no-repeat;width: 125px;height:90px;margin-bottom: 5px;background-size: cover; \"><\/div>\n\t\t\t\t\t\t\t\t\t  <\/div>\n\t\t\t\t\t\t\t\t\t  \n\t\t\t\t\t\t\t\t   <span class=\"yuzo__text--title\" style=\"font-size:13px;\">Kim Jong-un \u00e9 reeleito no PTC para consolidar a Co...<\/span>\n\t\t\t\t\t\t\t  \n\t\t\t\t\t\t\t  \n\t\t\t\t\t\t\t  <\/a>\n\n\t\t\t\t\t\t  <\/div>\n<\/div> <script>\n\t\t\t\t\t\t  jQuery(document).ready(function( $ ){\n\t\t\t\t\t\t\t\/\/jQuery('.yuzo_related_post').equalizer({ overflow : 'relatedthumb' });\n\t\t\t\t\t\t\tjQuery('.yuzo_related_post .yuzo_wraps').equalizer({ columns : '> div' });\n\t\t\t\t\t\t   })\n\t\t\t\t\t\t  <\/script> <!-- End Yuzo :) -->","protected":false},"excerpt":{"rendered":"<p>Um descarrilamento na Linha 4-Amarela do Metr\u00f4 de S\u00e3o Paulo causou p\u00e2nico e transtornos na manh\u00e3 desta ter\u00e7a-feira (9). Por volta das 9h59, um trem que partia da esta\u00e7\u00e3o Vila S\u00f4nia em dire\u00e7\u00e3o \u00e0 Luz saiu dos trilhos, rompendo sua estrutura e cruzando para a via oposta. Apesar de n\u00e3o haver feridos f\u00edsicos, o incidente [&hellip;]<\/p>\n","protected":false},"author":2,"featured_media":0,"comment_status":"open","ping_status":"closed","sticky":false,"template":"","format":"standard","meta":{"fifu_image_url":"","fifu_image_alt":"","footnotes":""},"categories":[489,94,2921],"tags":[],"class_list":["post-50881","post","type-post","status-publish","format-standard","hentry","category-destaque-pequeno","category-geral","category-transportes"],"_links":{"self":[{"href":"https:\/\/redept.com.br\/blogosfera\/wp-json\/wp\/v2\/posts\/50881","targetHints":{"allow":["GET"]}}],"collection":[{"href":"https:\/\/redept.com.br\/blogosfera\/wp-json\/wp\/v2\/posts"}],"about":[{"href":"https:\/\/redept.com.br\/blogosfera\/wp-json\/wp\/v2\/types\/post"}],"author":[{"embeddable":true,"href":"https:\/\/redept.com.br\/blogosfera\/wp-json\/wp\/v2\/users\/2"}],"replies":[{"embeddable":true,"href":"https:\/\/redept.com.br\/blogosfera\/wp-json\/wp\/v2\/comments?post=50881"}],"version-history":[{"count":0,"href":"https:\/\/redept.com.br\/blogosfera\/wp-json\/wp\/v2\/posts\/50881\/revisions"}],"wp:attachment":[{"href":"https:\/\/redept.com.br\/blogosfera\/wp-json\/wp\/v2\/media?parent=50881"}],"wp:term":[{"taxonomy":"category","embeddable":true,"href":"https:\/\/redept.com.br\/blogosfera\/wp-json\/wp\/v2\/categories?post=50881"},{"taxonomy":"post_tag","embeddable":true,"href":"https:\/\/redept.com.br\/blogosfera\/wp-json\/wp\/v2\/tags?post=50881"}],"curies":[{"name":"wp","href":"https:\/\/api.w.org\/{rel}","templated":true}]}}