{"id":51013,"date":"2025-09-10T09:52:08","date_gmt":"2025-09-10T12:52:08","guid":{"rendered":"https:\/\/redept.org\/blogosfera\/estudantes-protestam-contra-palestra-sobre-abusos-do-stf-dentro-da-ufpr-e-sao-reprimidos-pela-policia\/"},"modified":"2025-09-10T09:52:08","modified_gmt":"2025-09-10T12:52:08","slug":"estudantes-protestam-contra-palestra-sobre-abusos-do-stf-dentro-da-ufpr-e-sao-reprimidos-pela-policia","status":"publish","type":"post","link":"https:\/\/redept.com.br\/blogosfera\/estudantes-protestam-contra-palestra-sobre-abusos-do-stf-dentro-da-ufpr-e-sao-reprimidos-pela-policia\/","title":{"rendered":"Estudantes protestam contra palestra sobre \u201cabusos do STF\u201d dentro da UFPR e s\u00e3o reprimidos pela pol\u00edcia"},"content":{"rendered":"<p>Nesta ter\u00e7a-feira (09), mesmo dia em que ocorre o julgamento do ex-presidente Jair Bolsonaro no Supremo Tribunal Federal (STF), uma palestra sobre \u201cos abusos do STF\u201d estava marcada para acontecer no Sal\u00e3o Nobre da Faculdade de Direito da Universidade Federal do Paran\u00e1 (UFPR). O evento foi solicitado por uma professora do curso e teria a participa\u00e7\u00e3o do vereador de Curitiba Guilherme Kilter (Novo) e do advogado e bolsonarista Jeffrey Chiquini.<\/p>\n<p>No entanto, estudantes de diversas organiza\u00e7\u00f5es de esquerda realizaram um protesto dentro do pr\u00e9dio e impediram a realiza\u00e7\u00e3o da palestra. Durante o ato, a Pol\u00edcia Militar entrou no local e reprimiu os manifestantes com bombas de efeito moral, g\u00e1s lacrimog\u00eaneo e balas de borracha. Uma estudante foi atingida na perna e um estudante foi preso. Segundo a dire\u00e7\u00e3o da Faculdade de Direito, a PM n\u00e3o foi acionada pela institui\u00e7\u00e3o e a a\u00e7\u00e3o, considerada desproporcional, dever\u00e1 ser apurada.<\/p>\n<figure><img fetchpriority=\"high\" fetchpriority=\"high\" decoding=\"async\" width=\"867\" height=\"1024\"src=\"https:\/\/redept.org\/blogosfera\/wp-content\/uploads\/2025\/09\/WhatsApp-Image-2025-09-10-at-094308.jpeg\" alt=\"\" srcset=\"https:\/\/assets.brasildefato.com.br\/2025\/09\/WhatsApp-Image-2025-09-10-at-09.43.08-254x300.jpeg 254w, https:\/\/assets.brasildefato.com.br\/2025\/09\/WhatsApp-Image-2025-09-10-at-09.43.08-867x1024.jpeg 867w, https:\/\/assets.brasildefato.com.br\/2025\/09\/WhatsApp-Image-2025-09-10-at-09.43.08-768x907.jpeg 768w, https:\/\/assets.brasildefato.com.br\/2025\/09\/WhatsApp-Image-2025-09-10-at-09.43.08-750x885.jpeg 750w, https:\/\/redept.org\/blogosfera\/wp-content\/uploads\/2025\/09\/WhatsApp-Image-2025-09-10-at-094308.jpeg 1080w\" sizes=\"(max-width: 867px) 100vw, 867px\"><figcaption>Estudantes protestam contra a\u00e7\u00e3o violenta da PM. Foto: DCE UFPR<\/figcaption><\/figure>\n<p>Nas redes sociais, o Diret\u00f3rio Central dos Estudantes (DCE) da UFPR denunciou que os estudantes foram brutalmente atacados pela Pol\u00edcia Militar dentro da universidade. \u201cIsso n\u00e3o \u00e9 seguran\u00e7a p\u00fablica, \u00e9 viol\u00eancia de Estado e autoritarismo. A autonomia universit\u00e1ria e o direito \u00e0 manifesta\u00e7\u00e3o foram violados, e a democracia, afrontada\u201d, afirmou a entidade em nota publicada no Instagram. De acordo com representantes do DCE, a a\u00e7\u00e3o da PM foi desproporcional e resultou em diversos feridos. Entre eles, Ana Clara, estudante de Filosofia, que foi derrubada no ch\u00e3o pelos policiais.<\/p>\n<p>Em nota, a dire\u00e7\u00e3o da Faculdade de Direito afirmou que o evento j\u00e1 havia sido cancelado antes mesmo do in\u00edcio do protesto, e reiterou que a presen\u00e7a da PM no pr\u00e9dio foi indevida, pois n\u00e3o foi autorizada pela universidade.<\/p>\n<p>\u201cA Dire\u00e7\u00e3o da Faculdade de Direito da Universidade Federal do Paran\u00e1 informa que o evento previsto para ocorrer em 09\/09 no Sal\u00e3o Nobre foi cancelado pela organiza\u00e7\u00e3o minutos antes de sua realiza\u00e7\u00e3o. Mesmo ap\u00f3s o cancelamento e a orienta\u00e7\u00e3o expressa da Vice-Dire\u00e7\u00e3o para que n\u00e3o ingressassem no pr\u00e9dio, os palestrantes insistiram em adentrar o espa\u00e7o. A partir disso, intensificaram-se as manifesta\u00e7\u00f5es estudantis e, sem que houvessem sido acionadas institucionalmente, for\u00e7as de seguran\u00e7a p\u00fablica ingressaram no pr\u00e9dio hist\u00f3rico indevidamente e atuaram de forma desproporcional. A Faculdade de Direito da UFPR n\u00e3o compactua com nenhuma forma de viol\u00eancia. Reafirmamos nosso compromisso com a conviv\u00eancia democr\u00e1tica no ambiente universit\u00e1rio. Todas as responsabilidades ser\u00e3o apuradas devidamente\u201d, diz a nota.<\/p>\n<p>A reda\u00e7\u00e3o do Brasil de Fato Paran\u00e1 entrou em contato com as assessorias do vereador Guilherme Kilter (Novo) e do advogado Jeffrey Chiquini, mas n\u00e3o obteve retorno at\u00e9 o fechamento desta reportagem.<\/p>\n<h4>Vereadora se posicionam contra a\u00e7\u00e3o da PM <\/h4>\n<p>Vereadoras de Curitiba se posicionaram tamb\u00e9m considerando a a\u00e7\u00e3o da PM violenta e desproporcional. \u201cA entrada violenta e criminosa da PM dentro da UFPR para reprimir um ato leg\u00edtimo contra o golpismo da extrema-direita dentro da universidade \u00e9 inaceit\u00e1vel\u201d, disse a Professora Angela, vereadora pelo PSOL. J\u00e1 a vereadora do PDT, La\u00eds Le\u00e3o, disse que est\u00e1 acompanhando a situa\u00e7\u00e3o e considera grave o que ocorreu. \u201d \u00c9 grav\u00edssima a entrada de for\u00e7as policiais dentro da UFPR, institui\u00e7\u00e3o federal centen\u00e1ria, de hist\u00f3rico importante na luta democr\u00e1tica. Temos registros e estudantes feridos, sigo acompanhando de perto a situa\u00e7\u00e3o\u201d disse.<\/p>\n<p>E a vereadora do PSB, Camila Gonda, tamb\u00e9m lamentou o ocorrido.   \u201cLament\u00e1vel acompanhar as cenas brutais de viol\u00eancia contra estudantes da UFPR na noite desta ter\u00e7a-feira. Desde o in\u00edcio, muitos j\u00e1 alertavam sobre a infiltra\u00e7\u00e3o de figuras que buscam desestabilizar as manifesta\u00e7\u00f5es pac\u00edficas dos alunos. O que se viu foi um ato de repress\u00e3o inaceit\u00e1vel, com a presen\u00e7a de armas dentro da nossa universidade p\u00fablica,\u201d disse. <\/p>\n<p>Em suas redes sociais, a vereadora do PT, Vanda de Assis, disse que \u201c\u00e9 inaceit\u00e1vel que estudantes sejam agredidos e detidos por protestar. Exigimos a imediata liberta\u00e7\u00e3o de estudantes presos e o fim da repress\u00e3o contra quem defende a democracia,\u201d disse.<\/p>\n<p>Em nota a assessoria de comunica\u00e7\u00e3o da Pol\u00edcia Militar do Paran\u00e1 disse que no momento est\u00e3o apurando o que ocorreu na noite desta ter\u00e7a-feira.<\/p>\n<\/p>\n<p>O post <a href=\"https:\/\/www.brasildefato.com.br\/2025\/09\/10\/estudantes-protestam-contra-palestra-sobre-abusos-do-stf-dentro-da-ufpr-e-sao-reprimidos-pela-policia\/\">Estudantes protestam contra palestra sobre \u201cabusos do STF\u201d dentro da UFPR e s\u00e3o reprimidos pela pol\u00edcia<\/a> apareceu primeiro em <a href=\"https:\/\/www.brasildefato.com.br\/\">Brasil de Fato<\/a>.<\/p>\n<!-- Begin Yuzo --><div class='yuzo_related_post style-1'  data-version='5.12.89'><!-- without result --><div class='yuzo_clearfixed yuzo__title yuzo__title'><h3>Related Post<\/h3><\/div>\n\t\t\t\t\t\t  <div class=\"relatedthumb \" style=\"width:125px;float:left;overflow:hidden;\">  \n\t\t\t\t\t\t\t  \n\t\t\t\t\t\t\t  <a  href=\"https:\/\/redept.com.br\/blogosfera\/xi-jinping-manifesta-apoio-a-soberania-do-brasil-em-telefonema-com-lula\/\"  >\n\t\t\t\t\t\t\t\t\t  <div class=\"yuzo-img-wrap \" style=\"width: 125px;height:90px;\">\n\t\t\t\t\t\t\t\t\t\t\n\t\t\t\t\t\t\t\t\t\t<div class=\"yuzo-img\" style=\"background:url('https:\/\/redept.com.br\/blogosfera\/wp-content\/uploads\/2025\/08\/Lula-e-Xi-150x150.webp') 50% 50% no-repeat;width: 125px;height:90px;margin-bottom: 5px;background-size: cover; \"><\/div>\n\t\t\t\t\t\t\t\t\t  <\/div>\n\t\t\t\t\t\t\t\t\t  \n\t\t\t\t\t\t\t\t   <span class=\"yuzo__text--title\" style=\"font-size:13px;\">Xi Jinping manifesta apoio \u00e0 soberania do Brasil e...<\/span>\n\t\t\t\t\t\t\t  \n\t\t\t\t\t\t\t  \n\t\t\t\t\t\t\t  <\/a>\n\n\t\t\t\t\t\t  <\/div>\n\t\t\t\t\t\t  <div class=\"relatedthumb \" style=\"width:125px;float:left;overflow:hidden;\">  \n\t\t\t\t\t\t\t  \n\t\t\t\t\t\t\t  <a  href=\"https:\/\/redept.com.br\/blogosfera\/silvinei-vasques-tentou-se-passar-por-julio-eduardo-e-portava-declaracao-falsa-de-tratamento-de-cancer-em-el-salvador-alem-de-um-pitbull\/\"  >\n\t\t\t\t\t\t\t\t\t  <div class=\"yuzo-img-wrap \" style=\"width: 125px;height:90px;\">\n\t\t\t\t\t\t\t\t\t\t\n\t\t\t\t\t\t\t\t\t\t<div class=\"yuzo-img\" style=\"background:url('https:\/\/redept.org\/blogosfera\/wp-content\/plugins\/yuzo-related-post\/assets\/images\/default.png') 50% 50% no-repeat;width: 125px;height:90px;margin-bottom: 5px;background-size: cover; \"><\/div>\n\t\t\t\t\t\t\t\t\t  <\/div>\n\t\t\t\t\t\t\t\t\t  \n\t\t\t\t\t\t\t\t   <span class=\"yuzo__text--title\" style=\"font-size:13px;\">Silvinei Vasques tentou se passar por \u201cJulio Eduar...<\/span>\n\t\t\t\t\t\t\t  \n\t\t\t\t\t\t\t  \n\t\t\t\t\t\t\t  <\/a>\n\n\t\t\t\t\t\t  <\/div>\n\t\t\t\t\t\t  <div class=\"relatedthumb \" style=\"width:125px;float:left;overflow:hidden;\">  \n\t\t\t\t\t\t\t  \n\t\t\t\t\t\t\t  <a  href=\"https:\/\/redept.com.br\/blogosfera\/crise-orcamentaria-na-educacao-expoe-contradicoes-do-governo-lula\/\"  >\n\t\t\t\t\t\t\t\t\t  <div class=\"yuzo-img-wrap \" style=\"width: 125px;height:90px;\">\n\t\t\t\t\t\t\t\t\t\t\n\t\t\t\t\t\t\t\t\t\t<div class=\"yuzo-img\" style=\"background:url('https:\/\/redept.com.br\/blogosfera\/wp-content\/uploads\/2025\/06\/54416653828_8d1fd2c777_k-150x150.jpg') 50% 50% no-repeat;width: 125px;height:90px;margin-bottom: 5px;background-size: cover; \"><\/div>\n\t\t\t\t\t\t\t\t\t  <\/div>\n\t\t\t\t\t\t\t\t\t  \n\t\t\t\t\t\t\t\t   <span class=\"yuzo__text--title\" style=\"font-size:13px;\">Crise or\u00e7ament\u00e1ria na educa\u00e7\u00e3o exp\u00f5e contradi\u00e7\u00f5es ...<\/span>\n\t\t\t\t\t\t\t  \n\t\t\t\t\t\t\t  \n\t\t\t\t\t\t\t  <\/a>\n\n\t\t\t\t\t\t  <\/div>\n\t\t\t\t\t\t  <div class=\"relatedthumb \" style=\"width:125px;float:left;overflow:hidden;\">  \n\t\t\t\t\t\t\t  \n\t\t\t\t\t\t\t  <a  href=\"https:\/\/redept.com.br\/blogosfera\/em-meio-a-criticas-camara-de-bh-aprova-projeto-para-transformar-praca-sete-na-times-square\/\"  >\n\t\t\t\t\t\t\t\t\t  <div class=\"yuzo-img-wrap \" style=\"width: 125px;height:90px;\">\n\t\t\t\t\t\t\t\t\t\t\n\t\t\t\t\t\t\t\t\t\t<div class=\"yuzo-img\" style=\"background:url('https:\/\/redept.org\/blogosfera\/wp-content\/plugins\/yuzo-related-post\/assets\/images\/default.png') 50% 50% no-repeat;width: 125px;height:90px;margin-bottom: 5px;background-size: cover; \"><\/div>\n\t\t\t\t\t\t\t\t\t  <\/div>\n\t\t\t\t\t\t\t\t\t  \n\t\t\t\t\t\t\t\t   <span class=\"yuzo__text--title\" style=\"font-size:13px;\">Em meio a cr\u00edticas, C\u00e2mara de BH aprova projeto pa...<\/span>\n\t\t\t\t\t\t\t  \n\t\t\t\t\t\t\t  \n\t\t\t\t\t\t\t  <\/a>\n\n\t\t\t\t\t\t  <\/div>\n<\/div> <script>\n\t\t\t\t\t\t  jQuery(document).ready(function( $ ){\n\t\t\t\t\t\t\t\/\/jQuery('.yuzo_related_post').equalizer({ overflow : 'relatedthumb' });\n\t\t\t\t\t\t\tjQuery('.yuzo_related_post .yuzo_wraps').equalizer({ columns : '> div' });\n\t\t\t\t\t\t   })\n\t\t\t\t\t\t  <\/script> <!-- End Yuzo :) -->","protected":false},"excerpt":{"rendered":"<p>Nesta ter\u00e7a-feira (09), mesmo dia em que ocorre o julgamento do ex-presidente Jair Bolsonaro no Supremo Tribunal Federal (STF), uma palestra sobre \u201cos abusos do STF\u201d estava marcada para acontecer no Sal\u00e3o Nobre da Faculdade de Direito da Universidade Federal do Paran\u00e1 (UFPR). O evento foi solicitado por uma professora do curso e teria a [&hellip;]<\/p>\n","protected":false},"author":2,"featured_media":0,"comment_status":"open","ping_status":"closed","sticky":false,"template":"","format":"standard","meta":{"fifu_image_url":"","fifu_image_alt":"","footnotes":""},"categories":[18878,132,189,18879],"tags":[],"class_list":["post-51013","post","type-post","status-publish","format-standard","hentry","category-policiamilitar","category-politica","category-protesto","category-ufpr"],"_links":{"self":[{"href":"https:\/\/redept.com.br\/blogosfera\/wp-json\/wp\/v2\/posts\/51013","targetHints":{"allow":["GET"]}}],"collection":[{"href":"https:\/\/redept.com.br\/blogosfera\/wp-json\/wp\/v2\/posts"}],"about":[{"href":"https:\/\/redept.com.br\/blogosfera\/wp-json\/wp\/v2\/types\/post"}],"author":[{"embeddable":true,"href":"https:\/\/redept.com.br\/blogosfera\/wp-json\/wp\/v2\/users\/2"}],"replies":[{"embeddable":true,"href":"https:\/\/redept.com.br\/blogosfera\/wp-json\/wp\/v2\/comments?post=51013"}],"version-history":[{"count":0,"href":"https:\/\/redept.com.br\/blogosfera\/wp-json\/wp\/v2\/posts\/51013\/revisions"}],"wp:attachment":[{"href":"https:\/\/redept.com.br\/blogosfera\/wp-json\/wp\/v2\/media?parent=51013"}],"wp:term":[{"taxonomy":"category","embeddable":true,"href":"https:\/\/redept.com.br\/blogosfera\/wp-json\/wp\/v2\/categories?post=51013"},{"taxonomy":"post_tag","embeddable":true,"href":"https:\/\/redept.com.br\/blogosfera\/wp-json\/wp\/v2\/tags?post=51013"}],"curies":[{"name":"wp","href":"https:\/\/api.w.org\/{rel}","templated":true}]}}