{"id":51110,"date":"2025-09-10T14:43:12","date_gmt":"2025-09-10T17:43:12","guid":{"rendered":"https:\/\/redept.org\/blogosfera\/justica-responsabiliza-ex-militares-por-tortura-e-desaparecimento-na-casa-da-morte\/"},"modified":"2025-09-10T14:43:12","modified_gmt":"2025-09-10T17:43:12","slug":"justica-responsabiliza-ex-militares-por-tortura-e-desaparecimento-na-casa-da-morte","status":"publish","type":"post","link":"https:\/\/redept.com.br\/blogosfera\/justica-responsabiliza-ex-militares-por-tortura-e-desaparecimento-na-casa-da-morte\/","title":{"rendered":"Justi\u00e7a responsabiliza ex-militares por tortura e desaparecimento na \u2018Casa da Morte\u2019"},"content":{"rendered":"<p><img fetchpriority=\"high\" width=\"1024\" height=\"679\"src=\"https:\/\/redept.org\/blogosfera\/wp-content\/uploads\/2025\/09\/Captura-de-Tela-2025-09-10-as-143525.png\" alt=\"\" decoding=\"async\" srcset=\"https:\/\/vermelho.org.br\/wp-content\/uploads\/2025\/09\/Captura-de-Tela-2025-09-10-as-14.35.25-1024x679.png 1024w, https:\/\/vermelho.org.br\/wp-content\/uploads\/2025\/09\/Captura-de-Tela-2025-09-10-as-14.35.25-300x199.png 300w, https:\/\/vermelho.org.br\/wp-content\/uploads\/2025\/09\/Captura-de-Tela-2025-09-10-as-14.35.25-768x509.png 768w, https:\/\/vermelho.org.br\/wp-content\/uploads\/2025\/09\/Captura-de-Tela-2025-09-10-as-14.35.25-1536x1019.png 1536w, https:\/\/redept.org\/blogosfera\/wp-content\/uploads\/2025\/09\/Captura-de-Tela-2025-09-10-as-143525.png 1842w\" sizes=\"(max-width: 1024px) 100vw, 1024px\"><\/p>\n<p>A 1\u00aa Vara Federal de Petr\u00f3polis (RJ) condenou os ex-militares Rubens Gomes Carneiro e Antonio Waneir Pinheiro Lima, do Centro de Informa\u00e7\u00f5es do Ex\u00e9rcito (CIE), pela pris\u00e3o ilegal, tortura e desaparecimento do advogado e dirigente da Alian\u00e7a Libertadora Nacional (ALN) Paulo de Tarso Celestino da Silva, em 1971.<\/p>\n<p>Na senten\u00e7a, publicada no dia 1\u00ba de setembro, o juiz federal substituto Reili de Oliveira Sampaio afirmou que os r\u00e9us tiveram \u201cresponsabilidade pessoal\u201d nas viola\u00e7\u00f5es cometidas na \u201cCasa da Morte\u201d, aparelho clandestino da ditadura em Petr\u00f3polis.<\/p>\n<p><strong>Crimes imprescrit\u00edveis<\/strong><\/p>\n<p>O magistrado rejeitou a tese da prescri\u00e7\u00e3o e tamb\u00e9m o enquadramento na Lei da Anistia, argumentando que sequestro, tortura e desaparecimento for\u00e7ado, praticados de forma sistem\u00e1tica contra a popula\u00e7\u00e3o civil, configuram crimes contra a humanidade.<\/p>\n<blockquote>\n<p>\u201cO Direito Internacional estabelece a imprescritibilidade desses delitos e a impossibilidade de concess\u00e3o de anistia\u201d, destacou Sampaio.<\/p>\n<p><strong>Repara\u00e7\u00e3o e pedido de desculpas<\/strong><\/p>\n<\/blockquote>\n<p>Os dois condenados dever\u00e3o ressarcir solidariamente \u00e0 Uni\u00e3o cerca de R$ 111 mil, valor pago \u00e0 fam\u00edlia de Paulo de Tarso em 1996, atualizado monetariamente. Tamb\u00e9m ter\u00e3o de arcar com indeniza\u00e7\u00e3o por danos morais coletivos, a ser revertida ao Fundo de Direitos Difusos.<\/p>\n<p>Para garantir os pagamentos, o juiz determinou o bloqueio de R$ 100 mil dos bens de cada r\u00e9u.<br \/>A Uni\u00e3o foi obrigada a apresentar um pedido formal de desculpas \u00e0 popula\u00e7\u00e3o brasileira, com men\u00e7\u00e3o expressa ao caso de Paulo de Tarso. A mensagem dever\u00e1 ser feita pela chefia de governo e divulgada em jornais de grande circula\u00e7\u00e3o, redes sociais e sites oficiais.<\/p>\n<p><strong>A Casa da Morte<\/strong><\/p>\n<p>Paulo de Tarso, capturado em julho de 1971 por agentes do DOI-CODI no Rio de Janeiro, foi levado \u00e0 \u201cCasa da Morte\u201d, em Petr\u00f3polis, \u00faltimo local onde foi visto com vida.<\/p>\n<p>A den\u00fancia s\u00f3 foi poss\u00edvel gra\u00e7as ao depoimento da militante In\u00eas Etienne Romeu, \u00fanica sobrevivente do centro clandestino, que relatou as torturas sofridas por Paulo: choques el\u00e9tricos, espancamentos, ingest\u00e3o for\u00e7ada de sal e priva\u00e7\u00e3o de \u00e1gua. Ap\u00f3s dois dias de tormento, ele foi retirado do im\u00f3vel e nunca mais foi encontrado.<\/p>\n<p><strong>Direito \u00e0 mem\u00f3ria e \u00e0 verdade<\/strong><\/p>\n<p>Al\u00e9m das indeniza\u00e7\u00f5es, a decis\u00e3o obriga a Uni\u00e3o a revelar os nomes de todas as v\u00edtimas e agentes que atuaram na Casa da Morte. Determina ainda que os documentos do processo sejam destinados ao memorial do local, para fins acad\u00eamicos e culturais.<\/p>\n<p>Para a procuradora da Rep\u00fablica Vanessa Seguezzi, autora da a\u00e7\u00e3o, a senten\u00e7a tem car\u00e1ter pedag\u00f3gico:<\/p>\n<blockquote>\n<p>\u201cEla n\u00e3o apenas pune os respons\u00e1veis, mas reafirma o compromisso do Estado brasileiro com a mem\u00f3ria, a verdade e a repara\u00e7\u00e3o. \u00c9 um passo fundamental para que crimes dessa gravidade jamais se repitam.\u201d<\/p>\n<p><strong>Mais de 50 anos sem respostas<\/strong><\/p>\n<\/blockquote>\n<p>Passados 53 anos do desaparecimento, a fam\u00edlia de Paulo de Tarso ainda n\u00e3o teve o direito de enterrar seu corpo. Os r\u00e9us, hoje idosos e reformados do Ex\u00e9rcito, vivem em liberdade. J\u00e1 a mem\u00f3ria do militante segue como s\u00edmbolo de resist\u00eancia.<\/p>\n<p>Nascido em Morrinhos (GO), Paulo de Tarso concluiu o curso de Humanidades no Col\u00e9gio Universit\u00e1rio da Universidade Federal de Goi\u00e1s (UFG) em 1962. Sete anos depois, aos 23 anos, finalizou o curso de Direito na Universidade de Bras\u00edlia (UnB). Foi presidente de Federa\u00e7\u00e3o dos Estudantes Universit\u00e1rios de Bras\u00edlia (FEUB). Advogou em Goi\u00e2nia, chegando a fazer sustenta\u00e7\u00e3o oral no Supremo Tribunal Federal (STF). Em 1968 fez p\u00f3s-gradua\u00e7\u00e3o na Sorbonne, na Fran\u00e7a. <\/p>\n<p>Paulo de Tarso foi militante da A\u00e7\u00e3o Libertadora Nacional (ALN), tornando-se um dos principais nomes da organiza\u00e7\u00e3o ap\u00f3s a morte do l\u00edder Joaquim C\u00e2mara Ferreira. Entre julho de 1969 e janeiro de 1970, fez curso de guerrilha em Cuba. Retornou ao Brasil em mar\u00e7o de 1971. Ainda neste m\u00eas, foi julgado e condenado \u00e0 revelia \u00e0 pena de dois anos e seis meses de reclus\u00e3o. <\/p>\n<p>Desapareceu aos 27 anos de idade, no dia 12 de julho de 1971, quando foi preso, junto com Heleny Ferreira Telles Guariba, no Rio de Janeiro (RJ), por agentes do Destacamento de Opera\u00e7\u00f5es de Informa\u00e7\u00f5es \u2013 Centro de Opera\u00e7\u00f5es de Defesa Interna (DOI-CODI).\u00a0<\/p>\n<p>No relat\u00f3rio que produziu, em 18 de setembro de 1971, sobre sua pris\u00e3o no centro clandestino mantido pelo Centro de Intelig\u00eancia do Ex\u00e9rcito em Petr\u00f3polis, a chamada \u201cCasa da Morte\u201d, In\u00eas \u00a0Etienne Romeu aponta uma s\u00e9rie de mortes e desaparecimentos que presenciou durante os mais de noventa dias que permaneceu incomunic\u00e1vel naquele \u201caparelho\u201d. Dentre esses casos, relata um, ocorrido em julho de 1971, envolvendo Walter Ribeiro Novaes, Paulo de Tarso e uma mo\u00e7a, que acredita ser Heleny. <\/p>\n<p>Em rela\u00e7\u00e3o ao primeiro, um dos carcereiros do local, de nome \u201cM\u00e1rcio\u201d, disse-lhe que havia sido executado. O segundo, Paulo de Tarso, foi torturado por quarenta e oito horas, colocado no pau de arara e obrigado a comer uma grande quantidade de sal, tendo suplicado \u00e1gua durante horas. Em longa reportagem dada \u00e0 revista Veja, o sargento Marival Chaves Dias do Canto, ex-agente do DOI-CODI\/SP, relatou ter ouvido de agentes que estiveram na Casa da Morte que os corpos dos presos pol\u00edticos executados naquele centro clandestino eram esquartejados, para dificultar a eventual identifica\u00e7\u00e3o dos restos mortais.\u00a0<\/p>\n<p>O post <a href=\"https:\/\/vermelho.org.br\/2025\/09\/10\/justica-responsabiliza-ex-militares-por-tortura-e-desaparecimento-na-casa-da-morte\/\">Justi\u00e7a responsabiliza ex-militares por tortura e desaparecimento na \u2018Casa da Morte\u2019<\/a> apareceu primeiro em <a href=\"https:\/\/vermelho.org.br\/\">Vermelho<\/a>.<\/p>\n<!-- Begin Yuzo --><div class='yuzo_related_post style-1'  data-version='5.12.89'><!-- without result --><div class='yuzo_clearfixed yuzo__title yuzo__title'><h3>Related Post<\/h3><\/div>\n\t\t\t\t\t\t  <div class=\"relatedthumb \" style=\"width:125px;float:left;overflow:hidden;\">  \n\t\t\t\t\t\t\t  \n\t\t\t\t\t\t\t  <a  href=\"https:\/\/redept.com.br\/blogosfera\/povos-indigenas-cobram-defesa-dos-rios-e-participacao-sobre-o-futuro-da-amazonia-em-ato-em-brasilia\/\"  >\n\t\t\t\t\t\t\t\t\t  <div class=\"yuzo-img-wrap \" style=\"width: 125px;height:90px;\">\n\t\t\t\t\t\t\t\t\t\t\n\t\t\t\t\t\t\t\t\t\t<div class=\"yuzo-img\" style=\"background:url('https:\/\/redept.org\/blogosfera\/wp-content\/plugins\/yuzo-related-post\/assets\/images\/default.png') 50% 50% no-repeat;width: 125px;height:90px;margin-bottom: 5px;background-size: cover; \"><\/div>\n\t\t\t\t\t\t\t\t\t  <\/div>\n\t\t\t\t\t\t\t\t\t  \n\t\t\t\t\t\t\t\t   <span class=\"yuzo__text--title\" style=\"font-size:13px;\">Povos ind\u00edgenas cobram defesa dos rios e participa...<\/span>\n\t\t\t\t\t\t\t  \n\t\t\t\t\t\t\t  \n\t\t\t\t\t\t\t  <\/a>\n\n\t\t\t\t\t\t  <\/div>\n\t\t\t\t\t\t  <div class=\"relatedthumb \" style=\"width:125px;float:left;overflow:hidden;\">  \n\t\t\t\t\t\t\t  \n\t\t\t\t\t\t\t  <a  href=\"https:\/\/redept.com.br\/blogosfera\/trump-e-musk-vao-fechar-a-usaid-principal-agencia-humanitaria-dos-eua\/\"  >\n\t\t\t\t\t\t\t\t\t  <div class=\"yuzo-img-wrap \" style=\"width: 125px;height:90px;\">\n\t\t\t\t\t\t\t\t\t\t\n\t\t\t\t\t\t\t\t\t\t<div class=\"yuzo-img\" style=\"background:url('https:\/\/redept.com.br\/blogosfera\/wp-content\/uploads\/2025\/02\/USAID-150x150.jpg') 50% 50% no-repeat;width: 125px;height:90px;margin-bottom: 5px;background-size: cover; \"><\/div>\n\t\t\t\t\t\t\t\t\t  <\/div>\n\t\t\t\t\t\t\t\t\t  \n\t\t\t\t\t\t\t\t   <span class=\"yuzo__text--title\" style=\"font-size:13px;\">Trump e Musk v\u00e3o fechar a Usaid, principal ag\u00eancia...<\/span>\n\t\t\t\t\t\t\t  \n\t\t\t\t\t\t\t  \n\t\t\t\t\t\t\t  <\/a>\n\n\t\t\t\t\t\t  <\/div>\n\t\t\t\t\t\t  <div class=\"relatedthumb \" style=\"width:125px;float:left;overflow:hidden;\">  \n\t\t\t\t\t\t\t  \n\t\t\t\t\t\t\t  <a  href=\"https:\/\/redept.com.br\/blogosfera\/novo-presidente-do-libano-e-eleito-promete-nova-fase-e-remover-ocupacao-de-israel\/\"  >\n\t\t\t\t\t\t\t\t\t  <div class=\"yuzo-img-wrap \" style=\"width: 125px;height:90px;\">\n\t\t\t\t\t\t\t\t\t\t\n\t\t\t\t\t\t\t\t\t\t<div class=\"yuzo-img\" style=\"background:url('https:\/\/redept.org\/blogosfera\/wp-content\/plugins\/yuzo-related-post\/assets\/images\/default.png') 50% 50% no-repeat;width: 125px;height:90px;margin-bottom: 5px;background-size: cover; \"><\/div>\n\t\t\t\t\t\t\t\t\t  <\/div>\n\t\t\t\t\t\t\t\t\t  \n\t\t\t\t\t\t\t\t   <span class=\"yuzo__text--title\" style=\"font-size:13px;\">Novo presidente do L\u00edbano \u00e9 eleito, promete &#8216...<\/span>\n\t\t\t\t\t\t\t  \n\t\t\t\t\t\t\t  \n\t\t\t\t\t\t\t  <\/a>\n\n\t\t\t\t\t\t  <\/div>\n\t\t\t\t\t\t  <div class=\"relatedthumb \" style=\"width:125px;float:left;overflow:hidden;\">  \n\t\t\t\t\t\t\t  \n\t\t\t\t\t\t\t  <a  href=\"https:\/\/redept.com.br\/blogosfera\/dispensa-de-carencia-em-beneficios-do-inss-para-pacientes-com-lupus-e-epilepsia-avanca\/\"  >\n\t\t\t\t\t\t\t\t\t  <div class=\"yuzo-img-wrap \" style=\"width: 125px;height:90px;\">\n\t\t\t\t\t\t\t\t\t\t\n\t\t\t\t\t\t\t\t\t\t<div class=\"yuzo-img\" style=\"background:url('https:\/\/redept.org\/blogosfera\/wp-content\/plugins\/yuzo-related-post\/assets\/images\/default.png') 50% 50% no-repeat;width: 125px;height:90px;margin-bottom: 5px;background-size: cover; \"><\/div>\n\t\t\t\t\t\t\t\t\t  <\/div>\n\t\t\t\t\t\t\t\t\t  \n\t\t\t\t\t\t\t\t   <span class=\"yuzo__text--title\" style=\"font-size:13px;\">Dispensa de car\u00eancia em benef\u00edcios do INSS para pa...<\/span>\n\t\t\t\t\t\t\t  \n\t\t\t\t\t\t\t  \n\t\t\t\t\t\t\t  <\/a>\n\n\t\t\t\t\t\t  <\/div>\n<\/div> <script>\n\t\t\t\t\t\t  jQuery(document).ready(function( $ ){\n\t\t\t\t\t\t\t\/\/jQuery('.yuzo_related_post').equalizer({ overflow : 'relatedthumb' });\n\t\t\t\t\t\t\tjQuery('.yuzo_related_post .yuzo_wraps').equalizer({ columns : '> div' });\n\t\t\t\t\t\t   })\n\t\t\t\t\t\t  <\/script> <!-- End Yuzo :) -->","protected":false},"excerpt":{"rendered":"<p>A 1\u00aa Vara Federal de Petr\u00f3polis (RJ) condenou os ex-militares Rubens Gomes Carneiro e Antonio Waneir Pinheiro Lima, do Centro de Informa\u00e7\u00f5es do Ex\u00e9rcito (CIE), pela pris\u00e3o ilegal, tortura e desaparecimento do advogado e dirigente da Alian\u00e7a Libertadora Nacional (ALN) Paulo de Tarso Celestino da Silva, em 1971. Na senten\u00e7a, publicada no dia 1\u00ba de [&hellip;]<\/p>\n","protected":false},"author":2,"featured_media":0,"comment_status":"open","ping_status":"closed","sticky":false,"template":"","format":"standard","meta":{"fifu_image_url":"","fifu_image_alt":"","footnotes":""},"categories":[5373,307,544,288,1666,6734,2110],"tags":[],"class_list":["post-51110","post","type-post","status-publish","format-standard","hentry","category-casa-da-morte","category-direitos-humanos","category-ditadura-militar","category-justica","category-memoria","category-reparacao","category-tortura"],"_links":{"self":[{"href":"https:\/\/redept.com.br\/blogosfera\/wp-json\/wp\/v2\/posts\/51110","targetHints":{"allow":["GET"]}}],"collection":[{"href":"https:\/\/redept.com.br\/blogosfera\/wp-json\/wp\/v2\/posts"}],"about":[{"href":"https:\/\/redept.com.br\/blogosfera\/wp-json\/wp\/v2\/types\/post"}],"author":[{"embeddable":true,"href":"https:\/\/redept.com.br\/blogosfera\/wp-json\/wp\/v2\/users\/2"}],"replies":[{"embeddable":true,"href":"https:\/\/redept.com.br\/blogosfera\/wp-json\/wp\/v2\/comments?post=51110"}],"version-history":[{"count":0,"href":"https:\/\/redept.com.br\/blogosfera\/wp-json\/wp\/v2\/posts\/51110\/revisions"}],"wp:attachment":[{"href":"https:\/\/redept.com.br\/blogosfera\/wp-json\/wp\/v2\/media?parent=51110"}],"wp:term":[{"taxonomy":"category","embeddable":true,"href":"https:\/\/redept.com.br\/blogosfera\/wp-json\/wp\/v2\/categories?post=51110"},{"taxonomy":"post_tag","embeddable":true,"href":"https:\/\/redept.com.br\/blogosfera\/wp-json\/wp\/v2\/tags?post=51110"}],"curies":[{"name":"wp","href":"https:\/\/api.w.org\/{rel}","templated":true}]}}