{"id":51308,"date":"2025-09-11T10:41:24","date_gmt":"2025-09-11T13:41:24","guid":{"rendered":"https:\/\/redept.org\/blogosfera\/eua-retiram-tarifa-de-10-sobre-celulose-brasileira-apos-decreto-de-trump\/"},"modified":"2025-09-11T10:41:24","modified_gmt":"2025-09-11T13:41:24","slug":"eua-retiram-tarifa-de-10-sobre-celulose-brasileira-apos-decreto-de-trump","status":"publish","type":"post","link":"https:\/\/redept.com.br\/blogosfera\/eua-retiram-tarifa-de-10-sobre-celulose-brasileira-apos-decreto-de-trump\/","title":{"rendered":"EUA retiram tarifa de 10% sobre celulose brasileira ap\u00f3s decreto de Trump"},"content":{"rendered":"<p><img fetchpriority=\"high\" width=\"768\" height=\"512\"src=\"https:\/\/redept.org\/blogosfera\/wp-content\/uploads\/2025\/09\/175754489368c201bdf0140_1757544893_3x2_md.jpg\" alt=\"\" decoding=\"async\" srcset=\"https:\/\/redept.org\/blogosfera\/wp-content\/uploads\/2025\/09\/175754489368c201bdf0140_1757544893_3x2_md.jpg 768w, https:\/\/vermelho.org.br\/wp-content\/uploads\/2025\/09\/175754489368c201bdf0140_1757544893_3x2_md-300x200.jpg 300w, https:\/\/vermelho.org.br\/wp-content\/uploads\/2025\/09\/175754489368c201bdf0140_1757544893_3x2_md-272x182.jpg 272w\" sizes=\"(max-width: 768px) 100vw, 768px\"><\/p>\n<p>O governo dos Estados Unidos recuou parcialmente em sua pol\u00edtica tarif\u00e1ria e retirou a cobran\u00e7a de 10% sobre a celulose importada do Brasil. A decis\u00e3o, publicada em ordem executiva na sexta-feira (5), \u00e9 resultado da press\u00e3o de clientes e fornecedores norte-americanos que dependem do insumo para a produ\u00e7\u00e3o de papel, fraldas e absorventes.<\/p>\n<p>A celulose j\u00e1 havia sido exclu\u00edda da sobretaxa adicional de 40% em vigor desde agosto. Com o novo decreto, tamb\u00e9m ficar\u00e1 fora da chamada tarifa rec\u00edproca de 10%, criada em abril como parte do tarifa\u00e7o de Donald Trump contra aliados e rivais.\u00a0<\/p>\n<p>A medida atinge tr\u00eas c\u00f3digos tarif\u00e1rios (categorias de celulose) do com\u00e9rcio exterior, que respondem por 90% das exporta\u00e7\u00f5es brasileiras do produto aos EUA.<\/p>\n<p>Em 2024, o Brasil exportou 2,8 milh\u00f5es de toneladas de celulose para os EUA, cerca de 15% de suas vendas externas no setor. O pa\u00eds \u00e9 o maior fornecedor mundial, com destaque para a celulose de fibra curta, utilizada na produ\u00e7\u00e3o de papel branco e na ind\u00fastria de higiene.<\/p>\n<p>Apesar da retirada da tarifa, outros segmentos seguem afetados. Pap\u00e9is em geral e pain\u00e9is de madeira continuam submetidos a al\u00edquotas de 50%. Entre janeiro e maio, as exporta\u00e7\u00f5es brasileiras para os EUA ca\u00edram 15,2% em valor e 8,5% em volume, reflexo das barreiras comerciais impostas pelo governo Trump.<\/p>\n<p>A retirada da tarifa ocorre ap\u00f3s meses de press\u00e3o diplom\u00e1tica brasileira. O Itamaraty vinha apresentando em f\u00f3runs multilaterais e em contatos bilaterais o argumento de que o tarifa\u00e7o de Trump feria princ\u00edpios b\u00e1sicos do com\u00e9rcio internacional e penalizava setores em que o Brasil \u00e9 fornecedor estrat\u00e9gico.\u00a0<\/p>\n<p>Essa linha de atua\u00e7\u00e3o foi acompanhada pela defesa p\u00fablica do presidente Luiz In\u00e1cio Lula da Silva da soberania nacional frente \u00e0s medidas unilaterais norte-americanas.<\/p>\n<p>O recuo da Casa Branca tamb\u00e9m exp\u00f5e a contradi\u00e7\u00e3o da pol\u00edtica tarif\u00e1ria de Trump. <\/p>\n<p>Ao mesmo tempo em que amplia barreiras contra pa\u00edses em desenvolvimento e at\u00e9 contra aliados estrat\u00e9gicos, o governo dos EUA \u00e9 for\u00e7ado a abrir exce\u00e7\u00f5es quando seus pr\u00f3prios setores produtivos ficam em risco.\u00a0<\/p>\n<p>No caso da celulose, a depend\u00eancia da ind\u00fastria norte-americana de insumos importados deixou claro que o protecionismo era insustent\u00e1vel.<\/p>\n<p>Ainda que a decis\u00e3o alivie parte das perdas recentes, o cen\u00e1rio segue adverso. Produtos como pap\u00e9is e pain\u00e9is de madeira continuam submetidos a tarifas de 50%, e as estat\u00edsticas comerciais mostram que o efeito do tarifa\u00e7o sobre a corrente de com\u00e9rcio permanece negativo.\u00a0<\/p>\n<p>Para o Brasil, a disputa refor\u00e7a a necessidade de diversifica\u00e7\u00e3o de mercados e da defesa de regras multilaterais, numa conjuntura em que os Estados Unidos utilizam barreiras como instrumento de press\u00e3o pol\u00edtica.<\/p>\n<p>O post <a href=\"https:\/\/vermelho.org.br\/2025\/09\/11\/eua-retiram-tarifa-de-10-sobre-celulose-brasileira-apos-decreto-de-trump\/\">EUA retiram tarifa de 10% sobre celulose brasileira ap\u00f3s decreto de Trump<\/a> apareceu primeiro em <a href=\"https:\/\/vermelho.org.br\/\">Vermelho<\/a>.<\/p>\n<!-- Begin Yuzo --><div class='yuzo_related_post style-1'  data-version='5.12.89'><!-- without result --><div class='yuzo_clearfixed yuzo__title yuzo__title'><h3>Related Post<\/h3><\/div>\n\t\t\t\t\t\t  <div class=\"relatedthumb \" style=\"width:125px;float:left;overflow:hidden;\">  \n\t\t\t\t\t\t\t  \n\t\t\t\t\t\t\t  <a  href=\"https:\/\/sul21.com.br\/noticias\/meio-ambiente\/2025\/10\/ambientalistas-contestam-carta-do-bioma-pampa-que-leite-deve-enviar-a-cop30\/\"  >\n\t\t\t\t\t\t\t\t\t  <div class=\"yuzo-img-wrap \" style=\"width: 125px;height:90px;\">\n\t\t\t\t\t\t\t\t\t\t\n\t\t\t\t\t\t\t\t\t\t<div class=\"yuzo-img\" style=\"background:url('https:\/\/sul21.com.br\/wp-content\/uploads\/2022\/09\/20171012-jornal-sul21-gs-5208-12.jpg') 50% 50% no-repeat;width: 125px;height:90px;margin-bottom: 5px;background-size: cover; \"><\/div>\n\t\t\t\t\t\t\t\t\t  <\/div>\n\t\t\t\t\t\t\t\t\t  \n\t\t\t\t\t\t\t\t   <span class=\"yuzo__text--title\" style=\"font-size:13px;\">Ambientalistas contestam \u2018Carta do Bioma Pampa\u2019 qu...<\/span>\n\t\t\t\t\t\t\t  \n\t\t\t\t\t\t\t  \n\t\t\t\t\t\t\t  <\/a>\n\n\t\t\t\t\t\t  <\/div>\n\t\t\t\t\t\t  <div class=\"relatedthumb \" style=\"width:125px;float:left;overflow:hidden;\">  \n\t\t\t\t\t\t\t  \n\t\t\t\t\t\t\t  <a  href=\"https:\/\/redept.com.br\/blogosfera\/o-que-e-noticia-no-jornal-tvt-news-primeira-edicao-19-08-2025\/\"  >\n\t\t\t\t\t\t\t\t\t  <div class=\"yuzo-img-wrap \" style=\"width: 125px;height:90px;\">\n\t\t\t\t\t\t\t\t\t\t\n\t\t\t\t\t\t\t\t\t\t<div class=\"yuzo-img\" style=\"background:url('https:\/\/redept.com.br\/blogosfera\/wp-content\/uploads\/2025\/08\/jornal_tvt_news-22-150x150.jpeg') 50% 50% no-repeat;width: 125px;height:90px;margin-bottom: 5px;background-size: cover; \"><\/div>\n\t\t\t\t\t\t\t\t\t  <\/div>\n\t\t\t\t\t\t\t\t\t  \n\t\t\t\t\t\t\t\t   <span class=\"yuzo__text--title\" style=\"font-size:13px;\">O que \u00e9 not\u00edcia no Jornal TVT News Primeira Edi\u00e7\u00e3o...<\/span>\n\t\t\t\t\t\t\t  \n\t\t\t\t\t\t\t  \n\t\t\t\t\t\t\t  <\/a>\n\n\t\t\t\t\t\t  <\/div>\n\t\t\t\t\t\t  <div class=\"relatedthumb \" style=\"width:125px;float:left;overflow:hidden;\">  \n\t\t\t\t\t\t\t  \n\t\t\t\t\t\t\t  <a  href=\"https:\/\/redept.com.br\/blogosfera\/df-celebra-reducao-de-infeccoes-por-hiv-e-aids-enquanto-discute-combate-a-discriminacao\/\"  >\n\t\t\t\t\t\t\t\t\t  <div class=\"yuzo-img-wrap \" style=\"width: 125px;height:90px;\">\n\t\t\t\t\t\t\t\t\t\t\n\t\t\t\t\t\t\t\t\t\t<div class=\"yuzo-img\" style=\"background:url('https:\/\/redept.org\/blogosfera\/wp-content\/plugins\/yuzo-related-post\/assets\/images\/default.png') 50% 50% no-repeat;width: 125px;height:90px;margin-bottom: 5px;background-size: cover; \"><\/div>\n\t\t\t\t\t\t\t\t\t  <\/div>\n\t\t\t\t\t\t\t\t\t  \n\t\t\t\t\t\t\t\t   <span class=\"yuzo__text--title\" style=\"font-size:13px;\">DF celebra redu\u00e7\u00e3o de infec\u00e7\u00f5es por HIV e aids enq...<\/span>\n\t\t\t\t\t\t\t  \n\t\t\t\t\t\t\t  \n\t\t\t\t\t\t\t  <\/a>\n\n\t\t\t\t\t\t  <\/div>\n\t\t\t\t\t\t  <div class=\"relatedthumb \" style=\"width:125px;float:left;overflow:hidden;\">  \n\t\t\t\t\t\t\t  \n\t\t\t\t\t\t\t  <a  href=\"https:\/\/redept.com.br\/blogosfera\/acompanhe-ao-vivo-julgamento-caso-marielle-franco\/\"  >\n\t\t\t\t\t\t\t\t\t  <div class=\"yuzo-img-wrap \" style=\"width: 125px;height:90px;\">\n\t\t\t\t\t\t\t\t\t\t\n\t\t\t\t\t\t\t\t\t\t<div class=\"yuzo-img\" style=\"background:url('https:\/\/redept.com.br\/blogosfera\/wp-content\/uploads\/2026\/02\/viuvas-e1771876208360-1-150x150.webp') 50% 50% no-repeat;width: 125px;height:90px;margin-bottom: 5px;background-size: cover; \"><\/div>\n\t\t\t\t\t\t\t\t\t  <\/div>\n\t\t\t\t\t\t\t\t\t  \n\t\t\t\t\t\t\t\t   <span class=\"yuzo__text--title\" style=\"font-size:13px;\">Acompanhe ao vivo julgamento caso Marielle Franco<\/span>\n\t\t\t\t\t\t\t  \n\t\t\t\t\t\t\t  \n\t\t\t\t\t\t\t  <\/a>\n\n\t\t\t\t\t\t  <\/div>\n<\/div> <script>\n\t\t\t\t\t\t  jQuery(document).ready(function( $ ){\n\t\t\t\t\t\t\t\/\/jQuery('.yuzo_related_post').equalizer({ overflow : 'relatedthumb' });\n\t\t\t\t\t\t\tjQuery('.yuzo_related_post .yuzo_wraps').equalizer({ columns : '> div' });\n\t\t\t\t\t\t   })\n\t\t\t\t\t\t  <\/script> <!-- End Yuzo :) -->","protected":false},"excerpt":{"rendered":"<p>O governo dos Estados Unidos recuou parcialmente em sua pol\u00edtica tarif\u00e1ria e retirou a cobran\u00e7a de 10% sobre a celulose importada do Brasil. A decis\u00e3o, publicada em ordem executiva na sexta-feira (5), \u00e9 resultado da press\u00e3o de clientes e fornecedores norte-americanos que dependem do insumo para a produ\u00e7\u00e3o de papel, fraldas e absorventes. A celulose [&hellip;]<\/p>\n","protected":false},"author":2,"featured_media":0,"comment_status":"open","ping_status":"closed","sticky":false,"template":"","format":"standard","meta":{"fifu_image_url":"","fifu_image_alt":"","footnotes":""},"categories":[45,19082,3001,1023,221,9,518,112,3486],"tags":[],"class_list":["post-51308","post","type-post","status-publish","format-standard","hentry","category-brasil","category-celulose","category-comercio-internacional","category-donald-trump","category-economia","category-eua","category-itamaraty","category-lula","category-tarifas"],"_links":{"self":[{"href":"https:\/\/redept.com.br\/blogosfera\/wp-json\/wp\/v2\/posts\/51308","targetHints":{"allow":["GET"]}}],"collection":[{"href":"https:\/\/redept.com.br\/blogosfera\/wp-json\/wp\/v2\/posts"}],"about":[{"href":"https:\/\/redept.com.br\/blogosfera\/wp-json\/wp\/v2\/types\/post"}],"author":[{"embeddable":true,"href":"https:\/\/redept.com.br\/blogosfera\/wp-json\/wp\/v2\/users\/2"}],"replies":[{"embeddable":true,"href":"https:\/\/redept.com.br\/blogosfera\/wp-json\/wp\/v2\/comments?post=51308"}],"version-history":[{"count":0,"href":"https:\/\/redept.com.br\/blogosfera\/wp-json\/wp\/v2\/posts\/51308\/revisions"}],"wp:attachment":[{"href":"https:\/\/redept.com.br\/blogosfera\/wp-json\/wp\/v2\/media?parent=51308"}],"wp:term":[{"taxonomy":"category","embeddable":true,"href":"https:\/\/redept.com.br\/blogosfera\/wp-json\/wp\/v2\/categories?post=51308"},{"taxonomy":"post_tag","embeddable":true,"href":"https:\/\/redept.com.br\/blogosfera\/wp-json\/wp\/v2\/tags?post=51308"}],"curies":[{"name":"wp","href":"https:\/\/api.w.org\/{rel}","templated":true}]}}