{"id":51565,"date":"2025-09-11T10:49:56","date_gmt":"2025-09-11T13:49:56","guid":{"rendered":"https:\/\/redept.org\/blogosfera\/voto-de-fux-no-julgamento-da-trama-do-golpe-alem-de-vergonhoso-gerou-memes-nas-redes-sociais\/"},"modified":"2025-09-11T10:49:56","modified_gmt":"2025-09-11T13:49:56","slug":"voto-de-fux-no-julgamento-da-trama-do-golpe-alem-de-vergonhoso-gerou-memes-nas-redes-sociais","status":"publish","type":"post","link":"https:\/\/redept.com.br\/blogosfera\/voto-de-fux-no-julgamento-da-trama-do-golpe-alem-de-vergonhoso-gerou-memes-nas-redes-sociais\/","title":{"rendered":"Voto de Fux no julgamento da trama do golpe, al\u00e9m de vergonhoso, gerou memes nas redes sociais"},"content":{"rendered":"<p>Decis\u00e3o do ministro absolveu Bolsonaro e outros cinco r\u00e9us, mas manteve condena\u00e7\u00e3o de Braga Netto e Mauro Cid<\/p>\n<p>O julgamento no Supremo Tribunal Federal (STF) sobre a tentativa de golpe de Estado ganhou um novo cap\u00edtulo nesta quarta-feira (10), quando o ministro Luiz Fux apresentou um voto surpreendente que absolveu a maior parte dos r\u00e9us, com argumentos contradit\u00f3rios.<\/p>\n<p>Durante mais de 11 horas de exposi\u00e7\u00e3o, Fux defendeu a condena\u00e7\u00e3o apenas do general Walter Souza Braga Netto e do tenente-coronel Mauro Cid, deixando de fora da senten\u00e7a o ex-presidente Jair Bolsonaro e outros cinco acusados. A explana\u00e7\u00e3o do ministro inspirou memes nas redes sociais.<\/p>\n<p>As montagens ressaltam que o voto de Fux foi favor\u00e1vel a Jair Bolsonaro e refor\u00e7ou os argumentos que levaram Donald Trump a impor san\u00e7\u00f5es tarif\u00e1rias ao Brasil e ao ministro Alexandre de Moraes por raz\u00f5es pol\u00edticas.<\/p>\n<p>Alguns memes tamb\u00e9m fazem alus\u00e3o ao logo tempo que o ministro usou para justificar seu voto, como na montagem em que ele aparece de pijama em meio ao julgamento.<\/p>\n<p>O placar atual est\u00e1 em 2 a 1 pela condena\u00e7\u00e3o do ex-presidente, e o julgamento ser\u00e1 retomado nesta quinta-feira (11) com os votos de C\u00e1rmen L\u00facia e Cristiano Zanin.<\/p>\n<p>O julgamento hist\u00f3rico deve se estender at\u00e9 sexta-feira (12), quando ser\u00e1 definido o desfecho do n\u00facleo 1 da investiga\u00e7\u00e3o da Procuradoria-Geral da Rep\u00fablica.<\/p>\n<p><strong>Veja alguns memes sobre o voto de Fux:<\/strong><\/p>\n<p><imgsrc=\"\"><\/p>\n<p><imgsrc=\"\"><\/p>\n<p><imgsrc=\"\"><\/p>\n<p><imgsrc=\"\"><\/p>\n<p><imgsrc=\"\" alt=\"Imagem\"><\/p>\n<p><imgsrc=\"\" alt=\"r\/brasil - In Fux we trust!\" data-recalc-dims=\"1\"><\/p>\n<p><em>*ICL<\/em><\/p>\n<p><em>*Foto-arte: Jota<\/em><\/p>\n<hr>\n<h5>Apoie o Antropofagista com qualquer valor<br \/>\nPIX: 45013993768<br \/>\nAgradecemos aos nossos leitores<\/h5>\n<hr>\n<p><strong>Siga-nos no Facebook:<\/strong> https:\/\/www.facebook.com\/profile.php?id=100070790366110<\/p>\n<p><strong>Siga-nos no Whatsapp:<\/strong> https:\/\/chat.whatsapp.com\/K8Zc6XOHkN258pOahSE1L1?mode=ems_copy_c<\/p>\n<p><strong>Siga-nos no X:<\/strong> https:\/\/x.com\/Antropofagista1<\/p>\n<p><strong>Siga-nos no Instagram<\/strong> https:\/\/www.instagram.com\/blogantropofagista?igsh=YzljYTk1ODg3Z<\/p>\n<p>The post Voto de Fux no julgamento da trama do golpe, al\u00e9m de vergonhoso, gerou memes nas redes sociais first appeared on Antropofagista.<\/p>\n<!-- Begin Yuzo --><div class='yuzo_related_post style-1'  data-version='5.12.89'><!-- without result --><div class='yuzo_clearfixed yuzo__title yuzo__title'><h3>Related Post<\/h3><\/div>\n\t\t\t\t\t\t  <div class=\"relatedthumb \" style=\"width:125px;float:left;overflow:hidden;\">  \n\t\t\t\t\t\t\t  \n\t\t\t\t\t\t\t  <a  href=\"https:\/\/sul21.com.br\/opiniao\/2025\/08\/a-esquerda-sul-rio-grandense-e-a-cultura-gauchesca-superar-incompreensoes-e-preconceitos-por-nandi-barrios\/\"  >\n\t\t\t\t\t\t\t\t\t  <div class=\"yuzo-img-wrap \" style=\"width: 125px;height:90px;\">\n\t\t\t\t\t\t\t\t\t\t\n\t\t\t\t\t\t\t\t\t\t<div class=\"yuzo-img\" style=\"background:url('https:\/\/redept.org\/blogosfera\/wp-content\/plugins\/yuzo-related-post\/assets\/images\/default.png') 50% 50% no-repeat;width: 125px;height:90px;margin-bottom: 5px;background-size: cover; \"><\/div>\n\t\t\t\t\t\t\t\t\t  <\/div>\n\t\t\t\t\t\t\t\t\t  \n\t\t\t\t\t\t\t\t   <span class=\"yuzo__text--title\" style=\"font-size:13px;\">A esquerda sul-rio-grandense e a cultura gauchesca...<\/span>\n\t\t\t\t\t\t\t  \n\t\t\t\t\t\t\t  \n\t\t\t\t\t\t\t  <\/a>\n\n\t\t\t\t\t\t  <\/div>\n\t\t\t\t\t\t  <div class=\"relatedthumb \" style=\"width:125px;float:left;overflow:hidden;\">  \n\t\t\t\t\t\t\t  \n\t\t\t\t\t\t\t  <a  href=\"https:\/\/redept.com.br\/blogosfera\/a-luta-do-pt-por-justica-tributaria\/\"  >\n\t\t\t\t\t\t\t\t\t  <div class=\"yuzo-img-wrap \" style=\"width: 125px;height:90px;\">\n\t\t\t\t\t\t\t\t\t\t\n\t\t\t\t\t\t\t\t\t\t<div class=\"yuzo-img\" style=\"background:url('https:\/\/redept.org\/blogosfera\/wp-content\/plugins\/yuzo-related-post\/assets\/images\/default.png') 50% 50% no-repeat;width: 125px;height:90px;margin-bottom: 5px;background-size: cover; \"><\/div>\n\t\t\t\t\t\t\t\t\t  <\/div>\n\t\t\t\t\t\t\t\t\t  \n\t\t\t\t\t\t\t\t   <span class=\"yuzo__text--title\" style=\"font-size:13px;\">A luta do PT por justi\u00e7a tribut\u00e1ria<\/span>\n\t\t\t\t\t\t\t  \n\t\t\t\t\t\t\t  \n\t\t\t\t\t\t\t  <\/a>\n\n\t\t\t\t\t\t  <\/div>\n\t\t\t\t\t\t  <div class=\"relatedthumb \" style=\"width:125px;float:left;overflow:hidden;\">  \n\t\t\t\t\t\t\t  \n\t\t\t\t\t\t\t  <a  href=\"https:\/\/redept.com.br\/blogosfera\/pl-antifaccao-governo-elabora-dossie-e-aponta-falhas-no-texto-de-derrite\/\"  >\n\t\t\t\t\t\t\t\t\t  <div class=\"yuzo-img-wrap \" style=\"width: 125px;height:90px;\">\n\t\t\t\t\t\t\t\t\t\t\n\t\t\t\t\t\t\t\t\t\t<div class=\"yuzo-img\" style=\"background:url('https:\/\/redept.com.br\/blogosfera\/wp-content\/uploads\/2025\/11\/0d9a7828-2-150x150.webp') 50% 50% no-repeat;width: 125px;height:90px;margin-bottom: 5px;background-size: cover; \"><\/div>\n\t\t\t\t\t\t\t\t\t  <\/div>\n\t\t\t\t\t\t\t\t\t  \n\t\t\t\t\t\t\t\t   <span class=\"yuzo__text--title\" style=\"font-size:13px;\">PL Antifac\u00e7\u00e3o: Governo elabora dossi\u00ea e aponta fal...<\/span>\n\t\t\t\t\t\t\t  \n\t\t\t\t\t\t\t  \n\t\t\t\t\t\t\t  <\/a>\n\n\t\t\t\t\t\t  <\/div>\n\t\t\t\t\t\t  <div class=\"relatedthumb \" style=\"width:125px;float:left;overflow:hidden;\">  \n\t\t\t\t\t\t\t  \n\t\t\t\t\t\t\t  <a  href=\"https:\/\/redept.com.br\/blogosfera\/para-alem-de-ainda-estou-aqui-confira-os-filmes-premiados-no-oscar-2025\/\"  >\n\t\t\t\t\t\t\t\t\t  <div class=\"yuzo-img-wrap \" style=\"width: 125px;height:90px;\">\n\t\t\t\t\t\t\t\t\t\t\n\t\t\t\t\t\t\t\t\t\t<div class=\"yuzo-img\" style=\"background:url('https:\/\/redept.com.br\/blogosfera\/wp-content\/uploads\/2025\/03\/442f0f80-ba52-4e3d-a633-1938500f6ecc-captura-de-tela-2025-03-02-as-21.23.09-150x150.webp') 50% 50% no-repeat;width: 125px;height:90px;margin-bottom: 5px;background-size: cover; \"><\/div>\n\t\t\t\t\t\t\t\t\t  <\/div>\n\t\t\t\t\t\t\t\t\t  \n\t\t\t\t\t\t\t\t   <span class=\"yuzo__text--title\" style=\"font-size:13px;\">Para al\u00e9m de \u2018Ainda Estou Aqui\u2019: confira os filmes...<\/span>\n\t\t\t\t\t\t\t  \n\t\t\t\t\t\t\t  \n\t\t\t\t\t\t\t  <\/a>\n\n\t\t\t\t\t\t  <\/div>\n<\/div> <script>\n\t\t\t\t\t\t  jQuery(document).ready(function( $ ){\n\t\t\t\t\t\t\t\/\/jQuery('.yuzo_related_post').equalizer({ overflow : 'relatedthumb' });\n\t\t\t\t\t\t\tjQuery('.yuzo_related_post .yuzo_wraps').equalizer({ columns : '> div' });\n\t\t\t\t\t\t   })\n\t\t\t\t\t\t  <\/script> <!-- End Yuzo :) -->","protected":false},"excerpt":{"rendered":"<p>Decis\u00e3o do ministro absolveu Bolsonaro e outros cinco r\u00e9us, mas manteve condena\u00e7\u00e3o de Braga Netto e Mauro Cid O julgamento no Supremo Tribunal Federal (STF) sobre a tentativa de golpe de Estado ganhou um novo cap\u00edtulo nesta quarta-feira (10), quando o ministro Luiz Fux apresentou um voto surpreendente que absolveu a maior parte dos r\u00e9us, [\u2026]<\/p>\n<p>The post <a href=\"https:\/\/antropofagista.com.br\/2025\/09\/11\/voto-de-fux-no-julgamento-da-trama-do-golpe-alem-de-vergonhoso-gerou-memes-nas-redes-sociais\/\">Voto de Fux no julgamento da trama do golpe, al\u00e9m de vergonhoso, gerou memes nas redes sociais<\/a> first appeared on <a href=\"https:\/\/antropofagista.com.br\/\">Antropofagista<\/a>.<\/p>\n","protected":false},"author":2,"featured_media":0,"comment_status":"open","ping_status":"closed","sticky":false,"template":"","format":"standard","meta":{"fifu_image_url":"","fifu_image_alt":"","footnotes":""},"categories":[1390,18877,3594,16567,132],"tags":[],"class_list":["post-51565","post","type-post","status-publish","format-standard","hentry","category-bolsonaro","category-fux","category-julgamento","category-memes","category-politica"],"_links":{"self":[{"href":"https:\/\/redept.com.br\/blogosfera\/wp-json\/wp\/v2\/posts\/51565","targetHints":{"allow":["GET"]}}],"collection":[{"href":"https:\/\/redept.com.br\/blogosfera\/wp-json\/wp\/v2\/posts"}],"about":[{"href":"https:\/\/redept.com.br\/blogosfera\/wp-json\/wp\/v2\/types\/post"}],"author":[{"embeddable":true,"href":"https:\/\/redept.com.br\/blogosfera\/wp-json\/wp\/v2\/users\/2"}],"replies":[{"embeddable":true,"href":"https:\/\/redept.com.br\/blogosfera\/wp-json\/wp\/v2\/comments?post=51565"}],"version-history":[{"count":0,"href":"https:\/\/redept.com.br\/blogosfera\/wp-json\/wp\/v2\/posts\/51565\/revisions"}],"wp:attachment":[{"href":"https:\/\/redept.com.br\/blogosfera\/wp-json\/wp\/v2\/media?parent=51565"}],"wp:term":[{"taxonomy":"category","embeddable":true,"href":"https:\/\/redept.com.br\/blogosfera\/wp-json\/wp\/v2\/categories?post=51565"},{"taxonomy":"post_tag","embeddable":true,"href":"https:\/\/redept.com.br\/blogosfera\/wp-json\/wp\/v2\/tags?post=51565"}],"curies":[{"name":"wp","href":"https:\/\/api.w.org\/{rel}","templated":true}]}}