{"id":51568,"date":"2025-09-11T16:15:45","date_gmt":"2025-09-11T19:15:45","guid":{"rendered":"https:\/\/redept.org\/blogosfera\/fux-nao-tirou-a-cabeca-de-bolsonaro-da-guilhotina\/"},"modified":"2025-09-11T16:15:45","modified_gmt":"2025-09-11T19:15:45","slug":"fux-nao-tirou-a-cabeca-de-bolsonaro-da-guilhotina","status":"publish","type":"post","link":"https:\/\/redept.com.br\/blogosfera\/fux-nao-tirou-a-cabeca-de-bolsonaro-da-guilhotina\/","title":{"rendered":"Fux n\u00e3o tirou a cabe\u00e7a de Bolsonaro da guilhotina"},"content":{"rendered":"<p>O entusiasmo dos bolsonaristas com o lero-lero de Fux \u00e9 s\u00f3 para piorar a pr\u00f3pria vida da direita.<\/p>\n<p>Isso adiciona mais lenha na guerra interna entre o Cl\u00e3 e Tarcisio sobre a lideran\u00e7a de Bolsonaro na direita, mesmo preso.<\/p>\n<p>Como o Congresso \u00e9 formado, em sua maioria, por oportunistas, os congressistas ligados a Bolsonaro devem abandonar o \u201cmito\u201d para abra\u00e7ar Tarc\u00edsio que segue no jogo.<\/p>\n<p>A angustia piora porque ainda teremos os amantes de ETs e Pneus mantendo devo\u00e7\u00e3o ao \u201cmito\u201d dos tolos.<\/p>\n<p>O voto de Fux foi in\u00fatil para ajudar a dar uma guinada na condena\u00e7\u00e3o de Bolsonaro. Ele vai sim para Papuda.<\/p>\n<p>Na vida como ela \u00e9, Bolsonaro seguir\u00e1 rumo ao cemit\u00e9rio pol\u00edtico e ser\u00e1 enterrado e, consequentemente, ficar\u00e1 fora da vida nacional.<\/p>\n<p>A direita ter\u00e1 que refazer contas e estrat\u00e9gias atrasando um tra\u00e7ado fecundo para a candidatura de Tarcisio.<\/p>\n<p>Foi uma casca de banana jogada no caminhar da campanha do sabujo dos EUA, Tarcisio de Freitas.<\/p>\n<p>Fora desse disse me disse lateral, Fux apenas jogou para o vento. N\u00e3o melhorou em nada o resultado da condena\u00e7\u00e3o de Bolsonaro.<\/p>\n<hr>\n<h5>Apoie o Antropofagista com qualquer valor<br \/>\nPIX: 45013993768<br \/>\nAgradecemos aos nossos leitores<\/h5>\n<hr>\n<p><strong>Siga-nos no Facebook:<\/strong> https:\/\/www.facebook.com\/profile.php?id=100070790366110<\/p>\n<p><strong>Siga-nos no Whatsapp:<\/strong> https:\/\/chat.whatsapp.com\/K8Zc6XOHkN258pOahSE1L1?mode=ems_copy_c<\/p>\n<p><strong>Siga-nos no X:<\/strong> https:\/\/x.com\/Antropofagista1<\/p>\n<p><strong>Siga-nos no Instagram<\/strong> https:\/\/www.instagram.com\/blogantropofagista?igsh=YzljYTk1ODg3Z<\/p>\n<p>The post Fux n\u00e3o tirou a cabe\u00e7a de Bolsonaro da guilhotina first appeared on Antropofagista.<\/p>\n<!-- Begin Yuzo --><div class='yuzo_related_post style-1'  data-version='5.12.89'><!-- without result --><div class='yuzo_clearfixed yuzo__title yuzo__title'><h3>Related Post<\/h3><\/div>\n\t\t\t\t\t\t  <div class=\"relatedthumb \" style=\"width:125px;float:left;overflow:hidden;\">  \n\t\t\t\t\t\t\t  \n\t\t\t\t\t\t\t  <a  href=\"https:\/\/redept.com.br\/blogosfera\/noticias-do-dia-com-o-jornal-tvt-news-segunda-edicao-20-08-2025\/\"  >\n\t\t\t\t\t\t\t\t\t  <div class=\"yuzo-img-wrap \" style=\"width: 125px;height:90px;\">\n\t\t\t\t\t\t\t\t\t\t\n\t\t\t\t\t\t\t\t\t\t<div class=\"yuzo-img\" style=\"background:url('https:\/\/redept.com.br\/blogosfera\/wp-content\/uploads\/2025\/08\/jornal_tvt_news-25-150x150.jpeg') 50% 50% no-repeat;width: 125px;height:90px;margin-bottom: 5px;background-size: cover; \"><\/div>\n\t\t\t\t\t\t\t\t\t  <\/div>\n\t\t\t\t\t\t\t\t\t  \n\t\t\t\t\t\t\t\t   <span class=\"yuzo__text--title\" style=\"font-size:13px;\">Not\u00edcias do dia com o Jornal TVT News Segunda Edi\u00e7...<\/span>\n\t\t\t\t\t\t\t  \n\t\t\t\t\t\t\t  \n\t\t\t\t\t\t\t  <\/a>\n\n\t\t\t\t\t\t  <\/div>\n\t\t\t\t\t\t  <div class=\"relatedthumb \" style=\"width:125px;float:left;overflow:hidden;\">  \n\t\t\t\t\t\t\t  \n\t\t\t\t\t\t\t  <a  href=\"https:\/\/redept.com.br\/blogosfera\/ausencia-de-deputados-trava-cpi-do-rio-melchior-pela-segunda-vez\/\"  >\n\t\t\t\t\t\t\t\t\t  <div class=\"yuzo-img-wrap \" style=\"width: 125px;height:90px;\">\n\t\t\t\t\t\t\t\t\t\t\n\t\t\t\t\t\t\t\t\t\t<div class=\"yuzo-img\" style=\"background:url('https:\/\/redept.com.br\/blogosfera\/wp-content\/uploads\/2025\/04\/54473655450_1ef0f02515_o-1000x570-1-150x150.jpg') 50% 50% no-repeat;width: 125px;height:90px;margin-bottom: 5px;background-size: cover; \"><\/div>\n\t\t\t\t\t\t\t\t\t  <\/div>\n\t\t\t\t\t\t\t\t\t  \n\t\t\t\t\t\t\t\t   <span class=\"yuzo__text--title\" style=\"font-size:13px;\">Aus\u00eancia de deputados trava CPI do Rio Melchior pe...<\/span>\n\t\t\t\t\t\t\t  \n\t\t\t\t\t\t\t  \n\t\t\t\t\t\t\t  <\/a>\n\n\t\t\t\t\t\t  <\/div>\n\t\t\t\t\t\t  <div class=\"relatedthumb \" style=\"width:125px;float:left;overflow:hidden;\">  \n\t\t\t\t\t\t\t  \n\t\t\t\t\t\t\t  <a  href=\"https:\/\/redept.com.br\/blogosfera\/videos-mostram-indigena-isolado-que-apareceu-em-comunidade-ribeirinha-no-amazonas\/\"  >\n\t\t\t\t\t\t\t\t\t  <div class=\"yuzo-img-wrap \" style=\"width: 125px;height:90px;\">\n\t\t\t\t\t\t\t\t\t\t\n\t\t\t\t\t\t\t\t\t\t<div class=\"yuzo-img\" style=\"background:url('https:\/\/redept.org\/blogosfera\/wp-content\/plugins\/yuzo-related-post\/assets\/images\/default.png') 50% 50% no-repeat;width: 125px;height:90px;margin-bottom: 5px;background-size: cover; \"><\/div>\n\t\t\t\t\t\t\t\t\t  <\/div>\n\t\t\t\t\t\t\t\t\t  \n\t\t\t\t\t\t\t\t   <span class=\"yuzo__text--title\" style=\"font-size:13px;\">V\u00eddeos mostram ind\u00edgena isolado que apareceu em co...<\/span>\n\t\t\t\t\t\t\t  \n\t\t\t\t\t\t\t  \n\t\t\t\t\t\t\t  <\/a>\n\n\t\t\t\t\t\t  <\/div>\n\t\t\t\t\t\t  <div class=\"relatedthumb \" style=\"width:125px;float:left;overflow:hidden;\">  \n\t\t\t\t\t\t\t  \n\t\t\t\t\t\t\t  <a  href=\"https:\/\/redept.com.br\/blogosfera\/%f0%9f%94%b4-%f0%9f%8e%a5%e2%ad%90%f0%9f%9a%a9%f0%9f%87%a7%f0%9f%87%b7-sessao-solene-em-homenagem-aos-45-anos-do-pt\/\"  >\n\t\t\t\t\t\t\t\t\t  <div class=\"yuzo-img-wrap \" style=\"width: 125px;height:90px;\">\n\t\t\t\t\t\t\t\t\t\t\n\t\t\t\t\t\t\t\t\t\t<div class=\"yuzo-img\" style=\"background:url('https:\/\/redept.org\/blogosfera\/wp-content\/plugins\/yuzo-related-post\/assets\/images\/default.png') 50% 50% no-repeat;width: 125px;height:90px;margin-bottom: 5px;background-size: cover; \"><\/div>\n\t\t\t\t\t\t\t\t\t  <\/div>\n\t\t\t\t\t\t\t\t\t  \n\t\t\t\t\t\t\t\t   <span class=\"yuzo__text--title\" style=\"font-size:13px;\">\ud83d\udd34 \ud83c\udfa5\u2b50\ud83d\udea9\ud83c\udde7\ud83c\uddf7 \u2013 SESS\u00c3O SOLENE EM HOMENAGEM AOS 45 ANOS D...<\/span>\n\t\t\t\t\t\t\t  \n\t\t\t\t\t\t\t  \n\t\t\t\t\t\t\t  <\/a>\n\n\t\t\t\t\t\t  <\/div>\n<\/div> <script>\n\t\t\t\t\t\t  jQuery(document).ready(function( $ ){\n\t\t\t\t\t\t\t\/\/jQuery('.yuzo_related_post').equalizer({ overflow : 'relatedthumb' });\n\t\t\t\t\t\t\tjQuery('.yuzo_related_post .yuzo_wraps').equalizer({ columns : '> div' });\n\t\t\t\t\t\t   })\n\t\t\t\t\t\t  <\/script> <!-- End Yuzo :) -->","protected":false},"excerpt":{"rendered":"<p>O entusiasmo dos bolsonaristas com o lero-lero de Fux \u00e9 s\u00f3 para piorar a pr\u00f3pria vida da direita. Isso adiciona mais lenha na guerra interna entre o Cl\u00e3 e Tarcisio sobre a lideran\u00e7a de Bolsonaro na direita, mesmo preso. Como o Congresso \u00e9 formado, em sua maioria, por oportunistas, os congressistas ligados a Bolsonaro devem [\u2026]<\/p>\n<p>The post <a href=\"https:\/\/antropofagista.com.br\/2025\/09\/11\/fux-nao-tirou-a-cabeca-de-bolsonaro-da-guilhotina\/\">Fux n\u00e3o tirou a cabe\u00e7a de Bolsonaro da guilhotina<\/a> first appeared on <a href=\"https:\/\/antropofagista.com.br\/\">Antropofagista<\/a>.<\/p>\n","protected":false},"author":2,"featured_media":0,"comment_status":"open","ping_status":"closed","sticky":false,"template":"","format":"standard","meta":{"fifu_image_url":"","fifu_image_alt":"","footnotes":""},"categories":[1390,18877,132,5957],"tags":[],"class_list":["post-51568","post","type-post","status-publish","format-standard","hentry","category-bolsonaro","category-fux","category-politica","category-tarcisio"],"_links":{"self":[{"href":"https:\/\/redept.com.br\/blogosfera\/wp-json\/wp\/v2\/posts\/51568","targetHints":{"allow":["GET"]}}],"collection":[{"href":"https:\/\/redept.com.br\/blogosfera\/wp-json\/wp\/v2\/posts"}],"about":[{"href":"https:\/\/redept.com.br\/blogosfera\/wp-json\/wp\/v2\/types\/post"}],"author":[{"embeddable":true,"href":"https:\/\/redept.com.br\/blogosfera\/wp-json\/wp\/v2\/users\/2"}],"replies":[{"embeddable":true,"href":"https:\/\/redept.com.br\/blogosfera\/wp-json\/wp\/v2\/comments?post=51568"}],"version-history":[{"count":0,"href":"https:\/\/redept.com.br\/blogosfera\/wp-json\/wp\/v2\/posts\/51568\/revisions"}],"wp:attachment":[{"href":"https:\/\/redept.com.br\/blogosfera\/wp-json\/wp\/v2\/media?parent=51568"}],"wp:term":[{"taxonomy":"category","embeddable":true,"href":"https:\/\/redept.com.br\/blogosfera\/wp-json\/wp\/v2\/categories?post=51568"},{"taxonomy":"post_tag","embeddable":true,"href":"https:\/\/redept.com.br\/blogosfera\/wp-json\/wp\/v2\/tags?post=51568"}],"curies":[{"name":"wp","href":"https:\/\/api.w.org\/{rel}","templated":true}]}}