{"id":52302,"date":"2025-09-15T19:30:01","date_gmt":"2025-09-15T22:30:01","guid":{"rendered":"https:\/\/redept.com.br\/blogosfera\/o-agente-secreto-sera-representante-brasileiro-no-oscar-2026\/"},"modified":"2025-09-15T19:30:01","modified_gmt":"2025-09-15T22:30:01","slug":"o-agente-secreto-sera-representante-brasileiro-no-oscar-2026","status":"publish","type":"post","link":"https:\/\/redept.com.br\/blogosfera\/o-agente-secreto-sera-representante-brasileiro-no-oscar-2026\/","title":{"rendered":"\u2018O Agente Secreto\u2019 ser\u00e1 representante brasileiro no Oscar 2026"},"content":{"rendered":"<p>A Academia Brasileira de Cinema anunciou nesta segunda-feira (15\/09) que o filme <em>O Agente Secreto<\/em>, de Kl\u00e9ber Mendon\u00e7a Filho, ser\u00e1 o representante brasileiro no Oscar 2026, na categoria Melhor Filme Internacional.<\/p>\n<p>Protagonizado pelo ator Wagner Moura, o filme \u00e9 ambientado em 1977, durante a ditadura militar. O longa acompanha Marcelo, um professor de tecnologia que tenta recome\u00e7ar a vida no Recife, mas acaba mergulhado em um universo de espionagem e paranoia.<\/p>\n<p><em>O Agente Secreto<\/em>, que ainda n\u00e3o estreou em circuito nacional, j\u00e1 levou v\u00e1rios pr\u00eamios internacionais, entre eles, o de Melhor Diretor, para Kleber Mendon\u00e7a Filho, e de Melhor Ator, para Wagner Moura, no Festival de Cannes, uma das mais importantes premia\u00e7\u00f5es do cinema mundial.<\/p>\n<h3>Passo a passo da disputa<\/h3>\n<p>Ter sido escolhido como o representante brasileiro ao Oscar n\u00e3o significa que o filme j\u00e1 ter\u00e1 garantida uma indica\u00e7\u00e3o ao pr\u00eamio.<\/p>\n<figure aria-describedby=\"caption-attachment-231339\"><img fetchpriority=\"high\" decoding=\"async\"src=\"https:\/\/redept.com.br\/blogosfera\/wp-content\/uploads\/2025\/09\/agsec.jpg\" alt=\"\" width=\"800\" height=\"507\" srcset=\"https:\/\/redept.com.br\/blogosfera\/wp-content\/uploads\/2025\/09\/agsec.jpg 800w, https:\/\/operamundi.uol.com.br\/wp-content\/uploads\/2025\/09\/agsec-300x190.jpg 300w, https:\/\/operamundi.uol.com.br\/wp-content\/uploads\/2025\/09\/agsec-768x487.jpg 768w, https:\/\/operamundi.uol.com.br\/wp-content\/uploads\/2025\/09\/agsec-150x95.jpg 150w, https:\/\/operamundi.uol.com.br\/wp-content\/uploads\/2025\/09\/agsec-750x475.jpg 750w\" sizes=\"(max-width: 800px) 100vw, 800px\"><figcaption>Kl\u00e9ber Mendon\u00e7a Filho e Wagner Moura, durante as filmagens de \u2018O Agente Secreto\u2019 <br \/>Kleber Mendon\u00e7a Filho \/ Instagram<\/figcaption><\/figure>\n<p>Cada pa\u00eds indica um filme como seu representante para a disputa. A partir dessas indica\u00e7\u00f5es, o Oscar faz uma sele\u00e7\u00e3o dos filmes que, de fato, v\u00e3o concorrer ao pr\u00eamio mais famoso do cinema mundial. A cerim\u00f4nia que entregar\u00e1 as estatuetas do Oscar est\u00e1 marcada para acontecer somente no dia 15 de mar\u00e7o de 2026.<\/p>\n<p>Os outros filmes que estavam na lista dos pr\u00e9-selecionados eram <em>Baby<\/em>, de Marcelo Caetano; <em>Kasa Branca<\/em>, de Luciano Vidigal; <em>Manas<\/em>, de Marianna Brennand; <em>O \u00daltimo Azul<\/em>, de Gabriel Mascaro, e <em>Oeste Outra Vez<\/em>, de Erico Rassi.<\/p>\n<p>No in\u00edcio deste ano, o Brasil conquistou seu primeiro Oscar, com o filme <em>Ainda Estou Aqui<\/em>, de Walter Salles, na categoria de Melhor Filme Internacional.<\/p>\n<p>O post \u2018O Agente Secreto\u2019 ser\u00e1 representante brasileiro no Oscar 2026 apareceu primeiro em Opera Mundi.<\/p>\n<!-- Begin Yuzo --><div class='yuzo_related_post style-1'  data-version='5.12.89'><!-- without result --><div class='yuzo_clearfixed yuzo__title yuzo__title'><h3>Related Post<\/h3><\/div>\n\t\t\t\t\t\t  <div class=\"relatedthumb \" style=\"width:125px;float:left;overflow:hidden;\">  \n\t\t\t\t\t\t\t  \n\t\t\t\t\t\t\t  <a  href=\"https:\/\/redept.com.br\/blogosfera\/uma-das-ultimas-areas-verdes-de-bh-mata-do-planalto-esta-em-risco\/\"  >\n\t\t\t\t\t\t\t\t\t  <div class=\"yuzo-img-wrap \" style=\"width: 125px;height:90px;\">\n\t\t\t\t\t\t\t\t\t\t\n\t\t\t\t\t\t\t\t\t\t<div class=\"yuzo-img\" style=\"background:url('https:\/\/redept.org\/blogosfera\/wp-content\/plugins\/yuzo-related-post\/assets\/images\/default.png') 50% 50% no-repeat;width: 125px;height:90px;margin-bottom: 5px;background-size: cover; \"><\/div>\n\t\t\t\t\t\t\t\t\t  <\/div>\n\t\t\t\t\t\t\t\t\t  \n\t\t\t\t\t\t\t\t   <span class=\"yuzo__text--title\" style=\"font-size:13px;\">Uma das \u00faltimas \u00e1reas verdes de BH, Mata do Planal...<\/span>\n\t\t\t\t\t\t\t  \n\t\t\t\t\t\t\t  \n\t\t\t\t\t\t\t  <\/a>\n\n\t\t\t\t\t\t  <\/div>\n\t\t\t\t\t\t  <div class=\"relatedthumb \" style=\"width:125px;float:left;overflow:hidden;\">  \n\t\t\t\t\t\t\t  \n\t\t\t\t\t\t\t  <a  href=\"https:\/\/redept.com.br\/blogosfera\/carla-zambelli-tem-mandato-de-deputada-federal-cassado-pelo-tre-sp\/\"  >\n\t\t\t\t\t\t\t\t\t  <div class=\"yuzo-img-wrap \" style=\"width: 125px;height:90px;\">\n\t\t\t\t\t\t\t\t\t\t\n\t\t\t\t\t\t\t\t\t\t<div class=\"yuzo-img\" style=\"background:url('https:\/\/redept.org\/blogosfera\/wp-content\/plugins\/yuzo-related-post\/assets\/images\/default.png') 50% 50% no-repeat;width: 125px;height:90px;margin-bottom: 5px;background-size: cover; \"><\/div>\n\t\t\t\t\t\t\t\t\t  <\/div>\n\t\t\t\t\t\t\t\t\t  \n\t\t\t\t\t\t\t\t   <span class=\"yuzo__text--title\" style=\"font-size:13px;\">Carla Zambelli tem mandato de deputada federal cas...<\/span>\n\t\t\t\t\t\t\t  \n\t\t\t\t\t\t\t  \n\t\t\t\t\t\t\t  <\/a>\n\n\t\t\t\t\t\t  <\/div>\n\t\t\t\t\t\t  <div class=\"relatedthumb \" style=\"width:125px;float:left;overflow:hidden;\">  \n\t\t\t\t\t\t\t  \n\t\t\t\t\t\t\t  <a  href=\"https:\/\/redept.com.br\/blogosfera\/alcolumbre-teria-recebido-dinheiro-de-vorcaro-diz-veja\/\"  >\n\t\t\t\t\t\t\t\t\t  <div class=\"yuzo-img-wrap \" style=\"width: 125px;height:90px;\">\n\t\t\t\t\t\t\t\t\t\t\n\t\t\t\t\t\t\t\t\t\t<div class=\"yuzo-img\" style=\"background:url('https:\/\/redept.org\/blogosfera\/wp-content\/plugins\/yuzo-related-post\/assets\/images\/default.png') 50% 50% no-repeat;width: 125px;height:90px;margin-bottom: 5px;background-size: cover; \"><\/div>\n\t\t\t\t\t\t\t\t\t  <\/div>\n\t\t\t\t\t\t\t\t\t  \n\t\t\t\t\t\t\t\t   <span class=\"yuzo__text--title\" style=\"font-size:13px;\">Alcolumbre teria recebido dinheiro de Vorcaro, diz...<\/span>\n\t\t\t\t\t\t\t  \n\t\t\t\t\t\t\t  \n\t\t\t\t\t\t\t  <\/a>\n\n\t\t\t\t\t\t  <\/div>\n\t\t\t\t\t\t  <div class=\"relatedthumb \" style=\"width:125px;float:left;overflow:hidden;\">  \n\t\t\t\t\t\t\t  \n\t\t\t\t\t\t\t  <a  href=\"https:\/\/redept.com.br\/blogosfera\/guerra-no-oriente-medio-confira-atualizacoes-do-conflito\/\"  >\n\t\t\t\t\t\t\t\t\t  <div class=\"yuzo-img-wrap \" style=\"width: 125px;height:90px;\">\n\t\t\t\t\t\t\t\t\t\t\n\t\t\t\t\t\t\t\t\t\t<div class=\"yuzo-img\" style=\"background:url('https:\/\/redept.com.br\/blogosfera\/wp-content\/uploads\/2026\/03\/putin_xi-2-1-150x150.jpg') 50% 50% no-repeat;width: 125px;height:90px;margin-bottom: 5px;background-size: cover; \"><\/div>\n\t\t\t\t\t\t\t\t\t  <\/div>\n\t\t\t\t\t\t\t\t\t  \n\t\t\t\t\t\t\t\t   <span class=\"yuzo__text--title\" style=\"font-size:13px;\">Guerra no Oriente M\u00e9dio: confira atualiza\u00e7\u00f5es do c...<\/span>\n\t\t\t\t\t\t\t  \n\t\t\t\t\t\t\t  \n\t\t\t\t\t\t\t  <\/a>\n\n\t\t\t\t\t\t  <\/div>\n<\/div> <script>\n\t\t\t\t\t\t  jQuery(document).ready(function( $ ){\n\t\t\t\t\t\t\t\/\/jQuery('.yuzo_related_post').equalizer({ overflow : 'relatedthumb' });\n\t\t\t\t\t\t\tjQuery('.yuzo_related_post .yuzo_wraps').equalizer({ columns : '> div' });\n\t\t\t\t\t\t   })\n\t\t\t\t\t\t  <\/script> <!-- End Yuzo :) -->","protected":false},"excerpt":{"rendered":"<p>A Academia Brasileira de Cinema anunciou nesta segunda-feira (15\/09) que o filme O Agente Secreto, de Kl\u00e9ber Mendon\u00e7a Filho, ser\u00e1 o representante brasileiro no Oscar 2026, na categoria Melhor Filme Internacional. Protagonizado pelo ator Wagner Moura, o filme \u00e9 ambientado em 1977, durante a ditadura militar. O longa acompanha Marcelo, um professor de tecnologia que [\u2026]<\/p>\n<p>O post <a href=\"https:\/\/operamundi.uol.com.br\/cultura\/o-agente-secreto-sera-representante-brasileiro-no-oscar-2026\/\">\u2018O Agente Secreto\u2019 ser\u00e1 representante brasileiro no Oscar 2026<\/a> apareceu primeiro em <a href=\"https:\/\/operamundi.uol.com.br\/\">Opera Mundi<\/a>.<\/p>\n","protected":false},"author":2,"featured_media":52303,"comment_status":"closed","ping_status":"closed","sticky":false,"template":"","format":"standard","meta":{"fifu_image_url":"","fifu_image_alt":"","footnotes":""},"categories":[18686,1846,45,488,309,1284,5896,2647,6176,1852,6180,1854],"tags":[],"class_list":["post-52302","post","type-post","status-publish","format-standard","has-post-thumbnail","hentry","category-academia-brasileira-de-cinema","category-ainda-estou-aqui","category-brasil","category-cinema","category-cultura","category-ditadura","category-festival-de-cannes","category-kleber-mendonca-filho","category-o-agente-secreto","category-oscar","category-wagner-moura","category-walter-salles"],"_links":{"self":[{"href":"https:\/\/redept.com.br\/blogosfera\/wp-json\/wp\/v2\/posts\/52302","targetHints":{"allow":["GET"]}}],"collection":[{"href":"https:\/\/redept.com.br\/blogosfera\/wp-json\/wp\/v2\/posts"}],"about":[{"href":"https:\/\/redept.com.br\/blogosfera\/wp-json\/wp\/v2\/types\/post"}],"author":[{"embeddable":true,"href":"https:\/\/redept.com.br\/blogosfera\/wp-json\/wp\/v2\/users\/2"}],"replies":[{"embeddable":true,"href":"https:\/\/redept.com.br\/blogosfera\/wp-json\/wp\/v2\/comments?post=52302"}],"version-history":[{"count":0,"href":"https:\/\/redept.com.br\/blogosfera\/wp-json\/wp\/v2\/posts\/52302\/revisions"}],"wp:featuredmedia":[{"embeddable":true,"href":"https:\/\/redept.com.br\/blogosfera\/wp-json\/wp\/v2\/media\/52303"}],"wp:attachment":[{"href":"https:\/\/redept.com.br\/blogosfera\/wp-json\/wp\/v2\/media?parent=52302"}],"wp:term":[{"taxonomy":"category","embeddable":true,"href":"https:\/\/redept.com.br\/blogosfera\/wp-json\/wp\/v2\/categories?post=52302"},{"taxonomy":"post_tag","embeddable":true,"href":"https:\/\/redept.com.br\/blogosfera\/wp-json\/wp\/v2\/tags?post=52302"}],"curies":[{"name":"wp","href":"https:\/\/api.w.org\/{rel}","templated":true}]}}