{"id":52523,"date":"2025-09-16T16:06:50","date_gmt":"2025-09-16T19:06:50","guid":{"rendered":"https:\/\/redept.com.br\/blogosfera\/comissao-da-onu-acusa-israel-de-cometer-genocidio-contra-palestinos-em-gaza\/"},"modified":"2025-09-16T16:06:50","modified_gmt":"2025-09-16T19:06:50","slug":"comissao-da-onu-acusa-israel-de-cometer-genocidio-contra-palestinos-em-gaza","status":"publish","type":"post","link":"https:\/\/redept.com.br\/blogosfera\/comissao-da-onu-acusa-israel-de-cometer-genocidio-contra-palestinos-em-gaza\/","title":{"rendered":"Comiss\u00e3o da ONU acusa Israel de cometer genoc\u00eddio contra palestinos em Gaza"},"content":{"rendered":"<p><img loading=\"lazy\" width=\"1024\" height=\"700\"src=\"https:\/\/redept.com.br\/blogosfera\/wp-content\/uploads\/2025\/09\/cdf587f5-e9ea-43b2-a8ef-8cbd35012bc4-2048x1399-2.jpg\" alt=\"\" decoding=\"async\" loading=\"lazy\" srcset=\"https:\/\/vermelho.org.br\/wp-content\/uploads\/2025\/09\/cdf587f5-e9ea-43b2-a8ef-8cbd35012bc4-1024x700.jpg 1024w, https:\/\/vermelho.org.br\/wp-content\/uploads\/2025\/09\/cdf587f5-e9ea-43b2-a8ef-8cbd35012bc4-300x205.jpg 300w, https:\/\/vermelho.org.br\/wp-content\/uploads\/2025\/09\/cdf587f5-e9ea-43b2-a8ef-8cbd35012bc4-768x525.jpg 768w, https:\/\/vermelho.org.br\/wp-content\/uploads\/2025\/09\/cdf587f5-e9ea-43b2-a8ef-8cbd35012bc4-1536x1049.jpg 1536w, https:\/\/redept.com.br\/blogosfera\/wp-content\/uploads\/2025\/09\/cdf587f5-e9ea-43b2-a8ef-8cbd35012bc4-2048x1399-2.jpg 2048w\" sizes=\"auto, (max-width: 1024px) 100vw, 1024px\"><\/p>\n<p>Uma comiss\u00e3o de investiga\u00e7\u00e3o da Organiza\u00e7\u00e3o das Na\u00e7\u00f5es Unidas (ONU) afirmou nesta ter\u00e7a-feira (16) que Israel cometeu genoc\u00eddio contra palestinos na Faixa de Gaza desde o in\u00edcio da guerra contra o Hamas, em outubro de 2023.<\/p>\n<p>De acordo com o novo relat\u00f3rio, h\u00e1 motivos razo\u00e1veis para concluir que quatro dos cinco atos tipificados pela Conven\u00e7\u00e3o para a Preven\u00e7\u00e3o e a Repress\u00e3o do Crime de Genoc\u00eddio de 1948 foram cometidos: matar membros de um grupo, causar graves danos f\u00edsicos e mentais, impor condi\u00e7\u00f5es destinadas \u00e0 destrui\u00e7\u00e3o parcial ou total do grupo e impedir nascimentos.<\/p>\n<p>O documento cita declara\u00e7\u00f5es de l\u00edderes israelenses e o padr\u00e3o de conduta das for\u00e7as armadas como evid\u00eancias de uma inten\u00e7\u00e3o genocida.<\/p>\n<p>Leia tamb\u00e9m: <a href=\"https:\/\/vermelho.org.br\/2025\/09\/05\/ovacionado-em-veneza-filme-sobre-genocidio-em-gaza-projeta-impacto-mundial\/\">Ovacionado em Veneza, filme sobre genoc\u00eddio em Gaza projeta impacto mundial<\/a><br \/><a href=\"https:\/\/vermelho.org.br\/2025\/09\/01\/funcionarios-pressionam-onu-a-tratar-guerra-em-gaza-como-genocidio\/\">Funcion\u00e1rios pressionam ONU a tratar guerra em Gaza como genoc\u00eddio<\/a><br \/><a href=\"https:\/\/vermelho.org.br\/2025\/08\/27\/livro-denuncia-genocidios-na-guatemala-e-palestina-silenciados-pela-midia\/\">Livro denuncia genoc\u00eddios na Guatemala e Palestina<\/a><\/p>\n<p><strong>Contexto da guerra<\/strong><\/p>\n<p>A \u00faltima onda genocida de Israel foi deflagrado em 7 de outubro de 2023, quando militantes do Hamas atacaram o sul do pa\u00eds, num ato de resist\u00eancia contra exterm\u00ednios e bombardeios constantes dos anos anteriores contra a popula\u00e7\u00e3o palestina. Em resposta, o Ex\u00e9rcito israelense lan\u00e7ou uma ofensiva de grandes propor\u00e7\u00f5es contra Gaza.<\/p>\n<p>Desde ent\u00e3o, ao menos\u00a064.905 pessoas morreram\u00a0em ataques israelenses, segundo o Minist\u00e9rio da Sa\u00fade local, administrado pelo Hamas. Mais de 90% das casas foram destru\u00eddas ou danificadas, e os sistemas de sa\u00fade, \u00e1gua e saneamento entraram em colapso. Organismos internacionais j\u00e1 confirmaram a exist\u00eancia de fome em Gaza.<\/p>\n<p><strong>Evid\u00eancias citadas pela comiss\u00e3o<\/strong><\/p>\n<p>O relat\u00f3rio de 72 p\u00e1ginas afirma que autoridades israelenses, incluindo o primeiro-ministro Benjamin Netanyahu, o presidente Isaac Herzog e o ent\u00e3o ministro da Defesa Yoav Gallant, incitaram pr\u00e1ticas genocidas.<\/p>\n<p>Entre as declara\u00e7\u00f5es citadas est\u00e3o falas de Gallant chamando palestinos de \u201canimais humanos\u201d e de Herzog responsabilizando \u201cuma na\u00e7\u00e3o inteira\u201d pelos ataques do Hamas. Netanyahu, por sua vez, prometeu reduzir Gaza a \u201cescombros\u201d logo ap\u00f3s 7 de outubro.<\/p>\n<p>A comiss\u00e3o sustenta que a inten\u00e7\u00e3o genocida \u00e9 a \u201c\u00fanica infer\u00eancia razo\u00e1vel\u201d a partir das a\u00e7\u00f5es e discursos das autoridades israelenses.<\/p>\n<p><strong>Responsabilidade internacional<\/strong><\/p>\n<p>De acordo com os especialistas, os atos s\u00e3o \u201catribu\u00edveis ao Estado de Israel\u201d, que teria falhado em prevenir, punir e evitar a continuidade do genoc\u00eddio. O relat\u00f3rio tamb\u00e9m alerta que todos os demais pa\u00edses signat\u00e1rios da Conven\u00e7\u00e3o de 1948 t\u00eam obriga\u00e7\u00e3o imediata de agir para prevenir e punir o crime.<\/p>\n<p>Paralelamente, a Corte Internacional de Justi\u00e7a (CIJ) analisa uma a\u00e7\u00e3o apresentada pela \u00c1frica do Sul acusando Israel de genoc\u00eddio em Gaza. O governo israelense rejeita as acusa\u00e7\u00f5es e as considera \u201cinfundadas e tendenciosas\u201d.<\/p>\n<p><strong>O que \u00e9 genoc\u00eddio segundo a ONU?<\/strong><\/p>\n<p>A\u00a0Conven\u00e7\u00e3o para a Preven\u00e7\u00e3o e a Repress\u00e3o do Crime de Genoc\u00eddio\u00a0foi aprovada em 1948, ap\u00f3s o Holocausto, e define genoc\u00eddio como\u00a0a inten\u00e7\u00e3o de destruir, no todo ou em parte, um grupo nacional, \u00e9tnico, racial ou religioso.<\/p>\n<p>Os cinco atos previstos na Conven\u00e7\u00e3o:<\/p>\n<ol>\n<li>Matar membros do grupo<\/li>\n<li>Causar danos f\u00edsicos ou mentais graves<\/li>\n<li>Impor condi\u00e7\u00f5es de vida destinadas \u00e0 destrui\u00e7\u00e3o parcial ou total do grupo<\/li>\n<li>Adotar medidas para impedir nascimentos<\/li>\n<li>Transferir \u00e0 for\u00e7a crian\u00e7as de um grupo para outro<\/li>\n<\/ol>\n<p><strong>O que diz a comiss\u00e3o da ONU<\/strong><\/p>\n<p>Segundo o relat\u00f3rio divulgado em 16 de setembro de 2025, Israel teria cometido\u00a0quatro desses cinco atos\u00a0contra palestinos em Gaza:<\/p>\n<ul>\n<li>Assassinatos em massa e ataques a civis (ato 1).<\/li>\n<li>Ferimentos graves, deslocamentos for\u00e7ados e destrui\u00e7\u00e3o ambiental (ato 2).<\/li>\n<li>Fome, bloqueio de servi\u00e7os b\u00e1sicos e destrui\u00e7\u00e3o de moradias (ato 3).<\/li>\n<li>Ataque a cl\u00ednica de fertilidade, impedindo nascimentos (ato 4).<\/li>\n<\/ul>\n<p><strong>Import\u00e2ncia do relat\u00f3rio<\/strong><\/p>\n<ul>\n<li>O reconhecimento de\u00a0inten\u00e7\u00e3o genocida\u00a0\u00e9 central: sem ela, os atos poderiam ser classificados apenas como\u00a0crimes de guerra\u00a0ou\u00a0crimes contra a humanidade.<\/li>\n<li>Todos os pa\u00edses signat\u00e1rios da Conven\u00e7\u00e3o t\u00eam\u00a0dever legal de prevenir e punir o genoc\u00eddio.<\/li>\n<li>O caso pode abrir caminho para\u00a0responsabiliza\u00e7\u00e3o internacional do Estado de Israel\u00a0e de seus l\u00edderes pol\u00edticos e militares.<\/li>\n<\/ul>\n<p>O post <a href=\"https:\/\/vermelho.org.br\/2025\/09\/16\/726714\/\">Comiss\u00e3o da ONU acusa Israel de cometer genoc\u00eddio contra palestinos em Gaza<\/a> apareceu primeiro em <a href=\"https:\/\/vermelho.org.br\/\">Vermelho<\/a>.<\/p>\n<!-- Begin Yuzo --><div class='yuzo_related_post style-1'  data-version='5.12.89'><!-- without result --><div class='yuzo_clearfixed yuzo__title yuzo__title'><h3>Related Post<\/h3><\/div>\n\t\t\t\t\t\t  <div class=\"relatedthumb \" style=\"width:125px;float:left;overflow:hidden;\">  \n\t\t\t\t\t\t\t  \n\t\t\t\t\t\t\t  <a  href=\"https:\/\/redept.com.br\/blogosfera\/dinamarca-defende-integridade-territorial-da-groenlandia-diante-de-pressoes-americanas-e-mapa-com-cores-dos-eua\/\"  >\n\t\t\t\t\t\t\t\t\t  <div class=\"yuzo-img-wrap \" style=\"width: 125px;height:90px;\">\n\t\t\t\t\t\t\t\t\t\t\n\t\t\t\t\t\t\t\t\t\t<div class=\"yuzo-img\" style=\"background:url('https:\/\/redept.org\/blogosfera\/wp-content\/plugins\/yuzo-related-post\/assets\/images\/default.png') 50% 50% no-repeat;width: 125px;height:90px;margin-bottom: 5px;background-size: cover; \"><\/div>\n\t\t\t\t\t\t\t\t\t  <\/div>\n\t\t\t\t\t\t\t\t\t  \n\t\t\t\t\t\t\t\t   <span class=\"yuzo__text--title\" style=\"font-size:13px;\">Dinamarca defende integridade territorial da Groen...<\/span>\n\t\t\t\t\t\t\t  \n\t\t\t\t\t\t\t  \n\t\t\t\t\t\t\t  <\/a>\n\n\t\t\t\t\t\t  <\/div>\n\t\t\t\t\t\t  <div class=\"relatedthumb \" style=\"width:125px;float:left;overflow:hidden;\">  \n\t\t\t\t\t\t\t  \n\t\t\t\t\t\t\t  <a  href=\"https:\/\/redept.com.br\/blogosfera\/em-rede-nacional-lula-comemora-aprovacao-da-isencao-do-ir-e-equipara-medida-a-14-salario\/\"  >\n\t\t\t\t\t\t\t\t\t  <div class=\"yuzo-img-wrap \" style=\"width: 125px;height:90px;\">\n\t\t\t\t\t\t\t\t\t\t\n\t\t\t\t\t\t\t\t\t\t<div class=\"yuzo-img\" style=\"background:url('https:\/\/redept.org\/blogosfera\/wp-content\/plugins\/yuzo-related-post\/assets\/images\/default.png') 50% 50% no-repeat;width: 125px;height:90px;margin-bottom: 5px;background-size: cover; \"><\/div>\n\t\t\t\t\t\t\t\t\t  <\/div>\n\t\t\t\t\t\t\t\t\t  \n\t\t\t\t\t\t\t\t   <span class=\"yuzo__text--title\" style=\"font-size:13px;\">Em rede nacional, Lula comemora aprova\u00e7\u00e3o da isen\u00e7...<\/span>\n\t\t\t\t\t\t\t  \n\t\t\t\t\t\t\t  \n\t\t\t\t\t\t\t  <\/a>\n\n\t\t\t\t\t\t  <\/div>\n\t\t\t\t\t\t  <div class=\"relatedthumb \" style=\"width:125px;float:left;overflow:hidden;\">  \n\t\t\t\t\t\t\t  \n\t\t\t\t\t\t\t  <a  href=\"https:\/\/redept.com.br\/blogosfera\/em-meio-a-criticas-camara-de-bh-aprova-projeto-para-transformar-praca-sete-na-times-square\/\"  >\n\t\t\t\t\t\t\t\t\t  <div class=\"yuzo-img-wrap \" style=\"width: 125px;height:90px;\">\n\t\t\t\t\t\t\t\t\t\t\n\t\t\t\t\t\t\t\t\t\t<div class=\"yuzo-img\" style=\"background:url('https:\/\/redept.org\/blogosfera\/wp-content\/plugins\/yuzo-related-post\/assets\/images\/default.png') 50% 50% no-repeat;width: 125px;height:90px;margin-bottom: 5px;background-size: cover; \"><\/div>\n\t\t\t\t\t\t\t\t\t  <\/div>\n\t\t\t\t\t\t\t\t\t  \n\t\t\t\t\t\t\t\t   <span class=\"yuzo__text--title\" style=\"font-size:13px;\">Em meio a cr\u00edticas, C\u00e2mara de BH aprova projeto pa...<\/span>\n\t\t\t\t\t\t\t  \n\t\t\t\t\t\t\t  \n\t\t\t\t\t\t\t  <\/a>\n\n\t\t\t\t\t\t  <\/div>\n\t\t\t\t\t\t  <div class=\"relatedthumb \" style=\"width:125px;float:left;overflow:hidden;\">  \n\t\t\t\t\t\t\t  \n\t\t\t\t\t\t\t  <a  href=\"https:\/\/redept.com.br\/blogosfera\/projeto-de-estatuto-da-igualdade-racial-avanca-em-minas-gerais-garante-financiamento-de-politicas-publicas\/\"  >\n\t\t\t\t\t\t\t\t\t  <div class=\"yuzo-img-wrap \" style=\"width: 125px;height:90px;\">\n\t\t\t\t\t\t\t\t\t\t\n\t\t\t\t\t\t\t\t\t\t<div class=\"yuzo-img\" style=\"background:url('https:\/\/redept.org\/blogosfera\/wp-content\/plugins\/yuzo-related-post\/assets\/images\/default.png') 50% 50% no-repeat;width: 125px;height:90px;margin-bottom: 5px;background-size: cover; \"><\/div>\n\t\t\t\t\t\t\t\t\t  <\/div>\n\t\t\t\t\t\t\t\t\t  \n\t\t\t\t\t\t\t\t   <span class=\"yuzo__text--title\" style=\"font-size:13px;\">Projeto de Estatuto da Igualdade Racial avan\u00e7a em ...<\/span>\n\t\t\t\t\t\t\t  \n\t\t\t\t\t\t\t  \n\t\t\t\t\t\t\t  <\/a>\n\n\t\t\t\t\t\t  <\/div>\n<\/div> <script>\n\t\t\t\t\t\t  jQuery(document).ready(function( $ ){\n\t\t\t\t\t\t\t\/\/jQuery('.yuzo_related_post').equalizer({ overflow : 'relatedthumb' });\n\t\t\t\t\t\t\tjQuery('.yuzo_related_post .yuzo_wraps').equalizer({ columns : '> div' });\n\t\t\t\t\t\t   })\n\t\t\t\t\t\t  <\/script> <!-- End Yuzo :) -->","protected":false},"excerpt":{"rendered":"<p>Uma comiss\u00e3o de investiga\u00e7\u00e3o da Organiza\u00e7\u00e3o das Na\u00e7\u00f5es Unidas (ONU) afirmou nesta ter\u00e7a-feira (16) que Israel cometeu genoc\u00eddio contra palestinos na Faixa de Gaza desde o in\u00edcio da guerra contra o Hamas, em outubro de 2023. De acordo com o novo relat\u00f3rio, h\u00e1 motivos razo\u00e1veis para concluir que quatro dos cinco atos tipificados pela Conven\u00e7\u00e3o [&hellip;]<\/p>\n","protected":false},"author":2,"featured_media":0,"comment_status":"open","ping_status":"closed","sticky":false,"template":"","format":"standard","meta":{"fifu_image_url":"","fifu_image_alt":"","footnotes":""},"categories":[400,9246,20028,12197,50,25,54],"tags":[],"class_list":["post-52523","post","type-post","status-publish","format-standard","hentry","category-benjamin-netanyahu","category-comite-de-direitos-humanos-da-onu","category-gtenocidio","category-holocausto","category-internacional","category-israel","category-palestina"],"_links":{"self":[{"href":"https:\/\/redept.com.br\/blogosfera\/wp-json\/wp\/v2\/posts\/52523","targetHints":{"allow":["GET"]}}],"collection":[{"href":"https:\/\/redept.com.br\/blogosfera\/wp-json\/wp\/v2\/posts"}],"about":[{"href":"https:\/\/redept.com.br\/blogosfera\/wp-json\/wp\/v2\/types\/post"}],"author":[{"embeddable":true,"href":"https:\/\/redept.com.br\/blogosfera\/wp-json\/wp\/v2\/users\/2"}],"replies":[{"embeddable":true,"href":"https:\/\/redept.com.br\/blogosfera\/wp-json\/wp\/v2\/comments?post=52523"}],"version-history":[{"count":0,"href":"https:\/\/redept.com.br\/blogosfera\/wp-json\/wp\/v2\/posts\/52523\/revisions"}],"wp:attachment":[{"href":"https:\/\/redept.com.br\/blogosfera\/wp-json\/wp\/v2\/media?parent=52523"}],"wp:term":[{"taxonomy":"category","embeddable":true,"href":"https:\/\/redept.com.br\/blogosfera\/wp-json\/wp\/v2\/categories?post=52523"},{"taxonomy":"post_tag","embeddable":true,"href":"https:\/\/redept.com.br\/blogosfera\/wp-json\/wp\/v2\/tags?post=52523"}],"curies":[{"name":"wp","href":"https:\/\/api.w.org\/{rel}","templated":true}]}}