{"id":52596,"date":"2025-09-16T22:11:53","date_gmt":"2025-09-17T01:11:53","guid":{"rendered":"https:\/\/redept.com.br\/blogosfera\/deputado-do-pl-diz-que-alunos-da-unb-estao-sendo-moldados-para-matar-quem-pensa-diferente-reitoria-e-dce-repudiam\/"},"modified":"2025-09-16T22:11:53","modified_gmt":"2025-09-17T01:11:53","slug":"deputado-do-pl-diz-que-alunos-da-unb-estao-sendo-moldados-para-matar-quem-pensa-diferente-reitoria-e-dce-repudiam","status":"publish","type":"post","link":"https:\/\/redept.com.br\/blogosfera\/deputado-do-pl-diz-que-alunos-da-unb-estao-sendo-moldados-para-matar-quem-pensa-diferente-reitoria-e-dce-repudiam\/","title":{"rendered":"Deputado do PL diz que alunos da UnB est\u00e3o sendo moldados para \u2018matar quem pensa diferente\u2019; Reitoria e DCE repudiam"},"content":{"rendered":"<p>Durante a sess\u00e3o ordin\u00e1ria desta ter\u00e7a-feira (16) na C\u00e2mara Legislativa do Distrito Federal (CLDF), o deputado distrital Thiago Manzoni (PL-DF) disse que alunos da Universidade de Bras\u00edlia (UnB) est\u00e3o sendo moldados no ambiente acad\u00eamico para \u201cmatar quem pensa diferente\u201d. O parlamentar fez refer\u00eancia \u00e0 morte do influenciador de <a href=\"https:\/\/www.brasildefato.com.br\/2025\/09\/16\/execucao-de-charlie-kirk-tradicao-violenta-da-politica-dos-eua-atravessa-seculos\/\">extrema direita Charlie Kirk<\/a>, executado na \u00faltima quarta-feira (10) em um evento universit\u00e1rio nos Estados Unidos (EUA).\u00a0<\/p>\n<p>O distrital afirmou que teria sido agredido verbalmente por estudantes quando fez uma visita ao Campus da UnB no semestre passado e encontrou uma imagem do ex-presidente Jair Bolsonaro morto de cabe\u00e7a para baixo. Ao filmar a cena, ele alega ter recebido amea\u00e7as.\u00a0<\/p>\n<p>\u201cAno passado, semestre passado, n\u00e3o sei bem quando foi, eu fui \u00e0 UnB e fui amea\u00e7ado l\u00e1 pelos alunos. Fui gravar um v\u00eddeo. L\u00e1 tinha v\u00e1rias imagens do amor que eles acreditam. Uma delas era uma faixa enorme com Bolsonaro morto de cabe\u00e7a para baixo. E eu fui gravar aquela imagem e eu fui amea\u00e7ado. Disseram que iam fazer comigo igual o Bolsonaro. Mas como eles n\u00e3o s\u00e3o radicais na cabe\u00e7a deles, isso tudo \u00e9 v\u00e1lido. Imagina o ambiente universit\u00e1rio onde esses jovens estudam. A mentalidade deles est\u00e1 sendo moldada para matar quem pensa diferente\u201d, declarou.\u00a0<\/p>\n<p>O parlamentar continuou criticando as universidades p\u00fablicas e alegando que os alunos saem do ambiente universit\u00e1rio, \u201cna melhor das hip\u00f3teses\u201d, usu\u00e1rios de drogas ou integrantes da \u201cbancada da maconha\u201d.\u00a0<\/p>\n<p>\u201cE isso est\u00e1 acontecendo no campus universit\u00e1rio, onde eram para sair engenheiros, professores, matem\u00e1ticos, bi\u00f3logos. Eles saem de l\u00e1, na melhor das hip\u00f3teses militantes, talvez usu\u00e1rios de drogas, maconheiros, da bancada da maconha. Na pior das hip\u00f3teses, saem de l\u00e1 achando que podem matar quem pensa diferente deles. N\u00e3o est\u00e1 longe da gente n\u00e3o, est\u00e1 aqui\u201d, afirmou.\u00a0<\/p>\n<p>Em seguida, o deputado fez um apelo para que os pais que tenham filhos ingressantes do ensino superior n\u00e3o os deixem ser alunos da UnB. \u201cVoc\u00ea que \u00e9 pai, voc\u00ea que \u00e9 m\u00e3e, que tem seu filho na UnB, \u00e9 triste dizer o que eu vou dizer aqui, mas se eu tivesse no seu lugar, eu retiraria o seu filho de l\u00e1. L\u00e1 eles est\u00e3o formando militantes.\u201d<\/p>\n<p>Ao final das declara\u00e7\u00f5es, Manzoni disse ter sido amea\u00e7ado por um assessor do Psol enquanto discursava na tribuna. Segundo ele, o servidor estava balan\u00e7ando a cabe\u00e7a afirmando que era necess\u00e1rio \u201cter medo\u201d da oposi\u00e7\u00e3o.\u00a0<\/p>\n<p>Ap\u00f3s as falas, o deputado distrital F\u00e1bio F\u00e9lix (Psol-DF), l\u00edder do partido na Casa, afirmou que n\u00e3o toleraria insinua\u00e7\u00f5es de amea\u00e7as. \u201cEu n\u00e3o vou tolerar que seja insinuado que algum servidor, trabalhador da bancada do Psol amea\u00e7ou algum deputado que n\u00e3o fez. N\u00e3o \u00e9 o caso. Ningu\u00e9m pode censurar a liberdade de express\u00e3o da face de ningu\u00e9m aqui. Eu vejo caras e bocas o tempo inteiro e nem por isso \u00e9 amea\u00e7a\u201d.\u00a0<\/p>\n<p>A discuss\u00e3o continuou por algum tempo, e o deputado de direita continuou alegando que havia sido amea\u00e7ado e declarou que n\u00e3o \u201ctem medo\u201d de nenhum dos parlamentares da casa. \u201cN\u00e3o tem insinua\u00e7\u00e3o nenhuma. Tem uma afirma\u00e7\u00e3o que eu fiz da tribuna, como deputado. Tinha um assessor do Psol, balan\u00e7ando a cabe\u00e7a dizendo que \u00e9 para ter medo sim. N\u00f3s n\u00e3o temos medo, n\u00f3s n\u00e3o teremos medo de voc\u00eas, jamais, deputado F\u00e1bio\u201d.\u00a0<\/p>\n<p>O parlamentar psolista finalizou o debate dizendo que n\u00e3o se convenceria da narrativa que Manzoni tentou usar. \u201cN\u00e3o aceitamos e n\u00e3o achamos que esse tom de falar baixo para passar toda essa nova narrativa de que s\u00e3o contra a morte e a viol\u00eancia, isso n\u00e3o convence absolutamente ningu\u00e9m\u201d, pontuou.<\/p>\n<figure><img fetchpriority=\"high\" fetchpriority=\"high\" decoding=\"async\" width=\"800\" height=\"600\"src=\"https:\/\/redept.com.br\/blogosfera\/wp-content\/uploads\/2025\/09\/image_processing20220715-24893-igxatu-800x570-1.jpeg\" alt=\"\" srcset=\"https:\/\/assets.brasildefato.com.br\/2024\/09\/image_processing20220715-24893-igxatu-300x225.jpeg 300w, https:\/\/assets.brasildefato.com.br\/2024\/09\/image_processing20220715-24893-igxatu-768x576.jpeg 768w, https:\/\/assets.brasildefato.com.br\/2024\/09\/image_processing20220715-24893-igxatu-750x536.jpeg 750w, https:\/\/redept.com.br\/blogosfera\/wp-content\/uploads\/2025\/09\/image_processing20220715-24893-igxatu-800x570-1.jpeg 800w\" sizes=\"(max-width: 800px) 100vw, 800px\"><figcaption>Existe diferen\u00e7a entre m\u00e1 gest\u00e3o e ser criminoso | Foto: Presid\u00eancia da Rep\u00fablica<\/figcaption><\/figure>\n<p>Os deputados distritais Chico Vigilante e Gabriel Magno, ambos do Partido dos Trabalhadores, tamb\u00e9m se manifestaram em plen\u00e1rio. Em seu pronunciamento, Vigilante relembrou de dois epis\u00f3dios de viol\u00eancia pol\u00edtica, o primeiro que ocorreu em setembro de 2018 quando Jair Bolsonaro (PL), em um discurso no Acre, pegou um trip\u00e9 de uma c\u00e2mera de televis\u00e3o para simular um fuzil e disse: \u201cVamo fuzilar a petralhada aqui do Acre!\u201d. O outro epis\u00f3dio rememorado foi o <a href=\"https:\/\/www.brasildefato.com.br\/2025\/03\/14\/justica-revoga-prisao-domiciliar-de-bolsonarista-que-matou-marcelo-aruda\/\">assassinato do petista Marcelo Arruda<\/a> no Paran\u00e1 em 2022.<\/p>\n<p>\u201cIsso \u00e9 pouco? N\u00e3o \u00e9. Portanto, acho que \u00e9 muito importante o ponto que a direita est\u00e1 chegando e ver que n\u00e3o vale, n\u00e3o tem sentido a viol\u00eancia pol\u00edtica\u201d, refor\u00e7ou Chico Vigilante.<\/p>\n<p>Para o deputado Gabriel Magno o discurso proferido pelo deputado do PL n\u00e3o pode ser normalizado. \u201cN\u00e3o d\u00e1 pra gente normalizar alguns discursos aqui, infelizes, violentos, que misturam cal\u00fania, mentira, distor\u00e7\u00f5es, uma tentativa grosseira de distorcer a realidade, porque agora querem pousar de v\u00edtimas e pacifistas e v\u00edtimas da viol\u00eancia\u201d.<\/p>\n<p>O parlamentar petista ainda disse que n\u00e3o iria recuar contra aqueles que incitam o \u00f3dio \u201cporque est\u00e3o desesperados, porque perderam no argumento jur\u00eddico,  democr\u00e1tico e no argumento pol\u00edtico\u201d.<\/p>\n<p>Magno, que \u00e9 presidente da Comiss\u00e3o de Educa\u00e7\u00e3o da CLDF destacou a import\u00e2ncia da UnB e finalizou: \u201ceu quero que os filhos dos brasilienses, os estudantes das escolas p\u00fablicas dessa cidade tenham a oportunidade de cursar a Universidade de Bras\u00edlia, uma das melhores universidades do mundo. Aprender o curso e a profiss\u00e3o que escolherem, mas aprender o valor da democracia, aprender o valor da ci\u00eancia, aprender o valor da diversidade\u201d.<\/p>\n<h4>Declara\u00e7\u00f5es ofensivas<\/h4>\n<p>Em nota a Universidade de Bras\u00edlia (UnB) repudiou as falas do parlamentar e classificou como ofensivas \u00e0 institui\u00e7\u00e3o e \u00e0 comunidade acad\u00eamica. \u201cS\u00e3o falas que desrespeitam estudantes, docentes e t\u00e9cnicos e atacam a miss\u00e3o constitucional das universidades p\u00fablicas: produzir conhecimento, promover ci\u00eancia e contribuir para o desenvolvimento do pa\u00eds\u201d, destaca a institui\u00e7\u00e3o de ensino.<\/p>\n<p>Criada em 1962, a universidade, conforme destaca a nota, nasceu pautada pela liberdade e pela democracia. \u201cA UnB resistiu aos tempos sombrios da ditadura militar. Projetos autorit\u00e1rios sempre tentaram enfraquecer a educa\u00e7\u00e3o e desmoralizar as universidades; n\u00e3o conseguiram no passado e n\u00e3o conseguir\u00e3o agora\u201d. <\/p>\n<p>\u201cA todo momento esses deputados da extrema direita tentam ridicularizar as universidades federais, pois tem medo da pot\u00eancia que s\u00e3o os estudantes organizados, n\u00f3s do DCE temos muito orgulho de construir o movimento estudantil e estudar em uma das melhores universidades do pa\u00eds\u201d, destaca a diretora do Diret\u00f3rio Central dos Estudantes da UnB Honestino Guimar\u00e3es, La\u00eds Cantu\u00e1rio.<\/p>\n<p>Ainda na avalia\u00e7\u00e3o da diretora do DCE\/UnB discursos como o do parlamentar bolsonarista n\u00e3o s\u00e3o por acaso. \u201cS\u00e3o, sobretudo, pol\u00edticos, buscam desmoralizar o ensino p\u00fablico gratuito e de qualidade para enaltecer o setor privado, para gerar mais lucro para os \u2018tubar\u00f5es da educa\u00e7\u00e3o&#8217;\u201d.<\/p>\n<p>A nota da UnB finaliza afirmando que a comunidade acad\u00eamica \u00e9 diversa, plural e comprometida com a justi\u00e7a social e socioambiental. \u201cA UnB seguir\u00e1 firme na defesa da liberdade de pensamento, da liberdade de c\u00e1tedra e dos valores democr\u00e1ticos\u201d.<\/p>\n<p>\u201cQuem estuda ou estudou sabe a pot\u00eancia da Universidade de Bras\u00edlia; a UnB \u00e9 refer\u00eancia internacional e esses discursos devem ser combatidos\u201d, enfatiza La\u00eds Cantu\u00e1rio.<\/p>\n<p>::\u00a0<a href=\"https:\/\/whatsapp.com\/channel\/0029VaEQIfmCcW4uaP10fn31\" target=\"_blank\" rel=\"noreferrer noopener\">Receba not\u00edcias do Brasil de Fato DF no seu Whatsapp<\/a>\u00a0::<\/p>\n<p>O post <a href=\"https:\/\/www.brasildefato.com.br\/2025\/09\/16\/deputado-do-pl-diz-que-alunos-da-unb-estao-sendo-moldados-para-matar-quem-pensa-diferente-reitoria-e-dce-repudiam\/\">Deputado do PL diz que alunos da UnB est\u00e3o sendo moldados para \u2018matar quem pensa diferente\u2019; Reitoria e DCE repudiam<\/a> apareceu primeiro em <a href=\"https:\/\/www.brasildefato.com.br\/\">Brasil de Fato<\/a>.<\/p>\n<!-- Begin Yuzo --><div class='yuzo_related_post style-1'  data-version='5.12.89'><!-- without result --><div class='yuzo_clearfixed yuzo__title yuzo__title'><h3>Related Post<\/h3><\/div>\n\t\t\t\t\t\t  <div class=\"relatedthumb \" style=\"width:125px;float:left;overflow:hidden;\">  \n\t\t\t\t\t\t\t  \n\t\t\t\t\t\t\t  <a  href=\"https:\/\/redept.com.br\/blogosfera\/a-tarifa-zero-e-possivel-entenda-como-a-gratuidade-nos-onibus-de-bh-seria-financiada\/\"  >\n\t\t\t\t\t\t\t\t\t  <div class=\"yuzo-img-wrap \" style=\"width: 125px;height:90px;\">\n\t\t\t\t\t\t\t\t\t\t\n\t\t\t\t\t\t\t\t\t\t<div class=\"yuzo-img\" style=\"background:url('https:\/\/redept.org\/blogosfera\/wp-content\/plugins\/yuzo-related-post\/assets\/images\/default.png') 50% 50% no-repeat;width: 125px;height:90px;margin-bottom: 5px;background-size: cover; \"><\/div>\n\t\t\t\t\t\t\t\t\t  <\/div>\n\t\t\t\t\t\t\t\t\t  \n\t\t\t\t\t\t\t\t   <span class=\"yuzo__text--title\" style=\"font-size:13px;\">A Tarifa Zero \u00e9 poss\u00edvel? Entenda como a gratuidad...<\/span>\n\t\t\t\t\t\t\t  \n\t\t\t\t\t\t\t  \n\t\t\t\t\t\t\t  <\/a>\n\n\t\t\t\t\t\t  <\/div>\n\t\t\t\t\t\t  <div class=\"relatedthumb \" style=\"width:125px;float:left;overflow:hidden;\">  \n\t\t\t\t\t\t\t  \n\t\t\t\t\t\t\t  <a  href=\"https:\/\/redept.com.br\/blogosfera\/tarifa-zero-aos-domingos-e-como-distribuir-sobremesa-para-quem-nao-tem-o-que-almocar\/\"  >\n\t\t\t\t\t\t\t\t\t  <div class=\"yuzo-img-wrap \" style=\"width: 125px;height:90px;\">\n\t\t\t\t\t\t\t\t\t\t\n\t\t\t\t\t\t\t\t\t\t<div class=\"yuzo-img\" style=\"background:url('https:\/\/redept.org\/blogosfera\/wp-content\/plugins\/yuzo-related-post\/assets\/images\/default.png') 50% 50% no-repeat;width: 125px;height:90px;margin-bottom: 5px;background-size: cover; \"><\/div>\n\t\t\t\t\t\t\t\t\t  <\/div>\n\t\t\t\t\t\t\t\t\t  \n\t\t\t\t\t\t\t\t   <span class=\"yuzo__text--title\" style=\"font-size:13px;\">Tarifa zero aos domingos \u00e9 como distribuir sobreme...<\/span>\n\t\t\t\t\t\t\t  \n\t\t\t\t\t\t\t  \n\t\t\t\t\t\t\t  <\/a>\n\n\t\t\t\t\t\t  <\/div>\n\t\t\t\t\t\t  <div class=\"relatedthumb \" style=\"width:125px;float:left;overflow:hidden;\">  \n\t\t\t\t\t\t\t  \n\t\t\t\t\t\t\t  <a  href=\"https:\/\/redept.com.br\/blogosfera\/braskem-na-cop30-incoerencia-entre-discurso-e-realidade\/\"  >\n\t\t\t\t\t\t\t\t\t  <div class=\"yuzo-img-wrap \" style=\"width: 125px;height:90px;\">\n\t\t\t\t\t\t\t\t\t\t\n\t\t\t\t\t\t\t\t\t\t<div class=\"yuzo-img\" style=\"background:url('https:\/\/redept.com.br\/blogosfera\/wp-content\/uploads\/2025\/11\/bairro_ruinas-2-150x150.jpg') 50% 50% no-repeat;width: 125px;height:90px;margin-bottom: 5px;background-size: cover; \"><\/div>\n\t\t\t\t\t\t\t\t\t  <\/div>\n\t\t\t\t\t\t\t\t\t  \n\t\t\t\t\t\t\t\t   <span class=\"yuzo__text--title\" style=\"font-size:13px;\">Braskem na COP30: incoer\u00eancia entre discurso e rea...<\/span>\n\t\t\t\t\t\t\t  \n\t\t\t\t\t\t\t  \n\t\t\t\t\t\t\t  <\/a>\n\n\t\t\t\t\t\t  <\/div>\n\t\t\t\t\t\t  <div class=\"relatedthumb \" style=\"width:125px;float:left;overflow:hidden;\">  \n\t\t\t\t\t\t\t  \n\t\t\t\t\t\t\t  <a  href=\"https:\/\/redept.com.br\/blogosfera\/lula-participara-da-cupula-da-celac-para-debater-integracao-regional\/\"  >\n\t\t\t\t\t\t\t\t\t  <div class=\"yuzo-img-wrap \" style=\"width: 125px;height:90px;\">\n\t\t\t\t\t\t\t\t\t\t\n\t\t\t\t\t\t\t\t\t\t<div class=\"yuzo-img\" style=\"background:url('https:\/\/redept.com.br\/blogosfera\/wp-content\/uploads\/2025\/04\/image-25-150x150.png') 50% 50% no-repeat;width: 125px;height:90px;margin-bottom: 5px;background-size: cover; \"><\/div>\n\t\t\t\t\t\t\t\t\t  <\/div>\n\t\t\t\t\t\t\t\t\t  \n\t\t\t\t\t\t\t\t   <span class=\"yuzo__text--title\" style=\"font-size:13px;\">Lula participar\u00e1 da C\u00fapula da Celac para debater i...<\/span>\n\t\t\t\t\t\t\t  \n\t\t\t\t\t\t\t  \n\t\t\t\t\t\t\t  <\/a>\n\n\t\t\t\t\t\t  <\/div>\n<\/div> <script>\n\t\t\t\t\t\t  jQuery(document).ready(function( $ ){\n\t\t\t\t\t\t\t\/\/jQuery('.yuzo_related_post').equalizer({ overflow : 'relatedthumb' });\n\t\t\t\t\t\t\tjQuery('.yuzo_related_post .yuzo_wraps').equalizer({ columns : '> div' });\n\t\t\t\t\t\t   })\n\t\t\t\t\t\t  <\/script> <!-- End Yuzo :) -->","protected":false},"excerpt":{"rendered":"<p>Durante a sess\u00e3o ordin\u00e1ria desta ter\u00e7a-feira (16) na C\u00e2mara Legislativa do Distrito Federal (CLDF), o deputado distrital Thiago Manzoni (PL-DF) disse que alunos da Universidade de Bras\u00edlia (UnB) est\u00e3o sendo moldados no ambiente acad\u00eamico para \u201cmatar quem pensa diferente\u201d. O parlamentar fez refer\u00eancia \u00e0 morte do influenciador de extrema direita Charlie Kirk, executado na \u00faltima [&hellip;]<\/p>\n","protected":false},"author":2,"featured_media":0,"comment_status":"open","ping_status":"closed","sticky":false,"template":"","format":"standard","meta":{"fifu_image_url":"","fifu_image_alt":"","footnotes":""},"categories":[8818,423,132,1209],"tags":[],"class_list":["post-52596","post","type-post","status-publish","format-standard","hentry","category-cldf","category-extrema-direita","category-politica","category-unb"],"_links":{"self":[{"href":"https:\/\/redept.com.br\/blogosfera\/wp-json\/wp\/v2\/posts\/52596","targetHints":{"allow":["GET"]}}],"collection":[{"href":"https:\/\/redept.com.br\/blogosfera\/wp-json\/wp\/v2\/posts"}],"about":[{"href":"https:\/\/redept.com.br\/blogosfera\/wp-json\/wp\/v2\/types\/post"}],"author":[{"embeddable":true,"href":"https:\/\/redept.com.br\/blogosfera\/wp-json\/wp\/v2\/users\/2"}],"replies":[{"embeddable":true,"href":"https:\/\/redept.com.br\/blogosfera\/wp-json\/wp\/v2\/comments?post=52596"}],"version-history":[{"count":0,"href":"https:\/\/redept.com.br\/blogosfera\/wp-json\/wp\/v2\/posts\/52596\/revisions"}],"wp:attachment":[{"href":"https:\/\/redept.com.br\/blogosfera\/wp-json\/wp\/v2\/media?parent=52596"}],"wp:term":[{"taxonomy":"category","embeddable":true,"href":"https:\/\/redept.com.br\/blogosfera\/wp-json\/wp\/v2\/categories?post=52596"},{"taxonomy":"post_tag","embeddable":true,"href":"https:\/\/redept.com.br\/blogosfera\/wp-json\/wp\/v2\/tags?post=52596"}],"curies":[{"name":"wp","href":"https:\/\/api.w.org\/{rel}","templated":true}]}}