{"id":52636,"date":"2025-09-16T18:50:50","date_gmt":"2025-09-16T21:50:50","guid":{"rendered":"https:\/\/redept.com.br\/blogosfera\/colombia-concede-cidadania-a-jorge-glas-e-pede-a-equador-que-permita-seu-asilo-no-pais\/"},"modified":"2025-09-16T18:50:50","modified_gmt":"2025-09-16T21:50:50","slug":"colombia-concede-cidadania-a-jorge-glas-e-pede-a-equador-que-permita-seu-asilo-no-pais","status":"publish","type":"post","link":"https:\/\/redept.com.br\/blogosfera\/colombia-concede-cidadania-a-jorge-glas-e-pede-a-equador-que-permita-seu-asilo-no-pais\/","title":{"rendered":"Col\u00f4mbia concede cidadania a Jorge Glas e pede a Equador que permita seu asilo no pa\u00eds"},"content":{"rendered":"<p>O presidente da Col\u00f4mbia, Gustavo Petro, anunciou nesta ter\u00e7a-feira (16\/09), que seu governo concedeu a cidadania colombiana ao ex-vice-presidente do Equador, Jorge Glas, que est\u00e1 preso em seu pa\u00eds natal e alega ser v\u00edtima de tortura e de uma opera\u00e7\u00e3o de lawfare.<\/p>\n<p>Segundo Petro, \u201co cidad\u00e3o Jorge Glas obteve sua cidadania colombiana, e espero que o governo equatoriano permita que ele possa vir ao nosso pa\u00eds\u201d.<\/p>\n<p>\u201cSeria um gesto importante a favor da paz e da integra\u00e7\u00e3o regional\u201d, acrescentou o mandat\u00e1rio colombiano, em sua declara\u00e7\u00e3o.<\/p>\n<h3>Quem \u00e9 Jorge Glas<\/h3>\n<p>Vice-presidente do Equador entre os anos de 2013 e 2017), durante o \u00faltimo mandato de Rafael Correa (2007-2017), Glas foi condenado em 2017 por envolvimento com um suposto esquema de corrup\u00e7\u00e3o, mas sua defesa alega que ele \u00e9 inocente e que a senten\u00e7a foi parte de uma campanha de persegui\u00e7\u00e3o pol\u00edtica contra ele e outros l\u00edderes progressistas do pa\u00eds.<\/p>\n<p>O pr\u00f3prio Rafael Correa foi condenado pela Justi\u00e7a equatoriana, tamb\u00e9m por sua suposta liga\u00e7\u00e3o com atos de corrup\u00e7\u00e3o, mas se encontra na B\u00e9lgica, pa\u00eds onde se mant\u00e9m em ex\u00edlio desde 2020.<\/p>\n<figure aria-describedby=\"caption-attachment-231558\"><img fetchpriority=\"high\" decoding=\"async\"src=\"https:\/\/redept.com.br\/blogosfera\/wp-content\/uploads\/2025\/09\/glas.jpg\" alt=\"\" width=\"1024\" height=\"703\" srcset=\"https:\/\/redept.com.br\/blogosfera\/wp-content\/uploads\/2025\/09\/glas.jpg 1024w, https:\/\/operamundi.uol.com.br\/wp-content\/uploads\/2025\/09\/glas-300x206.jpg 300w, https:\/\/operamundi.uol.com.br\/wp-content\/uploads\/2025\/09\/glas-768x527.jpg 768w, https:\/\/operamundi.uol.com.br\/wp-content\/uploads\/2025\/09\/glas-150x103.jpg 150w, https:\/\/operamundi.uol.com.br\/wp-content\/uploads\/2025\/09\/glas-750x515.jpg 750w\" sizes=\"(max-width: 1024px) 100vw, 1024px\"><figcaption>Advogados de Jorge Glas alegam que ele \u00e9 v\u00edtima de persegui\u00e7\u00e3o judicial no Equador <br \/>Wikimedia Commons<\/figcaption><\/figure>\n<p>Jorge Glas alega ser v\u00edtima de persegui\u00e7\u00e3o judicial no Equador<\/p>\n<p>Em 2022, uma decis\u00e3o judicial permitiu sua liberta\u00e7\u00e3o, mas essa situa\u00e7\u00e3o durou apenas alguns meses. Em 2023, diante de uma nova ordem de pris\u00e3o, o pol\u00edtico encontrou ref\u00fagio na Embaixada do M\u00e9xico em Quito, e recebeu asilo pol\u00edtico concedido pelo governo do ent\u00e3o presidente Andr\u00e9s Manuel L\u00f3pez Obrador (2018-2024).<\/p>\n<p>No entanto, enquanto o pedido de extradi\u00e7\u00e3o ao M\u00e9xico tramitava nos tribunais equatorianos, em abril de 2024, a Pol\u00edcia Nacional do pa\u00eds andino invadiu a miss\u00e3o diplom\u00e1tica mexicana e prendeu Glas.<\/p>\n<p>O operativo policial resultou, tamb\u00e9m, no rompimento de rela\u00e7\u00f5es diplom\u00e1ticas entre Quito e Cidade do M\u00e9xico.<\/p>\n<p>Desde ent\u00e3o, Glas permanece em uma pris\u00e3o de seguran\u00e7a m\u00e1xima. Sua defesa alega que as autoridades locais o mant\u00eam propositalmente em condi\u00e7\u00f5es insalubres e sob situa\u00e7\u00e3o de tortura, incluindo a dificuldade de acesso a medicamentos de uso controlado que ele precisa tomar por quest\u00f5es de sa\u00fade.<\/p>\n<p>O post Col\u00f4mbia concede cidadania a Jorge Glas e pede a Equador que permita seu asilo no pa\u00eds apareceu primeiro em Opera Mundi.<\/p>\n<!-- Begin Yuzo --><div class='yuzo_related_post style-1'  data-version='5.12.89'><!-- without result --><div class='yuzo_clearfixed yuzo__title yuzo__title'><h3>Related Post<\/h3><\/div>\n\t\t\t\t\t\t  <div class=\"relatedthumb \" style=\"width:125px;float:left;overflow:hidden;\">  \n\t\t\t\t\t\t\t  \n\t\t\t\t\t\t\t  <a  href=\"https:\/\/redept.com.br\/blogosfera\/bashar-al-assad-busca-refugio-em-moscou-diz-imprensa-russa\/\"  >\n\t\t\t\t\t\t\t\t\t  <div class=\"yuzo-img-wrap \" style=\"width: 125px;height:90px;\">\n\t\t\t\t\t\t\t\t\t\t\n\t\t\t\t\t\t\t\t\t\t<div class=\"yuzo-img\" style=\"background:url('https:\/\/redept.org\/blogosfera\/wp-content\/plugins\/yuzo-related-post\/assets\/images\/default.png') 50% 50% no-repeat;width: 125px;height:90px;margin-bottom: 5px;background-size: cover; \"><\/div>\n\t\t\t\t\t\t\t\t\t  <\/div>\n\t\t\t\t\t\t\t\t\t  \n\t\t\t\t\t\t\t\t   <span class=\"yuzo__text--title\" style=\"font-size:13px;\">Bashar al-Assad busca ref\u00fagio em Moscou, diz impre...<\/span>\n\t\t\t\t\t\t\t  \n\t\t\t\t\t\t\t  \n\t\t\t\t\t\t\t  <\/a>\n\n\t\t\t\t\t\t  <\/div>\n\t\t\t\t\t\t  <div class=\"relatedthumb \" style=\"width:125px;float:left;overflow:hidden;\">  \n\t\t\t\t\t\t\t  \n\t\t\t\t\t\t\t  <a  href=\"https:\/\/redept.com.br\/blogosfera\/tempo-e-memoria-em-chico-buarque\/\"  >\n\t\t\t\t\t\t\t\t\t  <div class=\"yuzo-img-wrap \" style=\"width: 125px;height:90px;\">\n\t\t\t\t\t\t\t\t\t\t\n\t\t\t\t\t\t\t\t\t\t<div class=\"yuzo-img\" style=\"background:url('https:\/\/redept.com.br\/blogosfera\/wp-content\/uploads\/2026\/04\/chicob-150x150.jpeg') 50% 50% no-repeat;width: 125px;height:90px;margin-bottom: 5px;background-size: cover; \"><\/div>\n\t\t\t\t\t\t\t\t\t  <\/div>\n\t\t\t\t\t\t\t\t\t  \n\t\t\t\t\t\t\t\t   <span class=\"yuzo__text--title\" style=\"font-size:13px;\">Tempo e mem\u00f3ria em Chico Buarque<\/span>\n\t\t\t\t\t\t\t  \n\t\t\t\t\t\t\t  \n\t\t\t\t\t\t\t  <\/a>\n\n\t\t\t\t\t\t  <\/div>\n\t\t\t\t\t\t  <div class=\"relatedthumb \" style=\"width:125px;float:left;overflow:hidden;\">  \n\t\t\t\t\t\t\t  \n\t\t\t\t\t\t\t  <a  href=\"https:\/\/redept.com.br\/blogosfera\/carol-dartora-defende-condenacao-de-bolsonaro-e-cobra-julgamento-por-crimes-da-pandemia\/\"  >\n\t\t\t\t\t\t\t\t\t  <div class=\"yuzo-img-wrap \" style=\"width: 125px;height:90px;\">\n\t\t\t\t\t\t\t\t\t\t\n\t\t\t\t\t\t\t\t\t\t<div class=\"yuzo-img\" style=\"background:url('https:\/\/redept.org\/blogosfera\/wp-content\/plugins\/yuzo-related-post\/assets\/images\/default.png') 50% 50% no-repeat;width: 125px;height:90px;margin-bottom: 5px;background-size: cover; \"><\/div>\n\t\t\t\t\t\t\t\t\t  <\/div>\n\t\t\t\t\t\t\t\t\t  \n\t\t\t\t\t\t\t\t   <span class=\"yuzo__text--title\" style=\"font-size:13px;\">Carol Dartora defende condena\u00e7\u00e3o de Bolsonaro e co...<\/span>\n\t\t\t\t\t\t\t  \n\t\t\t\t\t\t\t  \n\t\t\t\t\t\t\t  <\/a>\n\n\t\t\t\t\t\t  <\/div>\n\t\t\t\t\t\t  <div class=\"relatedthumb \" style=\"width:125px;float:left;overflow:hidden;\">  \n\t\t\t\t\t\t\t  \n\t\t\t\t\t\t\t  <a  href=\"https:\/\/redept.com.br\/blogosfera\/categoria-petroleira-reage-a-novo-tarifaco-dos-eua-imposto-unilateralmente-ao-brasil\/\"  >\n\t\t\t\t\t\t\t\t\t  <div class=\"yuzo-img-wrap \" style=\"width: 125px;height:90px;\">\n\t\t\t\t\t\t\t\t\t\t\n\t\t\t\t\t\t\t\t\t\t<div class=\"yuzo-img\" style=\"background:url('https:\/\/redept.org\/blogosfera\/wp-content\/plugins\/yuzo-related-post\/assets\/images\/default.png') 50% 50% no-repeat;width: 125px;height:90px;margin-bottom: 5px;background-size: cover; \"><\/div>\n\t\t\t\t\t\t\t\t\t  <\/div>\n\t\t\t\t\t\t\t\t\t  \n\t\t\t\t\t\t\t\t   <span class=\"yuzo__text--title\" style=\"font-size:13px;\">Categoria petroleira reage a novo tarifa\u00e7o dos EUA...<\/span>\n\t\t\t\t\t\t\t  \n\t\t\t\t\t\t\t  \n\t\t\t\t\t\t\t  <\/a>\n\n\t\t\t\t\t\t  <\/div>\n<\/div> <script>\n\t\t\t\t\t\t  jQuery(document).ready(function( $ ){\n\t\t\t\t\t\t\t\/\/jQuery('.yuzo_related_post').equalizer({ overflow : 'relatedthumb' });\n\t\t\t\t\t\t\tjQuery('.yuzo_related_post .yuzo_wraps').equalizer({ columns : '> div' });\n\t\t\t\t\t\t   })\n\t\t\t\t\t\t  <\/script> <!-- End Yuzo :) -->","protected":false},"excerpt":{"rendered":"<p>O presidente da Col\u00f4mbia, Gustavo Petro, anunciou nesta ter\u00e7a-feira (16\/09), que seu governo concedeu a cidadania colombiana ao ex-vice-presidente do Equador, Jorge Glas, que est\u00e1 preso em seu pa\u00eds natal e alega ser v\u00edtima de tortura e de uma opera\u00e7\u00e3o de lawfare. Segundo Petro, \u201co cidad\u00e3o Jorge Glas obteve sua cidadania colombiana, e espero que [\u2026]<\/p>\n<p>O post <a href=\"https:\/\/operamundi.uol.com.br\/politica-e-economia\/colombia-concede-cidadania-a-jorge-glas-e-pede-a-equador-que-permita-seu-asilo-no-pais\/\">Col\u00f4mbia concede cidadania a Jorge Glas e pede a Equador que permita seu asilo no pa\u00eds<\/a> apareceu primeiro em <a href=\"https:\/\/operamundi.uol.com.br\/\">Opera Mundi<\/a>.<\/p>\n","protected":false},"author":2,"featured_media":52637,"comment_status":"closed","ping_status":"closed","sticky":false,"template":"","format":"standard","meta":{"fifu_image_url":"","fifu_image_alt":"","footnotes":""},"categories":[15551,264,1787,2207,3604,655,7855,2953,20151,3675,726,7393,2124,5518,5053,2110],"tags":[],"class_list":["post-52636","post","type-post","status-publish","format-standard","has-post-thumbnail","hentry","category-asilo","category-cidadania","category-colombia","category-corrupcao","category-daniel-noboa","category-equador","category-extradicao","category-gustavo-petro","category-jorge-glas","category-lawfare","category-mexico","category-obrador","category-paz","category-politica-e-economia","category-rafael-correa","category-tortura"],"_links":{"self":[{"href":"https:\/\/redept.com.br\/blogosfera\/wp-json\/wp\/v2\/posts\/52636","targetHints":{"allow":["GET"]}}],"collection":[{"href":"https:\/\/redept.com.br\/blogosfera\/wp-json\/wp\/v2\/posts"}],"about":[{"href":"https:\/\/redept.com.br\/blogosfera\/wp-json\/wp\/v2\/types\/post"}],"author":[{"embeddable":true,"href":"https:\/\/redept.com.br\/blogosfera\/wp-json\/wp\/v2\/users\/2"}],"replies":[{"embeddable":true,"href":"https:\/\/redept.com.br\/blogosfera\/wp-json\/wp\/v2\/comments?post=52636"}],"version-history":[{"count":0,"href":"https:\/\/redept.com.br\/blogosfera\/wp-json\/wp\/v2\/posts\/52636\/revisions"}],"wp:featuredmedia":[{"embeddable":true,"href":"https:\/\/redept.com.br\/blogosfera\/wp-json\/wp\/v2\/media\/52637"}],"wp:attachment":[{"href":"https:\/\/redept.com.br\/blogosfera\/wp-json\/wp\/v2\/media?parent=52636"}],"wp:term":[{"taxonomy":"category","embeddable":true,"href":"https:\/\/redept.com.br\/blogosfera\/wp-json\/wp\/v2\/categories?post=52636"},{"taxonomy":"post_tag","embeddable":true,"href":"https:\/\/redept.com.br\/blogosfera\/wp-json\/wp\/v2\/tags?post=52636"}],"curies":[{"name":"wp","href":"https:\/\/api.w.org\/{rel}","templated":true}]}}