{"id":52643,"date":"2025-09-16T15:41:13","date_gmt":"2025-09-16T18:41:13","guid":{"rendered":"https:\/\/redept.com.br\/blogosfera\/o-antropofagista-precisa-do-apoio-dos-seus-leitores\/"},"modified":"2025-09-16T15:41:13","modified_gmt":"2025-09-16T18:41:13","slug":"o-antropofagista-precisa-do-apoio-dos-seus-leitores","status":"publish","type":"post","link":"https:\/\/redept.com.br\/blogosfera\/o-antropofagista-precisa-do-apoio-dos-seus-leitores\/","title":{"rendered":"O Antropofagista precisa do apoio dos seus leitores"},"content":{"rendered":"<p>O apoio dos nossos leitores via PIX, \u00e9 fundamental para manter a independ\u00eancia e a qualidade do jornalismo.<\/p>\n<p>O Antropofagista valoriza a liberdade de express\u00e3o e o compromisso com a verdade, sem influ\u00eancias externas que possam comprometer a imparcialidade das not\u00edcias.<\/p>\n<hr>\n<h5>Apoie com qualquer valor<br \/>\nPIX: 45013993768<br \/>\nAgradecemos aos nossos leitores<\/h5>\n<hr>\n<p><strong>Siga-nos no Facebook:<\/strong> https:\/\/www.facebook.com\/profile.php?id=100070790366110<\/p>\n<p><strong>Siga-nos no Whatsapp:<\/strong> https:\/\/chat.whatsapp.com\/K8Zc6XOHkN258pOahSE1L1?mode=ems_copy_c<\/p>\n<p><strong>Siga-nos no X:<\/strong> https:\/\/x.com\/Antropofagista1<\/p>\n<p><strong>Siga-nos no Instagram<\/strong> https:\/\/www.instagram.com\/blogantropofagista?igsh=YzljYTk1ODg3Z<\/p>\n<p>The post O Antropofagista precisa do apoio dos seus leitores first appeared on Antropofagista.<\/p>\n<!-- Begin Yuzo --><div class='yuzo_related_post style-1'  data-version='5.12.89'><!-- without result --><div class='yuzo_clearfixed yuzo__title yuzo__title'><h3>Related Post<\/h3><\/div>\n\t\t\t\t\t\t  <div class=\"relatedthumb \" style=\"width:125px;float:left;overflow:hidden;\">  \n\t\t\t\t\t\t\t  \n\t\t\t\t\t\t\t  <a  href=\"https:\/\/redept.com.br\/blogosfera\/lula-encontro-da-farmacia-do-mundo-com-o-celeiro-do-mundo-da-superpotencia-digital-com-a-da-energia-renovavel-video\/\"  >\n\t\t\t\t\t\t\t\t\t  <div class=\"yuzo-img-wrap \" style=\"width: 125px;height:90px;\">\n\t\t\t\t\t\t\t\t\t\t\n\t\t\t\t\t\t\t\t\t\t<div class=\"yuzo-img\" style=\"background:url('https:\/\/redept.org\/blogosfera\/wp-content\/plugins\/yuzo-related-post\/assets\/images\/default.png') 50% 50% no-repeat;width: 125px;height:90px;margin-bottom: 5px;background-size: cover; \"><\/div>\n\t\t\t\t\t\t\t\t\t  <\/div>\n\t\t\t\t\t\t\t\t\t  \n\t\t\t\t\t\t\t\t   <span class=\"yuzo__text--title\" style=\"font-size:13px;\">Lula: Encontro da farm\u00e1cia do mundo com o celeiro ...<\/span>\n\t\t\t\t\t\t\t  \n\t\t\t\t\t\t\t  \n\t\t\t\t\t\t\t  <\/a>\n\n\t\t\t\t\t\t  <\/div>\n\t\t\t\t\t\t  <div class=\"relatedthumb \" style=\"width:125px;float:left;overflow:hidden;\">  \n\t\t\t\t\t\t\t  \n\t\t\t\t\t\t\t  <a  href=\"https:\/\/redept.com.br\/blogosfera\/lula-e-homenageado-em-paris-e-reforca-luta-pela-floresta-e-contra-a-fome\/\"  >\n\t\t\t\t\t\t\t\t\t  <div class=\"yuzo-img-wrap \" style=\"width: 125px;height:90px;\">\n\t\t\t\t\t\t\t\t\t\t\n\t\t\t\t\t\t\t\t\t\t<div class=\"yuzo-img\" style=\"background:url('https:\/\/redept.com.br\/blogosfera\/wp-content\/uploads\/2025\/06\/54568735762_ea121e32ac_4k-scaled-1-150x150.jpg') 50% 50% no-repeat;width: 125px;height:90px;margin-bottom: 5px;background-size: cover; \"><\/div>\n\t\t\t\t\t\t\t\t\t  <\/div>\n\t\t\t\t\t\t\t\t\t  \n\t\t\t\t\t\t\t\t   <span class=\"yuzo__text--title\" style=\"font-size:13px;\">Lula \u00e9 homenageado em Paris e refor\u00e7a luta pela fl...<\/span>\n\t\t\t\t\t\t\t  \n\t\t\t\t\t\t\t  \n\t\t\t\t\t\t\t  <\/a>\n\n\t\t\t\t\t\t  <\/div>\n\t\t\t\t\t\t  <div class=\"relatedthumb \" style=\"width:125px;float:left;overflow:hidden;\">  \n\t\t\t\t\t\t\t  \n\t\t\t\t\t\t\t  <a  href=\"https:\/\/redept.com.br\/blogosfera\/e-o-recomeco-da-relacao-politica-comercial-e-tecnologica-com-o-equador-diz-lula-apos-encontro-com-liberal-daniel-noboa\/\"  >\n\t\t\t\t\t\t\t\t\t  <div class=\"yuzo-img-wrap \" style=\"width: 125px;height:90px;\">\n\t\t\t\t\t\t\t\t\t\t\n\t\t\t\t\t\t\t\t\t\t<div class=\"yuzo-img\" style=\"background:url('https:\/\/redept.com.br\/blogosfera\/wp-content\/uploads\/2025\/08\/bdf-20250818-171750-e18a3b-150x150.jpg') 50% 50% no-repeat;width: 125px;height:90px;margin-bottom: 5px;background-size: cover; \"><\/div>\n\t\t\t\t\t\t\t\t\t  <\/div>\n\t\t\t\t\t\t\t\t\t  \n\t\t\t\t\t\t\t\t   <span class=\"yuzo__text--title\" style=\"font-size:13px;\">\u2018\u00c9 o recome\u00e7o da rela\u00e7\u00e3o pol\u00edtica, comercial e tec...<\/span>\n\t\t\t\t\t\t\t  \n\t\t\t\t\t\t\t  \n\t\t\t\t\t\t\t  <\/a>\n\n\t\t\t\t\t\t  <\/div>\n\t\t\t\t\t\t  <div class=\"relatedthumb \" style=\"width:125px;float:left;overflow:hidden;\">  \n\t\t\t\t\t\t\t  \n\t\t\t\t\t\t\t  <a  href=\"https:\/\/redept.com.br\/blogosfera\/google-acaba-com-metas-de-diversidade-entre-funcionarios\/\"  >\n\t\t\t\t\t\t\t\t\t  <div class=\"yuzo-img-wrap \" style=\"width: 125px;height:90px;\">\n\t\t\t\t\t\t\t\t\t\t\n\t\t\t\t\t\t\t\t\t\t<div class=\"yuzo-img\" style=\"background:url('https:\/\/redept.org\/blogosfera\/wp-content\/plugins\/yuzo-related-post\/assets\/images\/default.png') 50% 50% no-repeat;width: 125px;height:90px;margin-bottom: 5px;background-size: cover; \"><\/div>\n\t\t\t\t\t\t\t\t\t  <\/div>\n\t\t\t\t\t\t\t\t\t  \n\t\t\t\t\t\t\t\t   <span class=\"yuzo__text--title\" style=\"font-size:13px;\">Google acaba com metas de diversidade entre funcio...<\/span>\n\t\t\t\t\t\t\t  \n\t\t\t\t\t\t\t  \n\t\t\t\t\t\t\t  <\/a>\n\n\t\t\t\t\t\t  <\/div>\n<\/div> <script>\n\t\t\t\t\t\t  jQuery(document).ready(function( $ ){\n\t\t\t\t\t\t\t\/\/jQuery('.yuzo_related_post').equalizer({ overflow : 'relatedthumb' });\n\t\t\t\t\t\t\tjQuery('.yuzo_related_post .yuzo_wraps').equalizer({ columns : '> div' });\n\t\t\t\t\t\t   })\n\t\t\t\t\t\t  <\/script> <!-- End Yuzo :) -->","protected":false},"excerpt":{"rendered":"<p>O apoio dos nossos leitores via PIX, \u00e9 fundamental para manter a independ\u00eancia e a qualidade do jornalismo. O Antropofagista valoriza a liberdade de express\u00e3o e o compromisso com a verdade, sem influ\u00eancias externas que possam comprometer a imparcialidade das not\u00edcias. Apoie com qualquer valor PIX: 45013993768 Agradecemos aos nossos leitores Siga-nos no Facebook: https:\/\/www.facebook.com\/profile.php?id=100070790366110 [\u2026]<\/p>\n<p>The post <a href=\"https:\/\/antropofagista.com.br\/2025\/09\/16\/o-antropofagista-precisa-do-apoio-dos-seus-leitores\/\">O Antropofagista precisa do apoio dos seus leitores<\/a> first appeared on <a href=\"https:\/\/antropofagista.com.br\/\">Antropofagista<\/a>.<\/p>\n","protected":false},"author":2,"featured_media":0,"comment_status":"open","ping_status":"closed","sticky":false,"template":"","format":"standard","meta":{"fifu_image_url":"","fifu_image_alt":"","footnotes":""},"categories":[7718,832,1731,132],"tags":[],"class_list":["post-52643","post","type-post","status-publish","format-standard","hentry","category-antropofagista","category-apoio","category-pix","category-politica"],"_links":{"self":[{"href":"https:\/\/redept.com.br\/blogosfera\/wp-json\/wp\/v2\/posts\/52643","targetHints":{"allow":["GET"]}}],"collection":[{"href":"https:\/\/redept.com.br\/blogosfera\/wp-json\/wp\/v2\/posts"}],"about":[{"href":"https:\/\/redept.com.br\/blogosfera\/wp-json\/wp\/v2\/types\/post"}],"author":[{"embeddable":true,"href":"https:\/\/redept.com.br\/blogosfera\/wp-json\/wp\/v2\/users\/2"}],"replies":[{"embeddable":true,"href":"https:\/\/redept.com.br\/blogosfera\/wp-json\/wp\/v2\/comments?post=52643"}],"version-history":[{"count":0,"href":"https:\/\/redept.com.br\/blogosfera\/wp-json\/wp\/v2\/posts\/52643\/revisions"}],"wp:attachment":[{"href":"https:\/\/redept.com.br\/blogosfera\/wp-json\/wp\/v2\/media?parent=52643"}],"wp:term":[{"taxonomy":"category","embeddable":true,"href":"https:\/\/redept.com.br\/blogosfera\/wp-json\/wp\/v2\/categories?post=52643"},{"taxonomy":"post_tag","embeddable":true,"href":"https:\/\/redept.com.br\/blogosfera\/wp-json\/wp\/v2\/tags?post=52643"}],"curies":[{"name":"wp","href":"https:\/\/api.w.org\/{rel}","templated":true}]}}