{"id":52753,"date":"2025-09-17T11:30:21","date_gmt":"2025-09-17T14:30:21","guid":{"rendered":"https:\/\/redept.com.br\/blogosfera\/lula-libera-r-770-milhoes-para-transformar-mobilidade-em-bh\/"},"modified":"2025-09-17T11:30:21","modified_gmt":"2025-09-17T14:30:21","slug":"lula-libera-r-770-milhoes-para-transformar-mobilidade-em-bh","status":"publish","type":"post","link":"https:\/\/redept.com.br\/blogosfera\/lula-libera-r-770-milhoes-para-transformar-mobilidade-em-bh\/","title":{"rendered":"Lula libera R$ 770 milh\u00f5es para transformar mobilidade em BH"},"content":{"rendered":"<p><img fetchpriority=\"high\" width=\"799\" height=\"533\"src=\"https:\/\/redept.com.br\/blogosfera\/wp-content\/uploads\/2025\/09\/Cerimonia-para-o-Anuncio-de-Investimentos-do-Novo-PAC-em-Belo-Horizonte-e-Assinatura-de-Contrato-para-a-Renovacao-de-Frota-com-a-Prefeitura-da-cidade_FOTO_RICARDO_STUCKERT_OR.jpg\" alt=\"\" decoding=\"async\" srcset=\"https:\/\/redept.com.br\/blogosfera\/wp-content\/uploads\/2025\/09\/Cerimonia-para-o-Anuncio-de-Investimentos-do-Novo-PAC-em-Belo-Horizonte-e-Assinatura-de-Contrato-para-a-Renovacao-de-Frota-com-a-Prefeitura-da-cidade_FOTO_RICARDO_STUCKERT_OR.jpg 799w, https:\/\/vermelho.org.br\/wp-content\/uploads\/2025\/09\/Cerimonia-para-o-Anuncio-de-Investimentos-do-Novo-PAC-em-Belo-Horizonte-e-Assinatura-de-Contrato-para-a-Renovacao-de-Frota-com-a-Prefeitura-da-cidade_FOTO_RICARDO_STUCKERT_OR-300x200.jpg 300w, https:\/\/vermelho.org.br\/wp-content\/uploads\/2025\/09\/Cerimonia-para-o-Anuncio-de-Investimentos-do-Novo-PAC-em-Belo-Horizonte-e-Assinatura-de-Contrato-para-a-Renovacao-de-Frota-com-a-Prefeitura-da-cidade_FOTO_RICARDO_STUCKERT_OR-768x512.jpg 768w, https:\/\/vermelho.org.br\/wp-content\/uploads\/2025\/09\/Cerimonia-para-o-Anuncio-de-Investimentos-do-Novo-PAC-em-Belo-Horizonte-e-Assinatura-de-Contrato-para-a-Renovacao-de-Frota-com-a-Prefeitura-da-cidade_FOTO_RICARDO_STUCKERT_OR-272x182.jpg 272w\" sizes=\"(max-width: 799px) 100vw, 799px\"><\/p>\n<p>O presidente Luiz In\u00e1cio Lula da Silva confirmou a libera\u00e7\u00e3o de R$ 770 milh\u00f5es em financiamentos do Novo PAC para obras de mobilidade urbana e de drenagem em Belo Horizonte. O pacote de investimentos prev\u00ea a renova\u00e7\u00e3o da frota de transporte coletivo, a amplia\u00e7\u00e3o da infraestrutura ciclovi\u00e1ria e interven\u00e7\u00f5es em \u00e1reas vulner\u00e1veis da capital mineira.<\/p>\n<p>O an\u00fancio foi feito nesta ter\u00e7a-feira (16) durante reuni\u00e3o de Lula com o prefeito \u00c1lvaro Dami\u00e3o e ministros de Estado no Pal\u00e1cio do Planalto. Entre os principais projetos, est\u00e1 a aquisi\u00e7\u00e3o de 100 \u00f4nibus el\u00e9tricos e a instala\u00e7\u00e3o de 50 carregadores, com adapta\u00e7\u00f5es em garagens, em um investimento de R$ 317 milh\u00f5es, financiado pelo Fundo Clima \u2013 BNDES. Tamb\u00e9m foi assinada portaria autorizando a compra de outros 20 ve\u00edculos no valor de R$ 15,4 milh\u00f5es.<\/p>\n<blockquote>\n<p><strong>Leia tamb\u00e9m:<\/strong> <br \/><a href=\"https:\/\/vermelho.org.br\/2025\/09\/09\/lula-inaugura-centro-de-cooperacao-na-amazonia-para-combater-criminalidade\/\">Lula inaugura centro de coopera\u00e7\u00e3o na Amaz\u00f4nia para combater criminalidade<\/a><br \/><a href=\"https:\/\/vermelho.org.br\/2025\/09\/16\/queda-historica-no-desemprego-e-recorde-de-formalidade-mostram-brasil-forte-diz-lula\/\">Queda no desemprego e recorde de formalidade mostram \u201cBrasil mais forte\u201d, diz Lula<\/a><\/p>\n<\/blockquote>\n<p>Al\u00e9m da renova\u00e7\u00e3o da frota, um contrato de R$ 139,5 milh\u00f5es prev\u00ea a implanta\u00e7\u00e3o de 64,3 km de faixas exclusivas para \u00f4nibus, 66,8 km de ciclovias, cinco biciclet\u00e1rios e 800 paraciclos. Outro aporte, de R$ 313,5 milh\u00f5es, ser\u00e1 destinado \u00e0s obras de drenagem no Ribeir\u00e3o do On\u00e7a, beneficiando mais de 65 mil moradores em \u00e1reas vulner\u00e1veis.<\/p>\n<p>\u201cN\u00f3s estamos atendendo a uma das principais necessidades de uma cidade que j\u00e1 est\u00e1 com 2,5 milh\u00f5es de habitantes, que \u00e9 Belo Horizonte (\u2026). Isso \u00e9 o que menos nos interessa. O que nos interessa \u00e9 saber se o projeto tem viabilidade, seriedade e se \u00e9 efetivamente de interesse social\u201d, afirmou Lula. O presidente tamb\u00e9m ressaltou que os investimentos v\u00e3o gerar empregos na ind\u00fastria metal\u00fargica e refor\u00e7ar o compromisso com o meio ambiente.<\/p>\n<p>Maca\u00e9 Evaristo, ministra dos Direitos Humanos e da Cidadania, destacou o impacto social da medida. \u201cN\u00f3s, mulheres, em especial mulheres negras, sa\u00edmos de madrugada para ir trabalhar (\u2026). Significa que diminu\u00ed quatro horas no tr\u00e2nsito e aumentei quatro horas de poder ter a conviv\u00eancia com a minha fam\u00edlia\u201d.<\/p>\n<blockquote>\n<p><strong>Leia tamb\u00e9m:<\/strong><br \/><a href=\"https:\/\/vermelho.org.br\/2025\/09\/12\/pesquisa-ipsos-ipec-confirma-tendencia-de-avanco-na-aprovacao-a-lula\/\">Pesquisa Ipsos-Ipec confirma tend\u00eancia de avan\u00e7o na aprova\u00e7\u00e3o a Lula<\/a><br \/><a href=\"https:\/\/vermelho.org.br\/2025\/09\/01\/orcamento-salario-minimo-no-proximo-ano-sera-de-r-1-631-aumento-de-744\/\">Governo Lula prev\u00ea sal\u00e1rio m\u00ednimo de R$ 1.631 em 2026, com aumento de 7,44%<\/a><\/p>\n<\/blockquote>\n<p>O prefeito \u00c1lvaro Dami\u00e3o agradeceu o apoio federal: \u201cQuando a gente investe em \u00f4nibus el\u00e9tricos e em mobilidade urbana, a gente investe naquela senhora mais simples, que trabalha o dia inteiro, que precisa chegar em casa mais r\u00e1pido para poder passar mais tempo com a fam\u00edlia\u201d.<\/p>\n<p>De acordo com Rui Costa, ministro da Casa Civil, os recursos se somam a outros R$ 1 bilh\u00e3o anunciados recentemente para a amplia\u00e7\u00e3o do metr\u00f4 de Belo Horizonte. J\u00e1 o ministro de Minas e Energia, Alexandre Silveira, afirmou que o Novo PAC destina R$ 137 bilh\u00f5es para Minas Gerais em \u00e1reas como seguran\u00e7a, educa\u00e7\u00e3o, cultura, sustentabilidade e infraestrutura.<\/p>\n<p>__<\/p>\n<p><em>com informa\u00e7\u00f5es do Governo Federal<\/em><\/p>\n<p>O post <a href=\"https:\/\/vermelho.org.br\/2025\/09\/17\/lula-libera-r-770-milhoes-para-transformar-mobilidade-em-bh\/\">Lula libera R$ 770 milh\u00f5es para transformar mobilidade em BH<\/a> apareceu primeiro em <a href=\"https:\/\/vermelho.org.br\/\">Vermelho<\/a>.<\/p>\n<!-- Begin Yuzo --><div class='yuzo_related_post style-1'  data-version='5.12.89'><!-- without result --><div class='yuzo_clearfixed yuzo__title yuzo__title'><h3>Related Post<\/h3><\/div>\n\t\t\t\t\t\t  <div class=\"relatedthumb \" style=\"width:125px;float:left;overflow:hidden;\">  \n\t\t\t\t\t\t\t  \n\t\t\t\t\t\t\t  <a  href=\"https:\/\/redept.com.br\/blogosfera\/video-em-pronunciamento-lula-manda-recado-a-trump-e-exalta-soberania\/\"  >\n\t\t\t\t\t\t\t\t\t  <div class=\"yuzo-img-wrap \" style=\"width: 125px;height:90px;\">\n\t\t\t\t\t\t\t\t\t\t\n\t\t\t\t\t\t\t\t\t\t<div class=\"yuzo-img\" style=\"background:url('https:\/\/redept.org\/blogosfera\/wp-content\/plugins\/yuzo-related-post\/assets\/images\/default.png') 50% 50% no-repeat;width: 125px;height:90px;margin-bottom: 5px;background-size: cover; \"><\/div>\n\t\t\t\t\t\t\t\t\t  <\/div>\n\t\t\t\t\t\t\t\t\t  \n\t\t\t\t\t\t\t\t   <span class=\"yuzo__text--title\" style=\"font-size:13px;\">V\u00eddeo: Em pronunciamento, Lula manda recado a Trum...<\/span>\n\t\t\t\t\t\t\t  \n\t\t\t\t\t\t\t  \n\t\t\t\t\t\t\t  <\/a>\n\n\t\t\t\t\t\t  <\/div>\n\t\t\t\t\t\t  <div class=\"relatedthumb \" style=\"width:125px;float:left;overflow:hidden;\">  \n\t\t\t\t\t\t\t  \n\t\t\t\t\t\t\t  <a  href=\"https:\/\/redept.com.br\/blogosfera\/ecologia-sem-justica-social-a-polemica-em-torno-da-margem-equatorial\/\"  >\n\t\t\t\t\t\t\t\t\t  <div class=\"yuzo-img-wrap \" style=\"width: 125px;height:90px;\">\n\t\t\t\t\t\t\t\t\t\t\n\t\t\t\t\t\t\t\t\t\t<div class=\"yuzo-img\" style=\"background:url('https:\/\/redept.com.br\/blogosfera\/wp-content\/uploads\/2025\/03\/exploracao-de-petroleo-na-margem-equatorial-150x150.jpg') 50% 50% no-repeat;width: 125px;height:90px;margin-bottom: 5px;background-size: cover; \"><\/div>\n\t\t\t\t\t\t\t\t\t  <\/div>\n\t\t\t\t\t\t\t\t\t  \n\t\t\t\t\t\t\t\t   <span class=\"yuzo__text--title\" style=\"font-size:13px;\">Ecologia sem justi\u00e7a social: a pol\u00eamica em torno d...<\/span>\n\t\t\t\t\t\t\t  \n\t\t\t\t\t\t\t  \n\t\t\t\t\t\t\t  <\/a>\n\n\t\t\t\t\t\t  <\/div>\n\t\t\t\t\t\t  <div class=\"relatedthumb \" style=\"width:125px;float:left;overflow:hidden;\">  \n\t\t\t\t\t\t\t  \n\t\t\t\t\t\t\t  <a  href=\"https:\/\/redept.com.br\/blogosfera\/o-impenetravel-mundo-dos-senhores-brancos\/\"  >\n\t\t\t\t\t\t\t\t\t  <div class=\"yuzo-img-wrap \" style=\"width: 125px;height:90px;\">\n\t\t\t\t\t\t\t\t\t\t\n\t\t\t\t\t\t\t\t\t\t<div class=\"yuzo-img\" style=\"background:url('https:\/\/redept.org\/blogosfera\/wp-content\/plugins\/yuzo-related-post\/assets\/images\/default.png') 50% 50% no-repeat;width: 125px;height:90px;margin-bottom: 5px;background-size: cover; \"><\/div>\n\t\t\t\t\t\t\t\t\t  <\/div>\n\t\t\t\t\t\t\t\t\t  \n\t\t\t\t\t\t\t\t   <span class=\"yuzo__text--title\" style=\"font-size:13px;\">O impenetr\u00e1vel mundo dos senhores brancos<\/span>\n\t\t\t\t\t\t\t  \n\t\t\t\t\t\t\t  \n\t\t\t\t\t\t\t  <\/a>\n\n\t\t\t\t\t\t  <\/div>\n\t\t\t\t\t\t  <div class=\"relatedthumb \" style=\"width:125px;float:left;overflow:hidden;\">  \n\t\t\t\t\t\t\t  \n\t\t\t\t\t\t\t  <a  href=\"https:\/\/redept.com.br\/blogosfera\/publicacao-pretende-alimentar-militancia-e-dirigentes-do-pt\/\"  >\n\t\t\t\t\t\t\t\t\t  <div class=\"yuzo-img-wrap \" style=\"width: 125px;height:90px;\">\n\t\t\t\t\t\t\t\t\t\t\n\t\t\t\t\t\t\t\t\t\t<div class=\"yuzo-img\" style=\"background:url('https:\/\/redept.org\/blogosfera\/wp-content\/plugins\/yuzo-related-post\/assets\/images\/default.png') 50% 50% no-repeat;width: 125px;height:90px;margin-bottom: 5px;background-size: cover; \"><\/div>\n\t\t\t\t\t\t\t\t\t  <\/div>\n\t\t\t\t\t\t\t\t\t  \n\t\t\t\t\t\t\t\t   <span class=\"yuzo__text--title\" style=\"font-size:13px;\">Publica\u00e7\u00e3o pretende alimentar milit\u00e2ncia e dirigen...<\/span>\n\t\t\t\t\t\t\t  \n\t\t\t\t\t\t\t  \n\t\t\t\t\t\t\t  <\/a>\n\n\t\t\t\t\t\t  <\/div>\n<\/div> <script>\n\t\t\t\t\t\t  jQuery(document).ready(function( $ ){\n\t\t\t\t\t\t\t\/\/jQuery('.yuzo_related_post').equalizer({ overflow : 'relatedthumb' });\n\t\t\t\t\t\t\tjQuery('.yuzo_related_post .yuzo_wraps').equalizer({ columns : '> div' });\n\t\t\t\t\t\t   })\n\t\t\t\t\t\t  <\/script> <!-- End Yuzo :) -->","protected":false},"excerpt":{"rendered":"<p>O presidente Luiz In\u00e1cio Lula da Silva confirmou a libera\u00e7\u00e3o de R$ 770 milh\u00f5es em financiamentos do Novo PAC para obras de mobilidade urbana e de drenagem em Belo Horizonte. O pacote de investimentos prev\u00ea a renova\u00e7\u00e3o da frota de transporte coletivo, a amplia\u00e7\u00e3o da infraestrutura ciclovi\u00e1ria e interven\u00e7\u00f5es em \u00e1reas vulner\u00e1veis da capital mineira. [&hellip;]<\/p>\n","protected":false},"author":2,"featured_media":0,"comment_status":"open","ping_status":"closed","sticky":false,"template":"","format":"standard","meta":{"fifu_image_url":"","fifu_image_alt":"","footnotes":""},"categories":[1107,1296,112,662,2114,20221,132],"tags":[],"class_list":["post-52753","post","type-post","status-publish","format-standard","hentry","category-belo-horizonte","category-drenagem","category-lula","category-mobilidade-urbana","category-novo-pac","category-onibus-eletricos","category-politica"],"_links":{"self":[{"href":"https:\/\/redept.com.br\/blogosfera\/wp-json\/wp\/v2\/posts\/52753","targetHints":{"allow":["GET"]}}],"collection":[{"href":"https:\/\/redept.com.br\/blogosfera\/wp-json\/wp\/v2\/posts"}],"about":[{"href":"https:\/\/redept.com.br\/blogosfera\/wp-json\/wp\/v2\/types\/post"}],"author":[{"embeddable":true,"href":"https:\/\/redept.com.br\/blogosfera\/wp-json\/wp\/v2\/users\/2"}],"replies":[{"embeddable":true,"href":"https:\/\/redept.com.br\/blogosfera\/wp-json\/wp\/v2\/comments?post=52753"}],"version-history":[{"count":0,"href":"https:\/\/redept.com.br\/blogosfera\/wp-json\/wp\/v2\/posts\/52753\/revisions"}],"wp:attachment":[{"href":"https:\/\/redept.com.br\/blogosfera\/wp-json\/wp\/v2\/media?parent=52753"}],"wp:term":[{"taxonomy":"category","embeddable":true,"href":"https:\/\/redept.com.br\/blogosfera\/wp-json\/wp\/v2\/categories?post=52753"},{"taxonomy":"post_tag","embeddable":true,"href":"https:\/\/redept.com.br\/blogosfera\/wp-json\/wp\/v2\/tags?post=52753"}],"curies":[{"name":"wp","href":"https:\/\/api.w.org\/{rel}","templated":true}]}}