{"id":52914,"date":"2025-09-17T19:30:48","date_gmt":"2025-09-17T22:30:48","guid":{"rendered":"https:\/\/redept.com.br\/blogosfera\/copom-insiste-em-juro-de-15-ignorando-estagnacao-economica\/"},"modified":"2025-09-17T19:30:48","modified_gmt":"2025-09-17T22:30:48","slug":"copom-insiste-em-juro-de-15-ignorando-estagnacao-economica","status":"publish","type":"post","link":"https:\/\/redept.com.br\/blogosfera\/copom-insiste-em-juro-de-15-ignorando-estagnacao-economica\/","title":{"rendered":"Copom insiste em juro de 15%, ignorando estagna\u00e7\u00e3o econ\u00f4mica"},"content":{"rendered":"<p><img fetchpriority=\"high\" width=\"1024\" height=\"576\"src=\"https:\/\/redept.com.br\/blogosfera\/wp-content\/uploads\/2025\/09\/pariz-18062024ato-banco-central0325-2048x1152-1.jpg\" alt=\"\" decoding=\"async\" srcset=\"https:\/\/vermelho.org.br\/wp-content\/uploads\/2025\/09\/pariz-18062024ato-banco-central0325-1024x576.jpg 1024w, https:\/\/vermelho.org.br\/wp-content\/uploads\/2025\/09\/pariz-18062024ato-banco-central0325-300x169.jpg 300w, https:\/\/vermelho.org.br\/wp-content\/uploads\/2025\/09\/pariz-18062024ato-banco-central0325-768x432.jpg 768w, https:\/\/vermelho.org.br\/wp-content\/uploads\/2025\/09\/pariz-18062024ato-banco-central0325-1536x864.jpg 1536w, https:\/\/redept.com.br\/blogosfera\/wp-content\/uploads\/2025\/09\/pariz-18062024ato-banco-central0325-2048x1152-1.jpg 2048w\" sizes=\"(max-width: 1024px) 100vw, 1024px\"><\/p>\n<p>O Comit\u00ea de Pol\u00edtica Monet\u00e1ria (Copom) decidiu nesta quarta-feira (17) manter a taxa Selic em 15% ao ano, o maior patamar desde 2006. O Banco Central (BC) justificou a medida com o argumento de que ainda h\u00e1 riscos elevados de infla\u00e7\u00e3o, mesmo diante de sinais claros de modera\u00e7\u00e3o da atividade econ\u00f4mica e desacelera\u00e7\u00e3o da renda das fam\u00edlias.<\/p>\n<p>A decis\u00e3o n\u00e3o surpreendeu o mercado, mas acendeu cr\u00edticas mais duras contra a insist\u00eancia do BC em sustentar juros extremamente elevados, mesmo quando a pr\u00f3pria equipe econ\u00f4mica do governo j\u00e1 reduziu a previs\u00e3o de crescimento do PIB de 2,5% para 2,3% neste ano, atribuindo a revis\u00e3o diretamente ao impacto da pol\u00edtica monet\u00e1ria.<\/p>\n<p><strong>A amea\u00e7a de novos aumentos<\/strong><\/p>\n<p>No comunicado, o Copom deixou em aberto a possibilidade de aumentar ainda mais a taxa caso julgue necess\u00e1rio. O recado foi interpretado por analistas como um sinal de que o BC n\u00e3o pretende recuar t\u00e3o cedo, mesmo diante de um quadro de estagna\u00e7\u00e3o econ\u00f4mica j\u00e1 percept\u00edvel no cr\u00e9dito, no consumo e no investimento.<\/p>\n<p>A amea\u00e7a de juros ainda maiores \u00e9 vista como um contrassenso por economistas cr\u00edticos da atual pol\u00edtica monet\u00e1ria. Trata-se de um ciclo vicioso: o Copom segura a economia com juros sufocantes, e ao menor sinal de que a infla\u00e7\u00e3o n\u00e3o converge r\u00e1pido o suficiente, amea\u00e7a apertar ainda mais. \u00c9 uma camisa de for\u00e7a que sacrifica emprego e renda.<\/p>\n<p><strong>Cegueira diante da estagna\u00e7\u00e3o<\/strong><\/p>\n<p>Ao insistir na Selic como \u00fanico instrumento de controle inflacion\u00e1rio, o Banco Central ignora alternativas como est\u00edmulo \u00e0 produtividade, aumento da oferta e incentivo ao investimento, todas medidas francamente implementadas pelo governo, mas que encontra um freio de m\u00e3o no Banco Central. A manuten\u00e7\u00e3o prolongada dos juros em 15% trava a expans\u00e3o do cr\u00e9dito, desestimula o setor produtivo e amea\u00e7a paralisar a economia em pleno ciclo de retomada.<\/p>\n<p>O paradoxo \u00e9 evidente: o BC justifica sua pol\u00edtica em nome da \u201cestabilidade de pre\u00e7os\u201d, mas compromete o pr\u00f3prio crescimento que poderia sustentar a economia no m\u00e9dio prazo. Para sindicalistas e setor produtivo, o Copom se fecha em um racioc\u00ednio de curto prazo, descolado da realidade de empresas e trabalhadores. Os \u00fanicos beneficiados s\u00e3o especuladores parasit\u00e1rios que se refestelam nos ganhos de aplica\u00e7\u00f5es a juros espetaculares. O Brasil tem, inclusive, atra\u00eddo especuladores internacionais, conforme o Federal Reserve dos EUA reduz os juros, o que tem atra\u00eddo reservas em d\u00f3lares e derrubado a cota\u00e7\u00e3o.<\/p>\n<p><strong>Pol\u00edtica monet\u00e1ria no limite<\/strong><\/p>\n<p>Em 2025, o colegiado do Copom passou a ter maioria de diretores indicados pelo presidente Lula. Mesmo assim, a decis\u00e3o n\u00e3o representou mudan\u00e7a de rumo. Pelo contr\u00e1rio: refor\u00e7ou uma postura ortodoxa, que amea\u00e7a comprometer o projeto de reindustrializa\u00e7\u00e3o e de amplia\u00e7\u00e3o do mercado de trabalho defendido pelo governo.<\/p>\n<p>A taxa de 15% pode ser suficiente para conter press\u00f5es inflacion\u00e1rias, mas seu prolongamento \u2013 somado \u00e0 amea\u00e7a expl\u00edcita de novos aumentos \u2013 tende a provocar um efeito colateral duradouro: a estagna\u00e7\u00e3o. E, nesse cen\u00e1rio, o custo recai sobretudo sobre os setores mais fr\u00e1geis da economia, que dependem de cr\u00e9dito barato para sobreviver.<\/p>\n<p>O post <a href=\"https:\/\/vermelho.org.br\/2025\/09\/17\/copom-insiste-em-juro-de-15-ignorando-estagnacao-economica\/\">Copom insiste em juro de 15%, ignorando estagna\u00e7\u00e3o econ\u00f4mica<\/a> apareceu primeiro em <a href=\"https:\/\/vermelho.org.br\/\">Vermelho<\/a>.<\/p>\n<!-- Begin Yuzo --><div class='yuzo_related_post style-1'  data-version='5.12.89'><!-- without result --><div class='yuzo_clearfixed yuzo__title yuzo__title'><h3>Related Post<\/h3><\/div>\n\t\t\t\t\t\t  <div class=\"relatedthumb \" style=\"width:125px;float:left;overflow:hidden;\">  \n\t\t\t\t\t\t\t  \n\t\t\t\t\t\t\t  <a  href=\"https:\/\/sul21.com.br\/noticias\/geral\/2025\/09\/fachin-toma-posse-na-presidencia-do-stf-nesta-segunda-feira\/\"  >\n\t\t\t\t\t\t\t\t\t  <div class=\"yuzo-img-wrap \" style=\"width: 125px;height:90px;\">\n\t\t\t\t\t\t\t\t\t\t\n\t\t\t\t\t\t\t\t\t\t<div class=\"yuzo-img\" style=\"background:url('https:\/\/redept.org\/blogosfera\/wp-content\/plugins\/yuzo-related-post\/assets\/images\/default.png') 50% 50% no-repeat;width: 125px;height:90px;margin-bottom: 5px;background-size: cover; \"><\/div>\n\t\t\t\t\t\t\t\t\t  <\/div>\n\t\t\t\t\t\t\t\t\t  \n\t\t\t\t\t\t\t\t   <span class=\"yuzo__text--title\" style=\"font-size:13px;\">Fachin toma posse na presid\u00eancia do STF nesta segu...<\/span>\n\t\t\t\t\t\t\t  \n\t\t\t\t\t\t\t  \n\t\t\t\t\t\t\t  <\/a>\n\n\t\t\t\t\t\t  <\/div>\n\t\t\t\t\t\t  <div class=\"relatedthumb \" style=\"width:125px;float:left;overflow:hidden;\">  \n\t\t\t\t\t\t\t  \n\t\t\t\t\t\t\t  <a  href=\"https:\/\/redept.com.br\/blogosfera\/governo-lula-bndes-aprova-credito-para-internet-a-500-mil-criancas\/\"  >\n\t\t\t\t\t\t\t\t\t  <div class=\"yuzo-img-wrap \" style=\"width: 125px;height:90px;\">\n\t\t\t\t\t\t\t\t\t\t\n\t\t\t\t\t\t\t\t\t\t<div class=\"yuzo-img\" style=\"background:url('https:\/\/redept.org\/blogosfera\/wp-content\/plugins\/yuzo-related-post\/assets\/images\/default.png') 50% 50% no-repeat;width: 125px;height:90px;margin-bottom: 5px;background-size: cover; \"><\/div>\n\t\t\t\t\t\t\t\t\t  <\/div>\n\t\t\t\t\t\t\t\t\t  \n\t\t\t\t\t\t\t\t   <span class=\"yuzo__text--title\" style=\"font-size:13px;\">Governo Lula: BNDES aprova cr\u00e9dito para internet a...<\/span>\n\t\t\t\t\t\t\t  \n\t\t\t\t\t\t\t  \n\t\t\t\t\t\t\t  <\/a>\n\n\t\t\t\t\t\t  <\/div>\n\t\t\t\t\t\t  <div class=\"relatedthumb \" style=\"width:125px;float:left;overflow:hidden;\">  \n\t\t\t\t\t\t\t  \n\t\t\t\t\t\t\t  <a  href=\"https:\/\/redept.com.br\/blogosfera\/na-oab-lula-defende-regulacao-para-combate-as-oligarquias-digitais\/\"  >\n\t\t\t\t\t\t\t\t\t  <div class=\"yuzo-img-wrap \" style=\"width: 125px;height:90px;\">\n\t\t\t\t\t\t\t\t\t\t\n\t\t\t\t\t\t\t\t\t\t<div class=\"yuzo-img\" style=\"background:url('https:\/\/redept.org\/blogosfera\/wp-content\/plugins\/yuzo-related-post\/assets\/images\/default.png') 50% 50% no-repeat;width: 125px;height:90px;margin-bottom: 5px;background-size: cover; \"><\/div>\n\t\t\t\t\t\t\t\t\t  <\/div>\n\t\t\t\t\t\t\t\t\t  \n\t\t\t\t\t\t\t\t   <span class=\"yuzo__text--title\" style=\"font-size:13px;\">Na OAB, Lula defende regula\u00e7\u00e3o para combate \u00e0s \u201col...<\/span>\n\t\t\t\t\t\t\t  \n\t\t\t\t\t\t\t  \n\t\t\t\t\t\t\t  <\/a>\n\n\t\t\t\t\t\t  <\/div>\n\t\t\t\t\t\t  <div class=\"relatedthumb \" style=\"width:125px;float:left;overflow:hidden;\">  \n\t\t\t\t\t\t\t  \n\t\t\t\t\t\t\t  <a  href=\"https:\/\/redept.com.br\/blogosfera\/brasil-precisa-construir-poder-militar-de-dissuasao-diz-paulo-nogueira-batista-jr\/\"  >\n\t\t\t\t\t\t\t\t\t  <div class=\"yuzo-img-wrap \" style=\"width: 125px;height:90px;\">\n\t\t\t\t\t\t\t\t\t\t\n\t\t\t\t\t\t\t\t\t\t<div class=\"yuzo-img\" style=\"background:url('https:\/\/redept.com.br\/blogosfera\/wp-content\/uploads\/2026\/01\/01-2-150x150.jpg') 50% 50% no-repeat;width: 125px;height:90px;margin-bottom: 5px;background-size: cover; \"><\/div>\n\t\t\t\t\t\t\t\t\t  <\/div>\n\t\t\t\t\t\t\t\t\t  \n\t\t\t\t\t\t\t\t   <span class=\"yuzo__text--title\" style=\"font-size:13px;\">Brasil precisa construir poder militar de dissuas\u00e3...<\/span>\n\t\t\t\t\t\t\t  \n\t\t\t\t\t\t\t  \n\t\t\t\t\t\t\t  <\/a>\n\n\t\t\t\t\t\t  <\/div>\n<\/div> <script>\n\t\t\t\t\t\t  jQuery(document).ready(function( $ ){\n\t\t\t\t\t\t\t\/\/jQuery('.yuzo_related_post').equalizer({ overflow : 'relatedthumb' });\n\t\t\t\t\t\t\tjQuery('.yuzo_related_post .yuzo_wraps').equalizer({ columns : '> div' });\n\t\t\t\t\t\t   })\n\t\t\t\t\t\t  <\/script> <!-- End Yuzo :) -->","protected":false},"excerpt":{"rendered":"<p>O Comit\u00ea de Pol\u00edtica Monet\u00e1ria (Copom) decidiu nesta quarta-feira (17) manter a taxa Selic em 15% ao ano, o maior patamar desde 2006. O Banco Central (BC) justificou a medida com o argumento de que ainda h\u00e1 riscos elevados de infla\u00e7\u00e3o, mesmo diante de sinais claros de modera\u00e7\u00e3o da atividade econ\u00f4mica e desacelera\u00e7\u00e3o da renda [&hellip;]<\/p>\n","protected":false},"author":2,"featured_media":0,"comment_status":"open","ping_status":"closed","sticky":false,"template":"","format":"standard","meta":{"fifu_image_url":"","fifu_image_alt":"","footnotes":""},"categories":[119,121,746,221,1030,20324,122,1405,1309,602,9728],"tags":[],"class_list":["post-52914","post","type-post","status-publish","format-standard","hentry","category-banco-central","category-copom","category-credito","category-economia","category-emprego","category-estagnacao-economica","category-inflacao","category-investimento","category-juros-altos","category-selic","category-setor-produtivo"],"_links":{"self":[{"href":"https:\/\/redept.com.br\/blogosfera\/wp-json\/wp\/v2\/posts\/52914","targetHints":{"allow":["GET"]}}],"collection":[{"href":"https:\/\/redept.com.br\/blogosfera\/wp-json\/wp\/v2\/posts"}],"about":[{"href":"https:\/\/redept.com.br\/blogosfera\/wp-json\/wp\/v2\/types\/post"}],"author":[{"embeddable":true,"href":"https:\/\/redept.com.br\/blogosfera\/wp-json\/wp\/v2\/users\/2"}],"replies":[{"embeddable":true,"href":"https:\/\/redept.com.br\/blogosfera\/wp-json\/wp\/v2\/comments?post=52914"}],"version-history":[{"count":0,"href":"https:\/\/redept.com.br\/blogosfera\/wp-json\/wp\/v2\/posts\/52914\/revisions"}],"wp:attachment":[{"href":"https:\/\/redept.com.br\/blogosfera\/wp-json\/wp\/v2\/media?parent=52914"}],"wp:term":[{"taxonomy":"category","embeddable":true,"href":"https:\/\/redept.com.br\/blogosfera\/wp-json\/wp\/v2\/categories?post=52914"},{"taxonomy":"post_tag","embeddable":true,"href":"https:\/\/redept.com.br\/blogosfera\/wp-json\/wp\/v2\/tags?post=52914"}],"curies":[{"name":"wp","href":"https:\/\/api.w.org\/{rel}","templated":true}]}}