{"id":5303,"date":"2024-11-17T13:02:51","date_gmt":"2024-11-17T16:02:51","guid":{"rendered":"https:\/\/redept.org\/blogosfera\/?p=5303"},"modified":"2024-11-17T13:02:51","modified_gmt":"2024-11-17T16:02:51","slug":"associacao-de-advogados-pela-democracia-repudia-ato-terrorista-em-brasilia","status":"publish","type":"post","link":"https:\/\/redept.com.br\/blogosfera\/associacao-de-advogados-pela-democracia-repudia-ato-terrorista-em-brasilia\/","title":{"rendered":"Associa\u00e7\u00e3o de advogados pela democracia repudia ato terrorista em Bras\u00edlia"},"content":{"rendered":"<div>\n<p><img fetchpriority=\"high\" decoding=\"async\" class=\"attachment-large size-large wp-post-image\" src=\"https:\/\/redept.org\/blogosfera\/wp-content\/uploads\/2024\/11\/Ato-terrorista-Brasilia.jpg\" sizes=\"(max-width: 867px) 100vw, 867px\" srcset=\"https:\/\/redept.org\/blogosfera\/wp-content\/uploads\/2024\/11\/Ato-terrorista-Brasilia.jpg 867w, https:\/\/vermelho.org.br\/wp-content\/uploads\/2024\/11\/Ato-terrorista-Brasilia-300x176.jpg 300w, https:\/\/vermelho.org.br\/wp-content\/uploads\/2024\/11\/Ato-terrorista-Brasilia-768x452.jpg 768w\" alt=\"\" width=\"867\" height=\"510\" \/><\/p>\n<p>A Associa\u00e7\u00e3o de Advogados e Advogadas pela Democracia, Justi\u00e7a e Cidadania (ADJC) divulgou nota pela qual repudia os ataques com explosivos ao Supremo Tribunal Federal (STF) na noite da \u00faltima quarta-feira (13), em Bras\u00edlia.<\/p>\n<p>Assinada pelo coordenador nacional da entidade, o ex-deputado federal Aldo Arantes, a nota classifica o ato como terrorista e contra Estado Democr\u00e1tico de Direito.<\/p>\n<p>O extremista \u00e9 identificado como um bolsonarista que foi candidato a vereador pelo PL, partido do ex-presidente.<\/p>\n<p>Trata-se de Francisco Wanderley Luiz, conhecido como Ti\u00fc Fran\u00e7a, que morreu com a explos\u00e3o da bomba no seu pr\u00f3prio corpo.<\/p>\n<p>Leia mais: <a href=\"https:\/\/vermelho.org.br\/2024\/11\/15\/ameaca-contra-a-democracia-por-daiana-santos\/\">Ataques n\u00e3o s\u00e3o isolados, s\u00e3o amea\u00e7as contra a democracia<\/a><\/p>\n<p>\u201cS\u00f3 ser\u00e1 poss\u00edvel consolidar o processo democr\u00e1tico com o julgamento e pris\u00e3o dos mandantes e financiadores da tentativa golpista de 8 de janeiro de 2023, sobretudo Bolsonaro. Anistia para golpistas, nunca! A impunidade dos golpistas estimula tais atos\u201d, diz a nota.<\/p>\n<p>Para a entidade, a a\u00e7\u00e3o criminosa foi um ato terrorista sintonizado com a prega\u00e7\u00e3o da extrema direita bolsonarista, o que demonstra que a democracia brasileira continua em perigo.<\/p>\n<p>Ao se solidarizar com os ministros e ministras do STF, em particular com Alexandre de Moras, que seria um dos alvos, a ADJC diz que as investiga\u00e7\u00f5es policiais ir\u00e3o \u201cidentificar toda dimens\u00e3o do acontecimento\u201d.<\/p>\n<p>\u201cDe qualquer forma os elementos j\u00e1 coletados demonstram que se trata de uma pessoa que pregava o \u00f3dio, a viol\u00eancia e que amea\u00e7ava matar o ministro Alexandre de Moraes, tendo participado dos acampamentos golpistas em Santa Catarina\u201d, diz outro trecho da nota.<\/p>\n<p>A ADJC diz que, na condi\u00e7\u00e3o de advogados e as advogadas, tem o dever de defender a democracia, conforme \u201cpreceitua o Estatuto da Advocacia e da Ordem dos Advogados do Brasil (OAB)\u201d.<\/p>\n<p>Por fim, a ADJC confia e espera que o Conselho Federal da OAB se pronuncie, de forma enf\u00e1tica e en\u00e9rgica, contra as manifesta\u00e7\u00f5es de \u00f3dio e viol\u00eancia, contra o ato terrorista praticado em Bras\u00edlia e em defesa da democracia e do Estado democr\u00e1tico de Direito.<\/p>\n<p>O post <a href=\"https:\/\/vermelho.org.br\/2024\/11\/17\/associacao-de-advogados-pela-democracia-repudia-ato-terrorista-em-brasilia\/\">Associa\u00e7\u00e3o de advogados pela democracia repudia ato terrorista em Bras\u00edlia<\/a> apareceu primeiro em <a href=\"https:\/\/vermelho.org.br\/\">Vermelho<\/a>.<\/p>\n<\/div>\n<!-- Begin Yuzo --><div class='yuzo_related_post style-1'  data-version='5.12.89'><!-- without result --><div class='yuzo_clearfixed yuzo__title yuzo__title'><h3>Related Post<\/h3><\/div>\n\t\t\t\t\t\t  <div class=\"relatedthumb \" style=\"width:125px;float:left;overflow:hidden;\">  \n\t\t\t\t\t\t\t  \n\t\t\t\t\t\t\t  <a  href=\"https:\/\/redept.com.br\/blogosfera\/ataque-a-gaza-deixa-31-mortos-e-175-feridos-perto-de-posto-de-ajuda-ligado-aos-eua\/\"  >\n\t\t\t\t\t\t\t\t\t  <div class=\"yuzo-img-wrap \" style=\"width: 125px;height:90px;\">\n\t\t\t\t\t\t\t\t\t\t\n\t\t\t\t\t\t\t\t\t\t<div class=\"yuzo-img\" style=\"background:url('https:\/\/redept.org\/blogosfera\/wp-content\/plugins\/yuzo-related-post\/assets\/images\/default.png') 50% 50% no-repeat;width: 125px;height:90px;margin-bottom: 5px;background-size: cover; \"><\/div>\n\t\t\t\t\t\t\t\t\t  <\/div>\n\t\t\t\t\t\t\t\t\t  \n\t\t\t\t\t\t\t\t   <span class=\"yuzo__text--title\" style=\"font-size:13px;\">Ataque a Gaza deixa 31 mortos e 175 feridos perto ...<\/span>\n\t\t\t\t\t\t\t  \n\t\t\t\t\t\t\t  \n\t\t\t\t\t\t\t  <\/a>\n\n\t\t\t\t\t\t  <\/div>\n\t\t\t\t\t\t  <div class=\"relatedthumb \" style=\"width:125px;float:left;overflow:hidden;\">  \n\t\t\t\t\t\t\t  \n\t\t\t\t\t\t\t  <a  href=\"https:\/\/redept.com.br\/blogosfera\/quaest-para-51-da-populacao-bolsonaro-e-golpista\/\"  >\n\t\t\t\t\t\t\t\t\t  <div class=\"yuzo-img-wrap \" style=\"width: 125px;height:90px;\">\n\t\t\t\t\t\t\t\t\t\t\n\t\t\t\t\t\t\t\t\t\t<div class=\"yuzo-img\" style=\"background:url('https:\/\/redept.org\/blogosfera\/wp-content\/plugins\/yuzo-related-post\/assets\/images\/default.png') 50% 50% no-repeat;width: 125px;height:90px;margin-bottom: 5px;background-size: cover; \"><\/div>\n\t\t\t\t\t\t\t\t\t  <\/div>\n\t\t\t\t\t\t\t\t\t  \n\t\t\t\t\t\t\t\t   <span class=\"yuzo__text--title\" style=\"font-size:13px;\">Quaest: para 51% da popula\u00e7\u00e3o, Bolsonaro \u00e9 golpist...<\/span>\n\t\t\t\t\t\t\t  \n\t\t\t\t\t\t\t  \n\t\t\t\t\t\t\t  <\/a>\n\n\t\t\t\t\t\t  <\/div>\n\t\t\t\t\t\t  <div class=\"relatedthumb \" style=\"width:125px;float:left;overflow:hidden;\">  \n\t\t\t\t\t\t\t  \n\t\t\t\t\t\t\t  <a  href=\"https:\/\/redept.com.br\/blogosfera\/colombia-no-maior-paramo-do-mundo-camponeses-organizados-barram-megaprojetos-e-semeiam-agroecologia\/\"  >\n\t\t\t\t\t\t\t\t\t  <div class=\"yuzo-img-wrap \" style=\"width: 125px;height:90px;\">\n\t\t\t\t\t\t\t\t\t\t\n\t\t\t\t\t\t\t\t\t\t<div class=\"yuzo-img\" style=\"background:url('https:\/\/redept.org\/blogosfera\/wp-content\/plugins\/yuzo-related-post\/assets\/images\/default.png') 50% 50% no-repeat;width: 125px;height:90px;margin-bottom: 5px;background-size: cover; \"><\/div>\n\t\t\t\t\t\t\t\t\t  <\/div>\n\t\t\t\t\t\t\t\t\t  \n\t\t\t\t\t\t\t\t   <span class=\"yuzo__text--title\" style=\"font-size:13px;\">Col\u00f4mbia: no maior p\u00e1ramo do mundo, camponeses org...<\/span>\n\t\t\t\t\t\t\t  \n\t\t\t\t\t\t\t  \n\t\t\t\t\t\t\t  <\/a>\n\n\t\t\t\t\t\t  <\/div>\n\t\t\t\t\t\t  <div class=\"relatedthumb \" style=\"width:125px;float:left;overflow:hidden;\">  \n\t\t\t\t\t\t\t  \n\t\t\t\t\t\t\t  <a  href=\"https:\/\/redept.com.br\/blogosfera\/fup-aceita-contraproposta-da-petrobras-e-indica-suspensao-da-greve-apos-oito-dias-de-paralisacao\/\"  >\n\t\t\t\t\t\t\t\t\t  <div class=\"yuzo-img-wrap \" style=\"width: 125px;height:90px;\">\n\t\t\t\t\t\t\t\t\t\t\n\t\t\t\t\t\t\t\t\t\t<div class=\"yuzo-img\" style=\"background:url('https:\/\/redept.org\/blogosfera\/wp-content\/plugins\/yuzo-related-post\/assets\/images\/default.png') 50% 50% no-repeat;width: 125px;height:90px;margin-bottom: 5px;background-size: cover; \"><\/div>\n\t\t\t\t\t\t\t\t\t  <\/div>\n\t\t\t\t\t\t\t\t\t  \n\t\t\t\t\t\t\t\t   <span class=\"yuzo__text--title\" style=\"font-size:13px;\">FUP aceita contraproposta da Petrobras e indica su...<\/span>\n\t\t\t\t\t\t\t  \n\t\t\t\t\t\t\t  \n\t\t\t\t\t\t\t  <\/a>\n\n\t\t\t\t\t\t  <\/div>\n<\/div> <script>\n\t\t\t\t\t\t  jQuery(document).ready(function( $ ){\n\t\t\t\t\t\t\t\/\/jQuery('.yuzo_related_post').equalizer({ overflow : 'relatedthumb' });\n\t\t\t\t\t\t\tjQuery('.yuzo_related_post .yuzo_wraps').equalizer({ columns : '> div' });\n\t\t\t\t\t\t   })\n\t\t\t\t\t\t  <\/script> <!-- End Yuzo :) -->","protected":false},"excerpt":{"rendered":"<p>A Associa\u00e7\u00e3o de Advogados e Advogadas pela Democracia, Justi\u00e7a e Cidadania (ADJC) divulgou nota pela qual repudia os ataques com explosivos ao Supremo Tribunal Federal (STF) na noite da \u00faltima quarta-feira (13), em Bras\u00edlia. Assinada pelo coordenador nacional da entidade, o ex-deputado federal Aldo Arantes, a nota classifica o ato como terrorista e contra Estado [&hellip;]<\/p>\n","protected":false},"author":2,"featured_media":5304,"comment_status":"closed","ping_status":"closed","sticky":false,"template":"","format":"standard","meta":{"fifu_image_url":"","fifu_image_alt":"","footnotes":""},"categories":[2085,2086,498,132],"tags":[],"class_list":["post-5303","post","type-post","status-publish","format-standard","has-post-thumbnail","hentry","category-adjc","category-ato-terrorista","category-brasilia","category-politica"],"_links":{"self":[{"href":"https:\/\/redept.com.br\/blogosfera\/wp-json\/wp\/v2\/posts\/5303","targetHints":{"allow":["GET"]}}],"collection":[{"href":"https:\/\/redept.com.br\/blogosfera\/wp-json\/wp\/v2\/posts"}],"about":[{"href":"https:\/\/redept.com.br\/blogosfera\/wp-json\/wp\/v2\/types\/post"}],"author":[{"embeddable":true,"href":"https:\/\/redept.com.br\/blogosfera\/wp-json\/wp\/v2\/users\/2"}],"replies":[{"embeddable":true,"href":"https:\/\/redept.com.br\/blogosfera\/wp-json\/wp\/v2\/comments?post=5303"}],"version-history":[{"count":1,"href":"https:\/\/redept.com.br\/blogosfera\/wp-json\/wp\/v2\/posts\/5303\/revisions"}],"predecessor-version":[{"id":5347,"href":"https:\/\/redept.com.br\/blogosfera\/wp-json\/wp\/v2\/posts\/5303\/revisions\/5347"}],"wp:featuredmedia":[{"embeddable":true,"href":"https:\/\/redept.com.br\/blogosfera\/wp-json\/wp\/v2\/media\/5304"}],"wp:attachment":[{"href":"https:\/\/redept.com.br\/blogosfera\/wp-json\/wp\/v2\/media?parent=5303"}],"wp:term":[{"taxonomy":"category","embeddable":true,"href":"https:\/\/redept.com.br\/blogosfera\/wp-json\/wp\/v2\/categories?post=5303"},{"taxonomy":"post_tag","embeddable":true,"href":"https:\/\/redept.com.br\/blogosfera\/wp-json\/wp\/v2\/tags?post=5303"}],"curies":[{"name":"wp","href":"https:\/\/api.w.org\/{rel}","templated":true}]}}