{"id":53150,"date":"2025-09-18T16:47:38","date_gmt":"2025-09-18T19:47:38","guid":{"rendered":"https:\/\/redept.com.br\/blogosfera\/mcdonalds-em-pelotas-adota-escala-5x2-apos-mobilizacao-sindical-e-acordo-coletivo\/"},"modified":"2025-09-18T16:47:38","modified_gmt":"2025-09-18T19:47:38","slug":"mcdonalds-em-pelotas-adota-escala-5x2-apos-mobilizacao-sindical-e-acordo-coletivo","status":"publish","type":"post","link":"https:\/\/redept.com.br\/blogosfera\/mcdonalds-em-pelotas-adota-escala-5x2-apos-mobilizacao-sindical-e-acordo-coletivo\/","title":{"rendered":"McDonald\u2019s em Pelotas adota escala 5\u00d72 ap\u00f3s mobiliza\u00e7\u00e3o sindical e acordo coletivo"},"content":{"rendered":"<p>As unidades franqueadas do McDonald\u2019s na cidade de Pelotas passam a aplicar a escala de<a href=\"https:\/\/www.brasildefato.com.br\/2024\/08\/08\/empresa-no-rio-grande-do-sul-adota-experimento-e-metalurgicos-passam-a-operar-tres-maquinas-ao-mesmo-tempo\/\"> trabalho 5\u00d72<\/a>, com jornada de 40 horas semanais e dois dias de descanso por semana. A mudan\u00e7a \u00e9 fruto de negocia\u00e7\u00e3o entre o Sindicato dos Trabalhadores e Trabalhadoras em Turismo e Hospitalidade de Pelotas (Sintraturh), a Central dos Trabalhadores e Trabalhadoras do Brasil no Rio Grande do Sul (CTB-RS) e representantes das empresas. <\/p>\n<p>O <a href=\"https:\/\/www.brasildefato.com.br\/2025\/08\/04\/centrais-sindicais-cobram-reducao-da-jornada-e-fim-da-escala-6x1-em-plenaria-no-rs\/\">acordo coletivo<\/a> foi formalizado ap\u00f3s reuni\u00f5es entre a dire\u00e7\u00e3o do sindicato, dirigentes da CTB e os gestores das franquias locais. As conversas abordaram as condi\u00e7\u00f5es atuais de trabalho, que inclu\u00edam a escala 6\u00d71, considerada pelos trabalhadores como imposi\u00e7\u00e3o de desgaste f\u00edsico e limita\u00e7\u00f5es \u00e0 vida pessoal. <\/p>\n<p>Segundo o documento acordado, a jornada de trabalho ser\u00e1 de 40 horas semanais, e os empregados ter\u00e3o dois dias de folga por semana, podendo ser consecutivos. A medida entra em vigor imediatamente nas unidades mencionadas. <\/p>\n<p>A presidenta do Sintraturh, Simone Goulart, e o presidente da CTB-RS, Rodrigo Callais, afirmam que a conquista representa um passo para melhorar previsibilidade na <a href=\"https:\/\/www.brasildefato.com.br\/2025\/01\/03\/zaffari-adota-escala-que-segundo-seu-proprio-advogado-e-impossivel-sem-desrespeitar-o-descanso-semanal-remunerado\/\">rotina de trabalho<\/a>, promover equil\u00edbrio entre trabalho e vida pessoal, e reduzir o desgaste associado \u00e0 antiga escala. <\/p>\n<p>A proposi\u00e7\u00e3o legal que inspira essa mudan\u00e7a \u00e9 o <a href=\"https:\/\/www.camara.leg.br\/proposicoesWeb\/fichadetramitacao?idProposicao=2482274\">Projeto de Lei n\u00ba 67\/2025<\/a>, da <a href=\"https:\/\/www.brasildefato.com.br\/2024\/04\/24\/deputada-federal-daiana-santos-recebera-titulo-de-cidada-de-porto-alegre\/\">deputada federal Daiana Santos<\/a> (PCdoB-RS). O PL prop\u00f5e altera\u00e7\u00f5es na Consolida\u00e7\u00e3o das Leis do Trabalho (CLT) e em leis relacionadas ao com\u00e9rcio para estabelecer jornada m\u00e1xima de 40 horas semanais com dois dias de descanso remunerado. <\/p>\n<p>Gerentes das franquias reconheceram nos encontros com o sindicato e com a CTB-RS os efeitos pr\u00e1ticos da mudan\u00e7a para os funcion\u00e1rios, tanto para manuten\u00e7\u00e3o da sa\u00fade f\u00edsica e mental quanto para organiza\u00e7\u00e3o de compromissos fora do trabalho. <\/p>\n<p>As entidades destacam que, embora o acordo avance formalmente a escala 5\u00d72, ser\u00e1 necess\u00e1rio acompanhar sua aplica\u00e7\u00e3o nas unidades para garantir que as folgas e os hor\u00e1rios sejam respeitados conforme pactuado.<\/p>\n<p>Especialistas em direito trabalhista ouvidos pela imprensa apontam que a mudan\u00e7a de modelo pode servir de refer\u00eancia para outras cidades e redes de alimenta\u00e7\u00e3o de massa, caso haja ades\u00e3o e fiscaliza\u00e7\u00e3o eficaz. Pelotas passa a figurar como exemplo local de como negocia\u00e7\u00f5es coletivas podem alterar <a href=\"https:\/\/www.brasildefato.com.br\/2025\/09\/04\/vida-alem-do-trabalho-fim-da-escala-6x1-reacende-luta-historica-do-povo-brasileiro\/\">pr\u00e1ticas de jornada consolidada no setor<\/a>.<\/p>\n<\/p>\n<p>O post <a href=\"https:\/\/www.brasildefato.com.br\/2025\/09\/18\/mcdonalds-em-pelotas-adota-escala-5x2-apos-mobilizacao-sindical-e-acordo-coletivo\/\">McDonald\u2019s em Pelotas adota escala 5\u00d72 ap\u00f3s mobiliza\u00e7\u00e3o sindical e acordo coletivo<\/a> apareceu primeiro em <a href=\"https:\/\/www.brasildefato.com.br\/\">Brasil de Fato<\/a>.<\/p>\n<!-- Begin Yuzo --><div class='yuzo_related_post style-1'  data-version='5.12.89'><!-- without result --><div class='yuzo_clearfixed yuzo__title yuzo__title'><h3>Related Post<\/h3><\/div>\n\t\t\t\t\t\t  <div class=\"relatedthumb \" style=\"width:125px;float:left;overflow:hidden;\">  \n\t\t\t\t\t\t\t  \n\t\t\t\t\t\t\t  <a  href=\"https:\/\/redept.com.br\/blogosfera\/na-onu-voz-de-marielle-ecoa-mantendo-viva-a-luta-por-justica-e-igualdade-de-minha-mae\/\"  >\n\t\t\t\t\t\t\t\t\t  <div class=\"yuzo-img-wrap \" style=\"width: 125px;height:90px;\">\n\t\t\t\t\t\t\t\t\t\t\n\t\t\t\t\t\t\t\t\t\t<div class=\"yuzo-img\" style=\"background:url('https:\/\/redept.org\/blogosfera\/wp-content\/plugins\/yuzo-related-post\/assets\/images\/default.png') 50% 50% no-repeat;width: 125px;height:90px;margin-bottom: 5px;background-size: cover; \"><\/div>\n\t\t\t\t\t\t\t\t\t  <\/div>\n\t\t\t\t\t\t\t\t\t  \n\t\t\t\t\t\t\t\t   <span class=\"yuzo__text--title\" style=\"font-size:13px;\">Na ONU, voz de Marielle ecoa: mantendo viva a luta...<\/span>\n\t\t\t\t\t\t\t  \n\t\t\t\t\t\t\t  \n\t\t\t\t\t\t\t  <\/a>\n\n\t\t\t\t\t\t  <\/div>\n\t\t\t\t\t\t  <div class=\"relatedthumb \" style=\"width:125px;float:left;overflow:hidden;\">  \n\t\t\t\t\t\t\t  \n\t\t\t\t\t\t\t  <a  href=\"https:\/\/redept.com.br\/blogosfera\/stf-decide-reabrir-investigacao-contra-presidente-do-pl-por-golpe\/\"  >\n\t\t\t\t\t\t\t\t\t  <div class=\"yuzo-img-wrap \" style=\"width: 125px;height:90px;\">\n\t\t\t\t\t\t\t\t\t\t\n\t\t\t\t\t\t\t\t\t\t<div class=\"yuzo-img\" style=\"background:url('https:\/\/redept.org\/blogosfera\/wp-content\/plugins\/yuzo-related-post\/assets\/images\/default.png') 50% 50% no-repeat;width: 125px;height:90px;margin-bottom: 5px;background-size: cover; \"><\/div>\n\t\t\t\t\t\t\t\t\t  <\/div>\n\t\t\t\t\t\t\t\t\t  \n\t\t\t\t\t\t\t\t   <span class=\"yuzo__text--title\" style=\"font-size:13px;\">STF decide reabrir investiga\u00e7\u00e3o contra presidente ...<\/span>\n\t\t\t\t\t\t\t  \n\t\t\t\t\t\t\t  \n\t\t\t\t\t\t\t  <\/a>\n\n\t\t\t\t\t\t  <\/div>\n\t\t\t\t\t\t  <div class=\"relatedthumb \" style=\"width:125px;float:left;overflow:hidden;\">  \n\t\t\t\t\t\t\t  \n\t\t\t\t\t\t\t  <a  href=\"https:\/\/www.pragmatismopolitico.com.br\/2025\/09\/farmaco-digital-fala-escrita-voz.html\"  >\n\t\t\t\t\t\t\t\t\t  <div class=\"yuzo-img-wrap \" style=\"width: 125px;height:90px;\">\n\t\t\t\t\t\t\t\t\t\t\n\t\t\t\t\t\t\t\t\t\t<div class=\"yuzo-img\" style=\"background:url('https:\/\/www.pragmatismopolitico.com.br\/wp-content\/uploads\/2025\/09\/portal-fio-do-tempo13-600x400.jpg') 50% 50% no-repeat;width: 125px;height:90px;margin-bottom: 5px;background-size: cover; \"><\/div>\n\t\t\t\t\t\t\t\t\t  <\/div>\n\t\t\t\t\t\t\t\t\t  \n\t\t\t\t\t\t\t\t   <span class=\"yuzo__text--title\" style=\"font-size:13px;\">A fala virou escrita, a escrita virou voz \u2014 o f\u00e1rm...<\/span>\n\t\t\t\t\t\t\t  \n\t\t\t\t\t\t\t  \n\t\t\t\t\t\t\t  <\/a>\n\n\t\t\t\t\t\t  <\/div>\n\t\t\t\t\t\t  <div class=\"relatedthumb \" style=\"width:125px;float:left;overflow:hidden;\">  \n\t\t\t\t\t\t\t  \n\t\t\t\t\t\t\t  <a  href=\"https:\/\/redept.com.br\/blogosfera\/fundacao-lamenta-a-morte-da-dirigente-petista-sonia-braga\/\"  >\n\t\t\t\t\t\t\t\t\t  <div class=\"yuzo-img-wrap \" style=\"width: 125px;height:90px;\">\n\t\t\t\t\t\t\t\t\t\t\n\t\t\t\t\t\t\t\t\t\t<div class=\"yuzo-img\" style=\"background:url('https:\/\/redept.org\/blogosfera\/wp-content\/plugins\/yuzo-related-post\/assets\/images\/default.png') 50% 50% no-repeat;width: 125px;height:90px;margin-bottom: 5px;background-size: cover; \"><\/div>\n\t\t\t\t\t\t\t\t\t  <\/div>\n\t\t\t\t\t\t\t\t\t  \n\t\t\t\t\t\t\t\t   <span class=\"yuzo__text--title\" style=\"font-size:13px;\">Funda\u00e7\u00e3o lamenta a morte da dirigente petista Soni...<\/span>\n\t\t\t\t\t\t\t  \n\t\t\t\t\t\t\t  \n\t\t\t\t\t\t\t  <\/a>\n\n\t\t\t\t\t\t  <\/div>\n<\/div> <script>\n\t\t\t\t\t\t  jQuery(document).ready(function( $ ){\n\t\t\t\t\t\t\t\/\/jQuery('.yuzo_related_post').equalizer({ overflow : 'relatedthumb' });\n\t\t\t\t\t\t\tjQuery('.yuzo_related_post .yuzo_wraps').equalizer({ columns : '> div' });\n\t\t\t\t\t\t   })\n\t\t\t\t\t\t  <\/script> <!-- End Yuzo :) -->","protected":false},"excerpt":{"rendered":"<p>As unidades franqueadas do McDonald\u2019s na cidade de Pelotas passam a aplicar a escala de trabalho 5\u00d72, com jornada de 40 horas semanais e dois dias de descanso por semana. A mudan\u00e7a \u00e9 fruto de negocia\u00e7\u00e3o entre o Sindicato dos Trabalhadores e Trabalhadoras em Turismo e Hospitalidade de Pelotas (Sintraturh), a Central dos Trabalhadores e [&hellip;]<\/p>\n","protected":false},"author":2,"featured_media":0,"comment_status":"open","ping_status":"closed","sticky":false,"template":"","format":"standard","meta":{"fifu_image_url":"","fifu_image_alt":"","footnotes":""},"categories":[5066,1963,2482,377],"tags":[],"class_list":["post-53150","post","type-post","status-publish","format-standard","hentry","category-direitos-do-trabalhador","category-escala-6x1","category-reducao-da-jornada","category-trabalho"],"_links":{"self":[{"href":"https:\/\/redept.com.br\/blogosfera\/wp-json\/wp\/v2\/posts\/53150","targetHints":{"allow":["GET"]}}],"collection":[{"href":"https:\/\/redept.com.br\/blogosfera\/wp-json\/wp\/v2\/posts"}],"about":[{"href":"https:\/\/redept.com.br\/blogosfera\/wp-json\/wp\/v2\/types\/post"}],"author":[{"embeddable":true,"href":"https:\/\/redept.com.br\/blogosfera\/wp-json\/wp\/v2\/users\/2"}],"replies":[{"embeddable":true,"href":"https:\/\/redept.com.br\/blogosfera\/wp-json\/wp\/v2\/comments?post=53150"}],"version-history":[{"count":0,"href":"https:\/\/redept.com.br\/blogosfera\/wp-json\/wp\/v2\/posts\/53150\/revisions"}],"wp:attachment":[{"href":"https:\/\/redept.com.br\/blogosfera\/wp-json\/wp\/v2\/media?parent=53150"}],"wp:term":[{"taxonomy":"category","embeddable":true,"href":"https:\/\/redept.com.br\/blogosfera\/wp-json\/wp\/v2\/categories?post=53150"},{"taxonomy":"post_tag","embeddable":true,"href":"https:\/\/redept.com.br\/blogosfera\/wp-json\/wp\/v2\/tags?post=53150"}],"curies":[{"name":"wp","href":"https:\/\/api.w.org\/{rel}","templated":true}]}}