{"id":53208,"date":"2025-09-18T18:10:42","date_gmt":"2025-09-18T21:10:42","guid":{"rendered":"https:\/\/redept.com.br\/blogosfera\/lula-critica-pec-da-blindagem-e-defende-prerrogativas-de-vida\/"},"modified":"2025-09-18T18:10:42","modified_gmt":"2025-09-18T21:10:42","slug":"lula-critica-pec-da-blindagem-e-defende-prerrogativas-de-vida","status":"publish","type":"post","link":"https:\/\/redept.com.br\/blogosfera\/lula-critica-pec-da-blindagem-e-defende-prerrogativas-de-vida\/","title":{"rendered":"Lula critica PEC da Blindagem e defende \u201cprerrogativas de vida\u201d"},"content":{"rendered":"<p><img loading=\"lazy\" width=\"1024\" height=\"702\"src=\"https:\/\/redept.com.br\/blogosfera\/wp-content\/uploads\/2025\/09\/54796583221_6a14094366_k.jpg\" alt=\"\" decoding=\"async\" loading=\"lazy\" srcset=\"https:\/\/vermelho.org.br\/wp-content\/uploads\/2025\/09\/54796583221_6a14094366_k-1024x702.jpg 1024w, https:\/\/vermelho.org.br\/wp-content\/uploads\/2025\/09\/54796583221_6a14094366_k-300x206.jpg 300w, https:\/\/vermelho.org.br\/wp-content\/uploads\/2025\/09\/54796583221_6a14094366_k-768x526.jpg 768w, https:\/\/vermelho.org.br\/wp-content\/uploads\/2025\/09\/54796583221_6a14094366_k-1536x1052.jpg 1536w, https:\/\/redept.com.br\/blogosfera\/wp-content\/uploads\/2025\/09\/54796583221_6a14094366_k.jpg 2048w\" sizes=\"auto, (max-width: 1024px) 100vw, 1024px\"><\/p>\n<p>Em evento no Pal\u00e1cio do Planalto nesta quinta-feira (19) para anunciar R$ 11,7 bilh\u00f5es em obras de conten\u00e7\u00e3o de encostas e drenagem, o presidente Luiz In\u00e1cio Lula da Silva (PT) criticou duramente a aprova\u00e7\u00e3o pela C\u00e2mara dos Deputados da chamada PEC da Blindagem. O chefe do Executivo definiu a proposta, que amplia as imunidades de pol\u00edticos e endurece regras para abertura de processos contra parlamentares, como uma \u201cprioridade equivocada\u201d do Congresso Nacional.<\/p>\n<blockquote>\n<p>\u201cA vota\u00e7\u00e3o de ontem no Congresso Nacional das prerrogativas, garantindo imunidade at\u00e9 para presidente de partido,\u00a0n\u00e3o \u00e9 uma coisa s\u00e9ria. O que precisa ser s\u00e9rio \u00e9 garantir prerrogativas de vida para o povo brasileiro: de trabalho, de educa\u00e7\u00e3o, de dignidade\u201d, disse Lula durante discurso no Pal\u00e1cio do Planalto.<\/p>\n<\/blockquote>\n<p>A proposta, j\u00e1 apelidada de \u201cPEC da Blindagem\u201d, prev\u00ea que o Supremo Tribunal Federal s\u00f3 possa iniciar processos criminais contra deputados e senadores com autoriza\u00e7\u00e3o pr\u00e9via das respectivas Casas legislativas. Agora, o texto seguir\u00e1 para an\u00e1lise do Senado, onde enfrenta resist\u00eancias. O presidente da Comiss\u00e3o de Constitui\u00e7\u00e3o e Justi\u00e7a (CCJ), senador\u00a0Otto Alencar (PSD-BA), chamou a medida de \u201cfalta de respeito ao povo brasileiro\u201d.<\/p>\n<p><strong>Anistia a golpistas \u00e9 tema do Congresso<\/strong><\/p>\n<p>Ainda durante a cerim\u00f4nia, Lula voltou a comentar a discuss\u00e3o sobre anistia aos condenados pelos atos golpistas de 8 de janeiro. O presidente reafirmou que a decis\u00e3o cabe ao Legislativo.<\/p>\n<blockquote>\n<p>\u201cO presidente da Rep\u00fablica n\u00e3o se mete numa coisa do Congresso Nacional. Se os partidos entenderem que \u00e9 preciso dar anistia e votarem, isso \u00e9 um problema do Congresso\u201d, afirmou.<\/p>\n<\/blockquote>\n<p>Apesar do tom de distanciamento, Lula j\u00e1 declarou em entrevistas que\u00a0vetar\u00e1 qualquer proposta de anistia ampla, caso chegue \u00e0 sua mesa.<\/p>\n<p><strong>Investimento em preven\u00e7\u00e3o de desastres<\/strong><\/p>\n<p>O an\u00fancio que serviu de pano de fundo para as cr\u00edticas foi o dos resultados do subeixo \u201cConten\u00e7\u00e3o de Encostas e Drenagem\u201d do Novo PAC Sele\u00e7\u00f5es. O governo destinou\u00a0R$ 11,7 bilh\u00f5es\u00a0para obras em\u00a0235 munic\u00edpios de 26 estados, com foco em reduzir o impacto de enchentes e deslizamentos.<\/p>\n<p>Segundo o governo, as interven\u00e7\u00f5es visam prevenir \u201cdanos irrepar\u00e1veis, como perda de vidas humanas, danos materiais e preju\u00edzos econ\u00f4micos\u201d causados por deslizamentos e inunda\u00e7\u00f5es. Entre as obras destacadas est\u00e3o:<\/p>\n<ul>\n<li>Conten\u00e7\u00e3o de encostas em Olinda (PE): R$ 42 milh\u00f5es<\/li>\n<li>Macrodrenagem em Duque de Caxias (RJ): R$ 554 milh\u00f5es<\/li>\n<li>Macrodrenagem em Cama\u00e7ari (BA): R$ 240 milh\u00f5es<\/li>\n<li>Conten\u00e7\u00e3o de encostas em S\u00e3o Bernardo do Campo (SP): R$ 78 milh\u00f5es<\/li>\n<\/ul>\n<blockquote>\n<p>\u201cEsse PAC \u00e9 uma demonstra\u00e7\u00e3o de como \u00e9 poss\u00edvel governar de forma republicana. A gente n\u00e3o olha a cor da bandeira do partido do prefeito. O que importa \u00e9 atender ao povo\u201d, declarou Lula.<\/p>\n<p><strong>Compara\u00e7\u00f5es e elei\u00e7\u00f5es<\/strong><\/p>\n<\/blockquote>\n<p>Durante o an\u00fancio, Lula pediu celeridade na execu\u00e7\u00e3o das obras do PAC, alertando para a proximidade do fim do seu mandato, em 2026. \u201cEsse vai ser o \u00faltimo ou pen\u00faltimo PAC que vamos lan\u00e7ar [antes de 2026]. \u00c9 muito importante que cada um de voc\u00eas saiba a pressa das obras sendo conclu\u00eddas\u201d.<\/p>\n<p>O presidente tamb\u00e9m fez um apelo para que os eleitores usem uma \u201clupa\u201d na hora de analisar os candidatos nas pr\u00f3ximas elei\u00e7\u00f5es. \u201cEu espero que, daqui para frente, a gente, quando chegar nas elei\u00e7\u00f5es, tenha claro que \u00e9 preciso olhar com pente-fino, com lupa, para que a gente possa saber o compromisso que as pessoas querem ter com o povo\u201d.<\/p>\n<p>Em sua fala, Lula voltou a comparar a situa\u00e7\u00e3o do pa\u00eds em 2023, quando assumiu o terceiro mandato, com a\u00a0Faixa de Gaza: \u201cO Brasil estava destru\u00eddo. O que estamos fazendo agora \u00e9 recuperar a dignidade que foi tirada do povo brasileiro.\u201d<\/p>\n<p>O post <a href=\"https:\/\/vermelho.org.br\/2025\/09\/18\/lula-critica-pec-da-blindagem-e-defende-prerrogativas-de-vida-em-anuncio-do-pac\/\">Lula critica PEC da Blindagem e defende \u201cprerrogativas de vida\u201d<\/a> apareceu primeiro em <a href=\"https:\/\/vermelho.org.br\/\">Vermelho<\/a>.<\/p>\n<!-- Begin Yuzo --><div class='yuzo_related_post style-1'  data-version='5.12.89'><!-- without result --><div class='yuzo_clearfixed yuzo__title yuzo__title'><h3>Related Post<\/h3><\/div>\n\t\t\t\t\t\t  <div class=\"relatedthumb \" style=\"width:125px;float:left;overflow:hidden;\">  \n\t\t\t\t\t\t\t  \n\t\t\t\t\t\t\t  <a  href=\"https:\/\/redept.com.br\/blogosfera\/resposta-a-trump-alcione-promete-macumbinha-e-boulos-rebatiza-copo-americano-de-zeca-pagodinho\/\"  >\n\t\t\t\t\t\t\t\t\t  <div class=\"yuzo-img-wrap \" style=\"width: 125px;height:90px;\">\n\t\t\t\t\t\t\t\t\t\t\n\t\t\t\t\t\t\t\t\t\t<div class=\"yuzo-img\" style=\"background:url('https:\/\/redept.org\/blogosfera\/wp-content\/plugins\/yuzo-related-post\/assets\/images\/default.png') 50% 50% no-repeat;width: 125px;height:90px;margin-bottom: 5px;background-size: cover; \"><\/div>\n\t\t\t\t\t\t\t\t\t  <\/div>\n\t\t\t\t\t\t\t\t\t  \n\t\t\t\t\t\t\t\t   <span class=\"yuzo__text--title\" style=\"font-size:13px;\">Resposta a Trump: Alcione promete \u2018macumbinha\u2019 e B...<\/span>\n\t\t\t\t\t\t\t  \n\t\t\t\t\t\t\t  \n\t\t\t\t\t\t\t  <\/a>\n\n\t\t\t\t\t\t  <\/div>\n\t\t\t\t\t\t  <div class=\"relatedthumb \" style=\"width:125px;float:left;overflow:hidden;\">  \n\t\t\t\t\t\t\t  \n\t\t\t\t\t\t\t  <a  href=\"https:\/\/redept.com.br\/blogosfera\/em-carta-antes-de-cirurgia-bolsonaro-reafirma-candidatura-de-flavio-a-presidencia\/\"  >\n\t\t\t\t\t\t\t\t\t  <div class=\"yuzo-img-wrap \" style=\"width: 125px;height:90px;\">\n\t\t\t\t\t\t\t\t\t\t\n\t\t\t\t\t\t\t\t\t\t<div class=\"yuzo-img\" style=\"background:url('https:\/\/redept.org\/blogosfera\/wp-content\/plugins\/yuzo-related-post\/assets\/images\/default.png') 50% 50% no-repeat;width: 125px;height:90px;margin-bottom: 5px;background-size: cover; \"><\/div>\n\t\t\t\t\t\t\t\t\t  <\/div>\n\t\t\t\t\t\t\t\t\t  \n\t\t\t\t\t\t\t\t   <span class=\"yuzo__text--title\" style=\"font-size:13px;\">Em carta antes de cirurgia, Bolsonaro reafirma can...<\/span>\n\t\t\t\t\t\t\t  \n\t\t\t\t\t\t\t  \n\t\t\t\t\t\t\t  <\/a>\n\n\t\t\t\t\t\t  <\/div>\n\t\t\t\t\t\t  <div class=\"relatedthumb \" style=\"width:125px;float:left;overflow:hidden;\">  \n\t\t\t\t\t\t\t  \n\t\t\t\t\t\t\t  <a  href=\"https:\/\/redept.com.br\/blogosfera\/noticias-do-dia-com-o-jornal-tvt-news-segunda-edicao-13-06\/\"  >\n\t\t\t\t\t\t\t\t\t  <div class=\"yuzo-img-wrap \" style=\"width: 125px;height:90px;\">\n\t\t\t\t\t\t\t\t\t\t\n\t\t\t\t\t\t\t\t\t\t<div class=\"yuzo-img\" style=\"background:url('https:\/\/redept.com.br\/blogosfera\/wp-content\/uploads\/2025\/06\/jornal_tvt_new-14-150x150.jpeg') 50% 50% no-repeat;width: 125px;height:90px;margin-bottom: 5px;background-size: cover; \"><\/div>\n\t\t\t\t\t\t\t\t\t  <\/div>\n\t\t\t\t\t\t\t\t\t  \n\t\t\t\t\t\t\t\t   <span class=\"yuzo__text--title\" style=\"font-size:13px;\">Not\u00edcias do dia com o Jornal TVT News Segunda Edi\u00e7...<\/span>\n\t\t\t\t\t\t\t  \n\t\t\t\t\t\t\t  \n\t\t\t\t\t\t\t  <\/a>\n\n\t\t\t\t\t\t  <\/div>\n\t\t\t\t\t\t  <div class=\"relatedthumb \" style=\"width:125px;float:left;overflow:hidden;\">  \n\t\t\t\t\t\t\t  \n\t\t\t\t\t\t\t  <a  href=\"https:\/\/sul21.com.br\/noticias\/economia\/2025\/12\/comissao-do-senado-aprova-aumento-da-taxacao-de-bets-e-fintechs\/\"  >\n\t\t\t\t\t\t\t\t\t  <div class=\"yuzo-img-wrap \" style=\"width: 125px;height:90px;\">\n\t\t\t\t\t\t\t\t\t\t\n\t\t\t\t\t\t\t\t\t\t<div class=\"yuzo-img\" style=\"background:url('https:\/\/agenciabrasil.ebc.com.br\/ebc.png?id=1670408&amp;o=node') 50% 50% no-repeat;width: 125px;height:90px;margin-bottom: 5px;background-size: cover; \"><\/div>\n\t\t\t\t\t\t\t\t\t  <\/div>\n\t\t\t\t\t\t\t\t\t  \n\t\t\t\t\t\t\t\t   <span class=\"yuzo__text--title\" style=\"font-size:13px;\">Comiss\u00e3o do Senado aprova aumento da taxa\u00e7\u00e3o de be...<\/span>\n\t\t\t\t\t\t\t  \n\t\t\t\t\t\t\t  \n\t\t\t\t\t\t\t  <\/a>\n\n\t\t\t\t\t\t  <\/div>\n<\/div> <script>\n\t\t\t\t\t\t  jQuery(document).ready(function( $ ){\n\t\t\t\t\t\t\t\/\/jQuery('.yuzo_related_post').equalizer({ overflow : 'relatedthumb' });\n\t\t\t\t\t\t\tjQuery('.yuzo_related_post .yuzo_wraps').equalizer({ columns : '> div' });\n\t\t\t\t\t\t   })\n\t\t\t\t\t\t  <\/script> <!-- End Yuzo :) -->","protected":false},"excerpt":{"rendered":"<p>Em evento no Pal\u00e1cio do Planalto nesta quinta-feira (19) para anunciar R$ 11,7 bilh\u00f5es em obras de conten\u00e7\u00e3o de encostas e drenagem, o presidente Luiz In\u00e1cio Lula da Silva (PT) criticou duramente a aprova\u00e7\u00e3o pela C\u00e2mara dos Deputados da chamada PEC da Blindagem. O chefe do Executivo definiu a proposta, que amplia as imunidades de [&hellip;]<\/p>\n","protected":false},"author":2,"featured_media":0,"comment_status":"open","ping_status":"closed","sticky":false,"template":"","format":"standard","meta":{"fifu_image_url":"","fifu_image_alt":"","footnotes":""},"categories":[10053,45,20544,1296,1760,5011,16805,20545],"tags":[],"class_list":["post-53208","post","type-post","status-publish","format-standard","hentry","category-anistia-a-golpistas","category-brasil","category-contencao-de-encostas","category-drenagem","category-eleicoes-2026","category-novo-pac-selecoes","category-pec-da-blindagem","category-prerrogativa-de-foro"],"_links":{"self":[{"href":"https:\/\/redept.com.br\/blogosfera\/wp-json\/wp\/v2\/posts\/53208","targetHints":{"allow":["GET"]}}],"collection":[{"href":"https:\/\/redept.com.br\/blogosfera\/wp-json\/wp\/v2\/posts"}],"about":[{"href":"https:\/\/redept.com.br\/blogosfera\/wp-json\/wp\/v2\/types\/post"}],"author":[{"embeddable":true,"href":"https:\/\/redept.com.br\/blogosfera\/wp-json\/wp\/v2\/users\/2"}],"replies":[{"embeddable":true,"href":"https:\/\/redept.com.br\/blogosfera\/wp-json\/wp\/v2\/comments?post=53208"}],"version-history":[{"count":0,"href":"https:\/\/redept.com.br\/blogosfera\/wp-json\/wp\/v2\/posts\/53208\/revisions"}],"wp:attachment":[{"href":"https:\/\/redept.com.br\/blogosfera\/wp-json\/wp\/v2\/media?parent=53208"}],"wp:term":[{"taxonomy":"category","embeddable":true,"href":"https:\/\/redept.com.br\/blogosfera\/wp-json\/wp\/v2\/categories?post=53208"},{"taxonomy":"post_tag","embeddable":true,"href":"https:\/\/redept.com.br\/blogosfera\/wp-json\/wp\/v2\/tags?post=53208"}],"curies":[{"name":"wp","href":"https:\/\/api.w.org\/{rel}","templated":true}]}}