{"id":53214,"date":"2025-09-18T19:22:57","date_gmt":"2025-09-18T22:22:57","guid":{"rendered":"https:\/\/redept.com.br\/blogosfera\/ministro-do-trabalho-assume-processo-e-jbs-pode-escapar-de-lista-suja-do-trabalho-escravo\/"},"modified":"2025-09-18T19:22:57","modified_gmt":"2025-09-18T22:22:57","slug":"ministro-do-trabalho-assume-processo-e-jbs-pode-escapar-de-lista-suja-do-trabalho-escravo","status":"publish","type":"post","link":"https:\/\/redept.com.br\/blogosfera\/ministro-do-trabalho-assume-processo-e-jbs-pode-escapar-de-lista-suja-do-trabalho-escravo\/","title":{"rendered":"Ministro do Trabalho assume processo e JBS pode escapar de lista suja do trabalho escravo"},"content":{"rendered":"<p>O ministro do Trabalho e Emprego, Luiz Marinho (PT), avocou para si um processo administrativo contra a Seara\/JBS Aves, do grupo JBS, que foi autuada em maio por trabalho an\u00e1logo \u00e0 escravid\u00e3o no Rio Grande do Sul. Avocar para si \u00e9 o termo t\u00e9cnico para o instrumento que permite ao ministro rever, atenuar ou at\u00e9 anular a penalidade. <span>A empresa estava prestes a entrar na lista suja do trabalho escravo, que deve ser atualizada em outubro deste ano.<\/span><\/p>\n<p>Em dezembro de 2024, 10 trabalhadores foram resgatados em Passo Fundo. Segundo os auditores fiscais que fizeram o flagrante, eles trabalhavam at\u00e9 16 horas por dia, se alimentavam de frangos considerados fora do padr\u00e3o pela JBS e trabalhavam para pagar d\u00edvidas com transporte e alimenta\u00e7\u00e3o. Eles haviam sido contratados pela MRJ Prestadora de Servi\u00e7os, uma terceirizada. <span>Em abril deste ano, a unidade da JBS foi classificada como \u201ca principal respons\u00e1vel\u201d pelas infra\u00e7\u00f5es.<\/span><\/p>\n<p>A empresa recorreu da autua\u00e7\u00e3o, mas os recursos foram negados. Na sequ\u00eancia, ocorreu o pedido de avoca\u00e7\u00e3o ao ministro, que pode reavaliar decis\u00f5es tomadas por inst\u00e2ncias inferiores. A pr\u00e1tica \u00e9 considerada incomum. Um t\u00e9cnico do Minist\u00e9rio do Trabalho e Emprego (MTE) com anos de experi\u00eancia disse \u00e0 <strong>Ag\u00eancia P\u00fablica<\/strong> que nunca viu algo parecido.<\/p>\n<p>Luiz Marinho pediu um parecer da Advocacia Geral da Uni\u00e3o (AGU) junto ao MTE, que concluiu pela legalidade da avoca\u00e7\u00e3o. O procurador Ricardo Panquestor Nogueira a considerou \u201cadequada e recomend\u00e1vel\u201d dada \u201ca gravidade excepcional do caso, a relev\u00e2ncia econ\u00f4mica da empresa envolvida e o interesse p\u00fablico na uniformiza\u00e7\u00e3o da interpreta\u00e7\u00e3o legal em mat\u00e9ria de t\u00e3o significativo impacto nacional\u201d.<\/p>\n<p>De acordo com o of\u00edcio, de 9 de setembro, a inclus\u00e3o da JBS na lista suja do trabalho escravo \u201cpossui repercuss\u00e3o econ\u00f4mica e jur\u00eddica de ampla magnitude, com reflexos diretos na esfera patrimonial da empresa, em suas rela\u00e7\u00f5es comerciais, na imagem perante o mercado e, em \u00faltima an\u00e1lise, pode gerar significativo impacto no pr\u00f3prio setor econ\u00f4mico em n\u00edvel nacional, inclusive com poss\u00edveis desdobramentos internacionais.\u201d<\/p>\n<p>A Associa\u00e7\u00e3o Ga\u00facha dos Auditores Fiscais do Trabalho manifestou \u201cprofunda estranheza e preocupa\u00e7\u00e3o\u201d com a avoca\u00e7\u00e3o, em nota divulgada em 18 de setembro. Os auditores afirmam que a fiscaliza\u00e7\u00e3o do caso foi rigorosa, fundamentada e documentada, com direito ao contradit\u00f3rio e ampla defesa. <span>Para a entidade, a atitude do ministro fere princ\u00edpios constitucionais da legalidade e impessoalidade e pode ser vista como abuso de poder<\/span>, al\u00e9m de contrariar normas que garantem a independ\u00eancia dos auditores fiscais.<\/p>\n<p>No mesmo dia, a Comiss\u00e3o Pastoral da Terra (CPT) pediu uma reuni\u00e3o emergencial com a Comiss\u00e3o Nacional para a Erradica\u00e7\u00e3o do Trabalho Escravo (Conatrae), vinculada ao Minist\u00e9rio dos Direitos Humanos, para tratar do caso da JBS no Minist\u00e9rio do Trabalho. A carta tamb\u00e9m foi obtida pela <strong>P\u00fablica<\/strong>.<\/p>\n<p>\u201cPor meio da avoca\u00e7\u00e3o, cria-se um in\u00e9dito caminho de contorno das normas estabelecidas, com a clara finalidade, em benef\u00edcio do infrator flagrado com trabalho escravo, de escapar da Lista Suja, esvaziando por completo este exemplar instrumento de transpar\u00eancia\u201d, diz a carta, assinada por Xavier Plassat e Evandro Rodrigues, da CPT.<\/p>\n<p>\u201cSe levada a execu\u00e7\u00e3o, trata-se de grav\u00edssima interfer\u00eancia da autoridade pol\u00edtica em processo administrativo, em absoluto descompasso com toda a l\u00f3gica da pol\u00edtica p\u00fablica, minando seus fundamentos de lisura e objetividade. Evitar a Lista Suja, doravante, n\u00e3o exigir\u00e1 do administrado nenhum engajamento, nem com o trabalho decente, nem com a repara\u00e7\u00e3o das v\u00edtimas, nem com qualquer mudan\u00e7a na condu\u00e7\u00e3o dos neg\u00f3cios\u201d, continua o texto.<\/p>\n<p>Procurada, a JBS disse que a Seara \u201csuspendeu imediatamente o prestador de servi\u00e7os em Passo Fundo, encerrou o contrato e bloqueou esta empresa assim que tomou conhecimento das den\u00fancias. A Companhia tem toler\u00e2ncia zero com viola\u00e7\u00f5es de pr\u00e1ticas trabalhistas e de direitos humanos\u201d, informa.<\/p>\n<p><span>\u201cA Seara verificou <em>in loco<\/em> as condi\u00e7\u00f5es de trabalho, constatando o regular cumprimento da legisla\u00e7\u00e3o em vigor.<\/span> Todos os fornecedores est\u00e3o submetidos ao nosso C\u00f3digo de Conduta de Parceiros e \u00e0 nossa Pol\u00edtica Global de Direitos Humanos, que veda explicitamente qualquer pr\u00e1tica de trabalho como as descritas na den\u00fancia\u201d, continua a nota da empresa.<\/p>\n<p>A reportagem procurou o Minist\u00e9rio do Trabalho, que n\u00e3o respondeu at\u00e9 a publica\u00e7\u00e3o desta mat\u00e9ria. O espa\u00e7o segue aberto para manifesta\u00e7\u00e3o.<\/p>\n<!-- Begin Yuzo --><div class='yuzo_related_post style-1'  data-version='5.12.89'><!-- without result --><div class='yuzo_clearfixed yuzo__title yuzo__title'><h3>Related Post<\/h3><\/div>\n\t\t\t\t\t\t  <div class=\"relatedthumb \" style=\"width:125px;float:left;overflow:hidden;\">  \n\t\t\t\t\t\t\t  \n\t\t\t\t\t\t\t  <a  href=\"https:\/\/redept.com.br\/blogosfera\/musculos-e-criptos-as-novas-usinas-da-misoginia\/\"  >\n\t\t\t\t\t\t\t\t\t  <div class=\"yuzo-img-wrap \" style=\"width: 125px;height:90px;\">\n\t\t\t\t\t\t\t\t\t\t\n\t\t\t\t\t\t\t\t\t\t<div class=\"yuzo-img\" style=\"background:url('https:\/\/redept.com.br\/blogosfera\/wp-content\/uploads\/2025\/09\/canvas-150x150.png') 50% 50% no-repeat;width: 125px;height:90px;margin-bottom: 5px;background-size: cover; \"><\/div>\n\t\t\t\t\t\t\t\t\t  <\/div>\n\t\t\t\t\t\t\t\t\t  \n\t\t\t\t\t\t\t\t   <span class=\"yuzo__text--title\" style=\"font-size:13px;\">M\u00fasculos e criptos: as novas usinas da misoginia<\/span>\n\t\t\t\t\t\t\t  \n\t\t\t\t\t\t\t  \n\t\t\t\t\t\t\t  <\/a>\n\n\t\t\t\t\t\t  <\/div>\n\t\t\t\t\t\t  <div class=\"relatedthumb \" style=\"width:125px;float:left;overflow:hidden;\">  \n\t\t\t\t\t\t\t  \n\t\t\t\t\t\t\t  <a  href=\"https:\/\/redept.com.br\/blogosfera\/onu-destaca-esforcos-de-lula-por-avancos-no-g20\/\"  >\n\t\t\t\t\t\t\t\t\t  <div class=\"yuzo-img-wrap \" style=\"width: 125px;height:90px;\">\n\t\t\t\t\t\t\t\t\t\t\n\t\t\t\t\t\t\t\t\t\t<div class=\"yuzo-img\" style=\"background:url('https:\/\/redept.org\/blogosfera\/wp-content\/plugins\/yuzo-related-post\/assets\/images\/default.png') 50% 50% no-repeat;width: 125px;height:90px;margin-bottom: 5px;background-size: cover; \"><\/div>\n\t\t\t\t\t\t\t\t\t  <\/div>\n\t\t\t\t\t\t\t\t\t  \n\t\t\t\t\t\t\t\t   <span class=\"yuzo__text--title\" style=\"font-size:13px;\">ONU destaca esfor\u00e7os de Lula por avan\u00e7os no G20<\/span>\n\t\t\t\t\t\t\t  \n\t\t\t\t\t\t\t  \n\t\t\t\t\t\t\t  <\/a>\n\n\t\t\t\t\t\t  <\/div>\n\t\t\t\t\t\t  <div class=\"relatedthumb \" style=\"width:125px;float:left;overflow:hidden;\">  \n\t\t\t\t\t\t\t  \n\t\t\t\t\t\t\t  <a  href=\"https:\/\/redept.com.br\/blogosfera\/descriminalizacao-do-aborto-ate-12a-semana-de-gestacao-tem-2-votos-a-favor-no-stf\/\"  >\n\t\t\t\t\t\t\t\t\t  <div class=\"yuzo-img-wrap \" style=\"width: 125px;height:90px;\">\n\t\t\t\t\t\t\t\t\t\t\n\t\t\t\t\t\t\t\t\t\t<div class=\"yuzo-img\" style=\"background:url('https:\/\/redept.com.br\/blogosfera\/wp-content\/uploads\/2025\/10\/dia_aborto_14-scaled-e1757605154294-2048x1154-1-150x150.jpg') 50% 50% no-repeat;width: 125px;height:90px;margin-bottom: 5px;background-size: cover; \"><\/div>\n\t\t\t\t\t\t\t\t\t  <\/div>\n\t\t\t\t\t\t\t\t\t  \n\t\t\t\t\t\t\t\t   <span class=\"yuzo__text--title\" style=\"font-size:13px;\">Descriminaliza\u00e7\u00e3o do aborto at\u00e9 12\u00aa semana de gest...<\/span>\n\t\t\t\t\t\t\t  \n\t\t\t\t\t\t\t  \n\t\t\t\t\t\t\t  <\/a>\n\n\t\t\t\t\t\t  <\/div>\n\t\t\t\t\t\t  <div class=\"relatedthumb \" style=\"width:125px;float:left;overflow:hidden;\">  \n\t\t\t\t\t\t\t  \n\t\t\t\t\t\t\t  <a  href=\"https:\/\/redept.com.br\/blogosfera\/pretos-e-pardos-tem-menos-acesso-a-infraestrutura-urbana-que-brancos\/\"  >\n\t\t\t\t\t\t\t\t\t  <div class=\"yuzo-img-wrap \" style=\"width: 125px;height:90px;\">\n\t\t\t\t\t\t\t\t\t\t\n\t\t\t\t\t\t\t\t\t\t<div class=\"yuzo-img\" style=\"background:url('https:\/\/redept.com.br\/blogosfera\/wp-content\/uploads\/2025\/04\/morro-do-Andarai-150x150.webp') 50% 50% no-repeat;width: 125px;height:90px;margin-bottom: 5px;background-size: cover; \"><\/div>\n\t\t\t\t\t\t\t\t\t  <\/div>\n\t\t\t\t\t\t\t\t\t  \n\t\t\t\t\t\t\t\t   <span class=\"yuzo__text--title\" style=\"font-size:13px;\">Pretos e pardos t\u00eam menos acesso \u00e0 infraestrutura ...<\/span>\n\t\t\t\t\t\t\t  \n\t\t\t\t\t\t\t  \n\t\t\t\t\t\t\t  <\/a>\n\n\t\t\t\t\t\t  <\/div>\n<\/div> <script>\n\t\t\t\t\t\t  jQuery(document).ready(function( $ ){\n\t\t\t\t\t\t\t\/\/jQuery('.yuzo_related_post').equalizer({ overflow : 'relatedthumb' });\n\t\t\t\t\t\t\tjQuery('.yuzo_related_post .yuzo_wraps').equalizer({ columns : '> div' });\n\t\t\t\t\t\t   })\n\t\t\t\t\t\t  <\/script> <!-- End Yuzo :) -->","protected":false},"excerpt":{"rendered":"<p>Luiz Marinho (PT) utiliza instrumento que permite alterar decis\u00e3o de equipe t\u00e9cnica do minist\u00e9rio<\/p>\n","protected":false},"author":2,"featured_media":0,"comment_status":"open","ping_status":"closed","sticky":false,"template":"","format":"standard","meta":{"fifu_image_url":"","fifu_image_alt":"","footnotes":""},"categories":[5891,288,5557,377,974],"tags":[],"class_list":["post-53214","post","type-post","status-publish","format-standard","hentry","category-jbs","category-justica","category-portugues","category-trabalho","category-trabalho-escravo"],"_links":{"self":[{"href":"https:\/\/redept.com.br\/blogosfera\/wp-json\/wp\/v2\/posts\/53214","targetHints":{"allow":["GET"]}}],"collection":[{"href":"https:\/\/redept.com.br\/blogosfera\/wp-json\/wp\/v2\/posts"}],"about":[{"href":"https:\/\/redept.com.br\/blogosfera\/wp-json\/wp\/v2\/types\/post"}],"author":[{"embeddable":true,"href":"https:\/\/redept.com.br\/blogosfera\/wp-json\/wp\/v2\/users\/2"}],"replies":[{"embeddable":true,"href":"https:\/\/redept.com.br\/blogosfera\/wp-json\/wp\/v2\/comments?post=53214"}],"version-history":[{"count":0,"href":"https:\/\/redept.com.br\/blogosfera\/wp-json\/wp\/v2\/posts\/53214\/revisions"}],"wp:attachment":[{"href":"https:\/\/redept.com.br\/blogosfera\/wp-json\/wp\/v2\/media?parent=53214"}],"wp:term":[{"taxonomy":"category","embeddable":true,"href":"https:\/\/redept.com.br\/blogosfera\/wp-json\/wp\/v2\/categories?post=53214"},{"taxonomy":"post_tag","embeddable":true,"href":"https:\/\/redept.com.br\/blogosfera\/wp-json\/wp\/v2\/tags?post=53214"}],"curies":[{"name":"wp","href":"https:\/\/api.w.org\/{rel}","templated":true}]}}