{"id":53306,"date":"2025-09-19T09:55:06","date_gmt":"2025-09-19T12:55:06","guid":{"rendered":"https:\/\/redept.com.br\/blogosfera\/trump-usa-morte-de-kirk-e-anuncia-antifa-como-organizacao-terrorista\/"},"modified":"2025-09-19T09:55:06","modified_gmt":"2025-09-19T12:55:06","slug":"trump-usa-morte-de-kirk-e-anuncia-antifa-como-organizacao-terrorista","status":"publish","type":"post","link":"https:\/\/redept.com.br\/blogosfera\/trump-usa-morte-de-kirk-e-anuncia-antifa-como-organizacao-terrorista\/","title":{"rendered":"Trump usa morte de Kirk e anuncia Antifa como \u201corganiza\u00e7\u00e3o terrorista\u201d"},"content":{"rendered":"<p><img fetchpriority=\"high\" width=\"888\" height=\"594\"src=\"https:\/\/redept.com.br\/blogosfera\/wp-content\/uploads\/2025\/09\/trump-grita-bravatas.png\" alt=\"\" decoding=\"async\" srcset=\"https:\/\/redept.com.br\/blogosfera\/wp-content\/uploads\/2025\/09\/trump-grita-bravatas.png 888w, https:\/\/vermelho.org.br\/wp-content\/uploads\/2025\/08\/trump-grita-bravatas-300x201.png 300w, https:\/\/vermelho.org.br\/wp-content\/uploads\/2025\/08\/trump-grita-bravatas-768x514.png 768w, https:\/\/vermelho.org.br\/wp-content\/uploads\/2025\/08\/trump-grita-bravatas-272x182.png 272w\" sizes=\"(max-width: 888px) 100vw, 888px\"><\/p>\n<p>O presidente dos Estados Unidos, Donald Trump, anunciou nesta semana que pretende classificar o movimento antifascista Antifa como uma \u201corganiza\u00e7\u00e3o terrorista\u201d, iniciativa que especialistas consideram sem base legal e que cr\u00edticos apontam como tentativa de criminalizar opositores.\u00a0<\/p>\n<p>O republicano usou o assassinato do ativista de direita Charlie Kirk, ocorrido em Utah, como pretexto para intensificar medidas contra grupos de esquerda, apesar da aus\u00eancia de provas de v\u00ednculo do suspeito com qualquer organiza\u00e7\u00e3o.<\/p>\n<p>Em publica\u00e7\u00e3o no Truth Social, Trump chamou o Antifa de \u201cum desastre radical de esquerda, doente e perigoso\u201d e de \u201cuma grande organiza\u00e7\u00e3o terrorista\u201d.\u00a0<\/p>\n<p>\u201cTamb\u00e9m estarei recomendando fortemente que aqueles que financiam a ANTIFA sejam rigorosamente investigados de acordo com os mais altos padr\u00f5es e pr\u00e1ticas legais. Obrigado pela aten\u00e7\u00e3o a este assunto!\u201d, afirmou.<\/p>\n<p>As declara\u00e7\u00f5es refor\u00e7am a estrat\u00e9gia de transformar a morte de Kirk em catalisador para uma agenda repressiva contra advers\u00e1rios pol\u00edticos.<\/p>\n<p>O acusado pelo assassinato, Tyler Robinson, 22, foi indiciado formalmente, mas n\u00e3o h\u00e1 ind\u00edcios de liga\u00e7\u00e3o com o Antifa ou qualquer entidade.\u00a0<\/p>\n<p>Ainda assim, Trump e seus aliados sustentam a narrativa de que a \u201cradicaliza\u00e7\u00e3o da esquerda\u201d seria respons\u00e1vel pelo crime.\u00a0<\/p>\n<p>O governo prepara uma ordem executiva sobre viol\u00eancia pol\u00edtica e discurso de \u00f3dio, al\u00e9m de discutir a abertura de investiga\u00e7\u00f5es contra funda\u00e7\u00f5es liberais, como a Open Society Foundations, de George Soros, e a Ford Foundation.<\/p>\n<p>A ret\u00f3rica oficial repete o padr\u00e3o de responsabilizar a esquerda como fonte de instabilidade. O vice-presidente, JD Vance, declarou que \u201cas redes de financiamento da viol\u00eancia de esquerda ser\u00e3o tratadas como uma organiza\u00e7\u00e3o terrorista\u201d.\u00a0<\/p>\n<p>\u201cEles s\u00e3o literalmente subsidiados por mim e por voc\u00ea, o contribuinte americano. E como eles nos retribuem? Incendiando a casa constru\u00edda pela fam\u00edlia americana ao longo de 250 anos\u201d, apelou Vance.<\/p>\n<p>O assessor Stephen Miller, um dos principais ide\u00f3logos da Casa Branca, afirmou que o governo vai usar \u201ctodos os recursos do Departamento de Justi\u00e7a e da Seguran\u00e7a Interna\u201d para \u201cdesmantelar essas redes terroristas\u201d.\u00a0<\/p>\n<p>A procuradora-geral, Pam Bondi, anunciou que a ofensiva vai mirar pessoas que usem discurso de \u00f3dio, \u201cnos dois lados\u201d, embora tenha direcionado suas cr\u00edticas a governadores democratas.<\/p>\n<p>As medidas em discuss\u00e3o incluem a aplica\u00e7\u00e3o da lei de extors\u00e3o (RICO) contra grupos acusados de financiar protestos, a revis\u00e3o do status fiscal de ONGs e a criminaliza\u00e7\u00e3o de supostos \u201cpontos de entrega\u201d de armas e materiais usados em manifesta\u00e7\u00f5es. Cr\u00edticos afirmam que se trata de instrumentalizar o aparato estatal para sufocar a sociedade civil e consolidar o poder presidencial.<\/p>\n<p><strong>Base legal contestada<\/strong><\/p>\n<p>Especialistas ressaltam que a iniciativa carece de fundamento jur\u00eddico. O Antifa n\u00e3o \u00e9 uma organiza\u00e7\u00e3o formal, mas um movimento descentralizado, sem lideran\u00e7a ou filia\u00e7\u00e3o definida.\u00a0<\/p>\n<p>Pela legisla\u00e7\u00e3o vigente, apenas entidades estrangeiras podem ser rotuladas como organiza\u00e7\u00f5es terroristas, o que torna a proposta de Trump impratic\u00e1vel sem mudan\u00e7a na lei.<\/p>\n<p>Mary McCord, ex-funcion\u00e1ria do Departamento de Justi\u00e7a, afirmou que \u201cn\u00e3o havia mecanismo para designar organiza\u00e7\u00f5es dom\u00e9sticas como organiza\u00e7\u00f5es terroristas, e as tentativas de Trump de designar o Antifa levantariam preocupa\u00e7\u00f5es significativas com a Primeira Emenda\u201d.\u00a0<\/p>\n<p>Em 2020, quando ideia semelhante foi levantada, juristas j\u00e1 advertiam que o plano era imposs\u00edvel de executar e representava uma amea\u00e7a direta \u00e0 liberdade de express\u00e3o.<\/p>\n<p>Mais de 100 organiza\u00e7\u00f5es \u2014 entre elas a Open Society Foundations e a Ford Foundation \u2014 divulgaram carta aberta em rea\u00e7\u00e3o \u00e0s medidas.\u00a0<\/p>\n<p>\u201cRejeitamos tentativas de explorar a viol\u00eancia pol\u00edtica para deturpar nosso bom trabalho ou restringir nossas liberdades fundamentais, como a liberdade de express\u00e3o e a liberdade de doar\u201d, escreveram.\u00a0<\/p>\n<p>O texto tamb\u00e9m denuncia que \u201ctentativas de silenciar discursos, criminalizar pontos de vista opostos e limitar doa\u00e7\u00f5es filantr\u00f3picas minam nossa democracia e prejudicam todos os americanos\u201d.<\/p>\n<p>As entidades condenaram a viol\u00eancia pol\u00edtica, mas ressaltaram que o uso do caso Kirk para criminalizar funda\u00e7\u00f5es e movimentos sociais mina a democracia. Para essas organiza\u00e7\u00f5es, o governo tenta impor uma l\u00f3gica autorit\u00e1ria em que cr\u00edticas s\u00e3o equiparadas a terrorismo.<\/p>\n<p><strong>Obama critica clima de ca\u00e7a a inimigos<\/strong><\/p>\n<p>O ex-presidente Barack Obama criticou diretamente a resposta de Trump. Em discurso na Pensilv\u00e2nia, chamou a morte de Kirk e da democrata Melissa Hortman de trag\u00e9dias, mas advertiu que o governo transformou a como\u00e7\u00e3o em combust\u00edvel para dividir ainda mais o pa\u00eds.\u00a0<\/p>\n<p>\u201cN\u00e3o h\u00e1 desculpas: a premissa central do nosso sistema democr\u00e1tico \u00e9 que precisamos ser capazes de discordar e, \u00e0s vezes, ter debates realmente contenciosos sem recorrer \u00e0 viol\u00eancia\u201d, disse.<\/p>\n<p>Obama criticou a pressa da Casa Branca em \u201cidentificar um inimigo\u201d antes de conclu\u00eddas as investiga\u00e7\u00f5es, advertindo que tal postura serve para silenciar debates leg\u00edtimos.\u00a0<\/p>\n<p>Ele afirmou que o papel de um presidente em uma crise deveria ser o de \u201clembrar constantemente os la\u00e7os que nos unem\u201d e classificou o momento atual como \u201cperigoso\u201d diante da eros\u00e3o de freios institucionais.<\/p>\n<p>Para o ex-presidente, os EUA vivem um \u201cmomento perigoso\u201d, marcado pelo enfraquecimento de freios institucionais.\u00a0<\/p>\n<p>Embora tenha dito acreditar que as ideias de Kirk eram \u201cerradas\u201d, afirmou que sua morte \u00e9 uma trag\u00e9dia e que o pa\u00eds deve debater ideias \u201cde forma honesta e respeitosa, garantindo o direito das pessoas de dizer coisas com as quais discordamos profundamente\u201d.<\/p>\n<p>O post <a href=\"https:\/\/vermelho.org.br\/2025\/09\/19\/trump-usa-morte-de-kirk-e-anuncia-antifa-como-organizacao-terrorista\/\">Trump usa morte de Kirk e anuncia Antifa como \u201corganiza\u00e7\u00e3o terrorista\u201d<\/a> apareceu primeiro em <a href=\"https:\/\/vermelho.org.br\/\">Vermelho<\/a>.<\/p>\n<!-- Begin Yuzo --><div class='yuzo_related_post style-1'  data-version='5.12.89'><!-- without result --><div class='yuzo_clearfixed yuzo__title yuzo__title'><h3>Related Post<\/h3><\/div>\n\t\t\t\t\t\t  <div class=\"relatedthumb \" style=\"width:125px;float:left;overflow:hidden;\">  \n\t\t\t\t\t\t\t  \n\t\t\t\t\t\t\t  <a  href=\"https:\/\/redept.com.br\/blogosfera\/governo-reduz-quase-100-da-area-de-garimpo-ilegal-na-terra-yanomami\/\"  >\n\t\t\t\t\t\t\t\t\t  <div class=\"yuzo-img-wrap \" style=\"width: 125px;height:90px;\">\n\t\t\t\t\t\t\t\t\t\t\n\t\t\t\t\t\t\t\t\t\t<div class=\"yuzo-img\" style=\"background:url('https:\/\/redept.com.br\/blogosfera\/wp-content\/uploads\/2026\/02\/Nova-rota-fica-proxima-ao-rio-Catrimani-um-dos-mais-poluidos-por-mercurio-dentro-da-Terra-Yanomami-Foto-Valentina-RicardoReproducaoGreenpeace-150x150.webp') 50% 50% no-repeat;width: 125px;height:90px;margin-bottom: 5px;background-size: cover; \"><\/div>\n\t\t\t\t\t\t\t\t\t  <\/div>\n\t\t\t\t\t\t\t\t\t  \n\t\t\t\t\t\t\t\t   <span class=\"yuzo__text--title\" style=\"font-size:13px;\">Governo reduz quase 100% da \u00e1rea de garimpo ilegal...<\/span>\n\t\t\t\t\t\t\t  \n\t\t\t\t\t\t\t  \n\t\t\t\t\t\t\t  <\/a>\n\n\t\t\t\t\t\t  <\/div>\n\t\t\t\t\t\t  <div class=\"relatedthumb \" style=\"width:125px;float:left;overflow:hidden;\">  \n\t\t\t\t\t\t\t  \n\t\t\t\t\t\t\t  <a  href=\"https:\/\/redept.com.br\/blogosfera\/conflito-entre-ira-e-israel-se-intensifica-apos-novos-ataques-neste-domingo-15\/\"  >\n\t\t\t\t\t\t\t\t\t  <div class=\"yuzo-img-wrap \" style=\"width: 125px;height:90px;\">\n\t\t\t\t\t\t\t\t\t\t\n\t\t\t\t\t\t\t\t\t\t<div class=\"yuzo-img\" style=\"background:url('https:\/\/redept.org\/blogosfera\/wp-content\/plugins\/yuzo-related-post\/assets\/images\/default.png') 50% 50% no-repeat;width: 125px;height:90px;margin-bottom: 5px;background-size: cover; \"><\/div>\n\t\t\t\t\t\t\t\t\t  <\/div>\n\t\t\t\t\t\t\t\t\t  \n\t\t\t\t\t\t\t\t   <span class=\"yuzo__text--title\" style=\"font-size:13px;\">Conflito entre Ir\u00e3 e Israel se intensifica ap\u00f3s no...<\/span>\n\t\t\t\t\t\t\t  \n\t\t\t\t\t\t\t  \n\t\t\t\t\t\t\t  <\/a>\n\n\t\t\t\t\t\t  <\/div>\n\t\t\t\t\t\t  <div class=\"relatedthumb \" style=\"width:125px;float:left;overflow:hidden;\">  \n\t\t\t\t\t\t\t  \n\t\t\t\t\t\t\t  <a  href=\"https:\/\/redept.com.br\/blogosfera\/julgamento-do-bolsonaro-nulidades-sao-rejeitadas-sessao-segue-nesta-quarta\/\"  >\n\t\t\t\t\t\t\t\t\t  <div class=\"yuzo-img-wrap \" style=\"width: 125px;height:90px;\">\n\t\t\t\t\t\t\t\t\t\t\n\t\t\t\t\t\t\t\t\t\t<div class=\"yuzo-img\" style=\"background:url('https:\/\/redept.com.br\/blogosfera\/wp-content\/uploads\/2025\/03\/posse_tst_fcpzzb_abr_20220519_0045_0-e1742872023874-4-150x150.webp') 50% 50% no-repeat;width: 125px;height:90px;margin-bottom: 5px;background-size: cover; \"><\/div>\n\t\t\t\t\t\t\t\t\t  <\/div>\n\t\t\t\t\t\t\t\t\t  \n\t\t\t\t\t\t\t\t   <span class=\"yuzo__text--title\" style=\"font-size:13px;\">Julgamento do Bolsonaro: nulidades s\u00e3o rejeitadas,...<\/span>\n\t\t\t\t\t\t\t  \n\t\t\t\t\t\t\t  \n\t\t\t\t\t\t\t  <\/a>\n\n\t\t\t\t\t\t  <\/div>\n\t\t\t\t\t\t  <div class=\"relatedthumb \" style=\"width:125px;float:left;overflow:hidden;\">  \n\t\t\t\t\t\t\t  \n\t\t\t\t\t\t\t  <a  href=\"https:\/\/redept.com.br\/blogosfera\/quanto-vale-a-aposta-os-dados-do-imperio-das-bets-no-brasil\/\"  >\n\t\t\t\t\t\t\t\t\t  <div class=\"yuzo-img-wrap \" style=\"width: 125px;height:90px;\">\n\t\t\t\t\t\t\t\t\t\t\n\t\t\t\t\t\t\t\t\t\t<div class=\"yuzo-img\" style=\"background:url('https:\/\/redept.org\/blogosfera\/wp-content\/plugins\/yuzo-related-post\/assets\/images\/default.png') 50% 50% no-repeat;width: 125px;height:90px;margin-bottom: 5px;background-size: cover; \"><\/div>\n\t\t\t\t\t\t\t\t\t  <\/div>\n\t\t\t\t\t\t\t\t\t  \n\t\t\t\t\t\t\t\t   <span class=\"yuzo__text--title\" style=\"font-size:13px;\">Quanto vale a aposta? Os dados do Imp\u00e9rio das Bets...<\/span>\n\t\t\t\t\t\t\t  \n\t\t\t\t\t\t\t  \n\t\t\t\t\t\t\t  <\/a>\n\n\t\t\t\t\t\t  <\/div>\n<\/div> <script>\n\t\t\t\t\t\t  jQuery(document).ready(function( $ ){\n\t\t\t\t\t\t\t\/\/jQuery('.yuzo_related_post').equalizer({ overflow : 'relatedthumb' });\n\t\t\t\t\t\t\tjQuery('.yuzo_related_post .yuzo_wraps').equalizer({ columns : '> div' });\n\t\t\t\t\t\t   })\n\t\t\t\t\t\t  <\/script> <!-- End Yuzo :) -->","protected":false},"excerpt":{"rendered":"<p>O presidente dos Estados Unidos, Donald Trump, anunciou nesta semana que pretende classificar o movimento antifascista Antifa como uma \u201corganiza\u00e7\u00e3o terrorista\u201d, iniciativa que especialistas consideram sem base legal e que cr\u00edticos apontam como tentativa de criminalizar opositores.\u00a0 O republicano usou o assassinato do ativista de direita Charlie Kirk, ocorrido em Utah, como pretexto para intensificar [&hellip;]<\/p>\n","protected":false},"author":2,"featured_media":0,"comment_status":"open","ping_status":"closed","sticky":false,"template":"","format":"standard","meta":{"fifu_image_url":"","fifu_image_alt":"","footnotes":""},"categories":[20613,19078,19221,536,1023,394,50,4236,20086],"tags":[],"class_list":["post-53306","post","type-post","status-publish","format-standard","hentry","category-antifa","category-barack-obama","category-charlie-kirk","category-democracia","category-donald-trump","category-estados-unidos","category-internacional","category-repressao-politica","category-terrorismo-domestico"],"_links":{"self":[{"href":"https:\/\/redept.com.br\/blogosfera\/wp-json\/wp\/v2\/posts\/53306","targetHints":{"allow":["GET"]}}],"collection":[{"href":"https:\/\/redept.com.br\/blogosfera\/wp-json\/wp\/v2\/posts"}],"about":[{"href":"https:\/\/redept.com.br\/blogosfera\/wp-json\/wp\/v2\/types\/post"}],"author":[{"embeddable":true,"href":"https:\/\/redept.com.br\/blogosfera\/wp-json\/wp\/v2\/users\/2"}],"replies":[{"embeddable":true,"href":"https:\/\/redept.com.br\/blogosfera\/wp-json\/wp\/v2\/comments?post=53306"}],"version-history":[{"count":0,"href":"https:\/\/redept.com.br\/blogosfera\/wp-json\/wp\/v2\/posts\/53306\/revisions"}],"wp:attachment":[{"href":"https:\/\/redept.com.br\/blogosfera\/wp-json\/wp\/v2\/media?parent=53306"}],"wp:term":[{"taxonomy":"category","embeddable":true,"href":"https:\/\/redept.com.br\/blogosfera\/wp-json\/wp\/v2\/categories?post=53306"},{"taxonomy":"post_tag","embeddable":true,"href":"https:\/\/redept.com.br\/blogosfera\/wp-json\/wp\/v2\/tags?post=53306"}],"curies":[{"name":"wp","href":"https:\/\/api.w.org\/{rel}","templated":true}]}}