{"id":5348,"date":"2024-11-17T12:58:32","date_gmt":"2024-11-17T15:58:32","guid":{"rendered":"https:\/\/redept.org\/blogosfera\/consciencia-negra-livro-traz-12-biografias-da-historia-africana\/"},"modified":"2024-11-17T12:58:32","modified_gmt":"2024-11-17T15:58:32","slug":"consciencia-negra-livro-traz-12-biografias-da-historia-africana","status":"publish","type":"post","link":"https:\/\/redept.com.br\/blogosfera\/consciencia-negra-livro-traz-12-biografias-da-historia-africana\/","title":{"rendered":"Consci\u00eancia Negra: livro traz 12 biografias da hist\u00f3ria africana"},"content":{"rendered":"<div>\n<p>Leitura fundamental para a Semana da <a href=\"https:\/\/tvtnews.com.br\/tag\/consciencia-negra\/\" data-type=\"post_tag\" data-id=\"4499\">Consci\u00eancia Negra<\/a>, livro <em>Pegadas no rio, sombras no tempo<\/em> conta biografias, hist\u00f3rias de vida e trajet\u00f3rias da hist\u00f3rica africana de pa\u00edses como Antigo Egito (Sud\u00e3o), Angola, \u00c1frica do Sul, Burquina Faso, Mo\u00e7ambique, S\u00e3o Tom\u00e9 e Pr\u00edncipe e Senegal.  Conhe\u00e7a mais da hist\u00f3ria africana em <a href=\"http:\/\/tvtnews.com.br\/\" data-type=\"link\" data-id=\"tvtnews.com.br\" target=\"_blank\" rel=\"noopener noreferrer nofollow\">TVT News<\/a>.<\/p>\n<h2 class=\"wp-block-heading\">Dica de leitura para semana da Consci\u00eancia Negra: livro sobre hist\u00f3ria africana<\/h2>\n<p>O Sele Negro, da Editora Summus, lan\u00e7a <em>Pegadas no rio, sombras no tempo: Biografias, hist\u00f3rias de vida e trajet\u00f3rias africanas<\/em>. Essencial no processo de resgate identit\u00e1rio africano, o livro traz biografias de africanos que viveram em \u00e9pocas diversas e em v\u00e1rias regi\u00f5es do continente. <\/p>\n<p>Desde o per\u00edodo pr\u00e9-colonial at\u00e9 o <a href=\"https:\/\/tvtnews.com.br\/o-que-e-decolonialismo\/\" data-type=\"post\" data-id=\"722770\">p\u00f3s-colonial<\/a>, a colet\u00e2nea tem contribui\u00e7\u00f5es de pesquisadores da atualidade sobre cultura africana, resist\u00eancia e luta pela liberdade. Abrangente e diversa, a obra conta a vida de mulheres, l\u00edderes pol\u00edticos, intelectuais, artistas, bem como debate guerras e conflitos, descoloniza\u00e7\u00e3o, religi\u00e3o e espiritualidade, com foco em pa\u00edses como Antigo Egito (Sud\u00e3o), Angola, \u00c1frica do Sul, Burquina Faso, Mo\u00e7ambique, S\u00e3o Tom\u00e9 e Pr\u00edncipe e Senegal.<\/p>\n<h2 class=\"wp-block-heading\">Para conhecer a hist\u00f3ria africana<\/h2>\n<p>Resultado dos trabalhos do grupo de pesquisa \u00c1fricas: Sociedade, Pol\u00edtica e Cultura (Uerj-CNPq), o livro <em>Pegadas no rio, sombras no tempo \u2013 Biografias, hist\u00f3rias de vida e trajet\u00f3rias africanas <\/em>(Selo Negro Edi\u00e7\u00f5es, 288 p\u00e1gs. R$ 99,90), organizado pelos pesquisadores Matheus Serva Pereira, Silvio de Almeida Carvalho Filho e Washington Nascimento convida a conhecer biografias, hist\u00f3rias de vida e trajet\u00f3rias de personagens pouco abordadas da hist\u00f3ria africana, contribuindo para problematizar n\u00e3o s\u00f3 as grandes hist\u00f3rias ocidentais como o pr\u00f3prio exerc\u00edcio de constru\u00e7\u00e3o hist\u00f3rica. <\/p>\n<div class=\"wp-block-columns is-layout-flex wp-container-core-columns-is-layout-1 wp-block-columns-is-layout-flex\">\n<div class=\"wp-block-column is-layout-flow wp-block-column-is-layout-flow\">\n<p>A obra, de leitura essencial para a Semana da Consci\u00eancia Negra, lembra que tamb\u00e9m o ato de narrar a \u00c1frica por africanos sempre est\u00e1 atravessado por disputas de poder e entrela\u00e7ado em contextos pol\u00edticos, sociais e culturais espec\u00edficos, que n\u00e3o podem ser desconsiderados.<\/p>\n<p>Os textos reunidos no livro abarcam um vasto per\u00edodo (da antiga civiliza\u00e7\u00e3o cuxita, no Sud\u00e3o do s\u00e9culo I AEC, ao Mo\u00e7ambique do s\u00e9culo XXI) e nos levam a percorrer diferentes regi\u00f5es da \u00c1frica, explorando temas como o papel do feminino, a forma\u00e7\u00e3o de elites locais, racismo, resist\u00eancia, emancipa\u00e7\u00e3o, constru\u00e7\u00e3o de her\u00f3is e nacionalismo, entre outros. A diversidade de personagens, escolhidas por seu protagonismo em diferentes contextos, d\u00e1 visibilidade \u00e0s muitas camadas do que significa ser africano.<\/p>\n<\/div>\n<div class=\"wp-block-column is-layout-flow wp-block-column-is-layout-flow\">\n<figure class=\"wp-block-image size-full\"><img fetchpriority=\"high\" fetchpriority=\"high\" decoding=\"async\" width=\"708\" height=\"1000\"src=\"https:\/\/redept.org\/blogosfera\/wp-content\/uploads\/2024\/11\/capa-pegadas-rio.jpg\" alt=\"consciencia-negra-livro-traz-12-biografias-da-historia-africana-leitura-para-o-mes-da-consciencia-negra-livro-conta-12-biografias-pouco-conhecidas-da-historia-africana-tvt-news\" class=\"wp-image-730926\" title=\"Consci\u00eancia Negra: livro traz 12 biografias da hist\u00f3ria africana 1\" srcset=\"https:\/\/redept.org\/blogosfera\/wp-content\/uploads\/2024\/11\/capa-pegadas-rio.jpg 708w, https:\/\/tvtnews.com.br\/wp-content\/uploads\/2024\/11\/capa-pegadas-rio-212x300.jpg 212w\" sizes=\"(max-width: 708px) 100vw, 708px\"><figcaption class=\"wp-element-caption\"><em>Leitura para o m\u00eas da Consci\u00eancia Negra: livro conta 12 biografias pouco conhecidas da hist\u00f3ria africana. Cr\u00e9dito: Reprodu\u00e7\u00e3o\/Editora Summus<\/em><\/figcaption><\/figure>\n<\/div>\n<\/div>\n<p>\u201cProduzido no \u00e2mbito do grupo de pesquisa \u00c1fricas: Sociedade, Pol\u00edtica e Cultura (Uerj CNP q), esta colet\u00e2nea, ao cruzar diferentes geografias e temporalidades, apresenta uma riqueza de abordagens, que nos ajudam a (re)ler temas como resist\u00eancia, emancipa\u00e7\u00e3o, cultura, constru\u00e7\u00e3o de her\u00f3is, racismo e nacionalismo, entre muitos outros, constantemente problematizados pelos seus autores. S\u00e3o leituras que nos trazem igualmente discuss\u00f5es sobre alguns conceitos e sua operacionaliza\u00e7\u00e3o, introduzindo autores contempor\u00e2neos, para real\u00e7ar o papel dos sujeitos africanos na hist\u00f3ria da \u00c1frica.\u201d \u2013 Trecho do pref\u00e1cio de Teresa Cruz e Silva, docente da Universidade Eduardo Mondlane, Mo\u00e7ambique.<\/p>\n<h3 class=\"wp-block-heading\">Quais s\u00e3o as hist\u00f3rias africanas?<\/h3>\n<p>O trabalho do grupo de estudiosos do o grupo de pesquisa \u00c1fricas: Sociedade, Pol\u00edtica e Cultura (Uerj-CNPq) est\u00e1 distribu\u00eddo nos cap\u00edtulos:<\/p>\n<p>1- Biografias, hist\u00f3rias de vida e trajet\u00f3rias africanas: aproxima\u00e7\u00f5es a um debate te\u00f3rico metodol\u00f3gico \u2013 Matheus Serva Pereira e Washington Nascimento<\/p>\n<p>2- A candace Amanishakheto e a for\u00e7a do feminino: uma an\u00e1lise a partir da cultura material de Cuxe (\u00c1frica, I AEC I EC) \u2013 Fernanda Chamarelli de Oliveira<\/p>\n<p>3- Ant\u00f3nio de Oliveira de Cadornega e o contexto de escrita da obra Hist\u00f3ria geral das guerras angolanas \u2013 Priscila Weber<\/p>\n<p>4- Kafuxi Ambari: a trajet\u00f3ria de um t\u00edtulo pol\u00edtico \u2013 Crislayne Alfagali<\/p>\n<p>5- Luhuna, o \u201ccirurgi\u00e3o das chuvas\u201d: poder, ag\u00eancias e guerras de um nkhumbi (sudoeste africano, XIX XX) \u2013 Washington Nascimento<\/p>\n<p>6- Tom\u00e9 Agostinho das Neves: a ingl\u00f3ria den\u00fancia do racismo e do colonialismo em S\u00e3o Tom\u00e9 e Pr\u00edncipe \u2013 Augusto Nascimento<\/p>\n<p>7- Carlos Estermann: cientista, mission\u00e1rio e pesquisador das culturas do sudoeste angolano (1925 1976) \u2013 In\u00eas Almeida Silva Oliveira<\/p>\n<p>8- Aline Sito\u00e9 Diatta e a resist\u00eancia diola em Casamance \u2013 Mariana Bracks Fonseca<\/p>\n<p>9- Joseph Ki Zerbo e suas dimens\u00f5es pol\u00edticas e educacionais \u2013 Mariana Gino<\/p>\n<p>10- Uanhenga Xitu: o percurso do enfermeiro em dire\u00e7\u00e3o ao nacionalista \u2013 Nathalia Rocha Siqueira<\/p>\n<p>11- Pepetela: nas trincheiras da mem\u00f3ria (1962 1975) \u2013 Carolina Bezerra Machado<\/p>\n<p>12- Paulo Freire em Angola: esperan\u00e7a e melancolia na reconstru\u00e7\u00e3o nacional angolana (1961 1991) \u2013 Priscila Henriques Lima<\/p>\n<p>13- O bispo Jaime Gon\u00e7alves: perspectivas que desafiam as narrativas oficiais em Mo\u00e7ambique \u2013 Silas Fiorotti<\/p>\n<h3 class=\"wp-block-heading\">Quem s\u00e3o os autores do livro sobre a hist\u00f3ria africana<\/h3>\n<p>Matheus Serva Pereira \u00e9 investigador no Instituto de Ci\u00eancias Sociais da Universidade de Lisboa (ICS \u2011ULisboa). Mestre em Hist\u00f3ria Social pela Universidade Federal Fluminense (UFF) e doutor em Hist\u00f3ria Social da \u00c1frica pela Universidade Estadual de Campinas (Unicamp). Atualmente desenvolve a pesquisa African experiences of assimilation in Mozambique: histories and memories (1910 \u20112010), financiada pela Funda\u00e7\u00e3o para a Ci\u00eancia e Tecnologia (FCT) e sediada no ICS \u2011ULisboa. Autor dos livros Grandiosos batuques \u2014 Tens\u00f5es, arranjos e experi\u00eancias coloniais em Mo\u00e7ambique (1890 \u20111940) (2020) e Alegrai-vos no mundo, o Fany Mpfumo retornou \u2014 Hist\u00f3rias e est\u00f3rias da vida de um m\u00fasico mo\u00e7ambicano (no prelo).<\/p>\n<p>Silvio de Almeida Carvalho Filho \u2013 \u00e9 professor do Programa de P\u00f3s-Gradua\u00e7\u00e3o em Hist\u00f3ria (PPGH) da Universidade do Estado do Rio de Janeiro (Uerj) e professor do Mestrado em Ensino de Hist\u00f3ria (PPGEH) da Universidade Federal do Rio de Janeiro (UFRJ). Doutor em Hist\u00f3ria pela Universidade de S\u00e3o Paulo (USP), com a tese \u201cAngola: na\u00e7\u00e3o e literatura (1975-1985)\u201d, tem experi\u00eancia em Hist\u00f3ria da \u00c1frica, assim como na \u00e1rea de Hist\u00f3ria Moderna e Contempor\u00e2nea, atuando principalmente nos seguintes temas: \u00c1frica, Angola, hist\u00f3ria e literatura, intelectuais, ativismo pol\u00edtico, diferen\u00e7as e desigualdades sociais. Tamb\u00e9m \u00e9 pesquisador do Laborat\u00f3rio de Estudos Africanos (Le\u00e1frica) da UFRJ e pesquisador associado do Laborat\u00f3rio de Estudos das Diferen\u00e7as e Desigualdades Sociais (Leddes) da Uerj.<\/p>\n<p>Washington Nascimento \u00e9 professor associado da Universidade do Estado do Rio de Janeiro (Uerj) no Instituto de Filosofia e Ci\u00eancias Humanas (IFCH), alocado na \u00e1rea de Moderna e Contempor\u00e2nea, na sub\u00e1rea de Hist\u00f3ria da \u00c1frica. Professor do quadro permanente do Programa de P\u00f3s-Gradua\u00e7\u00e3o em Hist\u00f3ria Pol\u00edtica da Uerj. Desde 2021 \u00e9 pro-cientista da mesma institui\u00e7\u00e3o. Mestre em Ci\u00eancias Sociais: Antropologia pela Pontif\u00edcia Universidade Cat\u00f3lica de S\u00e3o Paulo (PUC -SP). Doutor em Hist\u00f3ria Social pela Universidade de S\u00e3o Paulo (USP). Organizador e\/ou autor dos livros Jogo nas sombras \u2014 Realidades misturadas, estrat\u00e9gias de subjetiva\u00e7\u00e3o e luta anticolonial em Angola (2021) e Intelectuais das \u00c1fricas (2020), entre outros.<\/p>\n<h3 class=\"wp-block-heading\">Sobre o livro Pegadas no rio, sombras no tempo<\/h3>\n<ul class=\"wp-block-list\">\n<li>T\u00edtulo: Pegadas no rio, sombras no tempo \u2013 Biografias, hist\u00f3rias de vida e trajet\u00f3rias africanas<\/li>\n<li>Organizadores: Matheus Serva Pereira, Silvio de Almeida Carvalho Filho e Washington Nascimento<\/li>\n<li>Editora: Selo Negro Edi\u00e7\u00f5es, da <a href=\"http:\/\/www.gruposummus.com.br\/\" target=\"_blank\" rel=\"noopener noreferrer nofollow\">Editora Summus<\/a><\/li>\n<li>Pre\u00e7o: R$ 99,90 (E-book: R$ 59,90) <\/li>\n<li>P\u00e1ginas: 288 (17 x 24 cm) <\/li>\n<li>ISBN: 978-85-8455-013-5 <\/li>\n<li>Atendimento ao consumidor: (11) 3865-9890<\/li>\n<\/ul>\n<h2 class=\"wp-block-heading\">Para saber mais sobre Consci\u00eancia Negra: mais dicas de leitura<\/h2>\n<p>H\u00e1 muitas obras que retratam a luta das <strong>mulheres negras contra o racismo e o machismo<\/strong>. Para quem quer se aprofundar mais no tema, alguns livros escritos por mulheres negras s\u00e3o refer\u00eancias essenciais sobre o Dia da Consci\u00eancia Negra e a experi\u00eancia afro-brasileira.<\/p>\n<p><em>Um defeito de Cor<\/em>, de Ana Maria Gon\u00e7alves (Record). J\u00e1 considerado pela cr\u00edtica e pelo p\u00fablico um dos principais livros da literatura brasileira, Um defeito de cor conta a hist\u00f3ria de Kehinde, desde o sequestro na \u00c1frica at\u00e9 os horrores da escravid\u00e3o no Brasil. O romance\u00a0 tem tantos detalhes que voc\u00ea sente o cheiro nauseabundo do navio negreiro e n\u00e3o consegue conter as l\u00e1grimas com os crimes que foram cometidos contra os escravizados. O livro inspirou o samba enredo da escola de samba Portela, em 2024.<\/p>\n<figure class=\"wp-block-embed is-type-wp-embed is-provider-tvt-news wp-block-embed-tvt-news\">\n<div class=\"wp-block-embed__wrapper\">\n<blockquote class=\"wp-embedded-content\" data-secret=\"koiclY5ZEp\"><p><a href=\"https:\/\/tvtnews.com.br\/conceicao-evaristo-acervo-casa-de-rui-barbosa\/\">Concei\u00e7\u00e3o Evaristo \u00e9 a 1\u00aa autora negra no acervo da Casa de Rui Barbosa<\/a><\/p><\/blockquote>\n<p><iframe class=\"wp-embedded-content\" sandbox=\"allow-scripts\" security=\"restricted\" title=\"\u201cConcei\u00e7\u00e3o Evaristo \u00e9 a 1\u00aa autora negra no acervo da Casa de Rui Barbosa\u201d \u2014 TVT News\" src=\"https:\/\/tvtnews.com.br\/conceicao-evaristo-acervo-casa-de-rui-barbosa\/embed\/#?secret=YCv803PJIc#?secret=koiclY5ZEp\" data-secret=\"koiclY5ZEp\" width=\"600\" height=\"338\" frameborder=\"0\" marginwidth=\"0\" marginheight=\"0\" scrolling=\"no\"><\/iframe>\n<\/div>\n<\/figure>\n<p><em>Por um feminismo afro latino americano<\/em>, de L\u00e9lia Gonzalez (Zahar). Colet\u00e2nea de artigos escritos por uma das mais importantes intelectuais negras brasileiras, que cunhou o termo feminismo afro-latino-americano. A leitura \u00e9 fundamental para entender como o machismo e o <strong>racismo<\/strong> s\u00e3o estruturais nas sociedades latino-americanas, ainda profundamente marcadas pelas consequ\u00eancias do colonialismo.<\/p>\n<div class=\"wp-block-columns is-layout-flex wp-container-core-columns-is-layout-2 wp-block-columns-is-layout-flex\">\n<div class=\"wp-block-column is-layout-flow wp-block-column-is-layout-flow\">\n<figure class=\"wp-block-image size-full\"><img decoding=\"async\" width=\"651\" height=\"928\"src=\"https:\/\/redept.org\/blogosfera\/wp-content\/uploads\/2024\/11\/vidas-impressas.jpg\" alt=\"consciencia-negra-livro-retrata-trajetoria-de-intelectuais-negros-e-negras-leitura-para-o-dia-da-consciencia-negra-lancamento-do-selo-negro-da-editora-summus-credito-editora-summus-tvt-news\" class=\"wp-image-730600\" title=\"Consci\u00eancia Negra: livro traz 12 biografias da hist\u00f3ria africana 2\" srcset=\"https:\/\/redept.org\/blogosfera\/wp-content\/uploads\/2024\/11\/vidas-impressas.jpg 651w, https:\/\/tvtnews.com.br\/wp-content\/uploads\/2024\/11\/vidas-impressas-210x300.jpg 210w\" sizes=\"(max-width: 651px) 100vw, 651px\"><figcaption class=\"wp-element-caption\"><em>Leitura para o Dia da Consci\u00eancia Negra: lan\u00e7amento do Selo Negro, da Editora Summus. Cr\u00e9dito: Editora Summus<\/em><\/figcaption><\/figure>\n<\/div>\n<div class=\"wp-block-column is-layout-flow wp-block-column-is-layout-flow\">\n<p>Em <a href=\"https:\/\/tvtnews.com.br\/consciencia-negra-ensino-historia-afro-brasileira\/\">comemora\u00e7\u00e3o ao M\u00eas da Consci\u00eancia Negra<\/a>, a Selo Negro Edi\u00e7\u00f5es lan\u00e7a <a href=\"https:\/\/tvtnews.com.br\/livro-retrata-trajetoria-de-intelectuais-negros\/\"><em>Vidas Impressas \u2013 Intelectuais Negras e Negros na Escravid\u00e3o e na Liberdade<\/em><\/a>, obra que resgata trajet\u00f3rias inspiradoras de pensadores negros e negras que atuaram no Brasil entre o s\u00e9culo XIX e o in\u00edcio do XX. Organizada pelos historiadores Iamara Viana e Fl\u00e1vio Gomes, a colet\u00e2nea revela contribui\u00e7\u00f5es at\u00e9 ent\u00e3o silenciadas de intelectuais que, por meio da educa\u00e7\u00e3o, literatura e medicina, enfrentaram os desafios de seu tempo e ajudaram a construir uma nova vis\u00e3o de cidadania, liberdade e identidade cultural em um pa\u00eds em transforma\u00e7\u00e3o.<\/p>\n<p>Com 280 p\u00e1ginas, Vidas Impressas re\u00fane artigos que destacam esses pensadores negros\/as que produziram literatura, fundaram escolas e desenvolveram ideias pioneiras sobre liberdade, cidadania e exclus\u00e3o. A obra proporciona ao leitor o contato com biografias e trajet\u00f3rias at\u00e9 ent\u00e3o pouco conhecidas, dando visibilidade a intelectuais que marcaram a luta pela emancipa\u00e7\u00e3o negra no Brasil.<\/p>\n<\/div>\n<\/div>\n<\/p>\n<p>The post <a rel=\"nofollow\" href=\"https:\/\/tvtnews.com.br\/consciencia-negra-livro-traz-biografias-da-historia-africana\/\">Consci\u00eancia Negra: livro traz 12 biografias da hist\u00f3ria africana<\/a> appeared first on <a rel=\"nofollow\" href=\"https:\/\/tvtnews.com.br\/\">TVT News<\/a>.<\/p>\n<\/div>\n<!-- Begin Yuzo --><div class='yuzo_related_post style-1'  data-version='5.12.89'><!-- without result --><div class='yuzo_clearfixed yuzo__title yuzo__title'><h3>Related Post<\/h3><\/div>\n\t\t\t\t\t\t  <div class=\"relatedthumb \" style=\"width:125px;float:left;overflow:hidden;\">  \n\t\t\t\t\t\t\t  \n\t\t\t\t\t\t\t  <a  href=\"https:\/\/redept.com.br\/blogosfera\/na-bahia-lula-destaca-acoes-na-saude-com-programa-agora-tem-especialistas\/\"  >\n\t\t\t\t\t\t\t\t\t  <div class=\"yuzo-img-wrap \" style=\"width: 125px;height:90px;\">\n\t\t\t\t\t\t\t\t\t\t\n\t\t\t\t\t\t\t\t\t\t<div class=\"yuzo-img\" style=\"background:url('https:\/\/redept.com.br\/blogosfera\/wp-content\/uploads\/2025\/07\/Especialistas-150x150.jpg') 50% 50% no-repeat;width: 125px;height:90px;margin-bottom: 5px;background-size: cover; \"><\/div>\n\t\t\t\t\t\t\t\t\t  <\/div>\n\t\t\t\t\t\t\t\t\t  \n\t\t\t\t\t\t\t\t   <span class=\"yuzo__text--title\" style=\"font-size:13px;\">Na Bahia, Lula destaca a\u00e7\u00f5es na sa\u00fade com programa...<\/span>\n\t\t\t\t\t\t\t  \n\t\t\t\t\t\t\t  \n\t\t\t\t\t\t\t  <\/a>\n\n\t\t\t\t\t\t  <\/div>\n\t\t\t\t\t\t  <div class=\"relatedthumb \" style=\"width:125px;float:left;overflow:hidden;\">  \n\t\t\t\t\t\t\t  \n\t\t\t\t\t\t\t  <a  href=\"https:\/\/redept.com.br\/blogosfera\/integra-do-posicionamento-do-ibram-instituto-brasileiro-de-mineracao\/\"  >\n\t\t\t\t\t\t\t\t\t  <div class=\"yuzo-img-wrap \" style=\"width: 125px;height:90px;\">\n\t\t\t\t\t\t\t\t\t\t\n\t\t\t\t\t\t\t\t\t\t<div class=\"yuzo-img\" style=\"background:url('https:\/\/redept.org\/blogosfera\/wp-content\/plugins\/yuzo-related-post\/assets\/images\/default.png') 50% 50% no-repeat;width: 125px;height:90px;margin-bottom: 5px;background-size: cover; \"><\/div>\n\t\t\t\t\t\t\t\t\t  <\/div>\n\t\t\t\t\t\t\t\t\t  \n\t\t\t\t\t\t\t\t   <span class=\"yuzo__text--title\" style=\"font-size:13px;\">\u00cdntegra do posicionamento do Ibram (Instituto Bras...<\/span>\n\t\t\t\t\t\t\t  \n\t\t\t\t\t\t\t  \n\t\t\t\t\t\t\t  <\/a>\n\n\t\t\t\t\t\t  <\/div>\n\t\t\t\t\t\t  <div class=\"relatedthumb \" style=\"width:125px;float:left;overflow:hidden;\">  \n\t\t\t\t\t\t\t  \n\t\t\t\t\t\t\t  <a  href=\"https:\/\/redept.com.br\/blogosfera\/israel-inicia-nova-operacao-em-gaza-e-mata-pelo-menos-10-pessoas-cresce-pressao-por-cessar-fogo\/\"  >\n\t\t\t\t\t\t\t\t\t  <div class=\"yuzo-img-wrap \" style=\"width: 125px;height:90px;\">\n\t\t\t\t\t\t\t\t\t\t\n\t\t\t\t\t\t\t\t\t\t<div class=\"yuzo-img\" style=\"background:url('https:\/\/redept.org\/blogosfera\/wp-content\/plugins\/yuzo-related-post\/assets\/images\/default.png') 50% 50% no-repeat;width: 125px;height:90px;margin-bottom: 5px;background-size: cover; \"><\/div>\n\t\t\t\t\t\t\t\t\t  <\/div>\n\t\t\t\t\t\t\t\t\t  \n\t\t\t\t\t\t\t\t   <span class=\"yuzo__text--title\" style=\"font-size:13px;\">Israel inicia nova opera\u00e7\u00e3o em Gaza e mata pelo me...<\/span>\n\t\t\t\t\t\t\t  \n\t\t\t\t\t\t\t  \n\t\t\t\t\t\t\t  <\/a>\n\n\t\t\t\t\t\t  <\/div>\n\t\t\t\t\t\t  <div class=\"relatedthumb \" style=\"width:125px;float:left;overflow:hidden;\">  \n\t\t\t\t\t\t\t  \n\t\t\t\t\t\t\t  <a  href=\"https:\/\/redept.com.br\/blogosfera\/pollutocrat-day-the-worlds-richest-have-already-burned-their-annual-carbon-limit-for-2025-the-poorest-50-will-take-3-years\/\"  >\n\t\t\t\t\t\t\t\t\t  <div class=\"yuzo-img-wrap \" style=\"width: 125px;height:90px;\">\n\t\t\t\t\t\t\t\t\t\t\n\t\t\t\t\t\t\t\t\t\t<div class=\"yuzo-img\" style=\"background:url('https:\/\/redept.org\/blogosfera\/wp-content\/plugins\/yuzo-related-post\/assets\/images\/default.png') 50% 50% no-repeat;width: 125px;height:90px;margin-bottom: 5px;background-size: cover; \"><\/div>\n\t\t\t\t\t\t\t\t\t  <\/div>\n\t\t\t\t\t\t\t\t\t  \n\t\t\t\t\t\t\t\t   <span class=\"yuzo__text--title\" style=\"font-size:13px;\">\u2018Pollutocrat Day\u2019: the world\u2019s r...<\/span>\n\t\t\t\t\t\t\t  \n\t\t\t\t\t\t\t  \n\t\t\t\t\t\t\t  <\/a>\n\n\t\t\t\t\t\t  <\/div>\n<\/div> <script>\n\t\t\t\t\t\t  jQuery(document).ready(function( $ ){\n\t\t\t\t\t\t\t\/\/jQuery('.yuzo_related_post').equalizer({ overflow : 'relatedthumb' });\n\t\t\t\t\t\t\tjQuery('.yuzo_related_post .yuzo_wraps').equalizer({ columns : '> div' });\n\t\t\t\t\t\t   })\n\t\t\t\t\t\t  <\/script> <!-- End Yuzo :) -->","protected":false},"excerpt":{"rendered":"<p>Leitura fundamental para a Semana da Consci\u00eancia Negra, livro Pegadas no rio, sombras no tempo conta biografias, hist\u00f3rias de vida e trajet\u00f3rias da hist\u00f3rica africana de pa\u00edses como Antigo Egito (Sud\u00e3o), Angola, \u00c1frica do Sul, Burquina Faso, Mo\u00e7ambique, S\u00e3o Tom\u00e9 e Pr\u00edncipe e Senegal. Conhe\u00e7a mais da hist\u00f3ria africana em TVT News. Dica de leitura [&hellip;]<\/p>\n","protected":false},"author":2,"featured_media":5349,"comment_status":"closed","ping_status":"closed","sticky":false,"template":"","format":"standard","meta":{"fifu_image_url":"","fifu_image_alt":"","footnotes":""},"categories":[1047,1758,264,1821,309,472],"tags":[],"class_list":["post-5348","post","type-post","status-publish","format-standard","has-post-thumbnail","hentry","category-africa","category-antirracismo","category-cidadania","category-consciencia-negra","category-cultura","category-destaque-ahome"],"_links":{"self":[{"href":"https:\/\/redept.com.br\/blogosfera\/wp-json\/wp\/v2\/posts\/5348","targetHints":{"allow":["GET"]}}],"collection":[{"href":"https:\/\/redept.com.br\/blogosfera\/wp-json\/wp\/v2\/posts"}],"about":[{"href":"https:\/\/redept.com.br\/blogosfera\/wp-json\/wp\/v2\/types\/post"}],"author":[{"embeddable":true,"href":"https:\/\/redept.com.br\/blogosfera\/wp-json\/wp\/v2\/users\/2"}],"replies":[{"embeddable":true,"href":"https:\/\/redept.com.br\/blogosfera\/wp-json\/wp\/v2\/comments?post=5348"}],"version-history":[{"count":0,"href":"https:\/\/redept.com.br\/blogosfera\/wp-json\/wp\/v2\/posts\/5348\/revisions"}],"wp:featuredmedia":[{"embeddable":true,"href":"https:\/\/redept.com.br\/blogosfera\/wp-json\/wp\/v2\/media\/5349"}],"wp:attachment":[{"href":"https:\/\/redept.com.br\/blogosfera\/wp-json\/wp\/v2\/media?parent=5348"}],"wp:term":[{"taxonomy":"category","embeddable":true,"href":"https:\/\/redept.com.br\/blogosfera\/wp-json\/wp\/v2\/categories?post=5348"},{"taxonomy":"post_tag","embeddable":true,"href":"https:\/\/redept.com.br\/blogosfera\/wp-json\/wp\/v2\/tags?post=5348"}],"curies":[{"name":"wp","href":"https:\/\/api.w.org\/{rel}","templated":true}]}}