{"id":53519,"date":"2025-09-19T16:35:44","date_gmt":"2025-09-19T19:35:44","guid":{"rendered":"https:\/\/redept.com.br\/blogosfera\/roger-waters-protesta-contra-veto-dos-eua-para-fim-da-guerra-em-gaza-acordem-filhos-da\/"},"modified":"2025-09-19T16:35:44","modified_gmt":"2025-09-19T19:35:44","slug":"roger-waters-protesta-contra-veto-dos-eua-para-fim-da-guerra-em-gaza-acordem-filhos-da","status":"publish","type":"post","link":"https:\/\/redept.com.br\/blogosfera\/roger-waters-protesta-contra-veto-dos-eua-para-fim-da-guerra-em-gaza-acordem-filhos-da\/","title":{"rendered":"Roger Waters protesta contra veto dos EUA para fim da guerra em Gaza: \u2018acordem, filhos da\u2026\u2019"},"content":{"rendered":"<p><span>O m\u00fasico brit\u00e2nico Roger Waters, ex-Pink Floyd, participou nesta quinta-feira (19\/09) de um protesto contra o genoc\u00eddio promovido por Israel e contra o veto dos Estados Unidos \u00e0 <\/span><span>resolu\u00e7\u00e3o do Conselho de Seguran\u00e7a das Na\u00e7\u00f5es Unidas, que pediu um cessar-fogo de car\u00e1ter imediato e permanente na Faixa de Gaza. O ato ocorreu e<\/span>m frente \u00e0 sede da ONU, em Nova York, pouco depois da decis\u00e3o de Washington.<\/p>\n<p><span>\u201cAcordem, filhos da p*ta! As pessoas comuns do mundo v\u00e3o parar o massacre na Palestina e f*da-se Netanyahu\u201d, declarou Waters, em um v\u00eddeo que circula nas redes sociais.\u00a0<\/span><\/p>\n<blockquote data-instgrm-captioned=\"\" data-instgrm-permalink=\"https:\/\/www.instagram.com\/reel\/DOyloLAjUju\/?utm_source=ig_embed&amp;utm_campaign=loading\" data-instgrm-version=\"14\">\n<div>\n<p>\u00a0<\/p>\n<div>\n<div><\/div>\n<div>\n<div><\/div>\n<div><\/div>\n<\/div>\n<\/div>\n<div><\/div>\n<div><\/div>\n<div>\n<div>Ver essa foto no Instagram<\/div>\n<\/div>\n<div><\/div>\n<div>\n<div>\n<div><\/div>\n<div><\/div>\n<div><\/div>\n<\/div>\n<div>\n<div><\/div>\n<div><\/div>\n<\/div>\n<div>\n<div><\/div>\n<div><\/div>\n<div><\/div>\n<\/div>\n<\/div>\n<div>\n<div><\/div>\n<div><\/div>\n<\/div>\n<p>\u00a0<\/p>\n<p>Uma publica\u00e7\u00e3o compartilhada por Federac\u0327a\u0303o \u00c1rabe Palestina (@fepal_brasil)<\/p>\n<\/div>\n<\/blockquote>\n<p><span>\u201cPessoas de todo o mundo, bilh\u00f5es de pessoas, pessoas em todas as terras v\u00e3o ficar ombro a ombro em oposi\u00e7\u00e3o [a Israel] pelos seus crimes monstruosos. E juntos, vamos virar este navio\u201d, acrescentou, apontando para o pr\u00e9dio da ONU. \u201cTodo o empreendimento sionista \u00e9 criminalmente insano\u201d.\u00a0<\/span><\/p>\n<p><span>O protesto tamb\u00e9m ocorreu \u00e0s v\u00e9speras da 80\u00aa Assembleia-Geral da ONU, prevista para a pr\u00f3xima semana. Conforme Waters disse ao portal <em>Middle East Eye<\/em>, ser\u00e1 uma oportunidade para que os pa\u00edses possam impedir que os EUA e o regime sionista assassinem os \u201c1,7 milh\u00f5es de pessoas restantes em Gaza\u201d.<\/span><\/p>\n<p><span>De acordo com o artista, o recente veto norte-americano n\u00e3o foi uma \u201csurpresa\u201d para ele, dado o hist\u00f3rico que Washington possui nas vota\u00e7\u00f5es referentes ao assunto. Tratou-se do sexto recha\u00e7o dos EUA a uma resolu\u00e7\u00e3o sobre Gaza desde outubro de 2023.<\/span><\/p>\n<p><span>O texto apresentado pelo Conselho na quinta-feira foi coordenado por todos os 10 membros eleitos da casa. O cessar-fogo no enclave recebeu 14 votos a favor, mas foi novamente bloqueado pelos EUA. <\/span><span>Poucas horas ap\u00f3s o veto norte-americano, centenas se reuniram do lado de fora da ONU em oposi\u00e7\u00e3o, segurando cartazes com frases como \u201cPaz para Gaza\u201d e \u201cPalestinos n\u00e3o s\u00e3o um alvo\u201d.<\/span><\/p>\n<p><span>Al\u00e9m de Waters, a manifesta\u00e7\u00e3o contou com a candidata presidencial do Partido Verde dos EUA, Jill Stein, membros da comunidade judaica hass\u00eddica de Nova York, funcion\u00e1rios da ONU e ativistas pr\u00f3-Palestina. <\/span><\/p>\n<p>O post Roger Waters protesta contra veto dos EUA para fim da guerra em Gaza: \u2018acordem, filhos da\u2026\u2019 apareceu primeiro em Opera Mundi.<\/p>\n<!-- Begin Yuzo --><div class='yuzo_related_post style-1'  data-version='5.12.89'><!-- without result --><div class='yuzo_clearfixed yuzo__title yuzo__title'><h3>Related Post<\/h3><\/div>\n\t\t\t\t\t\t  <div class=\"relatedthumb \" style=\"width:125px;float:left;overflow:hidden;\">  \n\t\t\t\t\t\t\t  \n\t\t\t\t\t\t\t  <a  href=\"https:\/\/redept.com.br\/blogosfera\/jornada-nacional-de-lutas-em-defesa-da-reforma-agraria-2026\/\"  >\n\t\t\t\t\t\t\t\t\t  <div class=\"yuzo-img-wrap \" style=\"width: 125px;height:90px;\">\n\t\t\t\t\t\t\t\t\t\t\n\t\t\t\t\t\t\t\t\t\t<div class=\"yuzo-img\" style=\"background:url('https:\/\/redept.org\/blogosfera\/wp-content\/plugins\/yuzo-related-post\/assets\/images\/default.png') 50% 50% no-repeat;width: 125px;height:90px;margin-bottom: 5px;background-size: cover; \"><\/div>\n\t\t\t\t\t\t\t\t\t  <\/div>\n\t\t\t\t\t\t\t\t\t  \n\t\t\t\t\t\t\t\t   <span class=\"yuzo__text--title\" style=\"font-size:13px;\">Jornada Nacional de Lutas em Defesa da Reforma Agr...<\/span>\n\t\t\t\t\t\t\t  \n\t\t\t\t\t\t\t  \n\t\t\t\t\t\t\t  <\/a>\n\n\t\t\t\t\t\t  <\/div>\n\t\t\t\t\t\t  <div class=\"relatedthumb \" style=\"width:125px;float:left;overflow:hidden;\">  \n\t\t\t\t\t\t\t  \n\t\t\t\t\t\t\t  <a  href=\"https:\/\/redept.com.br\/blogosfera\/meta-derruba-paginas-do-instagram-e-facebook-de-jones-manoel-youtuber-ve-motivacoes-politicas\/\"  >\n\t\t\t\t\t\t\t\t\t  <div class=\"yuzo-img-wrap \" style=\"width: 125px;height:90px;\">\n\t\t\t\t\t\t\t\t\t\t\n\t\t\t\t\t\t\t\t\t\t<div class=\"yuzo-img\" style=\"background:url('https:\/\/redept.org\/blogosfera\/wp-content\/plugins\/yuzo-related-post\/assets\/images\/default.png') 50% 50% no-repeat;width: 125px;height:90px;margin-bottom: 5px;background-size: cover; \"><\/div>\n\t\t\t\t\t\t\t\t\t  <\/div>\n\t\t\t\t\t\t\t\t\t  \n\t\t\t\t\t\t\t\t   <span class=\"yuzo__text--title\" style=\"font-size:13px;\">Meta derruba p\u00e1ginas do Instagram e Facebook de Jo...<\/span>\n\t\t\t\t\t\t\t  \n\t\t\t\t\t\t\t  \n\t\t\t\t\t\t\t  <\/a>\n\n\t\t\t\t\t\t  <\/div>\n\t\t\t\t\t\t  <div class=\"relatedthumb \" style=\"width:125px;float:left;overflow:hidden;\">  \n\t\t\t\t\t\t\t  \n\t\t\t\t\t\t\t  <a  href=\"https:\/\/redept.com.br\/blogosfera\/fiocruz-celebra-125-anos-como-referencia-global-em-saude-publica\/\"  >\n\t\t\t\t\t\t\t\t\t  <div class=\"yuzo-img-wrap \" style=\"width: 125px;height:90px;\">\n\t\t\t\t\t\t\t\t\t\t\n\t\t\t\t\t\t\t\t\t\t<div class=\"yuzo-img\" style=\"background:url('https:\/\/redept.org\/blogosfera\/wp-content\/plugins\/yuzo-related-post\/assets\/images\/default.png') 50% 50% no-repeat;width: 125px;height:90px;margin-bottom: 5px;background-size: cover; \"><\/div>\n\t\t\t\t\t\t\t\t\t  <\/div>\n\t\t\t\t\t\t\t\t\t  \n\t\t\t\t\t\t\t\t   <span class=\"yuzo__text--title\" style=\"font-size:13px;\">Fiocruz celebra 125 anos como refer\u00eancia global em...<\/span>\n\t\t\t\t\t\t\t  \n\t\t\t\t\t\t\t  \n\t\t\t\t\t\t\t  <\/a>\n\n\t\t\t\t\t\t  <\/div>\n\t\t\t\t\t\t  <div class=\"relatedthumb \" style=\"width:125px;float:left;overflow:hidden;\">  \n\t\t\t\t\t\t\t  \n\t\t\t\t\t\t\t  <a  href=\"https:\/\/redept.com.br\/blogosfera\/beija-flor-conquista-o-15o-titulo-do-carnaval-do-rio-de-janeiro\/\"  >\n\t\t\t\t\t\t\t\t\t  <div class=\"yuzo-img-wrap \" style=\"width: 125px;height:90px;\">\n\t\t\t\t\t\t\t\t\t\t\n\t\t\t\t\t\t\t\t\t\t<div class=\"yuzo-img\" style=\"background:url('https:\/\/redept.org\/blogosfera\/wp-content\/plugins\/yuzo-related-post\/assets\/images\/default.png') 50% 50% no-repeat;width: 125px;height:90px;margin-bottom: 5px;background-size: cover; \"><\/div>\n\t\t\t\t\t\t\t\t\t  <\/div>\n\t\t\t\t\t\t\t\t\t  \n\t\t\t\t\t\t\t\t   <span class=\"yuzo__text--title\" style=\"font-size:13px;\">Beija-Flor conquista o 15\u00ba t\u00edtulo do carnaval do R...<\/span>\n\t\t\t\t\t\t\t  \n\t\t\t\t\t\t\t  \n\t\t\t\t\t\t\t  <\/a>\n\n\t\t\t\t\t\t  <\/div>\n<\/div> <script>\n\t\t\t\t\t\t  jQuery(document).ready(function( $ ){\n\t\t\t\t\t\t\t\/\/jQuery('.yuzo_related_post').equalizer({ overflow : 'relatedthumb' });\n\t\t\t\t\t\t\tjQuery('.yuzo_related_post .yuzo_wraps').equalizer({ columns : '> div' });\n\t\t\t\t\t\t   })\n\t\t\t\t\t\t  <\/script> <!-- End Yuzo :) -->","protected":false},"excerpt":{"rendered":"<p>O m\u00fasico brit\u00e2nico Roger Waters, ex-Pink Floyd, participou nesta quinta-feira (19\/09) de um protesto contra o genoc\u00eddio promovido por Israel e contra o veto dos Estados Unidos \u00e0 resolu\u00e7\u00e3o do Conselho de Seguran\u00e7a das Na\u00e7\u00f5es Unidas, que pediu um cessar-fogo de car\u00e1ter imediato e permanente na Faixa de Gaza. O ato ocorreu em frente \u00e0 [\u2026]<\/p>\n<p>O post <a href=\"https:\/\/operamundi.uol.com.br\/guerra-israel-x-palestina\/roger-waters-protesta-contra-veto-dos-eua-para-fim-da-guerra-em-gaza-acordem-filhos-da\/\">Roger Waters protesta contra veto dos EUA para fim da guerra em Gaza: \u2018acordem, filhos da\u2026\u2019<\/a> apareceu primeiro em <a href=\"https:\/\/operamundi.uol.com.br\/\">Opera Mundi<\/a>.<\/p>\n","protected":false},"author":2,"featured_media":0,"comment_status":"closed","ping_status":"closed","sticky":false,"template":"","format":"standard","meta":{"fifu_image_url":"","fifu_image_alt":"","footnotes":""},"categories":[2000,7656,9,52,3938,25,267,54,20721,189,9524,7586],"tags":[],"class_list":["post-53519","post","type-post","status-publish","format-standard","hentry","category-cessar-fogo","category-conselho-de-seguranca","category-eua","category-gaza","category-guerra-israel-x-palestina","category-israel","category-onu","category-palestina","category-pink-floyd","category-protesto","category-roger-waters","category-veto"],"_links":{"self":[{"href":"https:\/\/redept.com.br\/blogosfera\/wp-json\/wp\/v2\/posts\/53519","targetHints":{"allow":["GET"]}}],"collection":[{"href":"https:\/\/redept.com.br\/blogosfera\/wp-json\/wp\/v2\/posts"}],"about":[{"href":"https:\/\/redept.com.br\/blogosfera\/wp-json\/wp\/v2\/types\/post"}],"author":[{"embeddable":true,"href":"https:\/\/redept.com.br\/blogosfera\/wp-json\/wp\/v2\/users\/2"}],"replies":[{"embeddable":true,"href":"https:\/\/redept.com.br\/blogosfera\/wp-json\/wp\/v2\/comments?post=53519"}],"version-history":[{"count":0,"href":"https:\/\/redept.com.br\/blogosfera\/wp-json\/wp\/v2\/posts\/53519\/revisions"}],"wp:attachment":[{"href":"https:\/\/redept.com.br\/blogosfera\/wp-json\/wp\/v2\/media?parent=53519"}],"wp:term":[{"taxonomy":"category","embeddable":true,"href":"https:\/\/redept.com.br\/blogosfera\/wp-json\/wp\/v2\/categories?post=53519"},{"taxonomy":"post_tag","embeddable":true,"href":"https:\/\/redept.com.br\/blogosfera\/wp-json\/wp\/v2\/tags?post=53519"}],"curies":[{"name":"wp","href":"https:\/\/api.w.org\/{rel}","templated":true}]}}